{"id":20808,"date":"2024-01-04T12:01:50","date_gmt":"2024-01-04T12:01:50","guid":{"rendered":"https:\/\/msconectado.com.br\/?p=20808"},"modified":"2024-01-04T12:01:52","modified_gmt":"2024-01-04T12:01:52","slug":"governo-de-ms-investiu-r-55-milhoes-em-acoes-para-intensificar-vacinacao","status":"publish","type":"post","link":"https:\/\/msconectado.com.br\/?p=20808","title":{"rendered":"Governo de MS investiu R$ 5,5 milh\u00f5es em a\u00e7\u00f5es para intensificar vacina\u00e7\u00e3o"},"content":{"rendered":"\n<p>O ano de 2023 foi um ano decisivo no processo de retomada das altas coberturas vacinais e, para intensificar as a\u00e7\u00f5es de vacina\u00e7\u00e3o em Mato Grosso do Sul, o Governo do Estado, por meio da SES (Secretaria de Estado de Sa\u00fade), investiu mais de 5,5 milh\u00f5es de reais em a\u00e7\u00f5es ao longo do ano.&nbsp;Os&nbsp;recursos foram destinados aos 79 munic\u00edpios para o pagamento de profissionais de vacina\u00e7\u00e3o e custeio de a\u00e7\u00f5es estrat\u00e9gicas de imuniza\u00e7\u00e3o.<\/p>\n\n\n\n<p>Conforme a coordenadora de Imuniza\u00e7\u00e3o da SES, Ana Paula Goldfinger, a secretaria de sa\u00fade realizou um trabalho para o resgate das altas coberturas vacinais para a manuten\u00e7\u00e3o e elimina\u00e7\u00e3o de doen\u00e7as no Estado. \u201cAo longo do ano fizemos mais de oito estrat\u00e9gias para resgatar as altas coberturas vacinais\u201d.<\/p>\n\n\n\n<p>Entre as estrat\u00e9gias est\u00e3o a vacina\u00e7\u00e3o aos finais de semana e feriados; vacina\u00e7\u00e3o extramuros com a realiza\u00e7\u00e3o de busca ativa; hor\u00e1rios de vacina\u00e7\u00e3o estendidos e intensifica\u00e7\u00e3o da divulga\u00e7\u00e3o por meio de m\u00eddias. A\u00e7\u00f5es que promoveram maior acesso da popula\u00e7\u00e3o ao servi\u00e7o de vacina\u00e7\u00e3o em hor\u00e1rios diferenciados e comunidades de dif\u00edcil acesso, aumentando assim as coberturas vacinais.<\/p>\n\n\n\n<p><strong>A\u00e7\u00f5es estrat\u00e9gicas<\/strong><\/p>\n\n\n\n<p>Com a proximidade do Carnaval, evento com grande mobiliza\u00e7\u00e3o de p\u00fablico, foi realizado um mutir\u00e3o de vacina\u00e7\u00e3o, a estrat\u00e9gia Foli\u00e3o Imunizado, para pessoas que ainda estavam com seu o esquema de vacina\u00e7\u00e3o incompleto e que participariam das festas, blocos e desfiles de carnaval em Mato Grosso do Sul. No total foram aplicadas cerca de 16.080 doses de vacina na estrat\u00e9gia.<\/p>\n\n\n\n<p>Por meio do Programa Estadual de Imuniza\u00e7\u00e3o em conjunto com o PSE (Programa Sa\u00fade na Escola) e SED (Secretaria de Estado de Educa\u00e7\u00e3o), a SES implantou a estrat\u00e9gia \u2018Aluno Imunizado\u2019. A a\u00e7\u00e3o teve como objetivo promover a integra\u00e7\u00e3o e a comunica\u00e7\u00e3o entre UBS (Unidade B\u00e1sica de Sa\u00fade) e escolas, de forma a ampliar o alcance de suas a\u00e7\u00f5es relativas aos educandos e suas fam\u00edlias, otimizando a utiliza\u00e7\u00e3o dos espa\u00e7os, equipamentos e recursos dispon\u00edveis para a ado\u00e7\u00e3o de estrat\u00e9gias de vacina\u00e7\u00e3o no \u00e2mbito escolar. Dos 79 munic\u00edpios do Estado, 48 munic\u00edpios aderiram \u00e0 a\u00e7\u00e3o. O \u2018Aluno Imunizado\u2019 aconteceu em 346 escolas, alcan\u00e7ando o total de 79.742 alunos e, ao todo, foram aplicadas 40.801 doses durante a a\u00e7\u00e3o.<\/p>\n\n\n\n<p>E as a\u00e7\u00f5es n\u00e3o pararam por a\u00ed. Institu\u00eddo em car\u00e1ter provis\u00f3rio, o projeto \u2018MS Vacina Mais\u2019&nbsp;realizou o pagamento de incentivo financeiro aos trabalhadores de sa\u00fade das secretarias municipais de sa\u00fade, designados para atuarem nas salas de imuniza\u00e7\u00e3o, a fim de custear plant\u00f5es e horas extras, com o intuito de fortalecer e expandir as a\u00e7\u00f5es de imuniza\u00e7\u00e3o, o que possibilitou a realiza\u00e7\u00e3o de estrat\u00e9gias que contribu\u00edram para a melhoria das coberturas vacinais no Estado.&nbsp;Houve ades\u00e3o de 74 munic\u00edpios na estrat\u00e9gia e teve um total de 224.873 doses aplicadas.<\/p>\n\n\n\n<p>J\u00e1 o projeto \u2018MS Vacina Mais Drive Thru\u2019 a SES e as Secretarias Municipais de Sa\u00fade do estado se uniram para promover a mobiliza\u00e7\u00e3o de pontos de oferta de vacina\u00e7\u00e3o nas estruturas militares de Mato Grosso do Sul e de acesso \u00e0 comunidade, como as sedes do Corpo de Bombeiros ou Pol\u00edcia Militar&nbsp;e locais de grande circula\u00e7\u00e3o de pessoas&nbsp;para a amplia\u00e7\u00e3o das coberturas vacinais. A estrat\u00e9gia contou com a ades\u00e3o de 25 munic\u00edpios e atingiu o de 20.690 doses aplicadas.<\/p>\n\n\n\n<p>A Campanha de vacina\u00e7\u00e3o em Escolares, Gestantes e Popula\u00e7\u00e3o de Dif\u00edcil Acesso como fomento ao Pacto Nacional pela Consci\u00eancia Vacinal tamb\u00e9m objetivou o fortalecimento das a\u00e7\u00f5es de vacina\u00e7\u00e3o dos munic\u00edpios de Mato Grosso do Sul.<\/p>\n\n\n\n<p>Assim, foram realizadas vacina\u00e7\u00e3o e\/ou verifica\u00e7\u00e3o da situa\u00e7\u00e3o vacinal com encaminhamento para unidade b\u00e1sica de sa\u00fade, articuladas com o PSE e estrat\u00e9gias de vacina\u00e7\u00e3o extramuros com realiza\u00e7\u00e3o de busca ativa em assentamentos, comunidades rurais, ind\u00edgenas, ribeirinhos e quilombolas e oferta de vacina\u00e7\u00e3o para gestantes.<\/p>\n\n\n\n<p>As atividades de vacina\u00e7\u00e3o envolvendo popula\u00e7\u00e3o ind\u00edgena foram articuladas e executadas em conjunto com os Polos Bases \u2013 DSEI-MS \u2013 de refer\u00eancia do munic\u00edpio ao se tratar de popula\u00e7\u00e3o vivendo em terras ind\u00edgenas.<\/p>\n\n\n\n<p>O Estado, atualmente, possui 597 Salas de Vacinas distribu\u00eddas nos 79 munic\u00edpios e que prestam atendimentos de oferta de todas as vacinas do calend\u00e1rio nacional de vacina\u00e7\u00e3o para todos os grupos: crian\u00e7as, adolescentes, adultos, idosos e gestantes.<\/p>\n\n\n\n<p>As vacinas s\u00e3o seguras e estimulam o sistema imunol\u00f3gico a proteger a pessoa contra doen\u00e7as transmiss\u00edveis. Quando adotada como estrat\u00e9gia de sa\u00fade p\u00fablica, elas s\u00e3o consideradas um dos melhores investimentos em sa\u00fade considerando o custo-benef\u00edcio.<\/p>\n\n\n\n<p><strong>Capacita\u00e7\u00e3o<\/strong><\/p>\n\n\n\n<p>N\u00e3o basta somente fornecer os imunizantes, as capacita\u00e7\u00f5es tamb\u00e9m s\u00e3o necess\u00e1rias. Com foco no fortalecimento da forma\u00e7\u00e3o continuada profissional e amplia\u00e7\u00e3o das coberturas vacinais, a SES ofertou o \u2018Curso H\u00edbrido de BCG\u2019 aos profissionais enfermeiros que atuam em salas de vacina\/imuniza\u00e7\u00e3o dos 79 munic\u00edpios do estado para que, posteriormente, sejam multiplicadores em seus territ\u00f3rios.<\/p>\n\n\n\n<p>O aumento na cobertura vacinal \u00e9 o resultado de um conjunto de a\u00e7\u00f5es estrat\u00e9gicas e uma delas \u00e9 capacitar profissionais de sala de vacina da APS (Aten\u00e7\u00e3o Prim\u00e1ria \u00e0 Sa\u00fade) e da Vigil\u00e2ncia Epidemiol\u00f3gica municipal e regional nos processos de aplica\u00e7\u00e3o e registro de vacina\u00e7\u00e3o, que atendam em salas de vacinas e maternidades, e por isso a import\u00e2ncia e a necessidade de criar oportunidades permanentes de capacita\u00e7\u00e3o para atualiza\u00e7\u00e3o e aperfei\u00e7oamento do trabalhador da sala de vacina\u00e7\u00e3o. A SES tamb\u00e9m ofereceu capacita\u00e7\u00e3o aos profissionais de sa\u00fade com objetivo de orientar quanto a ades\u00e3o dos 79 munic\u00edpios ao \u2018MS Vacina Mais\u2019.<\/p>\n\n\n\n<p>E em parceria com as coordenadorias de imuniza\u00e7\u00e3o do DSEI-MS (Distrito Sanit\u00e1rio Especial Ind\u00edgena de Mato Grosso do Sul) e Sesau (Secretaria Municipal de Sa\u00fade de Campo Grande), a SES ofertou curso de qualifica\u00e7\u00e3o em sala de vacina com o objetivo de capacitar os profissionais de sa\u00fade atuantes na vacina\u00e7\u00e3o para a popula\u00e7\u00e3o ind\u00edgena do estado, que possui a segunda maior popula\u00e7\u00e3o ind\u00edgena do pa\u00eds.<\/p>\n\n\n\n<p>O curso em sala de vacina junto ao DSEI-MS qualificou o profissional de sa\u00fade atuante na vacina\u00e7\u00e3o para a popula\u00e7\u00e3o ind\u00edgena a fim de padronizar os procedimentos executados pelos t\u00e9cnicos de enfermagem e enfermeiros que atuam nos 14 polos do estado.<\/p>\n\n\n\n<p>O curso de sala de vacina fez parte do projeto \u2018MS Vacina Mais\u2019, idealizado pela SES, e que nesta oportunidade estabeleceu parceria com o DSEI-MS \u2013 \u00f3rg\u00e3o respons\u00e1vel por levar aten\u00e7\u00e3o prim\u00e1ria aos povos ind\u00edgenas aqui do estado.<\/p>\n\n\n\n<p><em>Kamilla Ratier, Comunica\u00e7\u00e3o SES<br>Foto: Bruno Rezende<\/em><\/p>\n","protected":false},"excerpt":{"rendered":"<p>O ano de 2023 foi um ano decisivo no processo de retomada das altas coberturas vacinais e, para intensificar as a\u00e7\u00f5es de vacina\u00e7\u00e3o em Mato Grosso do Sul, o Governo do Estado, por meio da SES (Secretaria de Estado de Sa\u00fade), investiu mais de 5,5 milh\u00f5es de reais em a\u00e7\u00f5es ao longo do ano.&nbsp;Os&nbsp;recursos foram [&hellip;]<\/p>\n","protected":false},"author":2,"featured_media":20809,"comment_status":"open","ping_status":"closed","sticky":false,"template":"","format":"standard","meta":{"footnotes":""},"categories":[35,1],"tags":[],"class_list":["post-20808","post","type-post","status-publish","format-standard","has-post-thumbnail","hentry","category-cidades","category-noticia"],"yoast_head":"<!-- This site is optimized with the Yoast SEO plugin v27.5 - https:\/\/yoast.com\/product\/yoast-seo-wordpress\/ -->\n<title>Governo de MS investiu R$ 5,5 milh\u00f5es em a\u00e7\u00f5es para intensificar vacina\u00e7\u00e3o - MsConectado<\/title>\n<meta name=\"robots\" content=\"index, follow, max-snippet:-1, max-image-preview:large, max-video-preview:-1\" \/>\n<link rel=\"canonical\" href=\"https:\/\/msconectado.com.br\/?p=20808\" \/>\n<meta property=\"og:locale\" content=\"pt_BR\" \/>\n<meta property=\"og:type\" content=\"article\" \/>\n<meta property=\"og:title\" content=\"Governo de MS investiu R$ 5,5 milh\u00f5es em a\u00e7\u00f5es para intensificar vacina\u00e7\u00e3o - MsConectado\" \/>\n<meta property=\"og:description\" content=\"O ano de 2023 foi um ano decisivo no processo de retomada das altas coberturas vacinais e, para intensificar as a\u00e7\u00f5es de vacina\u00e7\u00e3o em Mato Grosso do Sul, o Governo do Estado, por meio da SES (Secretaria de Estado de Sa\u00fade), investiu mais de 5,5 milh\u00f5es de reais em a\u00e7\u00f5es ao longo do ano.&nbsp;Os&nbsp;recursos foram [&hellip;]\" \/>\n<meta property=\"og:url\" content=\"https:\/\/msconectado.com.br\/?p=20808\" \/>\n<meta property=\"og:site_name\" content=\"MsConectado\" \/>\n<meta property=\"article:published_time\" content=\"2024-01-04T12:01:50+00:00\" \/>\n<meta property=\"article:modified_time\" content=\"2024-01-04T12:01:52+00:00\" \/>\n<meta property=\"og:image\" content=\"https:\/\/msconectado.com.br\/wp-content\/uploads\/2024\/01\/2.jpg\" \/>\n\t<meta property=\"og:image:width\" content=\"730\" \/>\n\t<meta property=\"og:image:height\" content=\"480\" \/>\n\t<meta property=\"og:image:type\" content=\"image\/jpeg\" \/>\n<meta name=\"author\" content=\"MsConectado\" \/>\n<meta name=\"twitter:card\" content=\"summary_large_image\" \/>\n<meta name=\"twitter:label1\" content=\"Escrito por\" \/>\n\t<meta name=\"twitter:data1\" content=\"MsConectado\" \/>\n\t<meta name=\"twitter:label2\" content=\"Est. tempo de leitura\" \/>\n\t<meta name=\"twitter:data2\" content=\"6 minutos\" \/>\n<script type=\"application\/ld+json\" class=\"yoast-schema-graph\">{\"@context\":\"https:\\\/\\\/schema.org\",\"@graph\":[{\"@type\":\"Article\",\"@id\":\"https:\\\/\\\/msconectado.com.br\\\/?p=20808#article\",\"isPartOf\":{\"@id\":\"https:\\\/\\\/msconectado.com.br\\\/?p=20808\"},\"author\":{\"name\":\"MsConectado\",\"@id\":\"https:\\\/\\\/msconectado.com.br\\\/#\\\/schema\\\/person\\\/e5585545b5687092f1041d350b6e2c16\"},\"headline\":\"Governo de MS investiu R$ 5,5 milh\u00f5es em a\u00e7\u00f5es para intensificar vacina\u00e7\u00e3o\",\"datePublished\":\"2024-01-04T12:01:50+00:00\",\"dateModified\":\"2024-01-04T12:01:52+00:00\",\"mainEntityOfPage\":{\"@id\":\"https:\\\/\\\/msconectado.com.br\\\/?p=20808\"},\"wordCount\":1197,\"commentCount\":0,\"publisher\":{\"@id\":\"https:\\\/\\\/msconectado.com.br\\\/#organization\"},\"image\":{\"@id\":\"https:\\\/\\\/msconectado.com.br\\\/?p=20808#primaryimage\"},\"thumbnailUrl\":\"https:\\\/\\\/msconectado.com.br\\\/wp-content\\\/uploads\\\/2024\\\/01\\\/2.jpg\",\"articleSection\":[\"Cidades\",\"Not\u00edcia\"],\"inLanguage\":\"pt-BR\",\"potentialAction\":[{\"@type\":\"CommentAction\",\"name\":\"Comment\",\"target\":[\"https:\\\/\\\/msconectado.com.br\\\/?p=20808#respond\"]}]},{\"@type\":\"WebPage\",\"@id\":\"https:\\\/\\\/msconectado.com.br\\\/?p=20808\",\"url\":\"https:\\\/\\\/msconectado.com.br\\\/?p=20808\",\"name\":\"Governo de MS investiu R$ 5,5 milh\u00f5es em a\u00e7\u00f5es para intensificar vacina\u00e7\u00e3o - MsConectado\",\"isPartOf\":{\"@id\":\"https:\\\/\\\/msconectado.com.br\\\/#website\"},\"primaryImageOfPage\":{\"@id\":\"https:\\\/\\\/msconectado.com.br\\\/?p=20808#primaryimage\"},\"image\":{\"@id\":\"https:\\\/\\\/msconectado.com.br\\\/?p=20808#primaryimage\"},\"thumbnailUrl\":\"https:\\\/\\\/msconectado.com.br\\\/wp-content\\\/uploads\\\/2024\\\/01\\\/2.jpg\",\"datePublished\":\"2024-01-04T12:01:50+00:00\",\"dateModified\":\"2024-01-04T12:01:52+00:00\",\"breadcrumb\":{\"@id\":\"https:\\\/\\\/msconectado.com.br\\\/?p=20808#breadcrumb\"},\"inLanguage\":\"pt-BR\",\"potentialAction\":[{\"@type\":\"ReadAction\",\"target\":[\"https:\\\/\\\/msconectado.com.br\\\/?p=20808\"]}]},{\"@type\":\"ImageObject\",\"inLanguage\":\"pt-BR\",\"@id\":\"https:\\\/\\\/msconectado.com.br\\\/?p=20808#primaryimage\",\"url\":\"https:\\\/\\\/msconectado.com.br\\\/wp-content\\\/uploads\\\/2024\\\/01\\\/2.jpg\",\"contentUrl\":\"https:\\\/\\\/msconectado.com.br\\\/wp-content\\\/uploads\\\/2024\\\/01\\\/2.jpg\",\"width\":730,\"height\":480},{\"@type\":\"BreadcrumbList\",\"@id\":\"https:\\\/\\\/msconectado.com.br\\\/?p=20808#breadcrumb\",\"itemListElement\":[{\"@type\":\"ListItem\",\"position\":1,\"name\":\"In\u00edcio\",\"item\":\"https:\\\/\\\/msconectado.com.br\\\/?page_id=105\"},{\"@type\":\"ListItem\",\"position\":2,\"name\":\"Governo de MS investiu R$ 5,5 milh\u00f5es em a\u00e7\u00f5es para intensificar vacina\u00e7\u00e3o\"}]},{\"@type\":\"WebSite\",\"@id\":\"https:\\\/\\\/msconectado.com.br\\\/#website\",\"url\":\"https:\\\/\\\/msconectado.com.br\\\/\",\"name\":\"MsConectado\",\"description\":\"Voc\u00ea Conectado com a Not\u00edcia!\",\"publisher\":{\"@id\":\"https:\\\/\\\/msconectado.com.br\\\/#organization\"},\"potentialAction\":[{\"@type\":\"SearchAction\",\"target\":{\"@type\":\"EntryPoint\",\"urlTemplate\":\"https:\\\/\\\/msconectado.com.br\\\/?s={search_term_string}\"},\"query-input\":{\"@type\":\"PropertyValueSpecification\",\"valueRequired\":true,\"valueName\":\"search_term_string\"}}],\"inLanguage\":\"pt-BR\"},{\"@type\":\"Organization\",\"@id\":\"https:\\\/\\\/msconectado.com.br\\\/#organization\",\"name\":\"MsConectado\",\"url\":\"https:\\\/\\\/msconectado.com.br\\\/\",\"logo\":{\"@type\":\"ImageObject\",\"inLanguage\":\"pt-BR\",\"@id\":\"https:\\\/\\\/msconectado.com.br\\\/#\\\/schema\\\/logo\\\/image\\\/\",\"url\":\"https:\\\/\\\/msconectado.com.br\\\/wp-content\\\/uploads\\\/2023\\\/01\\\/cropped-noticia-2.png\",\"contentUrl\":\"https:\\\/\\\/msconectado.com.br\\\/wp-content\\\/uploads\\\/2023\\\/01\\\/cropped-noticia-2.png\",\"width\":720,\"height\":157,\"caption\":\"MsConectado\"},\"image\":{\"@id\":\"https:\\\/\\\/msconectado.com.br\\\/#\\\/schema\\\/logo\\\/image\\\/\"}},{\"@type\":\"Person\",\"@id\":\"https:\\\/\\\/msconectado.com.br\\\/#\\\/schema\\\/person\\\/e5585545b5687092f1041d350b6e2c16\",\"name\":\"MsConectado\",\"image\":{\"@type\":\"ImageObject\",\"inLanguage\":\"pt-BR\",\"@id\":\"https:\\\/\\\/secure.gravatar.com\\\/avatar\\\/3b4f84a0a8a4380ac4431fa79981d073692380c5da00ae97596e794ab0db5c8c?s=96&d=mm&r=g\",\"url\":\"https:\\\/\\\/secure.gravatar.com\\\/avatar\\\/3b4f84a0a8a4380ac4431fa79981d073692380c5da00ae97596e794ab0db5c8c?s=96&d=mm&r=g\",\"contentUrl\":\"https:\\\/\\\/secure.gravatar.com\\\/avatar\\\/3b4f84a0a8a4380ac4431fa79981d073692380c5da00ae97596e794ab0db5c8c?s=96&d=mm&r=g\",\"caption\":\"MsConectado\"},\"url\":\"https:\\\/\\\/msconectado.com.br\\\/?author=2\"}]}<\/script>\n<!-- \/ Yoast SEO plugin. -->","yoast_head_json":{"title":"Governo de MS investiu R$ 5,5 milh\u00f5es em a\u00e7\u00f5es para intensificar vacina\u00e7\u00e3o - MsConectado","robots":{"index":"index","follow":"follow","max-snippet":"max-snippet:-1","max-image-preview":"max-image-preview:large","max-video-preview":"max-video-preview:-1"},"canonical":"https:\/\/msconectado.com.br\/?p=20808","og_locale":"pt_BR","og_type":"article","og_title":"Governo de MS investiu R$ 5,5 milh\u00f5es em a\u00e7\u00f5es para intensificar vacina\u00e7\u00e3o - MsConectado","og_description":"O ano de 2023 foi um ano decisivo no processo de retomada das altas coberturas vacinais e, para intensificar as a\u00e7\u00f5es de vacina\u00e7\u00e3o em Mato Grosso do Sul, o Governo do Estado, por meio da SES (Secretaria de Estado de Sa\u00fade), investiu mais de 5,5 milh\u00f5es de reais em a\u00e7\u00f5es ao longo do ano.&nbsp;Os&nbsp;recursos foram [&hellip;]","og_url":"https:\/\/msconectado.com.br\/?p=20808","og_site_name":"MsConectado","article_published_time":"2024-01-04T12:01:50+00:00","article_modified_time":"2024-01-04T12:01:52+00:00","og_image":[{"width":730,"height":480,"url":"https:\/\/msconectado.com.br\/wp-content\/uploads\/2024\/01\/2.jpg","type":"image\/jpeg"}],"author":"MsConectado","twitter_card":"summary_large_image","twitter_misc":{"Escrito por":"MsConectado","Est. tempo de leitura":"6 minutos"},"schema":{"@context":"https:\/\/schema.org","@graph":[{"@type":"Article","@id":"https:\/\/msconectado.com.br\/?p=20808#article","isPartOf":{"@id":"https:\/\/msconectado.com.br\/?p=20808"},"author":{"name":"MsConectado","@id":"https:\/\/msconectado.com.br\/#\/schema\/person\/e5585545b5687092f1041d350b6e2c16"},"headline":"Governo de MS investiu R$ 5,5 milh\u00f5es em a\u00e7\u00f5es para intensificar vacina\u00e7\u00e3o","datePublished":"2024-01-04T12:01:50+00:00","dateModified":"2024-01-04T12:01:52+00:00","mainEntityOfPage":{"@id":"https:\/\/msconectado.com.br\/?p=20808"},"wordCount":1197,"commentCount":0,"publisher":{"@id":"https:\/\/msconectado.com.br\/#organization"},"image":{"@id":"https:\/\/msconectado.com.br\/?p=20808#primaryimage"},"thumbnailUrl":"https:\/\/msconectado.com.br\/wp-content\/uploads\/2024\/01\/2.jpg","articleSection":["Cidades","Not\u00edcia"],"inLanguage":"pt-BR","potentialAction":[{"@type":"CommentAction","name":"Comment","target":["https:\/\/msconectado.com.br\/?p=20808#respond"]}]},{"@type":"WebPage","@id":"https:\/\/msconectado.com.br\/?p=20808","url":"https:\/\/msconectado.com.br\/?p=20808","name":"Governo de MS investiu R$ 5,5 milh\u00f5es em a\u00e7\u00f5es para intensificar vacina\u00e7\u00e3o - MsConectado","isPartOf":{"@id":"https:\/\/msconectado.com.br\/#website"},"primaryImageOfPage":{"@id":"https:\/\/msconectado.com.br\/?p=20808#primaryimage"},"image":{"@id":"https:\/\/msconectado.com.br\/?p=20808#primaryimage"},"thumbnailUrl":"https:\/\/msconectado.com.br\/wp-content\/uploads\/2024\/01\/2.jpg","datePublished":"2024-01-04T12:01:50+00:00","dateModified":"2024-01-04T12:01:52+00:00","breadcrumb":{"@id":"https:\/\/msconectado.com.br\/?p=20808#breadcrumb"},"inLanguage":"pt-BR","potentialAction":[{"@type":"ReadAction","target":["https:\/\/msconectado.com.br\/?p=20808"]}]},{"@type":"ImageObject","inLanguage":"pt-BR","@id":"https:\/\/msconectado.com.br\/?p=20808#primaryimage","url":"https:\/\/msconectado.com.br\/wp-content\/uploads\/2024\/01\/2.jpg","contentUrl":"https:\/\/msconectado.com.br\/wp-content\/uploads\/2024\/01\/2.jpg","width":730,"height":480},{"@type":"BreadcrumbList","@id":"https:\/\/msconectado.com.br\/?p=20808#breadcrumb","itemListElement":[{"@type":"ListItem","position":1,"name":"In\u00edcio","item":"https:\/\/msconectado.com.br\/?page_id=105"},{"@type":"ListItem","position":2,"name":"Governo de MS investiu R$ 5,5 milh\u00f5es em a\u00e7\u00f5es para intensificar vacina\u00e7\u00e3o"}]},{"@type":"WebSite","@id":"https:\/\/msconectado.com.br\/#website","url":"https:\/\/msconectado.com.br\/","name":"MsConectado","description":"Voc\u00ea Conectado com a Not\u00edcia!","publisher":{"@id":"https:\/\/msconectado.com.br\/#organization"},"potentialAction":[{"@type":"SearchAction","target":{"@type":"EntryPoint","urlTemplate":"https:\/\/msconectado.com.br\/?s={search_term_string}"},"query-input":{"@type":"PropertyValueSpecification","valueRequired":true,"valueName":"search_term_string"}}],"inLanguage":"pt-BR"},{"@type":"Organization","@id":"https:\/\/msconectado.com.br\/#organization","name":"MsConectado","url":"https:\/\/msconectado.com.br\/","logo":{"@type":"ImageObject","inLanguage":"pt-BR","@id":"https:\/\/msconectado.com.br\/#\/schema\/logo\/image\/","url":"https:\/\/msconectado.com.br\/wp-content\/uploads\/2023\/01\/cropped-noticia-2.png","contentUrl":"https:\/\/msconectado.com.br\/wp-content\/uploads\/2023\/01\/cropped-noticia-2.png","width":720,"height":157,"caption":"MsConectado"},"image":{"@id":"https:\/\/msconectado.com.br\/#\/schema\/logo\/image\/"}},{"@type":"Person","@id":"https:\/\/msconectado.com.br\/#\/schema\/person\/e5585545b5687092f1041d350b6e2c16","name":"MsConectado","image":{"@type":"ImageObject","inLanguage":"pt-BR","@id":"https:\/\/secure.gravatar.com\/avatar\/3b4f84a0a8a4380ac4431fa79981d073692380c5da00ae97596e794ab0db5c8c?s=96&d=mm&r=g","url":"https:\/\/secure.gravatar.com\/avatar\/3b4f84a0a8a4380ac4431fa79981d073692380c5da00ae97596e794ab0db5c8c?s=96&d=mm&r=g","contentUrl":"https:\/\/secure.gravatar.com\/avatar\/3b4f84a0a8a4380ac4431fa79981d073692380c5da00ae97596e794ab0db5c8c?s=96&d=mm&r=g","caption":"MsConectado"},"url":"https:\/\/msconectado.com.br\/?author=2"}]}},"_links":{"self":[{"href":"https:\/\/msconectado.com.br\/index.php?rest_route=\/wp\/v2\/posts\/20808","targetHints":{"allow":["GET"]}}],"collection":[{"href":"https:\/\/msconectado.com.br\/index.php?rest_route=\/wp\/v2\/posts"}],"about":[{"href":"https:\/\/msconectado.com.br\/index.php?rest_route=\/wp\/v2\/types\/post"}],"author":[{"embeddable":true,"href":"https:\/\/msconectado.com.br\/index.php?rest_route=\/wp\/v2\/users\/2"}],"replies":[{"embeddable":true,"href":"https:\/\/msconectado.com.br\/index.php?rest_route=%2Fwp%2Fv2%2Fcomments&post=20808"}],"version-history":[{"count":1,"href":"https:\/\/msconectado.com.br\/index.php?rest_route=\/wp\/v2\/posts\/20808\/revisions"}],"predecessor-version":[{"id":20810,"href":"https:\/\/msconectado.com.br\/index.php?rest_route=\/wp\/v2\/posts\/20808\/revisions\/20810"}],"wp:featuredmedia":[{"embeddable":true,"href":"https:\/\/msconectado.com.br\/index.php?rest_route=\/wp\/v2\/media\/20809"}],"wp:attachment":[{"href":"https:\/\/msconectado.com.br\/index.php?rest_route=%2Fwp%2Fv2%2Fmedia&parent=20808"}],"wp:term":[{"taxonomy":"category","embeddable":true,"href":"https:\/\/msconectado.com.br\/index.php?rest_route=%2Fwp%2Fv2%2Fcategories&post=20808"},{"taxonomy":"post_tag","embeddable":true,"href":"https:\/\/msconectado.com.br\/index.php?rest_route=%2Fwp%2Fv2%2Ftags&post=20808"}],"curies":[{"name":"wp","href":"https:\/\/api.w.org\/{rel}","templated":true}]}}