{"id":20828,"date":"2024-01-10T11:45:00","date_gmt":"2024-01-10T11:45:00","guid":{"rendered":"https:\/\/msconectado.com.br\/?p=20828"},"modified":"2024-01-10T11:45:03","modified_gmt":"2024-01-10T11:45:03","slug":"reuniao-tecnica-organiza-proximas-etapas-e-funcionamento-do-hospital-regional-de-dourados","status":"publish","type":"post","link":"https:\/\/msconectado.com.br\/?p=20828","title":{"rendered":"Reuni\u00e3o t\u00e9cnica organiza pr\u00f3ximas etapas e funcionamento do Hospital Regional de Dourados"},"content":{"rendered":"\n<p>O Hospital Regional de Dourados, que est\u00e1 com a etapa de constru\u00e7\u00e3o quase finalizada e tem previs\u00e3o de come\u00e7ar a funcionar no segundo semestre deste ano, ter\u00e1 disponibilidade de atender casos de m\u00e9dia e alta complexidade de pacientes de 34 munic\u00edpios \u2013 com aproximadamente 1 milh\u00e3o de habitantes.<\/p>\n\n\n\n<p>A obra ser\u00e1 refer\u00eancia e vai beneficiar a popula\u00e7\u00e3o localizada da regi\u00e3o Conesul e sul fronteira. E para definir o in\u00edcio do funcionamento do local e a finaliza\u00e7\u00e3o das etapas da obra j\u00e1 em fase de conclus\u00e3o, o governador em exerc\u00edcio, Jos\u00e9 Carlos Barbosa \u2013 o Barbosinha \u2013, conduziu uma reuni\u00e3o t\u00e9cnica nesta segunda-feira (8).<\/p>\n\n\n\n<p>\u201cO hospital \u00e9 extremamente importante. Ent\u00e3o quanto mais r\u00e1pido a gente puder colocar esta estrutura em funcionamento melhor n\u00f3s vamos estar atendendo a regi\u00e3o. Essa \u00e9 a ess\u00eancia do municipalismo, \u00e9 o Governo auxiliando, estendendo a m\u00e3o e ajudando em todas as \u00e1reas, como sa\u00fade, educa\u00e7\u00e3o, infraestrutura e tudo mais\u201d, disse o governador em exerc\u00edcio.<\/p>\n\n\n\n<p>Dourados tem atualmente 561 leitos hospitalares, entre cl\u00ednicos, cir\u00fargicos, obst\u00e9tricos e pedi\u00e1tricos, 26 leitos de UTI adulto e dez de UTI pedi\u00e1trica, 15 unidades intermedi\u00e1ria neonatal, 18 uti neonatal, quatro isolamentos intensivo adulto e dois isolamentos intensivo pedi\u00e1trico.<\/p>\n\n\n\n<p>A obra em andamento, do Hospital Regional de Dourados \u2013 constru\u00e7\u00e3o com mais de 10,9 mil m\u00b2 \u2013 ter\u00e1 ao todo 210 leitos distribu\u00eddos em diversas especialidades m\u00e9dicas &#8211; enfermaria masculina e feminina, isolamentos, UTI adulto, neonatal e pedi\u00e1trica, al\u00e9m de leitos de observa\u00e7\u00e3o adulto, centro cir\u00fargico e obst\u00e9trico, e ainda farm\u00e1cia, unidade de nutri\u00e7\u00e3o, anexo de servi\u00e7os, pronto atendimento e observa\u00e7\u00e3o de isolamento, recupera\u00e7\u00e3o e p\u00f3s-anest\u00e9sica.<\/p>\n\n\n\n<p>Entre recursos estaduais e federais, empenhados por meio de emendas parlamentares, as obras do hospital demandam investimento de R$ 34,4 milh\u00f5es. Conforme projeto, o pr\u00e9dio de 7.547 metros quadrados est\u00e1 dividido em tr\u00eas blocos e dois pavimentos. S\u00e3o 80 leitos, incluindo 21 leitos de apoio e 20 leitos de UTI (Unidade de Terapia Intensiva), sendo dez adultos e dez pedi\u00e1tricos, al\u00e9m de quatro salas cir\u00fargicas e toda a estrutura administrativa.<\/p>\n\n\n\n<p>\u201cEsta semana vamos fazer o lan\u00e7amento da terceira etapa do hospital. N\u00f3s estamos concluindo a primeira etapa que \u00e9 a obra f\u00edsica. O Estado agora est\u00e1 providenciando a licita\u00e7\u00e3o da compra de equipamentos e tamb\u00e9m da contrata\u00e7\u00e3o da organiza\u00e7\u00e3o social que vai administrar o hospital. Hoje foi uma reuni\u00e3o t\u00e9cnica com a Sa\u00fade e Infraestrutura para tratar inclusive da administra\u00e7\u00e3o da obra, das licita\u00e7\u00f5es e dar encaminhamento para que o mais r\u00e1pido poss\u00edvel, em julho ou agosto, a gente possa ter o in\u00edcio do funcionamento do hospital. Se n\u00e3o na sua integralidade, mas ao menos na parte ambulatorial a gente j\u00e1 tenha o in\u00edcio do atendimento\u201d, disse o governador em exerc\u00edcio.<\/p>\n\n\n\n<p>Al\u00e9m do novo complexo de sa\u00fade, ao lado do hospital est\u00e1 em constru\u00e7\u00e3o o pr\u00e9dio do Centro de Diagn\u00f3sticos e Especialidades M\u00e9dicas. As obras devem proporcionar atendimento de qualidade \u00e0 popula\u00e7\u00e3o, al\u00e9m de fortalecer a estrutura de sa\u00fade da regi\u00e3o.<\/p>\n\n\n\n<p>Os empreendimentos, ficam \u00e0s margens da BR-463, em uma regi\u00e3o estrat\u00e9gica para facilitar o acesso dos pacientes.<\/p>\n\n\n\n<p>A reuni\u00e3o t\u00e9cnica realizada pelo governador em exerc\u00edcio contou com a participa\u00e7\u00e3o dos secret\u00e1rios Maur\u00edcio Sim\u00f5es (SES) e H\u00e9lio Peluffo (Seilog), al\u00e9m do secret\u00e1rio-adjunto Frederico Felini (Segov).<\/p>\n\n\n<div class=\"wp-block-image\">\n<figure class=\"aligncenter\"><a href=\"https:\/\/agenciadenoticias.ms.gov.br\/wp-content\/uploads\/2023\/03\/Hospital-Regional-de-Dourados-Foto-Saul-Schramm-3.jpg\"><img decoding=\"async\" src=\"https:\/\/agenciadenoticias.ms.gov.br\/wp-content\/uploads\/2023\/03\/Hospital-Regional-de-Dourados-Foto-Saul-Schramm-3-1024x606.jpg\" alt=\"\" class=\"wp-image-430188\"\/><\/a><\/figure>\n<\/div>\n\n\n<p><strong>Centro de Diagn\u00f3sticos e Especialidades M\u00e9dicas<\/strong><\/p>\n\n\n\n<p>Ao lado do Hospital Regional de Dourados, a obra de constru\u00e7\u00e3o do Centro de Diagn\u00f3stico e de Especialidades M\u00e9dicas segue cronograma para atender toda a popula\u00e7\u00e3o da regi\u00e3o. O pr\u00e9dio ter\u00e1 3.090 metros quadrados.<\/p>\n\n\n\n<p>Com investimentos de R$ 17,5 milh\u00f5es \u2013 recursos estaduais e federais, empenhados por meio de emendas parlamentares -, a unidade dever\u00e1 fazer retaguarda diagn\u00f3stica ao futuro Hospital Regional de Dourados.<\/p>\n\n\n\n<p>No setor de diagn\u00f3sticos, o centro de sa\u00fade ser\u00e1 composto por aparelhos e equipamentos de \u00faltima gera\u00e7\u00e3o. Em um \u00fanico local, a popula\u00e7\u00e3o ter\u00e1 acesso a exames de tomografia computadorizada, resson\u00e2ncia nuclear magn\u00e9tica, ultrassonografia, endoscopia e colonoscopia, Raios-X digital, dopplervelocimetria, laborat\u00f3rio de an\u00e1lises cl\u00ednicas, teste ergom\u00e9trico, holter 24 horas, eletroencefalograma, eletrocardiograma, densitometria \u00f3ssea, entre outros.<\/p>\n\n\n\n<p>J\u00e1 o departamento de especialidades m\u00e9dicas ter\u00e1 perfil ambulatorial, de car\u00e1ter regionalizado, inserido na rede de Servi\u00e7os do SUS \u2013 Sistema \u00danico de Sa\u00fade. A unidade dever\u00e1 ter espa\u00e7os para consultas especializadas e procedimentos ambulatoriais.<\/p>\n\n\n\n<p><em>Natalia Yahn, Comunica\u00e7\u00e3o Governo de MS<\/em><br><em>Fotos: Jo\u00e3o Garrig\u00f3 (destaque) \/ Saul Schramm&nbsp;<\/em><\/p>\n","protected":false},"excerpt":{"rendered":"<p>O Hospital Regional de Dourados, que est\u00e1 com a etapa de constru\u00e7\u00e3o quase finalizada e tem previs\u00e3o de come\u00e7ar a funcionar no segundo semestre deste ano, ter\u00e1 disponibilidade de atender casos de m\u00e9dia e alta complexidade de pacientes de 34 munic\u00edpios \u2013 com aproximadamente 1 milh\u00e3o de habitantes. A obra ser\u00e1 refer\u00eancia e vai beneficiar [&hellip;]<\/p>\n","protected":false},"author":2,"featured_media":20829,"comment_status":"open","ping_status":"closed","sticky":false,"template":"","format":"standard","meta":{"footnotes":""},"categories":[35,1,33],"tags":[],"class_list":["post-20828","post","type-post","status-publish","format-standard","has-post-thumbnail","hentry","category-cidades","category-noticia","category-politica"],"yoast_head":"<!-- This site is optimized with the Yoast SEO plugin v27.5 - https:\/\/yoast.com\/product\/yoast-seo-wordpress\/ -->\n<title>Reuni\u00e3o t\u00e9cnica organiza pr\u00f3ximas etapas e funcionamento do Hospital Regional de Dourados - MsConectado<\/title>\n<meta name=\"robots\" content=\"index, follow, max-snippet:-1, max-image-preview:large, max-video-preview:-1\" \/>\n<link rel=\"canonical\" href=\"https:\/\/msconectado.com.br\/?p=20828\" \/>\n<meta property=\"og:locale\" content=\"pt_BR\" \/>\n<meta property=\"og:type\" content=\"article\" \/>\n<meta property=\"og:title\" content=\"Reuni\u00e3o t\u00e9cnica organiza pr\u00f3ximas etapas e funcionamento do Hospital Regional de Dourados - MsConectado\" \/>\n<meta property=\"og:description\" content=\"O Hospital Regional de Dourados, que est\u00e1 com a etapa de constru\u00e7\u00e3o quase finalizada e tem previs\u00e3o de come\u00e7ar a funcionar no segundo semestre deste ano, ter\u00e1 disponibilidade de atender casos de m\u00e9dia e alta complexidade de pacientes de 34 munic\u00edpios \u2013 com aproximadamente 1 milh\u00e3o de habitantes. A obra ser\u00e1 refer\u00eancia e vai beneficiar [&hellip;]\" \/>\n<meta property=\"og:url\" content=\"https:\/\/msconectado.com.br\/?p=20828\" \/>\n<meta property=\"og:site_name\" content=\"MsConectado\" \/>\n<meta property=\"article:published_time\" content=\"2024-01-10T11:45:00+00:00\" \/>\n<meta property=\"article:modified_time\" content=\"2024-01-10T11:45:03+00:00\" \/>\n<meta property=\"og:image\" content=\"https:\/\/msconectado.com.br\/wp-content\/uploads\/2024\/01\/Foto-Gigio-Neves-1-730x480-1.jpeg\" \/>\n\t<meta property=\"og:image:width\" content=\"730\" \/>\n\t<meta property=\"og:image:height\" content=\"480\" \/>\n\t<meta property=\"og:image:type\" content=\"image\/jpeg\" \/>\n<meta name=\"author\" content=\"MsConectado\" \/>\n<meta name=\"twitter:card\" content=\"summary_large_image\" \/>\n<meta name=\"twitter:label1\" content=\"Escrito por\" \/>\n\t<meta name=\"twitter:data1\" content=\"MsConectado\" \/>\n\t<meta name=\"twitter:label2\" content=\"Est. tempo de leitura\" \/>\n\t<meta name=\"twitter:data2\" content=\"4 minutos\" \/>\n<script type=\"application\/ld+json\" class=\"yoast-schema-graph\">{\"@context\":\"https:\\\/\\\/schema.org\",\"@graph\":[{\"@type\":\"Article\",\"@id\":\"https:\\\/\\\/msconectado.com.br\\\/?p=20828#article\",\"isPartOf\":{\"@id\":\"https:\\\/\\\/msconectado.com.br\\\/?p=20828\"},\"author\":{\"name\":\"MsConectado\",\"@id\":\"https:\\\/\\\/msconectado.com.br\\\/#\\\/schema\\\/person\\\/e5585545b5687092f1041d350b6e2c16\"},\"headline\":\"Reuni\u00e3o t\u00e9cnica organiza pr\u00f3ximas etapas e funcionamento do Hospital Regional de Dourados\",\"datePublished\":\"2024-01-10T11:45:00+00:00\",\"dateModified\":\"2024-01-10T11:45:03+00:00\",\"mainEntityOfPage\":{\"@id\":\"https:\\\/\\\/msconectado.com.br\\\/?p=20828\"},\"wordCount\":807,\"commentCount\":0,\"publisher\":{\"@id\":\"https:\\\/\\\/msconectado.com.br\\\/#organization\"},\"image\":{\"@id\":\"https:\\\/\\\/msconectado.com.br\\\/?p=20828#primaryimage\"},\"thumbnailUrl\":\"https:\\\/\\\/msconectado.com.br\\\/wp-content\\\/uploads\\\/2024\\\/01\\\/Foto-Gigio-Neves-1-730x480-1.jpeg\",\"articleSection\":[\"Cidades\",\"Not\u00edcia\",\"Pol\u00edtica\"],\"inLanguage\":\"pt-BR\",\"potentialAction\":[{\"@type\":\"CommentAction\",\"name\":\"Comment\",\"target\":[\"https:\\\/\\\/msconectado.com.br\\\/?p=20828#respond\"]}]},{\"@type\":\"WebPage\",\"@id\":\"https:\\\/\\\/msconectado.com.br\\\/?p=20828\",\"url\":\"https:\\\/\\\/msconectado.com.br\\\/?p=20828\",\"name\":\"Reuni\u00e3o t\u00e9cnica organiza pr\u00f3ximas etapas e funcionamento do Hospital Regional de Dourados - MsConectado\",\"isPartOf\":{\"@id\":\"https:\\\/\\\/msconectado.com.br\\\/#website\"},\"primaryImageOfPage\":{\"@id\":\"https:\\\/\\\/msconectado.com.br\\\/?p=20828#primaryimage\"},\"image\":{\"@id\":\"https:\\\/\\\/msconectado.com.br\\\/?p=20828#primaryimage\"},\"thumbnailUrl\":\"https:\\\/\\\/msconectado.com.br\\\/wp-content\\\/uploads\\\/2024\\\/01\\\/Foto-Gigio-Neves-1-730x480-1.jpeg\",\"datePublished\":\"2024-01-10T11:45:00+00:00\",\"dateModified\":\"2024-01-10T11:45:03+00:00\",\"breadcrumb\":{\"@id\":\"https:\\\/\\\/msconectado.com.br\\\/?p=20828#breadcrumb\"},\"inLanguage\":\"pt-BR\",\"potentialAction\":[{\"@type\":\"ReadAction\",\"target\":[\"https:\\\/\\\/msconectado.com.br\\\/?p=20828\"]}]},{\"@type\":\"ImageObject\",\"inLanguage\":\"pt-BR\",\"@id\":\"https:\\\/\\\/msconectado.com.br\\\/?p=20828#primaryimage\",\"url\":\"https:\\\/\\\/msconectado.com.br\\\/wp-content\\\/uploads\\\/2024\\\/01\\\/Foto-Gigio-Neves-1-730x480-1.jpeg\",\"contentUrl\":\"https:\\\/\\\/msconectado.com.br\\\/wp-content\\\/uploads\\\/2024\\\/01\\\/Foto-Gigio-Neves-1-730x480-1.jpeg\",\"width\":730,\"height\":480},{\"@type\":\"BreadcrumbList\",\"@id\":\"https:\\\/\\\/msconectado.com.br\\\/?p=20828#breadcrumb\",\"itemListElement\":[{\"@type\":\"ListItem\",\"position\":1,\"name\":\"In\u00edcio\",\"item\":\"https:\\\/\\\/msconectado.com.br\\\/?page_id=105\"},{\"@type\":\"ListItem\",\"position\":2,\"name\":\"Reuni\u00e3o t\u00e9cnica organiza pr\u00f3ximas etapas e funcionamento do Hospital Regional de Dourados\"}]},{\"@type\":\"WebSite\",\"@id\":\"https:\\\/\\\/msconectado.com.br\\\/#website\",\"url\":\"https:\\\/\\\/msconectado.com.br\\\/\",\"name\":\"MsConectado\",\"description\":\"Voc\u00ea Conectado com a Not\u00edcia!\",\"publisher\":{\"@id\":\"https:\\\/\\\/msconectado.com.br\\\/#organization\"},\"potentialAction\":[{\"@type\":\"SearchAction\",\"target\":{\"@type\":\"EntryPoint\",\"urlTemplate\":\"https:\\\/\\\/msconectado.com.br\\\/?s={search_term_string}\"},\"query-input\":{\"@type\":\"PropertyValueSpecification\",\"valueRequired\":true,\"valueName\":\"search_term_string\"}}],\"inLanguage\":\"pt-BR\"},{\"@type\":\"Organization\",\"@id\":\"https:\\\/\\\/msconectado.com.br\\\/#organization\",\"name\":\"MsConectado\",\"url\":\"https:\\\/\\\/msconectado.com.br\\\/\",\"logo\":{\"@type\":\"ImageObject\",\"inLanguage\":\"pt-BR\",\"@id\":\"https:\\\/\\\/msconectado.com.br\\\/#\\\/schema\\\/logo\\\/image\\\/\",\"url\":\"https:\\\/\\\/msconectado.com.br\\\/wp-content\\\/uploads\\\/2023\\\/01\\\/cropped-noticia-2.png\",\"contentUrl\":\"https:\\\/\\\/msconectado.com.br\\\/wp-content\\\/uploads\\\/2023\\\/01\\\/cropped-noticia-2.png\",\"width\":720,\"height\":157,\"caption\":\"MsConectado\"},\"image\":{\"@id\":\"https:\\\/\\\/msconectado.com.br\\\/#\\\/schema\\\/logo\\\/image\\\/\"}},{\"@type\":\"Person\",\"@id\":\"https:\\\/\\\/msconectado.com.br\\\/#\\\/schema\\\/person\\\/e5585545b5687092f1041d350b6e2c16\",\"name\":\"MsConectado\",\"image\":{\"@type\":\"ImageObject\",\"inLanguage\":\"pt-BR\",\"@id\":\"https:\\\/\\\/secure.gravatar.com\\\/avatar\\\/3b4f84a0a8a4380ac4431fa79981d073692380c5da00ae97596e794ab0db5c8c?s=96&d=mm&r=g\",\"url\":\"https:\\\/\\\/secure.gravatar.com\\\/avatar\\\/3b4f84a0a8a4380ac4431fa79981d073692380c5da00ae97596e794ab0db5c8c?s=96&d=mm&r=g\",\"contentUrl\":\"https:\\\/\\\/secure.gravatar.com\\\/avatar\\\/3b4f84a0a8a4380ac4431fa79981d073692380c5da00ae97596e794ab0db5c8c?s=96&d=mm&r=g\",\"caption\":\"MsConectado\"},\"url\":\"https:\\\/\\\/msconectado.com.br\\\/?author=2\"}]}<\/script>\n<!-- \/ Yoast SEO plugin. -->","yoast_head_json":{"title":"Reuni\u00e3o t\u00e9cnica organiza pr\u00f3ximas etapas e funcionamento do Hospital Regional de Dourados - MsConectado","robots":{"index":"index","follow":"follow","max-snippet":"max-snippet:-1","max-image-preview":"max-image-preview:large","max-video-preview":"max-video-preview:-1"},"canonical":"https:\/\/msconectado.com.br\/?p=20828","og_locale":"pt_BR","og_type":"article","og_title":"Reuni\u00e3o t\u00e9cnica organiza pr\u00f3ximas etapas e funcionamento do Hospital Regional de Dourados - MsConectado","og_description":"O Hospital Regional de Dourados, que est\u00e1 com a etapa de constru\u00e7\u00e3o quase finalizada e tem previs\u00e3o de come\u00e7ar a funcionar no segundo semestre deste ano, ter\u00e1 disponibilidade de atender casos de m\u00e9dia e alta complexidade de pacientes de 34 munic\u00edpios \u2013 com aproximadamente 1 milh\u00e3o de habitantes. A obra ser\u00e1 refer\u00eancia e vai beneficiar [&hellip;]","og_url":"https:\/\/msconectado.com.br\/?p=20828","og_site_name":"MsConectado","article_published_time":"2024-01-10T11:45:00+00:00","article_modified_time":"2024-01-10T11:45:03+00:00","og_image":[{"width":730,"height":480,"url":"https:\/\/msconectado.com.br\/wp-content\/uploads\/2024\/01\/Foto-Gigio-Neves-1-730x480-1.jpeg","type":"image\/jpeg"}],"author":"MsConectado","twitter_card":"summary_large_image","twitter_misc":{"Escrito por":"MsConectado","Est. tempo de leitura":"4 minutos"},"schema":{"@context":"https:\/\/schema.org","@graph":[{"@type":"Article","@id":"https:\/\/msconectado.com.br\/?p=20828#article","isPartOf":{"@id":"https:\/\/msconectado.com.br\/?p=20828"},"author":{"name":"MsConectado","@id":"https:\/\/msconectado.com.br\/#\/schema\/person\/e5585545b5687092f1041d350b6e2c16"},"headline":"Reuni\u00e3o t\u00e9cnica organiza pr\u00f3ximas etapas e funcionamento do Hospital Regional de Dourados","datePublished":"2024-01-10T11:45:00+00:00","dateModified":"2024-01-10T11:45:03+00:00","mainEntityOfPage":{"@id":"https:\/\/msconectado.com.br\/?p=20828"},"wordCount":807,"commentCount":0,"publisher":{"@id":"https:\/\/msconectado.com.br\/#organization"},"image":{"@id":"https:\/\/msconectado.com.br\/?p=20828#primaryimage"},"thumbnailUrl":"https:\/\/msconectado.com.br\/wp-content\/uploads\/2024\/01\/Foto-Gigio-Neves-1-730x480-1.jpeg","articleSection":["Cidades","Not\u00edcia","Pol\u00edtica"],"inLanguage":"pt-BR","potentialAction":[{"@type":"CommentAction","name":"Comment","target":["https:\/\/msconectado.com.br\/?p=20828#respond"]}]},{"@type":"WebPage","@id":"https:\/\/msconectado.com.br\/?p=20828","url":"https:\/\/msconectado.com.br\/?p=20828","name":"Reuni\u00e3o t\u00e9cnica organiza pr\u00f3ximas etapas e funcionamento do Hospital Regional de Dourados - MsConectado","isPartOf":{"@id":"https:\/\/msconectado.com.br\/#website"},"primaryImageOfPage":{"@id":"https:\/\/msconectado.com.br\/?p=20828#primaryimage"},"image":{"@id":"https:\/\/msconectado.com.br\/?p=20828#primaryimage"},"thumbnailUrl":"https:\/\/msconectado.com.br\/wp-content\/uploads\/2024\/01\/Foto-Gigio-Neves-1-730x480-1.jpeg","datePublished":"2024-01-10T11:45:00+00:00","dateModified":"2024-01-10T11:45:03+00:00","breadcrumb":{"@id":"https:\/\/msconectado.com.br\/?p=20828#breadcrumb"},"inLanguage":"pt-BR","potentialAction":[{"@type":"ReadAction","target":["https:\/\/msconectado.com.br\/?p=20828"]}]},{"@type":"ImageObject","inLanguage":"pt-BR","@id":"https:\/\/msconectado.com.br\/?p=20828#primaryimage","url":"https:\/\/msconectado.com.br\/wp-content\/uploads\/2024\/01\/Foto-Gigio-Neves-1-730x480-1.jpeg","contentUrl":"https:\/\/msconectado.com.br\/wp-content\/uploads\/2024\/01\/Foto-Gigio-Neves-1-730x480-1.jpeg","width":730,"height":480},{"@type":"BreadcrumbList","@id":"https:\/\/msconectado.com.br\/?p=20828#breadcrumb","itemListElement":[{"@type":"ListItem","position":1,"name":"In\u00edcio","item":"https:\/\/msconectado.com.br\/?page_id=105"},{"@type":"ListItem","position":2,"name":"Reuni\u00e3o t\u00e9cnica organiza pr\u00f3ximas etapas e funcionamento do Hospital Regional de Dourados"}]},{"@type":"WebSite","@id":"https:\/\/msconectado.com.br\/#website","url":"https:\/\/msconectado.com.br\/","name":"MsConectado","description":"Voc\u00ea Conectado com a Not\u00edcia!","publisher":{"@id":"https:\/\/msconectado.com.br\/#organization"},"potentialAction":[{"@type":"SearchAction","target":{"@type":"EntryPoint","urlTemplate":"https:\/\/msconectado.com.br\/?s={search_term_string}"},"query-input":{"@type":"PropertyValueSpecification","valueRequired":true,"valueName":"search_term_string"}}],"inLanguage":"pt-BR"},{"@type":"Organization","@id":"https:\/\/msconectado.com.br\/#organization","name":"MsConectado","url":"https:\/\/msconectado.com.br\/","logo":{"@type":"ImageObject","inLanguage":"pt-BR","@id":"https:\/\/msconectado.com.br\/#\/schema\/logo\/image\/","url":"https:\/\/msconectado.com.br\/wp-content\/uploads\/2023\/01\/cropped-noticia-2.png","contentUrl":"https:\/\/msconectado.com.br\/wp-content\/uploads\/2023\/01\/cropped-noticia-2.png","width":720,"height":157,"caption":"MsConectado"},"image":{"@id":"https:\/\/msconectado.com.br\/#\/schema\/logo\/image\/"}},{"@type":"Person","@id":"https:\/\/msconectado.com.br\/#\/schema\/person\/e5585545b5687092f1041d350b6e2c16","name":"MsConectado","image":{"@type":"ImageObject","inLanguage":"pt-BR","@id":"https:\/\/secure.gravatar.com\/avatar\/3b4f84a0a8a4380ac4431fa79981d073692380c5da00ae97596e794ab0db5c8c?s=96&d=mm&r=g","url":"https:\/\/secure.gravatar.com\/avatar\/3b4f84a0a8a4380ac4431fa79981d073692380c5da00ae97596e794ab0db5c8c?s=96&d=mm&r=g","contentUrl":"https:\/\/secure.gravatar.com\/avatar\/3b4f84a0a8a4380ac4431fa79981d073692380c5da00ae97596e794ab0db5c8c?s=96&d=mm&r=g","caption":"MsConectado"},"url":"https:\/\/msconectado.com.br\/?author=2"}]}},"_links":{"self":[{"href":"https:\/\/msconectado.com.br\/index.php?rest_route=\/wp\/v2\/posts\/20828","targetHints":{"allow":["GET"]}}],"collection":[{"href":"https:\/\/msconectado.com.br\/index.php?rest_route=\/wp\/v2\/posts"}],"about":[{"href":"https:\/\/msconectado.com.br\/index.php?rest_route=\/wp\/v2\/types\/post"}],"author":[{"embeddable":true,"href":"https:\/\/msconectado.com.br\/index.php?rest_route=\/wp\/v2\/users\/2"}],"replies":[{"embeddable":true,"href":"https:\/\/msconectado.com.br\/index.php?rest_route=%2Fwp%2Fv2%2Fcomments&post=20828"}],"version-history":[{"count":1,"href":"https:\/\/msconectado.com.br\/index.php?rest_route=\/wp\/v2\/posts\/20828\/revisions"}],"predecessor-version":[{"id":20830,"href":"https:\/\/msconectado.com.br\/index.php?rest_route=\/wp\/v2\/posts\/20828\/revisions\/20830"}],"wp:featuredmedia":[{"embeddable":true,"href":"https:\/\/msconectado.com.br\/index.php?rest_route=\/wp\/v2\/media\/20829"}],"wp:attachment":[{"href":"https:\/\/msconectado.com.br\/index.php?rest_route=%2Fwp%2Fv2%2Fmedia&parent=20828"}],"wp:term":[{"taxonomy":"category","embeddable":true,"href":"https:\/\/msconectado.com.br\/index.php?rest_route=%2Fwp%2Fv2%2Fcategories&post=20828"},{"taxonomy":"post_tag","embeddable":true,"href":"https:\/\/msconectado.com.br\/index.php?rest_route=%2Fwp%2Fv2%2Ftags&post=20828"}],"curies":[{"name":"wp","href":"https:\/\/api.w.org\/{rel}","templated":true}]}}