{"id":20831,"date":"2024-01-11T00:20:19","date_gmt":"2024-01-11T00:20:19","guid":{"rendered":"https:\/\/msconectado.com.br\/?p=20831"},"modified":"2024-01-11T00:25:43","modified_gmt":"2024-01-11T00:25:43","slug":"reitor-da-uems-parabeniza-acoes-do-vereador-robert-ziemann-em-prol-ao-estado-de-mato-grosso-sul","status":"publish","type":"post","link":"https:\/\/msconectado.com.br\/?p=20831","title":{"rendered":"Reitor da UEMS parabeniza a\u00e7\u00f5es do vereador Robert Ziemann em prol ao estado de Mato Grosso Sul."},"content":{"rendered":"\n<p>O Presidente da C\u00e2mara de Vereadores, Robert Ziemann esteve em Campo Grande no \u00faltimo dia (08) onde se reuniu com o reitor da Uems, La\u00e9rcio Carvalho e esteve explanando sobre as conquistas para Maracaju.<\/p>\n\n\n\n<p>Dentre as v\u00e1rias reinvindica\u00e7\u00f5es do vereador Robert vale ressaltar o pedido para implanta\u00e7\u00e3o do curso de Agronomia que em 2022, a Unidade da UEMS de Maracaju ofertou 50 vagas (incluindo as vagas do Vestibular e do Sisu) dentro do curso de Agronomia e foi um dos mais concorridos de toda a Institui\u00e7\u00e3o, considerando as Unidades Universit\u00e1rias, distribu\u00eddas no Estado de Mato Grosso do Sul.<\/p>\n\n\n\n<p>Outra importante conquista para a universidade foi a aquisi\u00e7\u00e3o de uma Fiat Toro e uma Van zero km que ira atender a unidade de Maracaju al\u00e9m da constru\u00e7\u00e3o de uma \u00e1rea de conviv\u00eancia para os acad\u00eamicos, tudo fruto do esfor\u00e7o do vereador Robert Ziemann junto a bancada federal em Brasilia.<\/p>\n\n\n\n<p>Nesta quinta-feira o Reitor La\u00e9rcio Carvalho estar\u00e1 em Maracaju e conceder\u00e1 entrevista nas r\u00e1dios locais falando sobre as diversas conquistas junto ao Governo do Estado e Deputados Federais onde o vereador Robert foi pessoalmente a Bras\u00edlia levar as demandas do munic\u00edpio de Maracaju nas diversas \u00e1reas como: educa\u00e7\u00e3o especial, log\u00edstica, agro computa\u00e7\u00e3o e implanta\u00e7\u00e3o de novos cursos.<\/p>\n\n\n\n<p>Assessoria<\/p>\n","protected":false},"excerpt":{"rendered":"<p>O Presidente da C\u00e2mara de Vereadores, Robert Ziemann esteve em Campo Grande no \u00faltimo dia (08) onde se reuniu com o reitor da Uems, La\u00e9rcio Carvalho e esteve explanando sobre as conquistas para Maracaju. Dentre as v\u00e1rias reinvindica\u00e7\u00f5es do vereador Robert vale ressaltar o pedido para implanta\u00e7\u00e3o do curso de Agronomia que em 2022, a [&hellip;]<\/p>\n","protected":false},"author":3,"featured_media":20832,"comment_status":"open","ping_status":"closed","sticky":false,"template":"","format":"standard","meta":{"footnotes":""},"categories":[35,1],"tags":[],"class_list":["post-20831","post","type-post","status-publish","format-standard","has-post-thumbnail","hentry","category-cidades","category-noticia"],"yoast_head":"<!-- This site is optimized with the Yoast SEO plugin v27.5 - https:\/\/yoast.com\/product\/yoast-seo-wordpress\/ -->\n<title>Reitor da UEMS parabeniza a\u00e7\u00f5es do vereador Robert Ziemann em prol ao estado de Mato Grosso Sul. - MsConectado<\/title>\n<meta name=\"robots\" content=\"index, follow, max-snippet:-1, max-image-preview:large, max-video-preview:-1\" \/>\n<link rel=\"canonical\" href=\"https:\/\/msconectado.com.br\/?p=20831\" \/>\n<meta property=\"og:locale\" content=\"pt_BR\" \/>\n<meta property=\"og:type\" content=\"article\" \/>\n<meta property=\"og:title\" content=\"Reitor da UEMS parabeniza a\u00e7\u00f5es do vereador Robert Ziemann em prol ao estado de Mato Grosso Sul. - MsConectado\" \/>\n<meta property=\"og:description\" content=\"O Presidente da C\u00e2mara de Vereadores, Robert Ziemann esteve em Campo Grande no \u00faltimo dia (08) onde se reuniu com o reitor da Uems, La\u00e9rcio Carvalho e esteve explanando sobre as conquistas para Maracaju. Dentre as v\u00e1rias reinvindica\u00e7\u00f5es do vereador Robert vale ressaltar o pedido para implanta\u00e7\u00e3o do curso de Agronomia que em 2022, a [&hellip;]\" \/>\n<meta property=\"og:url\" content=\"https:\/\/msconectado.com.br\/?p=20831\" \/>\n<meta property=\"og:site_name\" content=\"MsConectado\" \/>\n<meta property=\"article:published_time\" content=\"2024-01-11T00:20:19+00:00\" \/>\n<meta property=\"article:modified_time\" content=\"2024-01-11T00:25:43+00:00\" \/>\n<meta property=\"og:image\" content=\"https:\/\/msconectado.com.br\/wp-content\/uploads\/2024\/01\/IMG_4414.jpg\" \/>\n\t<meta property=\"og:image:width\" content=\"1024\" \/>\n\t<meta property=\"og:image:height\" content=\"683\" \/>\n\t<meta property=\"og:image:type\" content=\"image\/jpeg\" \/>\n<meta name=\"author\" content=\"Jeferson\" \/>\n<meta name=\"twitter:card\" content=\"summary_large_image\" \/>\n<meta name=\"twitter:label1\" content=\"Escrito por\" \/>\n\t<meta name=\"twitter:data1\" content=\"Jeferson\" \/>\n\t<meta name=\"twitter:label2\" content=\"Est. tempo de leitura\" \/>\n\t<meta name=\"twitter:data2\" content=\"1 minuto\" \/>\n<script type=\"application\/ld+json\" class=\"yoast-schema-graph\">{\"@context\":\"https:\\\/\\\/schema.org\",\"@graph\":[{\"@type\":\"Article\",\"@id\":\"https:\\\/\\\/msconectado.com.br\\\/?p=20831#article\",\"isPartOf\":{\"@id\":\"https:\\\/\\\/msconectado.com.br\\\/?p=20831\"},\"author\":{\"name\":\"Jeferson\",\"@id\":\"https:\\\/\\\/msconectado.com.br\\\/#\\\/schema\\\/person\\\/feb123a95a93eebea36f0ed6a2e5ba48\"},\"headline\":\"Reitor da UEMS parabeniza a\u00e7\u00f5es do vereador Robert Ziemann em prol ao estado de Mato Grosso Sul.\",\"datePublished\":\"2024-01-11T00:20:19+00:00\",\"dateModified\":\"2024-01-11T00:25:43+00:00\",\"mainEntityOfPage\":{\"@id\":\"https:\\\/\\\/msconectado.com.br\\\/?p=20831\"},\"wordCount\":243,\"commentCount\":0,\"publisher\":{\"@id\":\"https:\\\/\\\/msconectado.com.br\\\/#organization\"},\"image\":{\"@id\":\"https:\\\/\\\/msconectado.com.br\\\/?p=20831#primaryimage\"},\"thumbnailUrl\":\"https:\\\/\\\/msconectado.com.br\\\/wp-content\\\/uploads\\\/2024\\\/01\\\/IMG_4414.jpg\",\"articleSection\":[\"Cidades\",\"Not\u00edcia\"],\"inLanguage\":\"pt-BR\",\"potentialAction\":[{\"@type\":\"CommentAction\",\"name\":\"Comment\",\"target\":[\"https:\\\/\\\/msconectado.com.br\\\/?p=20831#respond\"]}]},{\"@type\":\"WebPage\",\"@id\":\"https:\\\/\\\/msconectado.com.br\\\/?p=20831\",\"url\":\"https:\\\/\\\/msconectado.com.br\\\/?p=20831\",\"name\":\"Reitor da UEMS parabeniza a\u00e7\u00f5es do vereador Robert Ziemann em prol ao estado de Mato Grosso Sul. - MsConectado\",\"isPartOf\":{\"@id\":\"https:\\\/\\\/msconectado.com.br\\\/#website\"},\"primaryImageOfPage\":{\"@id\":\"https:\\\/\\\/msconectado.com.br\\\/?p=20831#primaryimage\"},\"image\":{\"@id\":\"https:\\\/\\\/msconectado.com.br\\\/?p=20831#primaryimage\"},\"thumbnailUrl\":\"https:\\\/\\\/msconectado.com.br\\\/wp-content\\\/uploads\\\/2024\\\/01\\\/IMG_4414.jpg\",\"datePublished\":\"2024-01-11T00:20:19+00:00\",\"dateModified\":\"2024-01-11T00:25:43+00:00\",\"breadcrumb\":{\"@id\":\"https:\\\/\\\/msconectado.com.br\\\/?p=20831#breadcrumb\"},\"inLanguage\":\"pt-BR\",\"potentialAction\":[{\"@type\":\"ReadAction\",\"target\":[\"https:\\\/\\\/msconectado.com.br\\\/?p=20831\"]}]},{\"@type\":\"ImageObject\",\"inLanguage\":\"pt-BR\",\"@id\":\"https:\\\/\\\/msconectado.com.br\\\/?p=20831#primaryimage\",\"url\":\"https:\\\/\\\/msconectado.com.br\\\/wp-content\\\/uploads\\\/2024\\\/01\\\/IMG_4414.jpg\",\"contentUrl\":\"https:\\\/\\\/msconectado.com.br\\\/wp-content\\\/uploads\\\/2024\\\/01\\\/IMG_4414.jpg\",\"width\":1024,\"height\":683},{\"@type\":\"BreadcrumbList\",\"@id\":\"https:\\\/\\\/msconectado.com.br\\\/?p=20831#breadcrumb\",\"itemListElement\":[{\"@type\":\"ListItem\",\"position\":1,\"name\":\"In\u00edcio\",\"item\":\"https:\\\/\\\/msconectado.com.br\\\/?page_id=105\"},{\"@type\":\"ListItem\",\"position\":2,\"name\":\"Reitor da UEMS parabeniza a\u00e7\u00f5es do vereador Robert Ziemann em prol ao estado de Mato Grosso Sul.\"}]},{\"@type\":\"WebSite\",\"@id\":\"https:\\\/\\\/msconectado.com.br\\\/#website\",\"url\":\"https:\\\/\\\/msconectado.com.br\\\/\",\"name\":\"MsConectado\",\"description\":\"Voc\u00ea Conectado com a Not\u00edcia!\",\"publisher\":{\"@id\":\"https:\\\/\\\/msconectado.com.br\\\/#organization\"},\"potentialAction\":[{\"@type\":\"SearchAction\",\"target\":{\"@type\":\"EntryPoint\",\"urlTemplate\":\"https:\\\/\\\/msconectado.com.br\\\/?s={search_term_string}\"},\"query-input\":{\"@type\":\"PropertyValueSpecification\",\"valueRequired\":true,\"valueName\":\"search_term_string\"}}],\"inLanguage\":\"pt-BR\"},{\"@type\":\"Organization\",\"@id\":\"https:\\\/\\\/msconectado.com.br\\\/#organization\",\"name\":\"MsConectado\",\"url\":\"https:\\\/\\\/msconectado.com.br\\\/\",\"logo\":{\"@type\":\"ImageObject\",\"inLanguage\":\"pt-BR\",\"@id\":\"https:\\\/\\\/msconectado.com.br\\\/#\\\/schema\\\/logo\\\/image\\\/\",\"url\":\"https:\\\/\\\/msconectado.com.br\\\/wp-content\\\/uploads\\\/2023\\\/01\\\/cropped-noticia-2.png\",\"contentUrl\":\"https:\\\/\\\/msconectado.com.br\\\/wp-content\\\/uploads\\\/2023\\\/01\\\/cropped-noticia-2.png\",\"width\":720,\"height\":157,\"caption\":\"MsConectado\"},\"image\":{\"@id\":\"https:\\\/\\\/msconectado.com.br\\\/#\\\/schema\\\/logo\\\/image\\\/\"}},{\"@type\":\"Person\",\"@id\":\"https:\\\/\\\/msconectado.com.br\\\/#\\\/schema\\\/person\\\/feb123a95a93eebea36f0ed6a2e5ba48\",\"name\":\"Jeferson\",\"image\":{\"@type\":\"ImageObject\",\"inLanguage\":\"pt-BR\",\"@id\":\"https:\\\/\\\/secure.gravatar.com\\\/avatar\\\/e23e8901c88f0cdc0ad479ef7a39bf3e4c806344549c087c00b721a65549a328?s=96&d=mm&r=g\",\"url\":\"https:\\\/\\\/secure.gravatar.com\\\/avatar\\\/e23e8901c88f0cdc0ad479ef7a39bf3e4c806344549c087c00b721a65549a328?s=96&d=mm&r=g\",\"contentUrl\":\"https:\\\/\\\/secure.gravatar.com\\\/avatar\\\/e23e8901c88f0cdc0ad479ef7a39bf3e4c806344549c087c00b721a65549a328?s=96&d=mm&r=g\",\"caption\":\"Jeferson\"},\"url\":\"https:\\\/\\\/msconectado.com.br\\\/?author=3\"}]}<\/script>\n<!-- \/ Yoast SEO plugin. -->","yoast_head_json":{"title":"Reitor da UEMS parabeniza a\u00e7\u00f5es do vereador Robert Ziemann em prol ao estado de Mato Grosso Sul. - MsConectado","robots":{"index":"index","follow":"follow","max-snippet":"max-snippet:-1","max-image-preview":"max-image-preview:large","max-video-preview":"max-video-preview:-1"},"canonical":"https:\/\/msconectado.com.br\/?p=20831","og_locale":"pt_BR","og_type":"article","og_title":"Reitor da UEMS parabeniza a\u00e7\u00f5es do vereador Robert Ziemann em prol ao estado de Mato Grosso Sul. - MsConectado","og_description":"O Presidente da C\u00e2mara de Vereadores, Robert Ziemann esteve em Campo Grande no \u00faltimo dia (08) onde se reuniu com o reitor da Uems, La\u00e9rcio Carvalho e esteve explanando sobre as conquistas para Maracaju. Dentre as v\u00e1rias reinvindica\u00e7\u00f5es do vereador Robert vale ressaltar o pedido para implanta\u00e7\u00e3o do curso de Agronomia que em 2022, a [&hellip;]","og_url":"https:\/\/msconectado.com.br\/?p=20831","og_site_name":"MsConectado","article_published_time":"2024-01-11T00:20:19+00:00","article_modified_time":"2024-01-11T00:25:43+00:00","og_image":[{"width":1024,"height":683,"url":"https:\/\/msconectado.com.br\/wp-content\/uploads\/2024\/01\/IMG_4414.jpg","type":"image\/jpeg"}],"author":"Jeferson","twitter_card":"summary_large_image","twitter_misc":{"Escrito por":"Jeferson","Est. tempo de leitura":"1 minuto"},"schema":{"@context":"https:\/\/schema.org","@graph":[{"@type":"Article","@id":"https:\/\/msconectado.com.br\/?p=20831#article","isPartOf":{"@id":"https:\/\/msconectado.com.br\/?p=20831"},"author":{"name":"Jeferson","@id":"https:\/\/msconectado.com.br\/#\/schema\/person\/feb123a95a93eebea36f0ed6a2e5ba48"},"headline":"Reitor da UEMS parabeniza a\u00e7\u00f5es do vereador Robert Ziemann em prol ao estado de Mato Grosso Sul.","datePublished":"2024-01-11T00:20:19+00:00","dateModified":"2024-01-11T00:25:43+00:00","mainEntityOfPage":{"@id":"https:\/\/msconectado.com.br\/?p=20831"},"wordCount":243,"commentCount":0,"publisher":{"@id":"https:\/\/msconectado.com.br\/#organization"},"image":{"@id":"https:\/\/msconectado.com.br\/?p=20831#primaryimage"},"thumbnailUrl":"https:\/\/msconectado.com.br\/wp-content\/uploads\/2024\/01\/IMG_4414.jpg","articleSection":["Cidades","Not\u00edcia"],"inLanguage":"pt-BR","potentialAction":[{"@type":"CommentAction","name":"Comment","target":["https:\/\/msconectado.com.br\/?p=20831#respond"]}]},{"@type":"WebPage","@id":"https:\/\/msconectado.com.br\/?p=20831","url":"https:\/\/msconectado.com.br\/?p=20831","name":"Reitor da UEMS parabeniza a\u00e7\u00f5es do vereador Robert Ziemann em prol ao estado de Mato Grosso Sul. - MsConectado","isPartOf":{"@id":"https:\/\/msconectado.com.br\/#website"},"primaryImageOfPage":{"@id":"https:\/\/msconectado.com.br\/?p=20831#primaryimage"},"image":{"@id":"https:\/\/msconectado.com.br\/?p=20831#primaryimage"},"thumbnailUrl":"https:\/\/msconectado.com.br\/wp-content\/uploads\/2024\/01\/IMG_4414.jpg","datePublished":"2024-01-11T00:20:19+00:00","dateModified":"2024-01-11T00:25:43+00:00","breadcrumb":{"@id":"https:\/\/msconectado.com.br\/?p=20831#breadcrumb"},"inLanguage":"pt-BR","potentialAction":[{"@type":"ReadAction","target":["https:\/\/msconectado.com.br\/?p=20831"]}]},{"@type":"ImageObject","inLanguage":"pt-BR","@id":"https:\/\/msconectado.com.br\/?p=20831#primaryimage","url":"https:\/\/msconectado.com.br\/wp-content\/uploads\/2024\/01\/IMG_4414.jpg","contentUrl":"https:\/\/msconectado.com.br\/wp-content\/uploads\/2024\/01\/IMG_4414.jpg","width":1024,"height":683},{"@type":"BreadcrumbList","@id":"https:\/\/msconectado.com.br\/?p=20831#breadcrumb","itemListElement":[{"@type":"ListItem","position":1,"name":"In\u00edcio","item":"https:\/\/msconectado.com.br\/?page_id=105"},{"@type":"ListItem","position":2,"name":"Reitor da UEMS parabeniza a\u00e7\u00f5es do vereador Robert Ziemann em prol ao estado de Mato Grosso Sul."}]},{"@type":"WebSite","@id":"https:\/\/msconectado.com.br\/#website","url":"https:\/\/msconectado.com.br\/","name":"MsConectado","description":"Voc\u00ea Conectado com a Not\u00edcia!","publisher":{"@id":"https:\/\/msconectado.com.br\/#organization"},"potentialAction":[{"@type":"SearchAction","target":{"@type":"EntryPoint","urlTemplate":"https:\/\/msconectado.com.br\/?s={search_term_string}"},"query-input":{"@type":"PropertyValueSpecification","valueRequired":true,"valueName":"search_term_string"}}],"inLanguage":"pt-BR"},{"@type":"Organization","@id":"https:\/\/msconectado.com.br\/#organization","name":"MsConectado","url":"https:\/\/msconectado.com.br\/","logo":{"@type":"ImageObject","inLanguage":"pt-BR","@id":"https:\/\/msconectado.com.br\/#\/schema\/logo\/image\/","url":"https:\/\/msconectado.com.br\/wp-content\/uploads\/2023\/01\/cropped-noticia-2.png","contentUrl":"https:\/\/msconectado.com.br\/wp-content\/uploads\/2023\/01\/cropped-noticia-2.png","width":720,"height":157,"caption":"MsConectado"},"image":{"@id":"https:\/\/msconectado.com.br\/#\/schema\/logo\/image\/"}},{"@type":"Person","@id":"https:\/\/msconectado.com.br\/#\/schema\/person\/feb123a95a93eebea36f0ed6a2e5ba48","name":"Jeferson","image":{"@type":"ImageObject","inLanguage":"pt-BR","@id":"https:\/\/secure.gravatar.com\/avatar\/e23e8901c88f0cdc0ad479ef7a39bf3e4c806344549c087c00b721a65549a328?s=96&d=mm&r=g","url":"https:\/\/secure.gravatar.com\/avatar\/e23e8901c88f0cdc0ad479ef7a39bf3e4c806344549c087c00b721a65549a328?s=96&d=mm&r=g","contentUrl":"https:\/\/secure.gravatar.com\/avatar\/e23e8901c88f0cdc0ad479ef7a39bf3e4c806344549c087c00b721a65549a328?s=96&d=mm&r=g","caption":"Jeferson"},"url":"https:\/\/msconectado.com.br\/?author=3"}]}},"_links":{"self":[{"href":"https:\/\/msconectado.com.br\/index.php?rest_route=\/wp\/v2\/posts\/20831","targetHints":{"allow":["GET"]}}],"collection":[{"href":"https:\/\/msconectado.com.br\/index.php?rest_route=\/wp\/v2\/posts"}],"about":[{"href":"https:\/\/msconectado.com.br\/index.php?rest_route=\/wp\/v2\/types\/post"}],"author":[{"embeddable":true,"href":"https:\/\/msconectado.com.br\/index.php?rest_route=\/wp\/v2\/users\/3"}],"replies":[{"embeddable":true,"href":"https:\/\/msconectado.com.br\/index.php?rest_route=%2Fwp%2Fv2%2Fcomments&post=20831"}],"version-history":[{"count":2,"href":"https:\/\/msconectado.com.br\/index.php?rest_route=\/wp\/v2\/posts\/20831\/revisions"}],"predecessor-version":[{"id":20835,"href":"https:\/\/msconectado.com.br\/index.php?rest_route=\/wp\/v2\/posts\/20831\/revisions\/20835"}],"wp:featuredmedia":[{"embeddable":true,"href":"https:\/\/msconectado.com.br\/index.php?rest_route=\/wp\/v2\/media\/20832"}],"wp:attachment":[{"href":"https:\/\/msconectado.com.br\/index.php?rest_route=%2Fwp%2Fv2%2Fmedia&parent=20831"}],"wp:term":[{"taxonomy":"category","embeddable":true,"href":"https:\/\/msconectado.com.br\/index.php?rest_route=%2Fwp%2Fv2%2Fcategories&post=20831"},{"taxonomy":"post_tag","embeddable":true,"href":"https:\/\/msconectado.com.br\/index.php?rest_route=%2Fwp%2Fv2%2Ftags&post=20831"}],"curies":[{"name":"wp","href":"https:\/\/api.w.org\/{rel}","templated":true}]}}