
{"id":20843,"date":"2024-01-12T13:31:27","date_gmt":"2024-01-12T13:31:27","guid":{"rendered":"https:\/\/msconectado.com.br\/?p=20843"},"modified":"2024-01-12T13:31:28","modified_gmt":"2024-01-12T13:31:28","slug":"assentamento-canta-galo-realizara-festa-de-sao-sebastiao","status":"publish","type":"post","link":"https:\/\/msconectado.com.br\/?p=20843","title":{"rendered":"Assentamento Canta Galo realizar\u00e1 Festa de S\u00e3o Sebasti\u00e3o"},"content":{"rendered":"\n<p>O Vereador Robert Ziemann recebeu hoje (12) membros do Assentamento Canta Galo onde trouxeram demandas da comunidade e tamb\u00e9m trataram da parceria da Festa de S\u00e3o Sebasti\u00e3o que acontecer\u00e1 nos dias 20 e 21 de janeiro com missa solene e baile no s\u00e1bado. J\u00e1 no domingo haver\u00e1 almo\u00e7o dan\u00e7ante, toda essa programa\u00e7\u00e3o na sede do Assentamento Canta Galo.<\/p>\n\n\n<div class=\"wp-block-image\">\n<figure class=\"aligncenter\"><img decoding=\"async\" src=\"https:\/\/robertziemann.com.br\/wp-content\/uploads\/2024\/01\/canta-galo2-450x338.jpg\" alt=\"\" class=\"wp-image-11267\"\/><\/figure>\n<\/div>\n\n\n<p>\u2018\u2019Esta \u00e9 uma festa tradicional e n\u00f3s somos parceiros da comunidade do Assentamento Canta Galo que nos procuraram e n\u00f3s prontamente atendemos.\u201d Disse Robert Ziemann.<\/p>\n\n\n\n<p>Assessoria<\/p>\n","protected":false},"excerpt":{"rendered":"<p>O Vereador Robert Ziemann recebeu hoje (12) membros do Assentamento Canta Galo onde trouxeram demandas da comunidade e tamb\u00e9m trataram da parceria da Festa de S\u00e3o Sebasti\u00e3o que acontecer\u00e1 nos dias 20 e 21 de janeiro com missa solene e baile no s\u00e1bado. J\u00e1 no domingo haver\u00e1 almo\u00e7o dan\u00e7ante, toda essa programa\u00e7\u00e3o na sede do [&hellip;]<\/p>\n","protected":false},"author":2,"featured_media":20844,"comment_status":"open","ping_status":"closed","sticky":false,"template":"","format":"standard","meta":{"footnotes":""},"categories":[35,1],"tags":[],"class_list":["post-20843","post","type-post","status-publish","format-standard","has-post-thumbnail","hentry","category-cidades","category-noticia"],"yoast_head":"<!-- This site is optimized with the Yoast SEO plugin v27.5 - https:\/\/yoast.com\/product\/yoast-seo-wordpress\/ -->\n<title>Assentamento Canta Galo realizar\u00e1 Festa de S\u00e3o Sebasti\u00e3o - MsConectado<\/title>\n<meta name=\"robots\" content=\"index, follow, max-snippet:-1, max-image-preview:large, max-video-preview:-1\" \/>\n<link rel=\"canonical\" href=\"https:\/\/msconectado.com.br\/?p=20843\" \/>\n<meta property=\"og:locale\" content=\"pt_BR\" \/>\n<meta property=\"og:type\" content=\"article\" \/>\n<meta property=\"og:title\" content=\"Assentamento Canta Galo realizar\u00e1 Festa de S\u00e3o Sebasti\u00e3o - MsConectado\" \/>\n<meta property=\"og:description\" content=\"O Vereador Robert Ziemann recebeu hoje (12) membros do Assentamento Canta Galo onde trouxeram demandas da comunidade e tamb\u00e9m trataram da parceria da Festa de S\u00e3o Sebasti\u00e3o que acontecer\u00e1 nos dias 20 e 21 de janeiro com missa solene e baile no s\u00e1bado. J\u00e1 no domingo haver\u00e1 almo\u00e7o dan\u00e7ante, toda essa programa\u00e7\u00e3o na sede do [&hellip;]\" \/>\n<meta property=\"og:url\" content=\"https:\/\/msconectado.com.br\/?p=20843\" \/>\n<meta property=\"og:site_name\" content=\"MsConectado\" \/>\n<meta property=\"article:published_time\" content=\"2024-01-12T13:31:27+00:00\" \/>\n<meta property=\"article:modified_time\" content=\"2024-01-12T13:31:28+00:00\" \/>\n<meta property=\"og:image\" content=\"https:\/\/msconectado.com.br\/wp-content\/uploads\/2024\/01\/fcf7c03b3cb56633b0bd516cf915cebb-1.jpg\" \/>\n\t<meta property=\"og:image:width\" content=\"1600\" \/>\n\t<meta property=\"og:image:height\" content=\"1066\" \/>\n\t<meta property=\"og:image:type\" content=\"image\/jpeg\" \/>\n<meta name=\"author\" content=\"MsConectado\" \/>\n<meta name=\"twitter:card\" content=\"summary_large_image\" \/>\n<meta name=\"twitter:label1\" content=\"Escrito por\" \/>\n\t<meta name=\"twitter:data1\" content=\"MsConectado\" \/>\n<script type=\"application\/ld+json\" class=\"yoast-schema-graph\">{\"@context\":\"https:\\\/\\\/schema.org\",\"@graph\":[{\"@type\":\"Article\",\"@id\":\"https:\\\/\\\/msconectado.com.br\\\/?p=20843#article\",\"isPartOf\":{\"@id\":\"https:\\\/\\\/msconectado.com.br\\\/?p=20843\"},\"author\":{\"name\":\"MsConectado\",\"@id\":\"https:\\\/\\\/msconectado.com.br\\\/#\\\/schema\\\/person\\\/e5585545b5687092f1041d350b6e2c16\"},\"headline\":\"Assentamento Canta Galo realizar\u00e1 Festa de S\u00e3o Sebasti\u00e3o\",\"datePublished\":\"2024-01-12T13:31:27+00:00\",\"dateModified\":\"2024-01-12T13:31:28+00:00\",\"mainEntityOfPage\":{\"@id\":\"https:\\\/\\\/msconectado.com.br\\\/?p=20843\"},\"wordCount\":99,\"commentCount\":0,\"publisher\":{\"@id\":\"https:\\\/\\\/msconectado.com.br\\\/#organization\"},\"image\":{\"@id\":\"https:\\\/\\\/msconectado.com.br\\\/?p=20843#primaryimage\"},\"thumbnailUrl\":\"https:\\\/\\\/msconectado.com.br\\\/wp-content\\\/uploads\\\/2024\\\/01\\\/fcf7c03b3cb56633b0bd516cf915cebb-1.jpg\",\"articleSection\":[\"Cidades\",\"Not\u00edcia\"],\"inLanguage\":\"pt-BR\",\"potentialAction\":[{\"@type\":\"CommentAction\",\"name\":\"Comment\",\"target\":[\"https:\\\/\\\/msconectado.com.br\\\/?p=20843#respond\"]}]},{\"@type\":\"WebPage\",\"@id\":\"https:\\\/\\\/msconectado.com.br\\\/?p=20843\",\"url\":\"https:\\\/\\\/msconectado.com.br\\\/?p=20843\",\"name\":\"Assentamento Canta Galo realizar\u00e1 Festa de S\u00e3o Sebasti\u00e3o - MsConectado\",\"isPartOf\":{\"@id\":\"https:\\\/\\\/msconectado.com.br\\\/#website\"},\"primaryImageOfPage\":{\"@id\":\"https:\\\/\\\/msconectado.com.br\\\/?p=20843#primaryimage\"},\"image\":{\"@id\":\"https:\\\/\\\/msconectado.com.br\\\/?p=20843#primaryimage\"},\"thumbnailUrl\":\"https:\\\/\\\/msconectado.com.br\\\/wp-content\\\/uploads\\\/2024\\\/01\\\/fcf7c03b3cb56633b0bd516cf915cebb-1.jpg\",\"datePublished\":\"2024-01-12T13:31:27+00:00\",\"dateModified\":\"2024-01-12T13:31:28+00:00\",\"breadcrumb\":{\"@id\":\"https:\\\/\\\/msconectado.com.br\\\/?p=20843#breadcrumb\"},\"inLanguage\":\"pt-BR\",\"potentialAction\":[{\"@type\":\"ReadAction\",\"target\":[\"https:\\\/\\\/msconectado.com.br\\\/?p=20843\"]}]},{\"@type\":\"ImageObject\",\"inLanguage\":\"pt-BR\",\"@id\":\"https:\\\/\\\/msconectado.com.br\\\/?p=20843#primaryimage\",\"url\":\"https:\\\/\\\/msconectado.com.br\\\/wp-content\\\/uploads\\\/2024\\\/01\\\/fcf7c03b3cb56633b0bd516cf915cebb-1.jpg\",\"contentUrl\":\"https:\\\/\\\/msconectado.com.br\\\/wp-content\\\/uploads\\\/2024\\\/01\\\/fcf7c03b3cb56633b0bd516cf915cebb-1.jpg\",\"width\":1600,\"height\":1066},{\"@type\":\"BreadcrumbList\",\"@id\":\"https:\\\/\\\/msconectado.com.br\\\/?p=20843#breadcrumb\",\"itemListElement\":[{\"@type\":\"ListItem\",\"position\":1,\"name\":\"In\u00edcio\",\"item\":\"https:\\\/\\\/msconectado.com.br\\\/?page_id=105\"},{\"@type\":\"ListItem\",\"position\":2,\"name\":\"Assentamento Canta Galo realizar\u00e1 Festa de S\u00e3o Sebasti\u00e3o\"}]},{\"@type\":\"WebSite\",\"@id\":\"https:\\\/\\\/msconectado.com.br\\\/#website\",\"url\":\"https:\\\/\\\/msconectado.com.br\\\/\",\"name\":\"MsConectado\",\"description\":\"Voc\u00ea Conectado com a Not\u00edcia!\",\"publisher\":{\"@id\":\"https:\\\/\\\/msconectado.com.br\\\/#organization\"},\"potentialAction\":[{\"@type\":\"SearchAction\",\"target\":{\"@type\":\"EntryPoint\",\"urlTemplate\":\"https:\\\/\\\/msconectado.com.br\\\/?s={search_term_string}\"},\"query-input\":{\"@type\":\"PropertyValueSpecification\",\"valueRequired\":true,\"valueName\":\"search_term_string\"}}],\"inLanguage\":\"pt-BR\"},{\"@type\":\"Organization\",\"@id\":\"https:\\\/\\\/msconectado.com.br\\\/#organization\",\"name\":\"MsConectado\",\"url\":\"https:\\\/\\\/msconectado.com.br\\\/\",\"logo\":{\"@type\":\"ImageObject\",\"inLanguage\":\"pt-BR\",\"@id\":\"https:\\\/\\\/msconectado.com.br\\\/#\\\/schema\\\/logo\\\/image\\\/\",\"url\":\"https:\\\/\\\/msconectado.com.br\\\/wp-content\\\/uploads\\\/2023\\\/01\\\/cropped-noticia-2.png\",\"contentUrl\":\"https:\\\/\\\/msconectado.com.br\\\/wp-content\\\/uploads\\\/2023\\\/01\\\/cropped-noticia-2.png\",\"width\":720,\"height\":157,\"caption\":\"MsConectado\"},\"image\":{\"@id\":\"https:\\\/\\\/msconectado.com.br\\\/#\\\/schema\\\/logo\\\/image\\\/\"}},{\"@type\":\"Person\",\"@id\":\"https:\\\/\\\/msconectado.com.br\\\/#\\\/schema\\\/person\\\/e5585545b5687092f1041d350b6e2c16\",\"name\":\"MsConectado\",\"image\":{\"@type\":\"ImageObject\",\"inLanguage\":\"pt-BR\",\"@id\":\"https:\\\/\\\/secure.gravatar.com\\\/avatar\\\/3b4f84a0a8a4380ac4431fa79981d073692380c5da00ae97596e794ab0db5c8c?s=96&d=mm&r=g\",\"url\":\"https:\\\/\\\/secure.gravatar.com\\\/avatar\\\/3b4f84a0a8a4380ac4431fa79981d073692380c5da00ae97596e794ab0db5c8c?s=96&d=mm&r=g\",\"contentUrl\":\"https:\\\/\\\/secure.gravatar.com\\\/avatar\\\/3b4f84a0a8a4380ac4431fa79981d073692380c5da00ae97596e794ab0db5c8c?s=96&d=mm&r=g\",\"caption\":\"MsConectado\"},\"url\":\"https:\\\/\\\/msconectado.com.br\\\/?author=2\"}]}<\/script>\n<!-- \/ Yoast SEO plugin. -->","yoast_head_json":{"title":"Assentamento Canta Galo realizar\u00e1 Festa de S\u00e3o Sebasti\u00e3o - MsConectado","robots":{"index":"index","follow":"follow","max-snippet":"max-snippet:-1","max-image-preview":"max-image-preview:large","max-video-preview":"max-video-preview:-1"},"canonical":"https:\/\/msconectado.com.br\/?p=20843","og_locale":"pt_BR","og_type":"article","og_title":"Assentamento Canta Galo realizar\u00e1 Festa de S\u00e3o Sebasti\u00e3o - MsConectado","og_description":"O Vereador Robert Ziemann recebeu hoje (12) membros do Assentamento Canta Galo onde trouxeram demandas da comunidade e tamb\u00e9m trataram da parceria da Festa de S\u00e3o Sebasti\u00e3o que acontecer\u00e1 nos dias 20 e 21 de janeiro com missa solene e baile no s\u00e1bado. J\u00e1 no domingo haver\u00e1 almo\u00e7o dan\u00e7ante, toda essa programa\u00e7\u00e3o na sede do [&hellip;]","og_url":"https:\/\/msconectado.com.br\/?p=20843","og_site_name":"MsConectado","article_published_time":"2024-01-12T13:31:27+00:00","article_modified_time":"2024-01-12T13:31:28+00:00","og_image":[{"width":1600,"height":1066,"url":"https:\/\/msconectado.com.br\/wp-content\/uploads\/2024\/01\/fcf7c03b3cb56633b0bd516cf915cebb-1.jpg","type":"image\/jpeg"}],"author":"MsConectado","twitter_card":"summary_large_image","twitter_misc":{"Escrito por":"MsConectado"},"schema":{"@context":"https:\/\/schema.org","@graph":[{"@type":"Article","@id":"https:\/\/msconectado.com.br\/?p=20843#article","isPartOf":{"@id":"https:\/\/msconectado.com.br\/?p=20843"},"author":{"name":"MsConectado","@id":"https:\/\/msconectado.com.br\/#\/schema\/person\/e5585545b5687092f1041d350b6e2c16"},"headline":"Assentamento Canta Galo realizar\u00e1 Festa de S\u00e3o Sebasti\u00e3o","datePublished":"2024-01-12T13:31:27+00:00","dateModified":"2024-01-12T13:31:28+00:00","mainEntityOfPage":{"@id":"https:\/\/msconectado.com.br\/?p=20843"},"wordCount":99,"commentCount":0,"publisher":{"@id":"https:\/\/msconectado.com.br\/#organization"},"image":{"@id":"https:\/\/msconectado.com.br\/?p=20843#primaryimage"},"thumbnailUrl":"https:\/\/msconectado.com.br\/wp-content\/uploads\/2024\/01\/fcf7c03b3cb56633b0bd516cf915cebb-1.jpg","articleSection":["Cidades","Not\u00edcia"],"inLanguage":"pt-BR","potentialAction":[{"@type":"CommentAction","name":"Comment","target":["https:\/\/msconectado.com.br\/?p=20843#respond"]}]},{"@type":"WebPage","@id":"https:\/\/msconectado.com.br\/?p=20843","url":"https:\/\/msconectado.com.br\/?p=20843","name":"Assentamento Canta Galo realizar\u00e1 Festa de S\u00e3o Sebasti\u00e3o - MsConectado","isPartOf":{"@id":"https:\/\/msconectado.com.br\/#website"},"primaryImageOfPage":{"@id":"https:\/\/msconectado.com.br\/?p=20843#primaryimage"},"image":{"@id":"https:\/\/msconectado.com.br\/?p=20843#primaryimage"},"thumbnailUrl":"https:\/\/msconectado.com.br\/wp-content\/uploads\/2024\/01\/fcf7c03b3cb56633b0bd516cf915cebb-1.jpg","datePublished":"2024-01-12T13:31:27+00:00","dateModified":"2024-01-12T13:31:28+00:00","breadcrumb":{"@id":"https:\/\/msconectado.com.br\/?p=20843#breadcrumb"},"inLanguage":"pt-BR","potentialAction":[{"@type":"ReadAction","target":["https:\/\/msconectado.com.br\/?p=20843"]}]},{"@type":"ImageObject","inLanguage":"pt-BR","@id":"https:\/\/msconectado.com.br\/?p=20843#primaryimage","url":"https:\/\/msconectado.com.br\/wp-content\/uploads\/2024\/01\/fcf7c03b3cb56633b0bd516cf915cebb-1.jpg","contentUrl":"https:\/\/msconectado.com.br\/wp-content\/uploads\/2024\/01\/fcf7c03b3cb56633b0bd516cf915cebb-1.jpg","width":1600,"height":1066},{"@type":"BreadcrumbList","@id":"https:\/\/msconectado.com.br\/?p=20843#breadcrumb","itemListElement":[{"@type":"ListItem","position":1,"name":"In\u00edcio","item":"https:\/\/msconectado.com.br\/?page_id=105"},{"@type":"ListItem","position":2,"name":"Assentamento Canta Galo realizar\u00e1 Festa de S\u00e3o Sebasti\u00e3o"}]},{"@type":"WebSite","@id":"https:\/\/msconectado.com.br\/#website","url":"https:\/\/msconectado.com.br\/","name":"MsConectado","description":"Voc\u00ea Conectado com a Not\u00edcia!","publisher":{"@id":"https:\/\/msconectado.com.br\/#organization"},"potentialAction":[{"@type":"SearchAction","target":{"@type":"EntryPoint","urlTemplate":"https:\/\/msconectado.com.br\/?s={search_term_string}"},"query-input":{"@type":"PropertyValueSpecification","valueRequired":true,"valueName":"search_term_string"}}],"inLanguage":"pt-BR"},{"@type":"Organization","@id":"https:\/\/msconectado.com.br\/#organization","name":"MsConectado","url":"https:\/\/msconectado.com.br\/","logo":{"@type":"ImageObject","inLanguage":"pt-BR","@id":"https:\/\/msconectado.com.br\/#\/schema\/logo\/image\/","url":"https:\/\/msconectado.com.br\/wp-content\/uploads\/2023\/01\/cropped-noticia-2.png","contentUrl":"https:\/\/msconectado.com.br\/wp-content\/uploads\/2023\/01\/cropped-noticia-2.png","width":720,"height":157,"caption":"MsConectado"},"image":{"@id":"https:\/\/msconectado.com.br\/#\/schema\/logo\/image\/"}},{"@type":"Person","@id":"https:\/\/msconectado.com.br\/#\/schema\/person\/e5585545b5687092f1041d350b6e2c16","name":"MsConectado","image":{"@type":"ImageObject","inLanguage":"pt-BR","@id":"https:\/\/secure.gravatar.com\/avatar\/3b4f84a0a8a4380ac4431fa79981d073692380c5da00ae97596e794ab0db5c8c?s=96&d=mm&r=g","url":"https:\/\/secure.gravatar.com\/avatar\/3b4f84a0a8a4380ac4431fa79981d073692380c5da00ae97596e794ab0db5c8c?s=96&d=mm&r=g","contentUrl":"https:\/\/secure.gravatar.com\/avatar\/3b4f84a0a8a4380ac4431fa79981d073692380c5da00ae97596e794ab0db5c8c?s=96&d=mm&r=g","caption":"MsConectado"},"url":"https:\/\/msconectado.com.br\/?author=2"}]}},"_links":{"self":[{"href":"https:\/\/msconectado.com.br\/index.php?rest_route=\/wp\/v2\/posts\/20843","targetHints":{"allow":["GET"]}}],"collection":[{"href":"https:\/\/msconectado.com.br\/index.php?rest_route=\/wp\/v2\/posts"}],"about":[{"href":"https:\/\/msconectado.com.br\/index.php?rest_route=\/wp\/v2\/types\/post"}],"author":[{"embeddable":true,"href":"https:\/\/msconectado.com.br\/index.php?rest_route=\/wp\/v2\/users\/2"}],"replies":[{"embeddable":true,"href":"https:\/\/msconectado.com.br\/index.php?rest_route=%2Fwp%2Fv2%2Fcomments&post=20843"}],"version-history":[{"count":1,"href":"https:\/\/msconectado.com.br\/index.php?rest_route=\/wp\/v2\/posts\/20843\/revisions"}],"predecessor-version":[{"id":20845,"href":"https:\/\/msconectado.com.br\/index.php?rest_route=\/wp\/v2\/posts\/20843\/revisions\/20845"}],"wp:featuredmedia":[{"embeddable":true,"href":"https:\/\/msconectado.com.br\/index.php?rest_route=\/wp\/v2\/media\/20844"}],"wp:attachment":[{"href":"https:\/\/msconectado.com.br\/index.php?rest_route=%2Fwp%2Fv2%2Fmedia&parent=20843"}],"wp:term":[{"taxonomy":"category","embeddable":true,"href":"https:\/\/msconectado.com.br\/index.php?rest_route=%2Fwp%2Fv2%2Fcategories&post=20843"},{"taxonomy":"post_tag","embeddable":true,"href":"https:\/\/msconectado.com.br\/index.php?rest_route=%2Fwp%2Fv2%2Ftags&post=20843"}],"curies":[{"name":"wp","href":"https:\/\/api.w.org\/{rel}","templated":true}]}}