
{"id":20846,"date":"2024-01-12T14:04:38","date_gmt":"2024-01-12T14:04:38","guid":{"rendered":"https:\/\/msconectado.com.br\/?p=20846"},"modified":"2024-01-12T14:04:40","modified_gmt":"2024-01-12T14:04:40","slug":"vereador-robert-convida-juiz-da-comarca-de-maracaju-para-conhecer-a-reforma-da-camara-municipal","status":"publish","type":"post","link":"https:\/\/msconectado.com.br\/?p=20846","title":{"rendered":"Vereador Robert convida Juiz da comarca de Maracaju para conhecer a reforma da C\u00e2mara Municipal."},"content":{"rendered":"\n<p>Com o prop\u00f3sito de promover transpar\u00eancia nas a\u00e7\u00f5es p\u00fablicas e ressaltar a urg\u00eancia da realiza\u00e7\u00e3o de uma obra que atenda \u00e0s necessidades da comunidade local, o vereador Robert Ziemann convidou o Juiz da Comarca de Maracaju, Marco Ant\u00f4nio Montagnana, para visitar a obra de reforma da C\u00e2mara de Vereadores.<\/p>\n\n\n\n<p>A reforma, avaliada em R$ 5.934.465,63, abrange a revitaliza\u00e7\u00e3o e expans\u00e3o das salas e do plen\u00e1rio, projetando um ambiente mais moderno e funcional para servidores e atendimento \u00e0 popula\u00e7\u00e3o em geral. O prazo estipulado para a conclus\u00e3o da obra \u00e9 de um ano.<\/p>\n\n\n<div class=\"wp-block-image\">\n<figure class=\"aligncenter size-large\"><img fetchpriority=\"high\" decoding=\"async\" width=\"1024\" height=\"682\" src=\"https:\/\/msconectado.com.br\/wp-content\/uploads\/2024\/01\/613fa83d-2386-4a34-a670-559ec27273be-1024x682.jpg\" alt=\"\" class=\"wp-image-20848\" srcset=\"https:\/\/msconectado.com.br\/wp-content\/uploads\/2024\/01\/613fa83d-2386-4a34-a670-559ec27273be-1024x682.jpg 1024w, https:\/\/msconectado.com.br\/wp-content\/uploads\/2024\/01\/613fa83d-2386-4a34-a670-559ec27273be-300x200.jpg 300w, https:\/\/msconectado.com.br\/wp-content\/uploads\/2024\/01\/613fa83d-2386-4a34-a670-559ec27273be-768x512.jpg 768w, https:\/\/msconectado.com.br\/wp-content\/uploads\/2024\/01\/613fa83d-2386-4a34-a670-559ec27273be-1536x1023.jpg 1536w, https:\/\/msconectado.com.br\/wp-content\/uploads\/2024\/01\/613fa83d-2386-4a34-a670-559ec27273be-360x240.jpg 360w, https:\/\/msconectado.com.br\/wp-content\/uploads\/2024\/01\/613fa83d-2386-4a34-a670-559ec27273be.jpg 1600w\" sizes=\"(max-width: 1024px) 100vw, 1024px\" \/><\/figure>\n<\/div>\n\n\n<p>Segundo o vereador Robert Ziemann, a interven\u00e7\u00e3o \u00e9 crucial para atender \u00e0s demandas crescentes da comunidade: &#8220;\u00c9 necess\u00e1rio fazer esse reparo. As salas de atendimento de cada vereador s\u00e3o pequenas, inadequadas, sem conforto e privacidade para o atendimento. Esse dinheiro \u00e9 de economia da C\u00e2mara, recursos pr\u00f3prios, j\u00e1 est\u00e1 dentro do planejamento. Agradecemos antecipadamente pela compreens\u00e3o e coopera\u00e7\u00e3o de todos nesse per\u00edodo de mudan\u00e7as tempor\u00e1rias. Estamos trabalhando incansavelmente para melhorar nossas instala\u00e7\u00f5es, tornando-as mais funcionais para servir melhor \u00e0 nossa comunidade&#8221;, concluiu.<\/p>\n\n\n\n<p>O Juiz Marco Ant\u00f4nio Montagnana elogiou a iniciativa, destacando que a reforma n\u00e3o se limita \u00e0 casa legislativa, mas beneficiar\u00e1 toda a comunidade: &#8220;O que vemos aqui \u00e9 uma obra que vai de encontro com a moderniza\u00e7\u00e3o para que o cidad\u00e3o tenha o melhor atendimento poss\u00edvel&#8221;.<\/p>\n\n\n\n<p>A obra, al\u00e9m de cumprir com o prop\u00f3sito de moderniza\u00e7\u00e3o, representa um esfor\u00e7o conjunto para otimizar a infraestrutura da C\u00e2mara de Vereadores, proporcionando condi\u00e7\u00f5es mais adequadas para o desempenho de suas fun\u00e7\u00f5es e, consequentemente, melhorando o servi\u00e7o prestado \u00e0 comunidade de Maracaju.<\/p>\n\n\n<div class=\"wp-block-image\">\n<figure class=\"aligncenter size-large is-resized\"><img decoding=\"async\" width=\"1024\" height=\"682\" src=\"https:\/\/msconectado.com.br\/wp-content\/uploads\/2024\/01\/4912be31-d273-4268-aee5-833c2090232a-1024x682.jpg\" alt=\"\" class=\"wp-image-20849\" style=\"width:660px;height:auto\" srcset=\"https:\/\/msconectado.com.br\/wp-content\/uploads\/2024\/01\/4912be31-d273-4268-aee5-833c2090232a-1024x682.jpg 1024w, https:\/\/msconectado.com.br\/wp-content\/uploads\/2024\/01\/4912be31-d273-4268-aee5-833c2090232a-300x200.jpg 300w, https:\/\/msconectado.com.br\/wp-content\/uploads\/2024\/01\/4912be31-d273-4268-aee5-833c2090232a-768x512.jpg 768w, https:\/\/msconectado.com.br\/wp-content\/uploads\/2024\/01\/4912be31-d273-4268-aee5-833c2090232a-1536x1023.jpg 1536w, https:\/\/msconectado.com.br\/wp-content\/uploads\/2024\/01\/4912be31-d273-4268-aee5-833c2090232a-360x240.jpg 360w, https:\/\/msconectado.com.br\/wp-content\/uploads\/2024\/01\/4912be31-d273-4268-aee5-833c2090232a.jpg 1600w\" sizes=\"(max-width: 1024px) 100vw, 1024px\" \/><\/figure>\n<\/div>\n\n\n<p>Assessoria<\/p>\n","protected":false},"excerpt":{"rendered":"<p>Com o prop\u00f3sito de promover transpar\u00eancia nas a\u00e7\u00f5es p\u00fablicas e ressaltar a urg\u00eancia da realiza\u00e7\u00e3o de uma obra que atenda \u00e0s necessidades da comunidade local, o vereador Robert Ziemann convidou o Juiz da Comarca de Maracaju, Marco Ant\u00f4nio Montagnana, para visitar a obra de reforma da C\u00e2mara de Vereadores. A reforma, avaliada em R$ 5.934.465,63, [&hellip;]<\/p>\n","protected":false},"author":3,"featured_media":20847,"comment_status":"open","ping_status":"closed","sticky":false,"template":"","format":"standard","meta":{"footnotes":""},"categories":[35,1,33],"tags":[],"class_list":["post-20846","post","type-post","status-publish","format-standard","has-post-thumbnail","hentry","category-cidades","category-noticia","category-politica"],"yoast_head":"<!-- This site is optimized with the Yoast SEO plugin v27.5 - https:\/\/yoast.com\/product\/yoast-seo-wordpress\/ -->\n<title>Vereador Robert convida Juiz da comarca de Maracaju para conhecer a reforma da C\u00e2mara Municipal. - MsConectado<\/title>\n<meta name=\"robots\" content=\"index, follow, max-snippet:-1, max-image-preview:large, max-video-preview:-1\" \/>\n<link rel=\"canonical\" href=\"https:\/\/msconectado.com.br\/?p=20846\" \/>\n<meta property=\"og:locale\" content=\"pt_BR\" \/>\n<meta property=\"og:type\" content=\"article\" \/>\n<meta property=\"og:title\" content=\"Vereador Robert convida Juiz da comarca de Maracaju para conhecer a reforma da C\u00e2mara Municipal. - MsConectado\" \/>\n<meta property=\"og:description\" content=\"Com o prop\u00f3sito de promover transpar\u00eancia nas a\u00e7\u00f5es p\u00fablicas e ressaltar a urg\u00eancia da realiza\u00e7\u00e3o de uma obra que atenda \u00e0s necessidades da comunidade local, o vereador Robert Ziemann convidou o Juiz da Comarca de Maracaju, Marco Ant\u00f4nio Montagnana, para visitar a obra de reforma da C\u00e2mara de Vereadores. A reforma, avaliada em R$ 5.934.465,63, [&hellip;]\" \/>\n<meta property=\"og:url\" content=\"https:\/\/msconectado.com.br\/?p=20846\" \/>\n<meta property=\"og:site_name\" content=\"MsConectado\" \/>\n<meta property=\"article:published_time\" content=\"2024-01-12T14:04:38+00:00\" \/>\n<meta property=\"article:modified_time\" content=\"2024-01-12T14:04:40+00:00\" \/>\n<meta property=\"og:image\" content=\"https:\/\/msconectado.com.br\/wp-content\/uploads\/2024\/01\/577eb632-bf28-4d02-b4d1-393be04900e3.jpg\" \/>\n\t<meta property=\"og:image:width\" content=\"1600\" \/>\n\t<meta property=\"og:image:height\" content=\"1066\" \/>\n\t<meta property=\"og:image:type\" content=\"image\/jpeg\" \/>\n<meta name=\"author\" content=\"Jeferson\" \/>\n<meta name=\"twitter:card\" content=\"summary_large_image\" \/>\n<meta name=\"twitter:label1\" content=\"Escrito por\" \/>\n\t<meta name=\"twitter:data1\" content=\"Jeferson\" \/>\n\t<meta name=\"twitter:label2\" content=\"Est. tempo de leitura\" \/>\n\t<meta name=\"twitter:data2\" content=\"1 minuto\" \/>\n<script type=\"application\/ld+json\" class=\"yoast-schema-graph\">{\"@context\":\"https:\\\/\\\/schema.org\",\"@graph\":[{\"@type\":\"Article\",\"@id\":\"https:\\\/\\\/msconectado.com.br\\\/?p=20846#article\",\"isPartOf\":{\"@id\":\"https:\\\/\\\/msconectado.com.br\\\/?p=20846\"},\"author\":{\"name\":\"Jeferson\",\"@id\":\"https:\\\/\\\/msconectado.com.br\\\/#\\\/schema\\\/person\\\/feb123a95a93eebea36f0ed6a2e5ba48\"},\"headline\":\"Vereador Robert convida Juiz da comarca de Maracaju para conhecer a reforma da C\u00e2mara Municipal.\",\"datePublished\":\"2024-01-12T14:04:38+00:00\",\"dateModified\":\"2024-01-12T14:04:40+00:00\",\"mainEntityOfPage\":{\"@id\":\"https:\\\/\\\/msconectado.com.br\\\/?p=20846\"},\"wordCount\":306,\"commentCount\":0,\"publisher\":{\"@id\":\"https:\\\/\\\/msconectado.com.br\\\/#organization\"},\"image\":{\"@id\":\"https:\\\/\\\/msconectado.com.br\\\/?p=20846#primaryimage\"},\"thumbnailUrl\":\"https:\\\/\\\/msconectado.com.br\\\/wp-content\\\/uploads\\\/2024\\\/01\\\/577eb632-bf28-4d02-b4d1-393be04900e3.jpg\",\"articleSection\":[\"Cidades\",\"Not\u00edcia\",\"Pol\u00edtica\"],\"inLanguage\":\"pt-BR\",\"potentialAction\":[{\"@type\":\"CommentAction\",\"name\":\"Comment\",\"target\":[\"https:\\\/\\\/msconectado.com.br\\\/?p=20846#respond\"]}]},{\"@type\":\"WebPage\",\"@id\":\"https:\\\/\\\/msconectado.com.br\\\/?p=20846\",\"url\":\"https:\\\/\\\/msconectado.com.br\\\/?p=20846\",\"name\":\"Vereador Robert convida Juiz da comarca de Maracaju para conhecer a reforma da C\u00e2mara Municipal. - MsConectado\",\"isPartOf\":{\"@id\":\"https:\\\/\\\/msconectado.com.br\\\/#website\"},\"primaryImageOfPage\":{\"@id\":\"https:\\\/\\\/msconectado.com.br\\\/?p=20846#primaryimage\"},\"image\":{\"@id\":\"https:\\\/\\\/msconectado.com.br\\\/?p=20846#primaryimage\"},\"thumbnailUrl\":\"https:\\\/\\\/msconectado.com.br\\\/wp-content\\\/uploads\\\/2024\\\/01\\\/577eb632-bf28-4d02-b4d1-393be04900e3.jpg\",\"datePublished\":\"2024-01-12T14:04:38+00:00\",\"dateModified\":\"2024-01-12T14:04:40+00:00\",\"breadcrumb\":{\"@id\":\"https:\\\/\\\/msconectado.com.br\\\/?p=20846#breadcrumb\"},\"inLanguage\":\"pt-BR\",\"potentialAction\":[{\"@type\":\"ReadAction\",\"target\":[\"https:\\\/\\\/msconectado.com.br\\\/?p=20846\"]}]},{\"@type\":\"ImageObject\",\"inLanguage\":\"pt-BR\",\"@id\":\"https:\\\/\\\/msconectado.com.br\\\/?p=20846#primaryimage\",\"url\":\"https:\\\/\\\/msconectado.com.br\\\/wp-content\\\/uploads\\\/2024\\\/01\\\/577eb632-bf28-4d02-b4d1-393be04900e3.jpg\",\"contentUrl\":\"https:\\\/\\\/msconectado.com.br\\\/wp-content\\\/uploads\\\/2024\\\/01\\\/577eb632-bf28-4d02-b4d1-393be04900e3.jpg\",\"width\":1600,\"height\":1066},{\"@type\":\"BreadcrumbList\",\"@id\":\"https:\\\/\\\/msconectado.com.br\\\/?p=20846#breadcrumb\",\"itemListElement\":[{\"@type\":\"ListItem\",\"position\":1,\"name\":\"In\u00edcio\",\"item\":\"https:\\\/\\\/msconectado.com.br\\\/?page_id=105\"},{\"@type\":\"ListItem\",\"position\":2,\"name\":\"Vereador Robert convida Juiz da comarca de Maracaju para conhecer a reforma da C\u00e2mara Municipal.\"}]},{\"@type\":\"WebSite\",\"@id\":\"https:\\\/\\\/msconectado.com.br\\\/#website\",\"url\":\"https:\\\/\\\/msconectado.com.br\\\/\",\"name\":\"MsConectado\",\"description\":\"Voc\u00ea Conectado com a Not\u00edcia!\",\"publisher\":{\"@id\":\"https:\\\/\\\/msconectado.com.br\\\/#organization\"},\"potentialAction\":[{\"@type\":\"SearchAction\",\"target\":{\"@type\":\"EntryPoint\",\"urlTemplate\":\"https:\\\/\\\/msconectado.com.br\\\/?s={search_term_string}\"},\"query-input\":{\"@type\":\"PropertyValueSpecification\",\"valueRequired\":true,\"valueName\":\"search_term_string\"}}],\"inLanguage\":\"pt-BR\"},{\"@type\":\"Organization\",\"@id\":\"https:\\\/\\\/msconectado.com.br\\\/#organization\",\"name\":\"MsConectado\",\"url\":\"https:\\\/\\\/msconectado.com.br\\\/\",\"logo\":{\"@type\":\"ImageObject\",\"inLanguage\":\"pt-BR\",\"@id\":\"https:\\\/\\\/msconectado.com.br\\\/#\\\/schema\\\/logo\\\/image\\\/\",\"url\":\"https:\\\/\\\/msconectado.com.br\\\/wp-content\\\/uploads\\\/2023\\\/01\\\/cropped-noticia-2.png\",\"contentUrl\":\"https:\\\/\\\/msconectado.com.br\\\/wp-content\\\/uploads\\\/2023\\\/01\\\/cropped-noticia-2.png\",\"width\":720,\"height\":157,\"caption\":\"MsConectado\"},\"image\":{\"@id\":\"https:\\\/\\\/msconectado.com.br\\\/#\\\/schema\\\/logo\\\/image\\\/\"}},{\"@type\":\"Person\",\"@id\":\"https:\\\/\\\/msconectado.com.br\\\/#\\\/schema\\\/person\\\/feb123a95a93eebea36f0ed6a2e5ba48\",\"name\":\"Jeferson\",\"image\":{\"@type\":\"ImageObject\",\"inLanguage\":\"pt-BR\",\"@id\":\"https:\\\/\\\/secure.gravatar.com\\\/avatar\\\/e23e8901c88f0cdc0ad479ef7a39bf3e4c806344549c087c00b721a65549a328?s=96&d=mm&r=g\",\"url\":\"https:\\\/\\\/secure.gravatar.com\\\/avatar\\\/e23e8901c88f0cdc0ad479ef7a39bf3e4c806344549c087c00b721a65549a328?s=96&d=mm&r=g\",\"contentUrl\":\"https:\\\/\\\/secure.gravatar.com\\\/avatar\\\/e23e8901c88f0cdc0ad479ef7a39bf3e4c806344549c087c00b721a65549a328?s=96&d=mm&r=g\",\"caption\":\"Jeferson\"},\"url\":\"https:\\\/\\\/msconectado.com.br\\\/?author=3\"}]}<\/script>\n<!-- \/ Yoast SEO plugin. -->","yoast_head_json":{"title":"Vereador Robert convida Juiz da comarca de Maracaju para conhecer a reforma da C\u00e2mara Municipal. - MsConectado","robots":{"index":"index","follow":"follow","max-snippet":"max-snippet:-1","max-image-preview":"max-image-preview:large","max-video-preview":"max-video-preview:-1"},"canonical":"https:\/\/msconectado.com.br\/?p=20846","og_locale":"pt_BR","og_type":"article","og_title":"Vereador Robert convida Juiz da comarca de Maracaju para conhecer a reforma da C\u00e2mara Municipal. - MsConectado","og_description":"Com o prop\u00f3sito de promover transpar\u00eancia nas a\u00e7\u00f5es p\u00fablicas e ressaltar a urg\u00eancia da realiza\u00e7\u00e3o de uma obra que atenda \u00e0s necessidades da comunidade local, o vereador Robert Ziemann convidou o Juiz da Comarca de Maracaju, Marco Ant\u00f4nio Montagnana, para visitar a obra de reforma da C\u00e2mara de Vereadores. A reforma, avaliada em R$ 5.934.465,63, [&hellip;]","og_url":"https:\/\/msconectado.com.br\/?p=20846","og_site_name":"MsConectado","article_published_time":"2024-01-12T14:04:38+00:00","article_modified_time":"2024-01-12T14:04:40+00:00","og_image":[{"width":1600,"height":1066,"url":"https:\/\/msconectado.com.br\/wp-content\/uploads\/2024\/01\/577eb632-bf28-4d02-b4d1-393be04900e3.jpg","type":"image\/jpeg"}],"author":"Jeferson","twitter_card":"summary_large_image","twitter_misc":{"Escrito por":"Jeferson","Est. tempo de leitura":"1 minuto"},"schema":{"@context":"https:\/\/schema.org","@graph":[{"@type":"Article","@id":"https:\/\/msconectado.com.br\/?p=20846#article","isPartOf":{"@id":"https:\/\/msconectado.com.br\/?p=20846"},"author":{"name":"Jeferson","@id":"https:\/\/msconectado.com.br\/#\/schema\/person\/feb123a95a93eebea36f0ed6a2e5ba48"},"headline":"Vereador Robert convida Juiz da comarca de Maracaju para conhecer a reforma da C\u00e2mara Municipal.","datePublished":"2024-01-12T14:04:38+00:00","dateModified":"2024-01-12T14:04:40+00:00","mainEntityOfPage":{"@id":"https:\/\/msconectado.com.br\/?p=20846"},"wordCount":306,"commentCount":0,"publisher":{"@id":"https:\/\/msconectado.com.br\/#organization"},"image":{"@id":"https:\/\/msconectado.com.br\/?p=20846#primaryimage"},"thumbnailUrl":"https:\/\/msconectado.com.br\/wp-content\/uploads\/2024\/01\/577eb632-bf28-4d02-b4d1-393be04900e3.jpg","articleSection":["Cidades","Not\u00edcia","Pol\u00edtica"],"inLanguage":"pt-BR","potentialAction":[{"@type":"CommentAction","name":"Comment","target":["https:\/\/msconectado.com.br\/?p=20846#respond"]}]},{"@type":"WebPage","@id":"https:\/\/msconectado.com.br\/?p=20846","url":"https:\/\/msconectado.com.br\/?p=20846","name":"Vereador Robert convida Juiz da comarca de Maracaju para conhecer a reforma da C\u00e2mara Municipal. - MsConectado","isPartOf":{"@id":"https:\/\/msconectado.com.br\/#website"},"primaryImageOfPage":{"@id":"https:\/\/msconectado.com.br\/?p=20846#primaryimage"},"image":{"@id":"https:\/\/msconectado.com.br\/?p=20846#primaryimage"},"thumbnailUrl":"https:\/\/msconectado.com.br\/wp-content\/uploads\/2024\/01\/577eb632-bf28-4d02-b4d1-393be04900e3.jpg","datePublished":"2024-01-12T14:04:38+00:00","dateModified":"2024-01-12T14:04:40+00:00","breadcrumb":{"@id":"https:\/\/msconectado.com.br\/?p=20846#breadcrumb"},"inLanguage":"pt-BR","potentialAction":[{"@type":"ReadAction","target":["https:\/\/msconectado.com.br\/?p=20846"]}]},{"@type":"ImageObject","inLanguage":"pt-BR","@id":"https:\/\/msconectado.com.br\/?p=20846#primaryimage","url":"https:\/\/msconectado.com.br\/wp-content\/uploads\/2024\/01\/577eb632-bf28-4d02-b4d1-393be04900e3.jpg","contentUrl":"https:\/\/msconectado.com.br\/wp-content\/uploads\/2024\/01\/577eb632-bf28-4d02-b4d1-393be04900e3.jpg","width":1600,"height":1066},{"@type":"BreadcrumbList","@id":"https:\/\/msconectado.com.br\/?p=20846#breadcrumb","itemListElement":[{"@type":"ListItem","position":1,"name":"In\u00edcio","item":"https:\/\/msconectado.com.br\/?page_id=105"},{"@type":"ListItem","position":2,"name":"Vereador Robert convida Juiz da comarca de Maracaju para conhecer a reforma da C\u00e2mara Municipal."}]},{"@type":"WebSite","@id":"https:\/\/msconectado.com.br\/#website","url":"https:\/\/msconectado.com.br\/","name":"MsConectado","description":"Voc\u00ea Conectado com a Not\u00edcia!","publisher":{"@id":"https:\/\/msconectado.com.br\/#organization"},"potentialAction":[{"@type":"SearchAction","target":{"@type":"EntryPoint","urlTemplate":"https:\/\/msconectado.com.br\/?s={search_term_string}"},"query-input":{"@type":"PropertyValueSpecification","valueRequired":true,"valueName":"search_term_string"}}],"inLanguage":"pt-BR"},{"@type":"Organization","@id":"https:\/\/msconectado.com.br\/#organization","name":"MsConectado","url":"https:\/\/msconectado.com.br\/","logo":{"@type":"ImageObject","inLanguage":"pt-BR","@id":"https:\/\/msconectado.com.br\/#\/schema\/logo\/image\/","url":"https:\/\/msconectado.com.br\/wp-content\/uploads\/2023\/01\/cropped-noticia-2.png","contentUrl":"https:\/\/msconectado.com.br\/wp-content\/uploads\/2023\/01\/cropped-noticia-2.png","width":720,"height":157,"caption":"MsConectado"},"image":{"@id":"https:\/\/msconectado.com.br\/#\/schema\/logo\/image\/"}},{"@type":"Person","@id":"https:\/\/msconectado.com.br\/#\/schema\/person\/feb123a95a93eebea36f0ed6a2e5ba48","name":"Jeferson","image":{"@type":"ImageObject","inLanguage":"pt-BR","@id":"https:\/\/secure.gravatar.com\/avatar\/e23e8901c88f0cdc0ad479ef7a39bf3e4c806344549c087c00b721a65549a328?s=96&d=mm&r=g","url":"https:\/\/secure.gravatar.com\/avatar\/e23e8901c88f0cdc0ad479ef7a39bf3e4c806344549c087c00b721a65549a328?s=96&d=mm&r=g","contentUrl":"https:\/\/secure.gravatar.com\/avatar\/e23e8901c88f0cdc0ad479ef7a39bf3e4c806344549c087c00b721a65549a328?s=96&d=mm&r=g","caption":"Jeferson"},"url":"https:\/\/msconectado.com.br\/?author=3"}]}},"_links":{"self":[{"href":"https:\/\/msconectado.com.br\/index.php?rest_route=\/wp\/v2\/posts\/20846","targetHints":{"allow":["GET"]}}],"collection":[{"href":"https:\/\/msconectado.com.br\/index.php?rest_route=\/wp\/v2\/posts"}],"about":[{"href":"https:\/\/msconectado.com.br\/index.php?rest_route=\/wp\/v2\/types\/post"}],"author":[{"embeddable":true,"href":"https:\/\/msconectado.com.br\/index.php?rest_route=\/wp\/v2\/users\/3"}],"replies":[{"embeddable":true,"href":"https:\/\/msconectado.com.br\/index.php?rest_route=%2Fwp%2Fv2%2Fcomments&post=20846"}],"version-history":[{"count":1,"href":"https:\/\/msconectado.com.br\/index.php?rest_route=\/wp\/v2\/posts\/20846\/revisions"}],"predecessor-version":[{"id":20850,"href":"https:\/\/msconectado.com.br\/index.php?rest_route=\/wp\/v2\/posts\/20846\/revisions\/20850"}],"wp:featuredmedia":[{"embeddable":true,"href":"https:\/\/msconectado.com.br\/index.php?rest_route=\/wp\/v2\/media\/20847"}],"wp:attachment":[{"href":"https:\/\/msconectado.com.br\/index.php?rest_route=%2Fwp%2Fv2%2Fmedia&parent=20846"}],"wp:term":[{"taxonomy":"category","embeddable":true,"href":"https:\/\/msconectado.com.br\/index.php?rest_route=%2Fwp%2Fv2%2Fcategories&post=20846"},{"taxonomy":"post_tag","embeddable":true,"href":"https:\/\/msconectado.com.br\/index.php?rest_route=%2Fwp%2Fv2%2Ftags&post=20846"}],"curies":[{"name":"wp","href":"https:\/\/api.w.org\/{rel}","templated":true}]}}