
{"id":20851,"date":"2024-01-12T14:28:56","date_gmt":"2024-01-12T14:28:56","guid":{"rendered":"https:\/\/msconectado.com.br\/?p=20851"},"modified":"2024-01-12T14:28:58","modified_gmt":"2024-01-12T14:28:58","slug":"para-fortalecer-o-enfrentamento-da-dengue-em-ms-ses-oferece-capacitacao-sobre-manejo-clinico-da-dengue","status":"publish","type":"post","link":"https:\/\/msconectado.com.br\/?p=20851","title":{"rendered":"Para fortalecer o enfrentamento da dengue em MS, SES oferece capacita\u00e7\u00e3o sobre \u2018Manejo Cl\u00ednico da Dengue\u2019"},"content":{"rendered":"\n<p>Com objetivo de fortalecer as estrat\u00e9gias de enfrentamento da dengue em Mato Grosso do Sul e evitar o agravamento dos pacientes pela doen\u00e7a, a SES (Secretaria de Estado de Sa\u00fade) realiza nesta sexta-feira (12) a web aula \u201cManejo Cl\u00ednico da Dengue\u201d. A transmiss\u00e3o tem in\u00edcio \u00e0s 13h30 e ser\u00e1 feita por meio da Plataforma Telessa\u00fade MS.<\/p>\n\n\n\n<p>Conforme a superintendente de Vigil\u00e2ncia em Sa\u00fade a SES, Larissa Castilho, com o aumento de casos de dengue acima do esperado para o per\u00edodo e clima favor\u00e1vel \u00e0 prolifera\u00e7\u00e3o do Aedes aegypti, a SES tem realizado a\u00e7\u00f5es para o enfrentamento e redu\u00e7\u00e3o da mortalidade por Arboviroses (Dengue, Chikungunya e Zika).<\/p>\n\n\n\n<p>\u201cCom o per\u00edodo de chuva e calor \u00e9 esperado o aumento da circula\u00e7\u00e3o do v\u00edrus e a ocorr\u00eancia da doen\u00e7a com sintomas em indiv\u00edduos suscet\u00edveis. Nessa web vamos refor\u00e7ar as medidas de manejo cl\u00ednico que j\u00e1 temos publicado para dar suporte aos m\u00e9dicos dos servi\u00e7os de sa\u00fade \u2013 Aten\u00e7\u00e3o Prim\u00e1ria e Hospitalar \u2013 sobre as condutas diante um caso suspeito de dengue. Assim, otimizamos os atendimentos das equipes de sa\u00fade\u201d.<\/p>\n\n\n\n<p>A identifica\u00e7\u00e3o precoce dos casos de dengue \u00e9 fundamental para a tomada de decis\u00f5es e implanta\u00e7\u00e3o de medidas de maneira oportuna, uma vez que se n\u00e3o tratada de forma adequada, a dengue pode levar o paciente \u00e0 morte.<\/p>\n\n\n\n<p>Entre os assuntos que ser\u00e3o abordados est\u00e3o: a ocorr\u00eancia de \u00f3bitos, sinais, sintomas e tratamento do paciente com dengue, a classifica\u00e7\u00e3o de acordo com avalia\u00e7\u00e3o de quadro cl\u00ednico para o manejo adequado e a import\u00e2ncia da classifica\u00e7\u00e3o de risco nos servi\u00e7os.<\/p>\n\n\n\n<p>A palestra ser\u00e1 ministrada pela m\u00e9dica infectologista e consultora OPAS (Organiza\u00e7\u00e3o Pan-Americana da Sa\u00fade), Dra. Mariana Croda. O acesso \u00e0 web aula pode ser feito atrav\u00e9s do link:&nbsp;<a href=\"https:\/\/participe.saude.ms.gov.br\/forms\/\" target=\"_blank\" rel=\"noreferrer noopener\">https:\/\/participe.saude.ms.gov.br\/forms\/<\/a>.<\/p>\n\n\n\n<p><strong>Arboviroses<\/strong><\/p>\n\n\n\n<p>O combate ao mosquito Aedes aegypti \u00e9 de extrema import\u00e2ncia. Al\u00e9m da Dengue, o mosquito tamb\u00e9m \u00e9 respons\u00e1vel pela transmiss\u00e3o de duas graves enfermidades: a Zika e a Chikungunya.<\/p>\n\n\n\n<p>Para controlar a prolifera\u00e7\u00e3o do mosquito \u00e9 preciso evitar \u00e1gua parada, em qualquer \u00e9poca do ano, mantendo bem tampado ton\u00e9is, caixas e barris de \u00e1gua, caixas d\u2019agua; acondicionar pneus em locais cobertos; remover galhos e folhas de calhas; n\u00e3o deixar \u00e1gua acumulada sobre a laje; encher pratinhos de vasos com areia at\u00e9 a borda ou lav\u00e1-los uma vez por semana e fazer sempre a manuten\u00e7\u00e3o de piscinas.<\/p>\n\n\n\n<p>Al\u00e9m disso, \u00e9 importante trocar \u00e1gua dos vasos e plantas aqu\u00e1ticas uma vez por semana; colocar lixos em sacos pl\u00e1sticos em lixeiras fechadas; fechar bem os sacos de lixo e n\u00e3o deixar ao alcance de animais; manter garrafas de vidro e latinhas de boca para baixo; tampar ralos; catar sacos pl\u00e1sticos e lixo do quintal, entre outras medidas que impe\u00e7am o ac\u00famulo de \u00e1gua e de sujeiras.<\/p>\n\n\n\n<p><em>Kamilla Ratier, SES<\/em><\/p>\n\n\n\n<p><em>Foto: Bruno Rezende<\/em><\/p>\n","protected":false},"excerpt":{"rendered":"<p>Com objetivo de fortalecer as estrat\u00e9gias de enfrentamento da dengue em Mato Grosso do Sul e evitar o agravamento dos pacientes pela doen\u00e7a, a SES (Secretaria de Estado de Sa\u00fade) realiza nesta sexta-feira (12) a web aula \u201cManejo Cl\u00ednico da Dengue\u201d. A transmiss\u00e3o tem in\u00edcio \u00e0s 13h30 e ser\u00e1 feita por meio da Plataforma Telessa\u00fade [&hellip;]<\/p>\n","protected":false},"author":2,"featured_media":20852,"comment_status":"open","ping_status":"closed","sticky":false,"template":"","format":"standard","meta":{"footnotes":""},"categories":[35,1],"tags":[],"class_list":["post-20851","post","type-post","status-publish","format-standard","has-post-thumbnail","hentry","category-cidades","category-noticia"],"yoast_head":"<!-- This site is optimized with the Yoast SEO plugin v27.5 - https:\/\/yoast.com\/product\/yoast-seo-wordpress\/ -->\n<title>Para fortalecer o enfrentamento da dengue em MS, SES oferece capacita\u00e7\u00e3o sobre \u2018Manejo Cl\u00ednico da Dengue\u2019 - MsConectado<\/title>\n<meta name=\"robots\" content=\"index, follow, max-snippet:-1, max-image-preview:large, max-video-preview:-1\" \/>\n<link rel=\"canonical\" href=\"https:\/\/msconectado.com.br\/?p=20851\" \/>\n<meta property=\"og:locale\" content=\"pt_BR\" \/>\n<meta property=\"og:type\" content=\"article\" \/>\n<meta property=\"og:title\" content=\"Para fortalecer o enfrentamento da dengue em MS, SES oferece capacita\u00e7\u00e3o sobre \u2018Manejo Cl\u00ednico da Dengue\u2019 - MsConectado\" \/>\n<meta property=\"og:description\" content=\"Com objetivo de fortalecer as estrat\u00e9gias de enfrentamento da dengue em Mato Grosso do Sul e evitar o agravamento dos pacientes pela doen\u00e7a, a SES (Secretaria de Estado de Sa\u00fade) realiza nesta sexta-feira (12) a web aula \u201cManejo Cl\u00ednico da Dengue\u201d. A transmiss\u00e3o tem in\u00edcio \u00e0s 13h30 e ser\u00e1 feita por meio da Plataforma Telessa\u00fade [&hellip;]\" \/>\n<meta property=\"og:url\" content=\"https:\/\/msconectado.com.br\/?p=20851\" \/>\n<meta property=\"og:site_name\" content=\"MsConectado\" \/>\n<meta property=\"article:published_time\" content=\"2024-01-12T14:28:56+00:00\" \/>\n<meta property=\"article:modified_time\" content=\"2024-01-12T14:28:58+00:00\" \/>\n<meta property=\"og:image\" content=\"https:\/\/msconectado.com.br\/wp-content\/uploads\/2024\/01\/Mosquito-da-dengue-Foto-Bruno-Rezende-scaled.jpg\" \/>\n\t<meta property=\"og:image:width\" content=\"2560\" \/>\n\t<meta property=\"og:image:height\" content=\"1707\" \/>\n\t<meta property=\"og:image:type\" content=\"image\/jpeg\" \/>\n<meta name=\"author\" content=\"MsConectado\" \/>\n<meta name=\"twitter:card\" content=\"summary_large_image\" \/>\n<meta name=\"twitter:label1\" content=\"Escrito por\" \/>\n\t<meta name=\"twitter:data1\" content=\"MsConectado\" \/>\n\t<meta name=\"twitter:label2\" content=\"Est. tempo de leitura\" \/>\n\t<meta name=\"twitter:data2\" content=\"3 minutos\" \/>\n<script type=\"application\/ld+json\" class=\"yoast-schema-graph\">{\"@context\":\"https:\\\/\\\/schema.org\",\"@graph\":[{\"@type\":\"Article\",\"@id\":\"https:\\\/\\\/msconectado.com.br\\\/?p=20851#article\",\"isPartOf\":{\"@id\":\"https:\\\/\\\/msconectado.com.br\\\/?p=20851\"},\"author\":{\"name\":\"MsConectado\",\"@id\":\"https:\\\/\\\/msconectado.com.br\\\/#\\\/schema\\\/person\\\/e5585545b5687092f1041d350b6e2c16\"},\"headline\":\"Para fortalecer o enfrentamento da dengue em MS, SES oferece capacita\u00e7\u00e3o sobre \u2018Manejo Cl\u00ednico da Dengue\u2019\",\"datePublished\":\"2024-01-12T14:28:56+00:00\",\"dateModified\":\"2024-01-12T14:28:58+00:00\",\"mainEntityOfPage\":{\"@id\":\"https:\\\/\\\/msconectado.com.br\\\/?p=20851\"},\"wordCount\":531,\"commentCount\":0,\"publisher\":{\"@id\":\"https:\\\/\\\/msconectado.com.br\\\/#organization\"},\"image\":{\"@id\":\"https:\\\/\\\/msconectado.com.br\\\/?p=20851#primaryimage\"},\"thumbnailUrl\":\"https:\\\/\\\/msconectado.com.br\\\/wp-content\\\/uploads\\\/2024\\\/01\\\/Mosquito-da-dengue-Foto-Bruno-Rezende-scaled.jpg\",\"articleSection\":[\"Cidades\",\"Not\u00edcia\"],\"inLanguage\":\"pt-BR\",\"potentialAction\":[{\"@type\":\"CommentAction\",\"name\":\"Comment\",\"target\":[\"https:\\\/\\\/msconectado.com.br\\\/?p=20851#respond\"]}]},{\"@type\":\"WebPage\",\"@id\":\"https:\\\/\\\/msconectado.com.br\\\/?p=20851\",\"url\":\"https:\\\/\\\/msconectado.com.br\\\/?p=20851\",\"name\":\"Para fortalecer o enfrentamento da dengue em MS, SES oferece capacita\u00e7\u00e3o sobre \u2018Manejo Cl\u00ednico da Dengue\u2019 - MsConectado\",\"isPartOf\":{\"@id\":\"https:\\\/\\\/msconectado.com.br\\\/#website\"},\"primaryImageOfPage\":{\"@id\":\"https:\\\/\\\/msconectado.com.br\\\/?p=20851#primaryimage\"},\"image\":{\"@id\":\"https:\\\/\\\/msconectado.com.br\\\/?p=20851#primaryimage\"},\"thumbnailUrl\":\"https:\\\/\\\/msconectado.com.br\\\/wp-content\\\/uploads\\\/2024\\\/01\\\/Mosquito-da-dengue-Foto-Bruno-Rezende-scaled.jpg\",\"datePublished\":\"2024-01-12T14:28:56+00:00\",\"dateModified\":\"2024-01-12T14:28:58+00:00\",\"breadcrumb\":{\"@id\":\"https:\\\/\\\/msconectado.com.br\\\/?p=20851#breadcrumb\"},\"inLanguage\":\"pt-BR\",\"potentialAction\":[{\"@type\":\"ReadAction\",\"target\":[\"https:\\\/\\\/msconectado.com.br\\\/?p=20851\"]}]},{\"@type\":\"ImageObject\",\"inLanguage\":\"pt-BR\",\"@id\":\"https:\\\/\\\/msconectado.com.br\\\/?p=20851#primaryimage\",\"url\":\"https:\\\/\\\/msconectado.com.br\\\/wp-content\\\/uploads\\\/2024\\\/01\\\/Mosquito-da-dengue-Foto-Bruno-Rezende-scaled.jpg\",\"contentUrl\":\"https:\\\/\\\/msconectado.com.br\\\/wp-content\\\/uploads\\\/2024\\\/01\\\/Mosquito-da-dengue-Foto-Bruno-Rezende-scaled.jpg\",\"width\":2560,\"height\":1707},{\"@type\":\"BreadcrumbList\",\"@id\":\"https:\\\/\\\/msconectado.com.br\\\/?p=20851#breadcrumb\",\"itemListElement\":[{\"@type\":\"ListItem\",\"position\":1,\"name\":\"In\u00edcio\",\"item\":\"https:\\\/\\\/msconectado.com.br\\\/?page_id=105\"},{\"@type\":\"ListItem\",\"position\":2,\"name\":\"Para fortalecer o enfrentamento da dengue em MS, SES oferece capacita\u00e7\u00e3o sobre \u2018Manejo Cl\u00ednico da Dengue\u2019\"}]},{\"@type\":\"WebSite\",\"@id\":\"https:\\\/\\\/msconectado.com.br\\\/#website\",\"url\":\"https:\\\/\\\/msconectado.com.br\\\/\",\"name\":\"MsConectado\",\"description\":\"Voc\u00ea Conectado com a Not\u00edcia!\",\"publisher\":{\"@id\":\"https:\\\/\\\/msconectado.com.br\\\/#organization\"},\"potentialAction\":[{\"@type\":\"SearchAction\",\"target\":{\"@type\":\"EntryPoint\",\"urlTemplate\":\"https:\\\/\\\/msconectado.com.br\\\/?s={search_term_string}\"},\"query-input\":{\"@type\":\"PropertyValueSpecification\",\"valueRequired\":true,\"valueName\":\"search_term_string\"}}],\"inLanguage\":\"pt-BR\"},{\"@type\":\"Organization\",\"@id\":\"https:\\\/\\\/msconectado.com.br\\\/#organization\",\"name\":\"MsConectado\",\"url\":\"https:\\\/\\\/msconectado.com.br\\\/\",\"logo\":{\"@type\":\"ImageObject\",\"inLanguage\":\"pt-BR\",\"@id\":\"https:\\\/\\\/msconectado.com.br\\\/#\\\/schema\\\/logo\\\/image\\\/\",\"url\":\"https:\\\/\\\/msconectado.com.br\\\/wp-content\\\/uploads\\\/2023\\\/01\\\/cropped-noticia-2.png\",\"contentUrl\":\"https:\\\/\\\/msconectado.com.br\\\/wp-content\\\/uploads\\\/2023\\\/01\\\/cropped-noticia-2.png\",\"width\":720,\"height\":157,\"caption\":\"MsConectado\"},\"image\":{\"@id\":\"https:\\\/\\\/msconectado.com.br\\\/#\\\/schema\\\/logo\\\/image\\\/\"}},{\"@type\":\"Person\",\"@id\":\"https:\\\/\\\/msconectado.com.br\\\/#\\\/schema\\\/person\\\/e5585545b5687092f1041d350b6e2c16\",\"name\":\"MsConectado\",\"image\":{\"@type\":\"ImageObject\",\"inLanguage\":\"pt-BR\",\"@id\":\"https:\\\/\\\/secure.gravatar.com\\\/avatar\\\/3b4f84a0a8a4380ac4431fa79981d073692380c5da00ae97596e794ab0db5c8c?s=96&d=mm&r=g\",\"url\":\"https:\\\/\\\/secure.gravatar.com\\\/avatar\\\/3b4f84a0a8a4380ac4431fa79981d073692380c5da00ae97596e794ab0db5c8c?s=96&d=mm&r=g\",\"contentUrl\":\"https:\\\/\\\/secure.gravatar.com\\\/avatar\\\/3b4f84a0a8a4380ac4431fa79981d073692380c5da00ae97596e794ab0db5c8c?s=96&d=mm&r=g\",\"caption\":\"MsConectado\"},\"url\":\"https:\\\/\\\/msconectado.com.br\\\/?author=2\"}]}<\/script>\n<!-- \/ Yoast SEO plugin. -->","yoast_head_json":{"title":"Para fortalecer o enfrentamento da dengue em MS, SES oferece capacita\u00e7\u00e3o sobre \u2018Manejo Cl\u00ednico da Dengue\u2019 - MsConectado","robots":{"index":"index","follow":"follow","max-snippet":"max-snippet:-1","max-image-preview":"max-image-preview:large","max-video-preview":"max-video-preview:-1"},"canonical":"https:\/\/msconectado.com.br\/?p=20851","og_locale":"pt_BR","og_type":"article","og_title":"Para fortalecer o enfrentamento da dengue em MS, SES oferece capacita\u00e7\u00e3o sobre \u2018Manejo Cl\u00ednico da Dengue\u2019 - MsConectado","og_description":"Com objetivo de fortalecer as estrat\u00e9gias de enfrentamento da dengue em Mato Grosso do Sul e evitar o agravamento dos pacientes pela doen\u00e7a, a SES (Secretaria de Estado de Sa\u00fade) realiza nesta sexta-feira (12) a web aula \u201cManejo Cl\u00ednico da Dengue\u201d. A transmiss\u00e3o tem in\u00edcio \u00e0s 13h30 e ser\u00e1 feita por meio da Plataforma Telessa\u00fade [&hellip;]","og_url":"https:\/\/msconectado.com.br\/?p=20851","og_site_name":"MsConectado","article_published_time":"2024-01-12T14:28:56+00:00","article_modified_time":"2024-01-12T14:28:58+00:00","og_image":[{"width":2560,"height":1707,"url":"https:\/\/msconectado.com.br\/wp-content\/uploads\/2024\/01\/Mosquito-da-dengue-Foto-Bruno-Rezende-scaled.jpg","type":"image\/jpeg"}],"author":"MsConectado","twitter_card":"summary_large_image","twitter_misc":{"Escrito por":"MsConectado","Est. tempo de leitura":"3 minutos"},"schema":{"@context":"https:\/\/schema.org","@graph":[{"@type":"Article","@id":"https:\/\/msconectado.com.br\/?p=20851#article","isPartOf":{"@id":"https:\/\/msconectado.com.br\/?p=20851"},"author":{"name":"MsConectado","@id":"https:\/\/msconectado.com.br\/#\/schema\/person\/e5585545b5687092f1041d350b6e2c16"},"headline":"Para fortalecer o enfrentamento da dengue em MS, SES oferece capacita\u00e7\u00e3o sobre \u2018Manejo Cl\u00ednico da Dengue\u2019","datePublished":"2024-01-12T14:28:56+00:00","dateModified":"2024-01-12T14:28:58+00:00","mainEntityOfPage":{"@id":"https:\/\/msconectado.com.br\/?p=20851"},"wordCount":531,"commentCount":0,"publisher":{"@id":"https:\/\/msconectado.com.br\/#organization"},"image":{"@id":"https:\/\/msconectado.com.br\/?p=20851#primaryimage"},"thumbnailUrl":"https:\/\/msconectado.com.br\/wp-content\/uploads\/2024\/01\/Mosquito-da-dengue-Foto-Bruno-Rezende-scaled.jpg","articleSection":["Cidades","Not\u00edcia"],"inLanguage":"pt-BR","potentialAction":[{"@type":"CommentAction","name":"Comment","target":["https:\/\/msconectado.com.br\/?p=20851#respond"]}]},{"@type":"WebPage","@id":"https:\/\/msconectado.com.br\/?p=20851","url":"https:\/\/msconectado.com.br\/?p=20851","name":"Para fortalecer o enfrentamento da dengue em MS, SES oferece capacita\u00e7\u00e3o sobre \u2018Manejo Cl\u00ednico da Dengue\u2019 - MsConectado","isPartOf":{"@id":"https:\/\/msconectado.com.br\/#website"},"primaryImageOfPage":{"@id":"https:\/\/msconectado.com.br\/?p=20851#primaryimage"},"image":{"@id":"https:\/\/msconectado.com.br\/?p=20851#primaryimage"},"thumbnailUrl":"https:\/\/msconectado.com.br\/wp-content\/uploads\/2024\/01\/Mosquito-da-dengue-Foto-Bruno-Rezende-scaled.jpg","datePublished":"2024-01-12T14:28:56+00:00","dateModified":"2024-01-12T14:28:58+00:00","breadcrumb":{"@id":"https:\/\/msconectado.com.br\/?p=20851#breadcrumb"},"inLanguage":"pt-BR","potentialAction":[{"@type":"ReadAction","target":["https:\/\/msconectado.com.br\/?p=20851"]}]},{"@type":"ImageObject","inLanguage":"pt-BR","@id":"https:\/\/msconectado.com.br\/?p=20851#primaryimage","url":"https:\/\/msconectado.com.br\/wp-content\/uploads\/2024\/01\/Mosquito-da-dengue-Foto-Bruno-Rezende-scaled.jpg","contentUrl":"https:\/\/msconectado.com.br\/wp-content\/uploads\/2024\/01\/Mosquito-da-dengue-Foto-Bruno-Rezende-scaled.jpg","width":2560,"height":1707},{"@type":"BreadcrumbList","@id":"https:\/\/msconectado.com.br\/?p=20851#breadcrumb","itemListElement":[{"@type":"ListItem","position":1,"name":"In\u00edcio","item":"https:\/\/msconectado.com.br\/?page_id=105"},{"@type":"ListItem","position":2,"name":"Para fortalecer o enfrentamento da dengue em MS, SES oferece capacita\u00e7\u00e3o sobre \u2018Manejo Cl\u00ednico da Dengue\u2019"}]},{"@type":"WebSite","@id":"https:\/\/msconectado.com.br\/#website","url":"https:\/\/msconectado.com.br\/","name":"MsConectado","description":"Voc\u00ea Conectado com a Not\u00edcia!","publisher":{"@id":"https:\/\/msconectado.com.br\/#organization"},"potentialAction":[{"@type":"SearchAction","target":{"@type":"EntryPoint","urlTemplate":"https:\/\/msconectado.com.br\/?s={search_term_string}"},"query-input":{"@type":"PropertyValueSpecification","valueRequired":true,"valueName":"search_term_string"}}],"inLanguage":"pt-BR"},{"@type":"Organization","@id":"https:\/\/msconectado.com.br\/#organization","name":"MsConectado","url":"https:\/\/msconectado.com.br\/","logo":{"@type":"ImageObject","inLanguage":"pt-BR","@id":"https:\/\/msconectado.com.br\/#\/schema\/logo\/image\/","url":"https:\/\/msconectado.com.br\/wp-content\/uploads\/2023\/01\/cropped-noticia-2.png","contentUrl":"https:\/\/msconectado.com.br\/wp-content\/uploads\/2023\/01\/cropped-noticia-2.png","width":720,"height":157,"caption":"MsConectado"},"image":{"@id":"https:\/\/msconectado.com.br\/#\/schema\/logo\/image\/"}},{"@type":"Person","@id":"https:\/\/msconectado.com.br\/#\/schema\/person\/e5585545b5687092f1041d350b6e2c16","name":"MsConectado","image":{"@type":"ImageObject","inLanguage":"pt-BR","@id":"https:\/\/secure.gravatar.com\/avatar\/3b4f84a0a8a4380ac4431fa79981d073692380c5da00ae97596e794ab0db5c8c?s=96&d=mm&r=g","url":"https:\/\/secure.gravatar.com\/avatar\/3b4f84a0a8a4380ac4431fa79981d073692380c5da00ae97596e794ab0db5c8c?s=96&d=mm&r=g","contentUrl":"https:\/\/secure.gravatar.com\/avatar\/3b4f84a0a8a4380ac4431fa79981d073692380c5da00ae97596e794ab0db5c8c?s=96&d=mm&r=g","caption":"MsConectado"},"url":"https:\/\/msconectado.com.br\/?author=2"}]}},"_links":{"self":[{"href":"https:\/\/msconectado.com.br\/index.php?rest_route=\/wp\/v2\/posts\/20851","targetHints":{"allow":["GET"]}}],"collection":[{"href":"https:\/\/msconectado.com.br\/index.php?rest_route=\/wp\/v2\/posts"}],"about":[{"href":"https:\/\/msconectado.com.br\/index.php?rest_route=\/wp\/v2\/types\/post"}],"author":[{"embeddable":true,"href":"https:\/\/msconectado.com.br\/index.php?rest_route=\/wp\/v2\/users\/2"}],"replies":[{"embeddable":true,"href":"https:\/\/msconectado.com.br\/index.php?rest_route=%2Fwp%2Fv2%2Fcomments&post=20851"}],"version-history":[{"count":1,"href":"https:\/\/msconectado.com.br\/index.php?rest_route=\/wp\/v2\/posts\/20851\/revisions"}],"predecessor-version":[{"id":20853,"href":"https:\/\/msconectado.com.br\/index.php?rest_route=\/wp\/v2\/posts\/20851\/revisions\/20853"}],"wp:featuredmedia":[{"embeddable":true,"href":"https:\/\/msconectado.com.br\/index.php?rest_route=\/wp\/v2\/media\/20852"}],"wp:attachment":[{"href":"https:\/\/msconectado.com.br\/index.php?rest_route=%2Fwp%2Fv2%2Fmedia&parent=20851"}],"wp:term":[{"taxonomy":"category","embeddable":true,"href":"https:\/\/msconectado.com.br\/index.php?rest_route=%2Fwp%2Fv2%2Fcategories&post=20851"},{"taxonomy":"post_tag","embeddable":true,"href":"https:\/\/msconectado.com.br\/index.php?rest_route=%2Fwp%2Fv2%2Ftags&post=20851"}],"curies":[{"name":"wp","href":"https:\/\/api.w.org\/{rel}","templated":true}]}}