
{"id":20859,"date":"2024-01-13T19:52:25","date_gmt":"2024-01-13T19:52:25","guid":{"rendered":"https:\/\/msconectado.com.br\/?p=20859"},"modified":"2024-01-13T19:52:27","modified_gmt":"2024-01-13T19:52:27","slug":"familias-do-jiboia-recebem-titulos-de-lotes-e-prefeitura-reafirma-compromisso-com-a-agricultura-familiar","status":"publish","type":"post","link":"https:\/\/msconectado.com.br\/?p=20859","title":{"rendered":"Fam\u00edlias do Jiboia recebem t\u00edtulos de lotes e Prefeitura reafirma compromisso com a agricultura familiar"},"content":{"rendered":"\n<p>Ao participar na manh\u00e3 desta sexta-feira (11) da entrega de 189 t\u00edtulos de propriedade no Assentamento Jib\u00f3ia, a prefeita Vanda Camilo representou a Administra\u00e7\u00e3o Municipal e reafirmou o compromisso da gest\u00e3o com a\u00e7\u00f5es de fomento \u00e0 agricultura familiar. Vanda fez um balan\u00e7o das a\u00e7\u00f5es que a Prefeitura tem promovido para produ\u00e7\u00e3o leiteira e de hortifrutigranjeiros.&nbsp;<\/p>\n\n\n\n<p>&#8220;Al\u00e9m de estruturar a Sala da Cidadania, que acelerou o processo de titula\u00e7\u00e3o, permitindo a 1.316 fam\u00edlias tornarem-se de fato e de direito propriet\u00e1rios dos lotes, ampliamos o programa de custeio do escoamento da produ\u00e7\u00e3o dos horticultores, a gest\u00e3o tem feito a manuten\u00e7\u00e3o das estradas, com o apoio do deputado Gerson Claro, est\u00e1 sendo asfaltado o acesso ao Assentamento Cap\u00e3o Bonito I que ser\u00e1 estendido at\u00e9 o Cap\u00e3o Seco com a pavimenta\u00e7\u00e3o de um trecho da Estrada da Gameleira. At\u00e9 junho fica pronto o asfalto da MS-258, trecho at\u00e9 a BR-163, beneficiando voc\u00eas aqui do Jib\u00f3ia&#8221;, destacou a prefeita.<\/p>\n\n\n\n<p><a href=\"https:\/\/www.sidrolandia.ms.gov.br\/noticias\/gabinete\/familias-do-jiboia-recebem-titulos-de-lotes-e-anuncio-de-entrega-de-obra#\"><\/a><a href=\"https:\/\/www.sidrolandia.ms.gov.br\/noticias\/gabinete\/familias-do-jiboia-recebem-titulos-de-lotes-e-anuncio-de-entrega-de-obra#_p56v8c7xy\"><\/a><\/p>\n\n\n<div class=\"wp-block-image\">\n<figure class=\"aligncenter\"><a href=\"https:\/\/www.sidrolandia.ms.gov.br\/noticias\/gabinete\/familias-do-jiboia-recebem-titulos-de-lotes-e-anuncio-de-entrega-de-obra#_p56v8c7xy\"><img decoding=\"async\" src=\"https:\/\/cdn1.sidrolandia.ms.gov.br\/\/uploads\/rails_admin_content_builder\/content_builder_image\/image\/11973\/left_or_right_IMG-20240112-WA0037.jpg\" alt=\"Cb image default\"\/><\/a><figcaption class=\"wp-element-caption\">Divulga\u00e7\u00e3o<\/figcaption><\/figure>\n<\/div>\n\n\n<p>&#8220;Tenho orgulho de comemorar junto com voc\u00eas o aumento de 11% no volume de frutas, verduras e legumes que a agricultura familiar de Sidrol\u00e2ndia comercializa na Ceasa em Campo Grande. Foram mais de 1.200 toneladas, que garantiram \u00e0 nossa cidade a lideran\u00e7a estadual de hortifruti&#8221;, destacou a prefeita.<\/p>\n\n\n\n<p>Ano passado o munic\u00edpio transportou mais de 4.600 toneladas de insumos para corre\u00e7\u00e3o do solo e aduba\u00e7\u00e3o de hortas. Houve o custeio do plantio de 50 hectares de milho e capia\u00e7u para a produ\u00e7\u00e3o de silagem usada na alimenta\u00e7\u00e3o do gado leiteiro.<\/p>\n\n\n\n<p><a href=\"https:\/\/www.sidrolandia.ms.gov.br\/noticias\/gabinete\/familias-do-jiboia-recebem-titulos-de-lotes-e-anuncio-de-entrega-de-obra#\"><\/a><a href=\"https:\/\/www.sidrolandia.ms.gov.br\/noticias\/gabinete\/familias-do-jiboia-recebem-titulos-de-lotes-e-anuncio-de-entrega-de-obra#_c2e5maqjb\"><\/a><\/p>\n\n\n<div class=\"wp-block-image\">\n<figure class=\"aligncenter\"><a href=\"https:\/\/www.sidrolandia.ms.gov.br\/noticias\/gabinete\/familias-do-jiboia-recebem-titulos-de-lotes-e-anuncio-de-entrega-de-obra#_c2e5maqjb\"><img decoding=\"async\" src=\"https:\/\/cdn1.sidrolandia.ms.gov.br\/\/uploads\/rails_admin_content_builder\/content_builder_image\/image\/11974\/left_or_right_IMG-20240112-WA0038.jpg\" alt=\"Cb image default\"\/><\/a><figcaption class=\"wp-element-caption\">Divulga\u00e7\u00e3o<\/figcaption><\/figure>\n<\/div>\n\n\n<p>A solenidade<\/p>\n\n\n\n<p>A entrega de t\u00edtulos no Assentamento Jib\u00f3ia teve a participa\u00e7\u00e3o do superintendente regional do Incra, Paulo Roberto Silva, do diretor-presidente da Agraer, Washington Willeman, da superintendente do Minist\u00e9rio do Desenvolvimento Agr\u00e1rio no Estado, Marina Nunes Viana, do superintendente do Servi\u00e7o do Patrim\u00f4nio da Uni\u00e3o (SPU), Thiago Botelho, presidente da Fapec, Neide Brum, deputado estadual Zeca do PT, al\u00e9m de vereadores e secret\u00e1rios municipais, que foram recepcionados pela presidente da Associa\u00e7\u00e3o de Produtores, Iva Aparecida Ortiz, lideran\u00e7as comunit\u00e1rias e demais fam\u00edlias da localidade.&nbsp;<\/p>\n\n\n\n<p>A coordenadora da Sala da Cidadania, Edilaine Tavares, que \u00e9 secret\u00e1ria-adjunta de Desenvolvimento Rural e Meio Ambiente, destacou a import\u00e2ncia do apoio da Prefeitura que tornou poss\u00edvel a entrega dos t\u00edtulos . &#8220;A Sala \u00e9 um espa\u00e7o de acolhimento dos assentados. Nosso trabalho \u00e9 dar todo apoio necess\u00e1rio para conseguirem o t\u00edtulo que d\u00e1 tranquilidade as fam\u00edlias, al\u00e9m do acesso \u00e0s linhas de cr\u00e9dito para investirem na propriedade&#8221;, destaca.<\/p>\n\n\n\n<p>Assessoria<\/p>\n","protected":false},"excerpt":{"rendered":"<p>Ao participar na manh\u00e3 desta sexta-feira (11) da entrega de 189 t\u00edtulos de propriedade no Assentamento Jib\u00f3ia, a prefeita Vanda Camilo representou a Administra\u00e7\u00e3o Municipal e reafirmou o compromisso da gest\u00e3o com a\u00e7\u00f5es de fomento \u00e0 agricultura familiar. Vanda fez um balan\u00e7o das a\u00e7\u00f5es que a Prefeitura tem promovido para produ\u00e7\u00e3o leiteira e de hortifrutigranjeiros.&nbsp; [&hellip;]<\/p>\n","protected":false},"author":2,"featured_media":20860,"comment_status":"open","ping_status":"closed","sticky":false,"template":"","format":"standard","meta":{"footnotes":""},"categories":[35,1,33],"tags":[],"class_list":["post-20859","post","type-post","status-publish","format-standard","has-post-thumbnail","hentry","category-cidades","category-noticia","category-politica"],"yoast_head":"<!-- This site is optimized with the Yoast SEO plugin v27.5 - https:\/\/yoast.com\/product\/yoast-seo-wordpress\/ -->\n<title>Fam\u00edlias do Jiboia recebem t\u00edtulos de lotes e Prefeitura reafirma compromisso com a agricultura familiar - MsConectado<\/title>\n<meta name=\"robots\" content=\"index, follow, max-snippet:-1, max-image-preview:large, max-video-preview:-1\" \/>\n<link rel=\"canonical\" href=\"https:\/\/msconectado.com.br\/?p=20859\" \/>\n<meta property=\"og:locale\" content=\"pt_BR\" \/>\n<meta property=\"og:type\" content=\"article\" \/>\n<meta property=\"og:title\" content=\"Fam\u00edlias do Jiboia recebem t\u00edtulos de lotes e Prefeitura reafirma compromisso com a agricultura familiar - MsConectado\" \/>\n<meta property=\"og:description\" content=\"Ao participar na manh\u00e3 desta sexta-feira (11) da entrega de 189 t\u00edtulos de propriedade no Assentamento Jib\u00f3ia, a prefeita Vanda Camilo representou a Administra\u00e7\u00e3o Municipal e reafirmou o compromisso da gest\u00e3o com a\u00e7\u00f5es de fomento \u00e0 agricultura familiar. Vanda fez um balan\u00e7o das a\u00e7\u00f5es que a Prefeitura tem promovido para produ\u00e7\u00e3o leiteira e de hortifrutigranjeiros.&nbsp; [&hellip;]\" \/>\n<meta property=\"og:url\" content=\"https:\/\/msconectado.com.br\/?p=20859\" \/>\n<meta property=\"og:site_name\" content=\"MsConectado\" \/>\n<meta property=\"article:published_time\" content=\"2024-01-13T19:52:25+00:00\" \/>\n<meta property=\"article:modified_time\" content=\"2024-01-13T19:52:27+00:00\" \/>\n<meta property=\"og:image\" content=\"https:\/\/msconectado.com.br\/wp-content\/uploads\/2024\/01\/left_or_right_IMG-20240112-WA0046.jpg\" \/>\n\t<meta property=\"og:image:width\" content=\"900\" \/>\n\t<meta property=\"og:image:height\" content=\"600\" \/>\n\t<meta property=\"og:image:type\" content=\"image\/jpeg\" \/>\n<meta name=\"author\" content=\"MsConectado\" \/>\n<meta name=\"twitter:card\" content=\"summary_large_image\" \/>\n<meta name=\"twitter:label1\" content=\"Escrito por\" \/>\n\t<meta name=\"twitter:data1\" content=\"MsConectado\" \/>\n\t<meta name=\"twitter:label2\" content=\"Est. tempo de leitura\" \/>\n\t<meta name=\"twitter:data2\" content=\"2 minutos\" \/>\n<script type=\"application\/ld+json\" class=\"yoast-schema-graph\">{\"@context\":\"https:\\\/\\\/schema.org\",\"@graph\":[{\"@type\":\"Article\",\"@id\":\"https:\\\/\\\/msconectado.com.br\\\/?p=20859#article\",\"isPartOf\":{\"@id\":\"https:\\\/\\\/msconectado.com.br\\\/?p=20859\"},\"author\":{\"name\":\"MsConectado\",\"@id\":\"https:\\\/\\\/msconectado.com.br\\\/#\\\/schema\\\/person\\\/e5585545b5687092f1041d350b6e2c16\"},\"headline\":\"Fam\u00edlias do Jiboia recebem t\u00edtulos de lotes e Prefeitura reafirma compromisso com a agricultura familiar\",\"datePublished\":\"2024-01-13T19:52:25+00:00\",\"dateModified\":\"2024-01-13T19:52:27+00:00\",\"mainEntityOfPage\":{\"@id\":\"https:\\\/\\\/msconectado.com.br\\\/?p=20859\"},\"wordCount\":461,\"commentCount\":0,\"publisher\":{\"@id\":\"https:\\\/\\\/msconectado.com.br\\\/#organization\"},\"image\":{\"@id\":\"https:\\\/\\\/msconectado.com.br\\\/?p=20859#primaryimage\"},\"thumbnailUrl\":\"https:\\\/\\\/msconectado.com.br\\\/wp-content\\\/uploads\\\/2024\\\/01\\\/left_or_right_IMG-20240112-WA0046.jpg\",\"articleSection\":[\"Cidades\",\"Not\u00edcia\",\"Pol\u00edtica\"],\"inLanguage\":\"pt-BR\",\"potentialAction\":[{\"@type\":\"CommentAction\",\"name\":\"Comment\",\"target\":[\"https:\\\/\\\/msconectado.com.br\\\/?p=20859#respond\"]}]},{\"@type\":\"WebPage\",\"@id\":\"https:\\\/\\\/msconectado.com.br\\\/?p=20859\",\"url\":\"https:\\\/\\\/msconectado.com.br\\\/?p=20859\",\"name\":\"Fam\u00edlias do Jiboia recebem t\u00edtulos de lotes e Prefeitura reafirma compromisso com a agricultura familiar - MsConectado\",\"isPartOf\":{\"@id\":\"https:\\\/\\\/msconectado.com.br\\\/#website\"},\"primaryImageOfPage\":{\"@id\":\"https:\\\/\\\/msconectado.com.br\\\/?p=20859#primaryimage\"},\"image\":{\"@id\":\"https:\\\/\\\/msconectado.com.br\\\/?p=20859#primaryimage\"},\"thumbnailUrl\":\"https:\\\/\\\/msconectado.com.br\\\/wp-content\\\/uploads\\\/2024\\\/01\\\/left_or_right_IMG-20240112-WA0046.jpg\",\"datePublished\":\"2024-01-13T19:52:25+00:00\",\"dateModified\":\"2024-01-13T19:52:27+00:00\",\"breadcrumb\":{\"@id\":\"https:\\\/\\\/msconectado.com.br\\\/?p=20859#breadcrumb\"},\"inLanguage\":\"pt-BR\",\"potentialAction\":[{\"@type\":\"ReadAction\",\"target\":[\"https:\\\/\\\/msconectado.com.br\\\/?p=20859\"]}]},{\"@type\":\"ImageObject\",\"inLanguage\":\"pt-BR\",\"@id\":\"https:\\\/\\\/msconectado.com.br\\\/?p=20859#primaryimage\",\"url\":\"https:\\\/\\\/msconectado.com.br\\\/wp-content\\\/uploads\\\/2024\\\/01\\\/left_or_right_IMG-20240112-WA0046.jpg\",\"contentUrl\":\"https:\\\/\\\/msconectado.com.br\\\/wp-content\\\/uploads\\\/2024\\\/01\\\/left_or_right_IMG-20240112-WA0046.jpg\",\"width\":900,\"height\":600},{\"@type\":\"BreadcrumbList\",\"@id\":\"https:\\\/\\\/msconectado.com.br\\\/?p=20859#breadcrumb\",\"itemListElement\":[{\"@type\":\"ListItem\",\"position\":1,\"name\":\"In\u00edcio\",\"item\":\"https:\\\/\\\/msconectado.com.br\\\/?page_id=105\"},{\"@type\":\"ListItem\",\"position\":2,\"name\":\"Fam\u00edlias do Jiboia recebem t\u00edtulos de lotes e Prefeitura reafirma compromisso com a agricultura familiar\"}]},{\"@type\":\"WebSite\",\"@id\":\"https:\\\/\\\/msconectado.com.br\\\/#website\",\"url\":\"https:\\\/\\\/msconectado.com.br\\\/\",\"name\":\"MsConectado\",\"description\":\"Voc\u00ea Conectado com a Not\u00edcia!\",\"publisher\":{\"@id\":\"https:\\\/\\\/msconectado.com.br\\\/#organization\"},\"potentialAction\":[{\"@type\":\"SearchAction\",\"target\":{\"@type\":\"EntryPoint\",\"urlTemplate\":\"https:\\\/\\\/msconectado.com.br\\\/?s={search_term_string}\"},\"query-input\":{\"@type\":\"PropertyValueSpecification\",\"valueRequired\":true,\"valueName\":\"search_term_string\"}}],\"inLanguage\":\"pt-BR\"},{\"@type\":\"Organization\",\"@id\":\"https:\\\/\\\/msconectado.com.br\\\/#organization\",\"name\":\"MsConectado\",\"url\":\"https:\\\/\\\/msconectado.com.br\\\/\",\"logo\":{\"@type\":\"ImageObject\",\"inLanguage\":\"pt-BR\",\"@id\":\"https:\\\/\\\/msconectado.com.br\\\/#\\\/schema\\\/logo\\\/image\\\/\",\"url\":\"https:\\\/\\\/msconectado.com.br\\\/wp-content\\\/uploads\\\/2023\\\/01\\\/cropped-noticia-2.png\",\"contentUrl\":\"https:\\\/\\\/msconectado.com.br\\\/wp-content\\\/uploads\\\/2023\\\/01\\\/cropped-noticia-2.png\",\"width\":720,\"height\":157,\"caption\":\"MsConectado\"},\"image\":{\"@id\":\"https:\\\/\\\/msconectado.com.br\\\/#\\\/schema\\\/logo\\\/image\\\/\"}},{\"@type\":\"Person\",\"@id\":\"https:\\\/\\\/msconectado.com.br\\\/#\\\/schema\\\/person\\\/e5585545b5687092f1041d350b6e2c16\",\"name\":\"MsConectado\",\"image\":{\"@type\":\"ImageObject\",\"inLanguage\":\"pt-BR\",\"@id\":\"https:\\\/\\\/secure.gravatar.com\\\/avatar\\\/3b4f84a0a8a4380ac4431fa79981d073692380c5da00ae97596e794ab0db5c8c?s=96&d=mm&r=g\",\"url\":\"https:\\\/\\\/secure.gravatar.com\\\/avatar\\\/3b4f84a0a8a4380ac4431fa79981d073692380c5da00ae97596e794ab0db5c8c?s=96&d=mm&r=g\",\"contentUrl\":\"https:\\\/\\\/secure.gravatar.com\\\/avatar\\\/3b4f84a0a8a4380ac4431fa79981d073692380c5da00ae97596e794ab0db5c8c?s=96&d=mm&r=g\",\"caption\":\"MsConectado\"},\"url\":\"https:\\\/\\\/msconectado.com.br\\\/?author=2\"}]}<\/script>\n<!-- \/ Yoast SEO plugin. -->","yoast_head_json":{"title":"Fam\u00edlias do Jiboia recebem t\u00edtulos de lotes e Prefeitura reafirma compromisso com a agricultura familiar - MsConectado","robots":{"index":"index","follow":"follow","max-snippet":"max-snippet:-1","max-image-preview":"max-image-preview:large","max-video-preview":"max-video-preview:-1"},"canonical":"https:\/\/msconectado.com.br\/?p=20859","og_locale":"pt_BR","og_type":"article","og_title":"Fam\u00edlias do Jiboia recebem t\u00edtulos de lotes e Prefeitura reafirma compromisso com a agricultura familiar - MsConectado","og_description":"Ao participar na manh\u00e3 desta sexta-feira (11) da entrega de 189 t\u00edtulos de propriedade no Assentamento Jib\u00f3ia, a prefeita Vanda Camilo representou a Administra\u00e7\u00e3o Municipal e reafirmou o compromisso da gest\u00e3o com a\u00e7\u00f5es de fomento \u00e0 agricultura familiar. Vanda fez um balan\u00e7o das a\u00e7\u00f5es que a Prefeitura tem promovido para produ\u00e7\u00e3o leiteira e de hortifrutigranjeiros.&nbsp; [&hellip;]","og_url":"https:\/\/msconectado.com.br\/?p=20859","og_site_name":"MsConectado","article_published_time":"2024-01-13T19:52:25+00:00","article_modified_time":"2024-01-13T19:52:27+00:00","og_image":[{"width":900,"height":600,"url":"https:\/\/msconectado.com.br\/wp-content\/uploads\/2024\/01\/left_or_right_IMG-20240112-WA0046.jpg","type":"image\/jpeg"}],"author":"MsConectado","twitter_card":"summary_large_image","twitter_misc":{"Escrito por":"MsConectado","Est. tempo de leitura":"2 minutos"},"schema":{"@context":"https:\/\/schema.org","@graph":[{"@type":"Article","@id":"https:\/\/msconectado.com.br\/?p=20859#article","isPartOf":{"@id":"https:\/\/msconectado.com.br\/?p=20859"},"author":{"name":"MsConectado","@id":"https:\/\/msconectado.com.br\/#\/schema\/person\/e5585545b5687092f1041d350b6e2c16"},"headline":"Fam\u00edlias do Jiboia recebem t\u00edtulos de lotes e Prefeitura reafirma compromisso com a agricultura familiar","datePublished":"2024-01-13T19:52:25+00:00","dateModified":"2024-01-13T19:52:27+00:00","mainEntityOfPage":{"@id":"https:\/\/msconectado.com.br\/?p=20859"},"wordCount":461,"commentCount":0,"publisher":{"@id":"https:\/\/msconectado.com.br\/#organization"},"image":{"@id":"https:\/\/msconectado.com.br\/?p=20859#primaryimage"},"thumbnailUrl":"https:\/\/msconectado.com.br\/wp-content\/uploads\/2024\/01\/left_or_right_IMG-20240112-WA0046.jpg","articleSection":["Cidades","Not\u00edcia","Pol\u00edtica"],"inLanguage":"pt-BR","potentialAction":[{"@type":"CommentAction","name":"Comment","target":["https:\/\/msconectado.com.br\/?p=20859#respond"]}]},{"@type":"WebPage","@id":"https:\/\/msconectado.com.br\/?p=20859","url":"https:\/\/msconectado.com.br\/?p=20859","name":"Fam\u00edlias do Jiboia recebem t\u00edtulos de lotes e Prefeitura reafirma compromisso com a agricultura familiar - MsConectado","isPartOf":{"@id":"https:\/\/msconectado.com.br\/#website"},"primaryImageOfPage":{"@id":"https:\/\/msconectado.com.br\/?p=20859#primaryimage"},"image":{"@id":"https:\/\/msconectado.com.br\/?p=20859#primaryimage"},"thumbnailUrl":"https:\/\/msconectado.com.br\/wp-content\/uploads\/2024\/01\/left_or_right_IMG-20240112-WA0046.jpg","datePublished":"2024-01-13T19:52:25+00:00","dateModified":"2024-01-13T19:52:27+00:00","breadcrumb":{"@id":"https:\/\/msconectado.com.br\/?p=20859#breadcrumb"},"inLanguage":"pt-BR","potentialAction":[{"@type":"ReadAction","target":["https:\/\/msconectado.com.br\/?p=20859"]}]},{"@type":"ImageObject","inLanguage":"pt-BR","@id":"https:\/\/msconectado.com.br\/?p=20859#primaryimage","url":"https:\/\/msconectado.com.br\/wp-content\/uploads\/2024\/01\/left_or_right_IMG-20240112-WA0046.jpg","contentUrl":"https:\/\/msconectado.com.br\/wp-content\/uploads\/2024\/01\/left_or_right_IMG-20240112-WA0046.jpg","width":900,"height":600},{"@type":"BreadcrumbList","@id":"https:\/\/msconectado.com.br\/?p=20859#breadcrumb","itemListElement":[{"@type":"ListItem","position":1,"name":"In\u00edcio","item":"https:\/\/msconectado.com.br\/?page_id=105"},{"@type":"ListItem","position":2,"name":"Fam\u00edlias do Jiboia recebem t\u00edtulos de lotes e Prefeitura reafirma compromisso com a agricultura familiar"}]},{"@type":"WebSite","@id":"https:\/\/msconectado.com.br\/#website","url":"https:\/\/msconectado.com.br\/","name":"MsConectado","description":"Voc\u00ea Conectado com a Not\u00edcia!","publisher":{"@id":"https:\/\/msconectado.com.br\/#organization"},"potentialAction":[{"@type":"SearchAction","target":{"@type":"EntryPoint","urlTemplate":"https:\/\/msconectado.com.br\/?s={search_term_string}"},"query-input":{"@type":"PropertyValueSpecification","valueRequired":true,"valueName":"search_term_string"}}],"inLanguage":"pt-BR"},{"@type":"Organization","@id":"https:\/\/msconectado.com.br\/#organization","name":"MsConectado","url":"https:\/\/msconectado.com.br\/","logo":{"@type":"ImageObject","inLanguage":"pt-BR","@id":"https:\/\/msconectado.com.br\/#\/schema\/logo\/image\/","url":"https:\/\/msconectado.com.br\/wp-content\/uploads\/2023\/01\/cropped-noticia-2.png","contentUrl":"https:\/\/msconectado.com.br\/wp-content\/uploads\/2023\/01\/cropped-noticia-2.png","width":720,"height":157,"caption":"MsConectado"},"image":{"@id":"https:\/\/msconectado.com.br\/#\/schema\/logo\/image\/"}},{"@type":"Person","@id":"https:\/\/msconectado.com.br\/#\/schema\/person\/e5585545b5687092f1041d350b6e2c16","name":"MsConectado","image":{"@type":"ImageObject","inLanguage":"pt-BR","@id":"https:\/\/secure.gravatar.com\/avatar\/3b4f84a0a8a4380ac4431fa79981d073692380c5da00ae97596e794ab0db5c8c?s=96&d=mm&r=g","url":"https:\/\/secure.gravatar.com\/avatar\/3b4f84a0a8a4380ac4431fa79981d073692380c5da00ae97596e794ab0db5c8c?s=96&d=mm&r=g","contentUrl":"https:\/\/secure.gravatar.com\/avatar\/3b4f84a0a8a4380ac4431fa79981d073692380c5da00ae97596e794ab0db5c8c?s=96&d=mm&r=g","caption":"MsConectado"},"url":"https:\/\/msconectado.com.br\/?author=2"}]}},"_links":{"self":[{"href":"https:\/\/msconectado.com.br\/index.php?rest_route=\/wp\/v2\/posts\/20859","targetHints":{"allow":["GET"]}}],"collection":[{"href":"https:\/\/msconectado.com.br\/index.php?rest_route=\/wp\/v2\/posts"}],"about":[{"href":"https:\/\/msconectado.com.br\/index.php?rest_route=\/wp\/v2\/types\/post"}],"author":[{"embeddable":true,"href":"https:\/\/msconectado.com.br\/index.php?rest_route=\/wp\/v2\/users\/2"}],"replies":[{"embeddable":true,"href":"https:\/\/msconectado.com.br\/index.php?rest_route=%2Fwp%2Fv2%2Fcomments&post=20859"}],"version-history":[{"count":1,"href":"https:\/\/msconectado.com.br\/index.php?rest_route=\/wp\/v2\/posts\/20859\/revisions"}],"predecessor-version":[{"id":20861,"href":"https:\/\/msconectado.com.br\/index.php?rest_route=\/wp\/v2\/posts\/20859\/revisions\/20861"}],"wp:featuredmedia":[{"embeddable":true,"href":"https:\/\/msconectado.com.br\/index.php?rest_route=\/wp\/v2\/media\/20860"}],"wp:attachment":[{"href":"https:\/\/msconectado.com.br\/index.php?rest_route=%2Fwp%2Fv2%2Fmedia&parent=20859"}],"wp:term":[{"taxonomy":"category","embeddable":true,"href":"https:\/\/msconectado.com.br\/index.php?rest_route=%2Fwp%2Fv2%2Fcategories&post=20859"},{"taxonomy":"post_tag","embeddable":true,"href":"https:\/\/msconectado.com.br\/index.php?rest_route=%2Fwp%2Fv2%2Ftags&post=20859"}],"curies":[{"name":"wp","href":"https:\/\/api.w.org\/{rel}","templated":true}]}}