
{"id":20862,"date":"2024-01-14T13:39:03","date_gmt":"2024-01-14T13:39:03","guid":{"rendered":"https:\/\/msconectado.com.br\/?p=20862"},"modified":"2024-01-14T13:46:44","modified_gmt":"2024-01-14T13:46:44","slug":"mensagens-de-paz-e-gratidao-cgadb-e-comadems-celebram-com-a-igreja-de-maracaju-no-aniversario-do-pr-jacob-e-miss-eunice","status":"publish","type":"post","link":"https:\/\/msconectado.com.br\/?p=20862","title":{"rendered":"Mensagens de Paz e Gratid\u00e3o: CGADB e COMADEMS Celebram com a Igreja de Maracaju no Anivers\u00e1rio do Pr. Jacob e Miss Eunice"},"content":{"rendered":"\n<p>No \u00faltimo s\u00e1bado, a Igreja Assembleia de Deus de Maracaju foi palco de momentos verdadeiramente especiais, envolvendo a emocionante celebra\u00e7\u00e3o da Santa Ceia do Senhor e a calorosa confraterniza\u00e7\u00e3o em honra ao Pr. Jacob e \u00e0 Miss Eunice em seus anivers\u00e1rios.<\/p>\n\n\n<div class=\"wp-block-image\">\n<figure class=\"aligncenter size-large\"><img fetchpriority=\"high\" decoding=\"async\" width=\"1024\" height=\"682\" src=\"https:\/\/msconectado.com.br\/wp-content\/uploads\/2024\/01\/5a032404-5e6c-4548-85eb-0e2e5f401594-1024x682.jpg\" alt=\"\" class=\"wp-image-20865\" srcset=\"https:\/\/msconectado.com.br\/wp-content\/uploads\/2024\/01\/5a032404-5e6c-4548-85eb-0e2e5f401594-1024x682.jpg 1024w, https:\/\/msconectado.com.br\/wp-content\/uploads\/2024\/01\/5a032404-5e6c-4548-85eb-0e2e5f401594-300x200.jpg 300w, https:\/\/msconectado.com.br\/wp-content\/uploads\/2024\/01\/5a032404-5e6c-4548-85eb-0e2e5f401594-768x512.jpg 768w, https:\/\/msconectado.com.br\/wp-content\/uploads\/2024\/01\/5a032404-5e6c-4548-85eb-0e2e5f401594-1536x1023.jpg 1536w, https:\/\/msconectado.com.br\/wp-content\/uploads\/2024\/01\/5a032404-5e6c-4548-85eb-0e2e5f401594-360x240.jpg 360w, https:\/\/msconectado.com.br\/wp-content\/uploads\/2024\/01\/5a032404-5e6c-4548-85eb-0e2e5f401594.jpg 1600w\" sizes=\"(max-width: 1024px) 100vw, 1024px\" \/><\/figure>\n<\/div>\n\n\n<p>A noite se desdobrou como uma experi\u00eancia aben\u00e7oada, com a presen\u00e7a ilustre de autoridades eclesi\u00e1sticas de renome de todo o Brasil. Representando o Pr. Jos\u00e9 Wellington Costa J\u00fanior, presidente da CGADB, estiveram presentes o Pr. Alexandre Florencio Junior, Secret\u00e1rio Executivo, e o Pr. Joab dos Santos, Assessor da Presid\u00eancia. Ambos trouxeram uma mensagem especial, deixando uma marca significativa na comunidade de Maracaju.<\/p>\n\n\n<div class=\"wp-block-image\">\n<figure class=\"aligncenter size-large\"><img decoding=\"async\" width=\"1024\" height=\"682\" src=\"https:\/\/msconectado.com.br\/wp-content\/uploads\/2024\/01\/c92e514b-4681-422e-98b3-1f082994189f-1024x682.jpg\" alt=\"\" class=\"wp-image-20864\" srcset=\"https:\/\/msconectado.com.br\/wp-content\/uploads\/2024\/01\/c92e514b-4681-422e-98b3-1f082994189f-1024x682.jpg 1024w, https:\/\/msconectado.com.br\/wp-content\/uploads\/2024\/01\/c92e514b-4681-422e-98b3-1f082994189f-300x200.jpg 300w, https:\/\/msconectado.com.br\/wp-content\/uploads\/2024\/01\/c92e514b-4681-422e-98b3-1f082994189f-768x512.jpg 768w, https:\/\/msconectado.com.br\/wp-content\/uploads\/2024\/01\/c92e514b-4681-422e-98b3-1f082994189f-1536x1023.jpg 1536w, https:\/\/msconectado.com.br\/wp-content\/uploads\/2024\/01\/c92e514b-4681-422e-98b3-1f082994189f-360x240.jpg 360w, https:\/\/msconectado.com.br\/wp-content\/uploads\/2024\/01\/c92e514b-4681-422e-98b3-1f082994189f.jpg 1600w\" sizes=\"(max-width: 1024px) 100vw, 1024px\" \/><\/figure>\n<\/div>\n\n\n<p>Com imensa satisfa\u00e7\u00e3o, a Comadems tamb\u00e9m fez-se presente, sendo enriquecida com a participa\u00e7\u00e3o do Pr. Jos\u00e9 De Oliveira Morais. Este generoso representante trouxe as calorosas sauda\u00e7\u00f5es do presidente Jo\u00e3o Martins, elevando ainda mais a import\u00e2ncia da celebra\u00e7\u00e3o na vida do Pr. Jacob e da Miss Eunice.<\/p>\n\n\n\n<p>Expressamos nossa sincera gratid\u00e3o a todos que contribu\u00edram para tornar essa noite inesquec\u00edvel. Que a comunh\u00e3o e a celebra\u00e7\u00e3o do amor de Cristo continuem a guiar os passos da comunidade de Maracaju.<\/p>\n\n\n<div class=\"wp-block-image\">\n<figure class=\"aligncenter size-large\"><img decoding=\"async\" width=\"1024\" height=\"682\" src=\"https:\/\/msconectado.com.br\/wp-content\/uploads\/2024\/01\/91c7b7c4-668b-40dd-a9d2-c516d7f45062-1024x682.jpg\" alt=\"\" class=\"wp-image-20863\" srcset=\"https:\/\/msconectado.com.br\/wp-content\/uploads\/2024\/01\/91c7b7c4-668b-40dd-a9d2-c516d7f45062-1024x682.jpg 1024w, https:\/\/msconectado.com.br\/wp-content\/uploads\/2024\/01\/91c7b7c4-668b-40dd-a9d2-c516d7f45062-300x200.jpg 300w, https:\/\/msconectado.com.br\/wp-content\/uploads\/2024\/01\/91c7b7c4-668b-40dd-a9d2-c516d7f45062-768x512.jpg 768w, https:\/\/msconectado.com.br\/wp-content\/uploads\/2024\/01\/91c7b7c4-668b-40dd-a9d2-c516d7f45062-1536x1023.jpg 1536w, https:\/\/msconectado.com.br\/wp-content\/uploads\/2024\/01\/91c7b7c4-668b-40dd-a9d2-c516d7f45062-360x240.jpg 360w, https:\/\/msconectado.com.br\/wp-content\/uploads\/2024\/01\/91c7b7c4-668b-40dd-a9d2-c516d7f45062.jpg 1600w\" sizes=\"(max-width: 1024px) 100vw, 1024px\" \/><\/figure>\n<\/div>\n\n\n<p>Assessoria<\/p>\n","protected":false},"excerpt":{"rendered":"<p>No \u00faltimo s\u00e1bado, a Igreja Assembleia de Deus de Maracaju foi palco de momentos verdadeiramente especiais, envolvendo a emocionante celebra\u00e7\u00e3o da Santa Ceia do Senhor e a calorosa confraterniza\u00e7\u00e3o em honra ao Pr. Jacob e \u00e0 Miss Eunice em seus anivers\u00e1rios. A noite se desdobrou como uma experi\u00eancia aben\u00e7oada, com a presen\u00e7a ilustre de autoridades [&hellip;]<\/p>\n","protected":false},"author":3,"featured_media":20867,"comment_status":"open","ping_status":"closed","sticky":false,"template":"","format":"standard","meta":{"footnotes":""},"categories":[35,1],"tags":[],"class_list":["post-20862","post","type-post","status-publish","format-standard","has-post-thumbnail","hentry","category-cidades","category-noticia"],"yoast_head":"<!-- This site is optimized with the Yoast SEO plugin v27.5 - https:\/\/yoast.com\/product\/yoast-seo-wordpress\/ -->\n<title>Mensagens de Paz e Gratid\u00e3o: CGADB e COMADEMS Celebram com a Igreja de Maracaju no Anivers\u00e1rio do Pr. Jacob e Miss Eunice - MsConectado<\/title>\n<meta name=\"robots\" content=\"index, follow, max-snippet:-1, max-image-preview:large, max-video-preview:-1\" \/>\n<link rel=\"canonical\" href=\"https:\/\/msconectado.com.br\/?p=20862\" \/>\n<meta property=\"og:locale\" content=\"pt_BR\" \/>\n<meta property=\"og:type\" content=\"article\" \/>\n<meta property=\"og:title\" content=\"Mensagens de Paz e Gratid\u00e3o: CGADB e COMADEMS Celebram com a Igreja de Maracaju no Anivers\u00e1rio do Pr. Jacob e Miss Eunice - MsConectado\" \/>\n<meta property=\"og:description\" content=\"No \u00faltimo s\u00e1bado, a Igreja Assembleia de Deus de Maracaju foi palco de momentos verdadeiramente especiais, envolvendo a emocionante celebra\u00e7\u00e3o da Santa Ceia do Senhor e a calorosa confraterniza\u00e7\u00e3o em honra ao Pr. Jacob e \u00e0 Miss Eunice em seus anivers\u00e1rios. A noite se desdobrou como uma experi\u00eancia aben\u00e7oada, com a presen\u00e7a ilustre de autoridades [&hellip;]\" \/>\n<meta property=\"og:url\" content=\"https:\/\/msconectado.com.br\/?p=20862\" \/>\n<meta property=\"og:site_name\" content=\"MsConectado\" \/>\n<meta property=\"article:published_time\" content=\"2024-01-14T13:39:03+00:00\" \/>\n<meta property=\"article:modified_time\" content=\"2024-01-14T13:46:44+00:00\" \/>\n<meta property=\"og:image\" content=\"https:\/\/msconectado.com.br\/wp-content\/uploads\/2024\/01\/5c567292-518d-46c0-8a55-11e6c15a067a-1.jpg\" \/>\n\t<meta property=\"og:image:width\" content=\"1600\" \/>\n\t<meta property=\"og:image:height\" content=\"1066\" \/>\n\t<meta property=\"og:image:type\" content=\"image\/jpeg\" \/>\n<meta name=\"author\" content=\"Jeferson\" \/>\n<meta name=\"twitter:card\" content=\"summary_large_image\" \/>\n<meta name=\"twitter:label1\" content=\"Escrito por\" \/>\n\t<meta name=\"twitter:data1\" content=\"Jeferson\" \/>\n\t<meta name=\"twitter:label2\" content=\"Est. tempo de leitura\" \/>\n\t<meta name=\"twitter:data2\" content=\"1 minuto\" \/>\n<script type=\"application\/ld+json\" class=\"yoast-schema-graph\">{\"@context\":\"https:\\\/\\\/schema.org\",\"@graph\":[{\"@type\":\"Article\",\"@id\":\"https:\\\/\\\/msconectado.com.br\\\/?p=20862#article\",\"isPartOf\":{\"@id\":\"https:\\\/\\\/msconectado.com.br\\\/?p=20862\"},\"author\":{\"name\":\"Jeferson\",\"@id\":\"https:\\\/\\\/msconectado.com.br\\\/#\\\/schema\\\/person\\\/feb123a95a93eebea36f0ed6a2e5ba48\"},\"headline\":\"Mensagens de Paz e Gratid\u00e3o: CGADB e COMADEMS Celebram com a Igreja de Maracaju no Anivers\u00e1rio do Pr. Jacob e Miss Eunice\",\"datePublished\":\"2024-01-14T13:39:03+00:00\",\"dateModified\":\"2024-01-14T13:46:44+00:00\",\"mainEntityOfPage\":{\"@id\":\"https:\\\/\\\/msconectado.com.br\\\/?p=20862\"},\"wordCount\":228,\"commentCount\":0,\"publisher\":{\"@id\":\"https:\\\/\\\/msconectado.com.br\\\/#organization\"},\"image\":{\"@id\":\"https:\\\/\\\/msconectado.com.br\\\/?p=20862#primaryimage\"},\"thumbnailUrl\":\"https:\\\/\\\/msconectado.com.br\\\/wp-content\\\/uploads\\\/2024\\\/01\\\/5c567292-518d-46c0-8a55-11e6c15a067a-1.jpg\",\"articleSection\":[\"Cidades\",\"Not\u00edcia\"],\"inLanguage\":\"pt-BR\",\"potentialAction\":[{\"@type\":\"CommentAction\",\"name\":\"Comment\",\"target\":[\"https:\\\/\\\/msconectado.com.br\\\/?p=20862#respond\"]}]},{\"@type\":\"WebPage\",\"@id\":\"https:\\\/\\\/msconectado.com.br\\\/?p=20862\",\"url\":\"https:\\\/\\\/msconectado.com.br\\\/?p=20862\",\"name\":\"Mensagens de Paz e Gratid\u00e3o: CGADB e COMADEMS Celebram com a Igreja de Maracaju no Anivers\u00e1rio do Pr. Jacob e Miss Eunice - MsConectado\",\"isPartOf\":{\"@id\":\"https:\\\/\\\/msconectado.com.br\\\/#website\"},\"primaryImageOfPage\":{\"@id\":\"https:\\\/\\\/msconectado.com.br\\\/?p=20862#primaryimage\"},\"image\":{\"@id\":\"https:\\\/\\\/msconectado.com.br\\\/?p=20862#primaryimage\"},\"thumbnailUrl\":\"https:\\\/\\\/msconectado.com.br\\\/wp-content\\\/uploads\\\/2024\\\/01\\\/5c567292-518d-46c0-8a55-11e6c15a067a-1.jpg\",\"datePublished\":\"2024-01-14T13:39:03+00:00\",\"dateModified\":\"2024-01-14T13:46:44+00:00\",\"breadcrumb\":{\"@id\":\"https:\\\/\\\/msconectado.com.br\\\/?p=20862#breadcrumb\"},\"inLanguage\":\"pt-BR\",\"potentialAction\":[{\"@type\":\"ReadAction\",\"target\":[\"https:\\\/\\\/msconectado.com.br\\\/?p=20862\"]}]},{\"@type\":\"ImageObject\",\"inLanguage\":\"pt-BR\",\"@id\":\"https:\\\/\\\/msconectado.com.br\\\/?p=20862#primaryimage\",\"url\":\"https:\\\/\\\/msconectado.com.br\\\/wp-content\\\/uploads\\\/2024\\\/01\\\/5c567292-518d-46c0-8a55-11e6c15a067a-1.jpg\",\"contentUrl\":\"https:\\\/\\\/msconectado.com.br\\\/wp-content\\\/uploads\\\/2024\\\/01\\\/5c567292-518d-46c0-8a55-11e6c15a067a-1.jpg\",\"width\":1600,\"height\":1066},{\"@type\":\"BreadcrumbList\",\"@id\":\"https:\\\/\\\/msconectado.com.br\\\/?p=20862#breadcrumb\",\"itemListElement\":[{\"@type\":\"ListItem\",\"position\":1,\"name\":\"In\u00edcio\",\"item\":\"https:\\\/\\\/msconectado.com.br\\\/?page_id=105\"},{\"@type\":\"ListItem\",\"position\":2,\"name\":\"Mensagens de Paz e Gratid\u00e3o: CGADB e COMADEMS Celebram com a Igreja de Maracaju no Anivers\u00e1rio do Pr. Jacob e Miss Eunice\"}]},{\"@type\":\"WebSite\",\"@id\":\"https:\\\/\\\/msconectado.com.br\\\/#website\",\"url\":\"https:\\\/\\\/msconectado.com.br\\\/\",\"name\":\"MsConectado\",\"description\":\"Voc\u00ea Conectado com a Not\u00edcia!\",\"publisher\":{\"@id\":\"https:\\\/\\\/msconectado.com.br\\\/#organization\"},\"potentialAction\":[{\"@type\":\"SearchAction\",\"target\":{\"@type\":\"EntryPoint\",\"urlTemplate\":\"https:\\\/\\\/msconectado.com.br\\\/?s={search_term_string}\"},\"query-input\":{\"@type\":\"PropertyValueSpecification\",\"valueRequired\":true,\"valueName\":\"search_term_string\"}}],\"inLanguage\":\"pt-BR\"},{\"@type\":\"Organization\",\"@id\":\"https:\\\/\\\/msconectado.com.br\\\/#organization\",\"name\":\"MsConectado\",\"url\":\"https:\\\/\\\/msconectado.com.br\\\/\",\"logo\":{\"@type\":\"ImageObject\",\"inLanguage\":\"pt-BR\",\"@id\":\"https:\\\/\\\/msconectado.com.br\\\/#\\\/schema\\\/logo\\\/image\\\/\",\"url\":\"https:\\\/\\\/msconectado.com.br\\\/wp-content\\\/uploads\\\/2023\\\/01\\\/cropped-noticia-2.png\",\"contentUrl\":\"https:\\\/\\\/msconectado.com.br\\\/wp-content\\\/uploads\\\/2023\\\/01\\\/cropped-noticia-2.png\",\"width\":720,\"height\":157,\"caption\":\"MsConectado\"},\"image\":{\"@id\":\"https:\\\/\\\/msconectado.com.br\\\/#\\\/schema\\\/logo\\\/image\\\/\"}},{\"@type\":\"Person\",\"@id\":\"https:\\\/\\\/msconectado.com.br\\\/#\\\/schema\\\/person\\\/feb123a95a93eebea36f0ed6a2e5ba48\",\"name\":\"Jeferson\",\"image\":{\"@type\":\"ImageObject\",\"inLanguage\":\"pt-BR\",\"@id\":\"https:\\\/\\\/secure.gravatar.com\\\/avatar\\\/e23e8901c88f0cdc0ad479ef7a39bf3e4c806344549c087c00b721a65549a328?s=96&d=mm&r=g\",\"url\":\"https:\\\/\\\/secure.gravatar.com\\\/avatar\\\/e23e8901c88f0cdc0ad479ef7a39bf3e4c806344549c087c00b721a65549a328?s=96&d=mm&r=g\",\"contentUrl\":\"https:\\\/\\\/secure.gravatar.com\\\/avatar\\\/e23e8901c88f0cdc0ad479ef7a39bf3e4c806344549c087c00b721a65549a328?s=96&d=mm&r=g\",\"caption\":\"Jeferson\"},\"url\":\"https:\\\/\\\/msconectado.com.br\\\/?author=3\"}]}<\/script>\n<!-- \/ Yoast SEO plugin. -->","yoast_head_json":{"title":"Mensagens de Paz e Gratid\u00e3o: CGADB e COMADEMS Celebram com a Igreja de Maracaju no Anivers\u00e1rio do Pr. Jacob e Miss Eunice - MsConectado","robots":{"index":"index","follow":"follow","max-snippet":"max-snippet:-1","max-image-preview":"max-image-preview:large","max-video-preview":"max-video-preview:-1"},"canonical":"https:\/\/msconectado.com.br\/?p=20862","og_locale":"pt_BR","og_type":"article","og_title":"Mensagens de Paz e Gratid\u00e3o: CGADB e COMADEMS Celebram com a Igreja de Maracaju no Anivers\u00e1rio do Pr. Jacob e Miss Eunice - MsConectado","og_description":"No \u00faltimo s\u00e1bado, a Igreja Assembleia de Deus de Maracaju foi palco de momentos verdadeiramente especiais, envolvendo a emocionante celebra\u00e7\u00e3o da Santa Ceia do Senhor e a calorosa confraterniza\u00e7\u00e3o em honra ao Pr. Jacob e \u00e0 Miss Eunice em seus anivers\u00e1rios. A noite se desdobrou como uma experi\u00eancia aben\u00e7oada, com a presen\u00e7a ilustre de autoridades [&hellip;]","og_url":"https:\/\/msconectado.com.br\/?p=20862","og_site_name":"MsConectado","article_published_time":"2024-01-14T13:39:03+00:00","article_modified_time":"2024-01-14T13:46:44+00:00","og_image":[{"width":1600,"height":1066,"url":"https:\/\/msconectado.com.br\/wp-content\/uploads\/2024\/01\/5c567292-518d-46c0-8a55-11e6c15a067a-1.jpg","type":"image\/jpeg"}],"author":"Jeferson","twitter_card":"summary_large_image","twitter_misc":{"Escrito por":"Jeferson","Est. tempo de leitura":"1 minuto"},"schema":{"@context":"https:\/\/schema.org","@graph":[{"@type":"Article","@id":"https:\/\/msconectado.com.br\/?p=20862#article","isPartOf":{"@id":"https:\/\/msconectado.com.br\/?p=20862"},"author":{"name":"Jeferson","@id":"https:\/\/msconectado.com.br\/#\/schema\/person\/feb123a95a93eebea36f0ed6a2e5ba48"},"headline":"Mensagens de Paz e Gratid\u00e3o: CGADB e COMADEMS Celebram com a Igreja de Maracaju no Anivers\u00e1rio do Pr. Jacob e Miss Eunice","datePublished":"2024-01-14T13:39:03+00:00","dateModified":"2024-01-14T13:46:44+00:00","mainEntityOfPage":{"@id":"https:\/\/msconectado.com.br\/?p=20862"},"wordCount":228,"commentCount":0,"publisher":{"@id":"https:\/\/msconectado.com.br\/#organization"},"image":{"@id":"https:\/\/msconectado.com.br\/?p=20862#primaryimage"},"thumbnailUrl":"https:\/\/msconectado.com.br\/wp-content\/uploads\/2024\/01\/5c567292-518d-46c0-8a55-11e6c15a067a-1.jpg","articleSection":["Cidades","Not\u00edcia"],"inLanguage":"pt-BR","potentialAction":[{"@type":"CommentAction","name":"Comment","target":["https:\/\/msconectado.com.br\/?p=20862#respond"]}]},{"@type":"WebPage","@id":"https:\/\/msconectado.com.br\/?p=20862","url":"https:\/\/msconectado.com.br\/?p=20862","name":"Mensagens de Paz e Gratid\u00e3o: CGADB e COMADEMS Celebram com a Igreja de Maracaju no Anivers\u00e1rio do Pr. Jacob e Miss Eunice - MsConectado","isPartOf":{"@id":"https:\/\/msconectado.com.br\/#website"},"primaryImageOfPage":{"@id":"https:\/\/msconectado.com.br\/?p=20862#primaryimage"},"image":{"@id":"https:\/\/msconectado.com.br\/?p=20862#primaryimage"},"thumbnailUrl":"https:\/\/msconectado.com.br\/wp-content\/uploads\/2024\/01\/5c567292-518d-46c0-8a55-11e6c15a067a-1.jpg","datePublished":"2024-01-14T13:39:03+00:00","dateModified":"2024-01-14T13:46:44+00:00","breadcrumb":{"@id":"https:\/\/msconectado.com.br\/?p=20862#breadcrumb"},"inLanguage":"pt-BR","potentialAction":[{"@type":"ReadAction","target":["https:\/\/msconectado.com.br\/?p=20862"]}]},{"@type":"ImageObject","inLanguage":"pt-BR","@id":"https:\/\/msconectado.com.br\/?p=20862#primaryimage","url":"https:\/\/msconectado.com.br\/wp-content\/uploads\/2024\/01\/5c567292-518d-46c0-8a55-11e6c15a067a-1.jpg","contentUrl":"https:\/\/msconectado.com.br\/wp-content\/uploads\/2024\/01\/5c567292-518d-46c0-8a55-11e6c15a067a-1.jpg","width":1600,"height":1066},{"@type":"BreadcrumbList","@id":"https:\/\/msconectado.com.br\/?p=20862#breadcrumb","itemListElement":[{"@type":"ListItem","position":1,"name":"In\u00edcio","item":"https:\/\/msconectado.com.br\/?page_id=105"},{"@type":"ListItem","position":2,"name":"Mensagens de Paz e Gratid\u00e3o: CGADB e COMADEMS Celebram com a Igreja de Maracaju no Anivers\u00e1rio do Pr. Jacob e Miss Eunice"}]},{"@type":"WebSite","@id":"https:\/\/msconectado.com.br\/#website","url":"https:\/\/msconectado.com.br\/","name":"MsConectado","description":"Voc\u00ea Conectado com a Not\u00edcia!","publisher":{"@id":"https:\/\/msconectado.com.br\/#organization"},"potentialAction":[{"@type":"SearchAction","target":{"@type":"EntryPoint","urlTemplate":"https:\/\/msconectado.com.br\/?s={search_term_string}"},"query-input":{"@type":"PropertyValueSpecification","valueRequired":true,"valueName":"search_term_string"}}],"inLanguage":"pt-BR"},{"@type":"Organization","@id":"https:\/\/msconectado.com.br\/#organization","name":"MsConectado","url":"https:\/\/msconectado.com.br\/","logo":{"@type":"ImageObject","inLanguage":"pt-BR","@id":"https:\/\/msconectado.com.br\/#\/schema\/logo\/image\/","url":"https:\/\/msconectado.com.br\/wp-content\/uploads\/2023\/01\/cropped-noticia-2.png","contentUrl":"https:\/\/msconectado.com.br\/wp-content\/uploads\/2023\/01\/cropped-noticia-2.png","width":720,"height":157,"caption":"MsConectado"},"image":{"@id":"https:\/\/msconectado.com.br\/#\/schema\/logo\/image\/"}},{"@type":"Person","@id":"https:\/\/msconectado.com.br\/#\/schema\/person\/feb123a95a93eebea36f0ed6a2e5ba48","name":"Jeferson","image":{"@type":"ImageObject","inLanguage":"pt-BR","@id":"https:\/\/secure.gravatar.com\/avatar\/e23e8901c88f0cdc0ad479ef7a39bf3e4c806344549c087c00b721a65549a328?s=96&d=mm&r=g","url":"https:\/\/secure.gravatar.com\/avatar\/e23e8901c88f0cdc0ad479ef7a39bf3e4c806344549c087c00b721a65549a328?s=96&d=mm&r=g","contentUrl":"https:\/\/secure.gravatar.com\/avatar\/e23e8901c88f0cdc0ad479ef7a39bf3e4c806344549c087c00b721a65549a328?s=96&d=mm&r=g","caption":"Jeferson"},"url":"https:\/\/msconectado.com.br\/?author=3"}]}},"_links":{"self":[{"href":"https:\/\/msconectado.com.br\/index.php?rest_route=\/wp\/v2\/posts\/20862","targetHints":{"allow":["GET"]}}],"collection":[{"href":"https:\/\/msconectado.com.br\/index.php?rest_route=\/wp\/v2\/posts"}],"about":[{"href":"https:\/\/msconectado.com.br\/index.php?rest_route=\/wp\/v2\/types\/post"}],"author":[{"embeddable":true,"href":"https:\/\/msconectado.com.br\/index.php?rest_route=\/wp\/v2\/users\/3"}],"replies":[{"embeddable":true,"href":"https:\/\/msconectado.com.br\/index.php?rest_route=%2Fwp%2Fv2%2Fcomments&post=20862"}],"version-history":[{"count":2,"href":"https:\/\/msconectado.com.br\/index.php?rest_route=\/wp\/v2\/posts\/20862\/revisions"}],"predecessor-version":[{"id":20869,"href":"https:\/\/msconectado.com.br\/index.php?rest_route=\/wp\/v2\/posts\/20862\/revisions\/20869"}],"wp:featuredmedia":[{"embeddable":true,"href":"https:\/\/msconectado.com.br\/index.php?rest_route=\/wp\/v2\/media\/20867"}],"wp:attachment":[{"href":"https:\/\/msconectado.com.br\/index.php?rest_route=%2Fwp%2Fv2%2Fmedia&parent=20862"}],"wp:term":[{"taxonomy":"category","embeddable":true,"href":"https:\/\/msconectado.com.br\/index.php?rest_route=%2Fwp%2Fv2%2Fcategories&post=20862"},{"taxonomy":"post_tag","embeddable":true,"href":"https:\/\/msconectado.com.br\/index.php?rest_route=%2Fwp%2Fv2%2Ftags&post=20862"}],"curies":[{"name":"wp","href":"https:\/\/api.w.org\/{rel}","templated":true}]}}