
{"id":20873,"date":"2024-01-15T21:57:47","date_gmt":"2024-01-15T21:57:47","guid":{"rendered":"https:\/\/msconectado.com.br\/?p=20873"},"modified":"2024-01-15T21:57:48","modified_gmt":"2024-01-15T21:57:48","slug":"com-projetos-e-planejamento-para-2024-riedel-retoma-funcao-e-reconhece-atuacao-do-vice-governador","status":"publish","type":"post","link":"https:\/\/msconectado.com.br\/?p=20873","title":{"rendered":"Com projetos e planejamento para 2024, Riedel retoma fun\u00e7\u00e3o e reconhece atua\u00e7\u00e3o do vice-governador"},"content":{"rendered":"\n<p>O governador Eduardo Riedel retomou a fun\u00e7\u00e3o no Governo do Estado de Mato Grosso do Sul, nesta segunda-feira (15), ap\u00f3s per\u00edodo de afastamento para recesso.<\/p>\n\n\n\n<p>Logo cedo, ele discutiu pautas de infraestrutura com secret\u00e1rios estaduais e, logo mais, participa de videoconfer\u00eancia com representantes do Governo Federal para discutir pautas estrat\u00e9gicas. Ao longo do dia, ele faz uma s\u00e9rie de reuni\u00f5es com secret\u00e1rios de Estado.&nbsp;<\/p>\n\n\n\n<p>Em reuni\u00e3o com o vice-governador Jos\u00e9 Carlos Barbosa \u2013 Barbosinha \u2013, que estava respons\u00e1vel pela administra\u00e7\u00e3o estadual na aus\u00eancia do governador, Riedel agradeceu o trabalho realizado a organiza\u00e7\u00e3o para o ano de 2024.<\/p>\n\n\n\n<p>\u201cObrigado pela dedica\u00e7\u00e3o, Mato Grosso do Sul n\u00e3o parou e n\u00e3o para em momento algum. O ano de 2024 tem projetos pela frente, muitas coisas boas acontecendo. O time \u00e9 isso, a gente trabalha junto, unido, pelo Estado e sociedade. E agora a gente vai dar sequ\u00eancia a todo o planejamento que temos feito. E vamos transformar cada vez mais a realidade, pensando na popula\u00e7\u00e3o\u201d, disse Riedel.<\/p>\n\n\n\n<p>O vice-governador Jos\u00e9 Carlos Barbosa assumiu, no dia 2 de janeiro, a administra\u00e7\u00e3o do Estado como governador em exerc\u00edcio durante a licen\u00e7a da fun\u00e7\u00e3o do governador Eduardo Riedel. Na ocasi\u00e3o, a transmiss\u00e3o de cargo foi realizada pelo presidente da Assembleia Legislativa de Mato Grosso do Sul, Gerson Claro, que exerceu a fun\u00e7\u00e3o de governador em exerc\u00edcio entre os dias 26 de dezembro de 2023 e 1\u00ba de janeiro de 2024.<\/p>\n\n\n\n<p>\u201cTive oportunidade de, ao longo dos primeiros dias do ano, estar \u00e0 frente do Governo. Agrade\u00e7o pela oportunidade. Visitei onze munic\u00edpios, 14 localidades. O governo n\u00e3o para e o grande sentido \u00e9 dar ao governador esta confian\u00e7a de que o Mato Grosso do Sul continua caminhando\u201d, disse Barbosinha.<\/p>\n\n\n\n<p>O vice-governador, Jos\u00e9 Carlos Barbosa, encerrou no s\u00e1bado (13), a agenda de visitas como governador em exerc\u00edcio, per\u00edodo no qual esteve em onze munic\u00edpios do Estado. Entre os compromissos assumidos desde o dia 2 de janeiro, Barbosinha entregou obras e lan\u00e7ou novas frentes de servi\u00e7o que ultrapassam R$ 350 milh\u00f5es em investimentos.<\/p>\n\n\n<div class=\"wp-block-image\">\n<figure class=\"aligncenter\" id=\"attachment_462322\"><a href=\"https:\/\/agenciadenoticias.ms.gov.br\/wp-content\/uploads\/2024\/01\/Foto-Saul-Schramm-6-1-scaled.jpg\"><img decoding=\"async\" src=\"https:\/\/agenciadenoticias.ms.gov.br\/wp-content\/uploads\/2024\/01\/Foto-Saul-Schramm-6-1-1024x672.jpg\" alt=\"Abertura: Reuni\u00e3o virtual - 584\u00aa Reuni\u00e3o do Grupo T\u00e9cnico (GTEC) da Comiss\u00e3o de Financiamentos Externos (COFIEX) Foto Saul Schramm\" class=\"wp-image-462322\"\/><\/a><figcaption class=\"wp-element-caption\">Abertura: Reuni\u00e3o virtual &#8211; 584\u00aa Reuni\u00e3o do Grupo T\u00e9cnico<br>(GTEC) da Comiss\u00e3o de Financiamentos Externos (COFIEX) Foto Saul Schramm<\/figcaption><\/figure>\n<\/div>\n\n\n<p><em>Natalia Yahn, Comunica\u00e7\u00e3o Governo de MS<\/em><br><em>Fotos: Saul Schramm<\/em><\/p>\n","protected":false},"excerpt":{"rendered":"<p>O governador Eduardo Riedel retomou a fun\u00e7\u00e3o no Governo do Estado de Mato Grosso do Sul, nesta segunda-feira (15), ap\u00f3s per\u00edodo de afastamento para recesso. Logo cedo, ele discutiu pautas de infraestrutura com secret\u00e1rios estaduais e, logo mais, participa de videoconfer\u00eancia com representantes do Governo Federal para discutir pautas estrat\u00e9gicas. Ao longo do dia, ele [&hellip;]<\/p>\n","protected":false},"author":2,"featured_media":20874,"comment_status":"open","ping_status":"closed","sticky":false,"template":"","format":"standard","meta":{"footnotes":""},"categories":[35,1],"tags":[],"class_list":["post-20873","post","type-post","status-publish","format-standard","has-post-thumbnail","hentry","category-cidades","category-noticia"],"yoast_head":"<!-- This site is optimized with the Yoast SEO plugin v27.5 - https:\/\/yoast.com\/product\/yoast-seo-wordpress\/ -->\n<title>Com projetos e planejamento para 2024, Riedel retoma fun\u00e7\u00e3o e reconhece atua\u00e7\u00e3o do vice-governador - MsConectado<\/title>\n<meta name=\"robots\" content=\"index, follow, max-snippet:-1, max-image-preview:large, max-video-preview:-1\" \/>\n<link rel=\"canonical\" href=\"https:\/\/msconectado.com.br\/?p=20873\" \/>\n<meta property=\"og:locale\" content=\"pt_BR\" \/>\n<meta property=\"og:type\" content=\"article\" \/>\n<meta property=\"og:title\" content=\"Com projetos e planejamento para 2024, Riedel retoma fun\u00e7\u00e3o e reconhece atua\u00e7\u00e3o do vice-governador - MsConectado\" \/>\n<meta property=\"og:description\" content=\"O governador Eduardo Riedel retomou a fun\u00e7\u00e3o no Governo do Estado de Mato Grosso do Sul, nesta segunda-feira (15), ap\u00f3s per\u00edodo de afastamento para recesso. Logo cedo, ele discutiu pautas de infraestrutura com secret\u00e1rios estaduais e, logo mais, participa de videoconfer\u00eancia com representantes do Governo Federal para discutir pautas estrat\u00e9gicas. Ao longo do dia, ele [&hellip;]\" \/>\n<meta property=\"og:url\" content=\"https:\/\/msconectado.com.br\/?p=20873\" \/>\n<meta property=\"og:site_name\" content=\"MsConectado\" \/>\n<meta property=\"article:published_time\" content=\"2024-01-15T21:57:47+00:00\" \/>\n<meta property=\"article:modified_time\" content=\"2024-01-15T21:57:48+00:00\" \/>\n<meta property=\"og:image\" content=\"https:\/\/msconectado.com.br\/wp-content\/uploads\/2024\/01\/IMG_3435.jpg\" \/>\n\t<meta property=\"og:image:width\" content=\"730\" \/>\n\t<meta property=\"og:image:height\" content=\"480\" \/>\n\t<meta property=\"og:image:type\" content=\"image\/jpeg\" \/>\n<meta name=\"author\" content=\"MsConectado\" \/>\n<meta name=\"twitter:card\" content=\"summary_large_image\" \/>\n<meta name=\"twitter:label1\" content=\"Escrito por\" \/>\n\t<meta name=\"twitter:data1\" content=\"MsConectado\" \/>\n\t<meta name=\"twitter:label2\" content=\"Est. tempo de leitura\" \/>\n\t<meta name=\"twitter:data2\" content=\"2 minutos\" \/>\n<script type=\"application\/ld+json\" class=\"yoast-schema-graph\">{\"@context\":\"https:\\\/\\\/schema.org\",\"@graph\":[{\"@type\":\"Article\",\"@id\":\"https:\\\/\\\/msconectado.com.br\\\/?p=20873#article\",\"isPartOf\":{\"@id\":\"https:\\\/\\\/msconectado.com.br\\\/?p=20873\"},\"author\":{\"name\":\"MsConectado\",\"@id\":\"https:\\\/\\\/msconectado.com.br\\\/#\\\/schema\\\/person\\\/e5585545b5687092f1041d350b6e2c16\"},\"headline\":\"Com projetos e planejamento para 2024, Riedel retoma fun\u00e7\u00e3o e reconhece atua\u00e7\u00e3o do vice-governador\",\"datePublished\":\"2024-01-15T21:57:47+00:00\",\"dateModified\":\"2024-01-15T21:57:48+00:00\",\"mainEntityOfPage\":{\"@id\":\"https:\\\/\\\/msconectado.com.br\\\/?p=20873\"},\"wordCount\":403,\"commentCount\":0,\"publisher\":{\"@id\":\"https:\\\/\\\/msconectado.com.br\\\/#organization\"},\"image\":{\"@id\":\"https:\\\/\\\/msconectado.com.br\\\/?p=20873#primaryimage\"},\"thumbnailUrl\":\"https:\\\/\\\/msconectado.com.br\\\/wp-content\\\/uploads\\\/2024\\\/01\\\/IMG_3435.jpg\",\"articleSection\":[\"Cidades\",\"Not\u00edcia\"],\"inLanguage\":\"pt-BR\",\"potentialAction\":[{\"@type\":\"CommentAction\",\"name\":\"Comment\",\"target\":[\"https:\\\/\\\/msconectado.com.br\\\/?p=20873#respond\"]}]},{\"@type\":\"WebPage\",\"@id\":\"https:\\\/\\\/msconectado.com.br\\\/?p=20873\",\"url\":\"https:\\\/\\\/msconectado.com.br\\\/?p=20873\",\"name\":\"Com projetos e planejamento para 2024, Riedel retoma fun\u00e7\u00e3o e reconhece atua\u00e7\u00e3o do vice-governador - MsConectado\",\"isPartOf\":{\"@id\":\"https:\\\/\\\/msconectado.com.br\\\/#website\"},\"primaryImageOfPage\":{\"@id\":\"https:\\\/\\\/msconectado.com.br\\\/?p=20873#primaryimage\"},\"image\":{\"@id\":\"https:\\\/\\\/msconectado.com.br\\\/?p=20873#primaryimage\"},\"thumbnailUrl\":\"https:\\\/\\\/msconectado.com.br\\\/wp-content\\\/uploads\\\/2024\\\/01\\\/IMG_3435.jpg\",\"datePublished\":\"2024-01-15T21:57:47+00:00\",\"dateModified\":\"2024-01-15T21:57:48+00:00\",\"breadcrumb\":{\"@id\":\"https:\\\/\\\/msconectado.com.br\\\/?p=20873#breadcrumb\"},\"inLanguage\":\"pt-BR\",\"potentialAction\":[{\"@type\":\"ReadAction\",\"target\":[\"https:\\\/\\\/msconectado.com.br\\\/?p=20873\"]}]},{\"@type\":\"ImageObject\",\"inLanguage\":\"pt-BR\",\"@id\":\"https:\\\/\\\/msconectado.com.br\\\/?p=20873#primaryimage\",\"url\":\"https:\\\/\\\/msconectado.com.br\\\/wp-content\\\/uploads\\\/2024\\\/01\\\/IMG_3435.jpg\",\"contentUrl\":\"https:\\\/\\\/msconectado.com.br\\\/wp-content\\\/uploads\\\/2024\\\/01\\\/IMG_3435.jpg\",\"width\":730,\"height\":480},{\"@type\":\"BreadcrumbList\",\"@id\":\"https:\\\/\\\/msconectado.com.br\\\/?p=20873#breadcrumb\",\"itemListElement\":[{\"@type\":\"ListItem\",\"position\":1,\"name\":\"In\u00edcio\",\"item\":\"https:\\\/\\\/msconectado.com.br\\\/?page_id=105\"},{\"@type\":\"ListItem\",\"position\":2,\"name\":\"Com projetos e planejamento para 2024, Riedel retoma fun\u00e7\u00e3o e reconhece atua\u00e7\u00e3o do vice-governador\"}]},{\"@type\":\"WebSite\",\"@id\":\"https:\\\/\\\/msconectado.com.br\\\/#website\",\"url\":\"https:\\\/\\\/msconectado.com.br\\\/\",\"name\":\"MsConectado\",\"description\":\"Voc\u00ea Conectado com a Not\u00edcia!\",\"publisher\":{\"@id\":\"https:\\\/\\\/msconectado.com.br\\\/#organization\"},\"potentialAction\":[{\"@type\":\"SearchAction\",\"target\":{\"@type\":\"EntryPoint\",\"urlTemplate\":\"https:\\\/\\\/msconectado.com.br\\\/?s={search_term_string}\"},\"query-input\":{\"@type\":\"PropertyValueSpecification\",\"valueRequired\":true,\"valueName\":\"search_term_string\"}}],\"inLanguage\":\"pt-BR\"},{\"@type\":\"Organization\",\"@id\":\"https:\\\/\\\/msconectado.com.br\\\/#organization\",\"name\":\"MsConectado\",\"url\":\"https:\\\/\\\/msconectado.com.br\\\/\",\"logo\":{\"@type\":\"ImageObject\",\"inLanguage\":\"pt-BR\",\"@id\":\"https:\\\/\\\/msconectado.com.br\\\/#\\\/schema\\\/logo\\\/image\\\/\",\"url\":\"https:\\\/\\\/msconectado.com.br\\\/wp-content\\\/uploads\\\/2023\\\/01\\\/cropped-noticia-2.png\",\"contentUrl\":\"https:\\\/\\\/msconectado.com.br\\\/wp-content\\\/uploads\\\/2023\\\/01\\\/cropped-noticia-2.png\",\"width\":720,\"height\":157,\"caption\":\"MsConectado\"},\"image\":{\"@id\":\"https:\\\/\\\/msconectado.com.br\\\/#\\\/schema\\\/logo\\\/image\\\/\"}},{\"@type\":\"Person\",\"@id\":\"https:\\\/\\\/msconectado.com.br\\\/#\\\/schema\\\/person\\\/e5585545b5687092f1041d350b6e2c16\",\"name\":\"MsConectado\",\"image\":{\"@type\":\"ImageObject\",\"inLanguage\":\"pt-BR\",\"@id\":\"https:\\\/\\\/secure.gravatar.com\\\/avatar\\\/3b4f84a0a8a4380ac4431fa79981d073692380c5da00ae97596e794ab0db5c8c?s=96&d=mm&r=g\",\"url\":\"https:\\\/\\\/secure.gravatar.com\\\/avatar\\\/3b4f84a0a8a4380ac4431fa79981d073692380c5da00ae97596e794ab0db5c8c?s=96&d=mm&r=g\",\"contentUrl\":\"https:\\\/\\\/secure.gravatar.com\\\/avatar\\\/3b4f84a0a8a4380ac4431fa79981d073692380c5da00ae97596e794ab0db5c8c?s=96&d=mm&r=g\",\"caption\":\"MsConectado\"},\"url\":\"https:\\\/\\\/msconectado.com.br\\\/?author=2\"}]}<\/script>\n<!-- \/ Yoast SEO plugin. -->","yoast_head_json":{"title":"Com projetos e planejamento para 2024, Riedel retoma fun\u00e7\u00e3o e reconhece atua\u00e7\u00e3o do vice-governador - MsConectado","robots":{"index":"index","follow":"follow","max-snippet":"max-snippet:-1","max-image-preview":"max-image-preview:large","max-video-preview":"max-video-preview:-1"},"canonical":"https:\/\/msconectado.com.br\/?p=20873","og_locale":"pt_BR","og_type":"article","og_title":"Com projetos e planejamento para 2024, Riedel retoma fun\u00e7\u00e3o e reconhece atua\u00e7\u00e3o do vice-governador - MsConectado","og_description":"O governador Eduardo Riedel retomou a fun\u00e7\u00e3o no Governo do Estado de Mato Grosso do Sul, nesta segunda-feira (15), ap\u00f3s per\u00edodo de afastamento para recesso. Logo cedo, ele discutiu pautas de infraestrutura com secret\u00e1rios estaduais e, logo mais, participa de videoconfer\u00eancia com representantes do Governo Federal para discutir pautas estrat\u00e9gicas. Ao longo do dia, ele [&hellip;]","og_url":"https:\/\/msconectado.com.br\/?p=20873","og_site_name":"MsConectado","article_published_time":"2024-01-15T21:57:47+00:00","article_modified_time":"2024-01-15T21:57:48+00:00","og_image":[{"width":730,"height":480,"url":"https:\/\/msconectado.com.br\/wp-content\/uploads\/2024\/01\/IMG_3435.jpg","type":"image\/jpeg"}],"author":"MsConectado","twitter_card":"summary_large_image","twitter_misc":{"Escrito por":"MsConectado","Est. tempo de leitura":"2 minutos"},"schema":{"@context":"https:\/\/schema.org","@graph":[{"@type":"Article","@id":"https:\/\/msconectado.com.br\/?p=20873#article","isPartOf":{"@id":"https:\/\/msconectado.com.br\/?p=20873"},"author":{"name":"MsConectado","@id":"https:\/\/msconectado.com.br\/#\/schema\/person\/e5585545b5687092f1041d350b6e2c16"},"headline":"Com projetos e planejamento para 2024, Riedel retoma fun\u00e7\u00e3o e reconhece atua\u00e7\u00e3o do vice-governador","datePublished":"2024-01-15T21:57:47+00:00","dateModified":"2024-01-15T21:57:48+00:00","mainEntityOfPage":{"@id":"https:\/\/msconectado.com.br\/?p=20873"},"wordCount":403,"commentCount":0,"publisher":{"@id":"https:\/\/msconectado.com.br\/#organization"},"image":{"@id":"https:\/\/msconectado.com.br\/?p=20873#primaryimage"},"thumbnailUrl":"https:\/\/msconectado.com.br\/wp-content\/uploads\/2024\/01\/IMG_3435.jpg","articleSection":["Cidades","Not\u00edcia"],"inLanguage":"pt-BR","potentialAction":[{"@type":"CommentAction","name":"Comment","target":["https:\/\/msconectado.com.br\/?p=20873#respond"]}]},{"@type":"WebPage","@id":"https:\/\/msconectado.com.br\/?p=20873","url":"https:\/\/msconectado.com.br\/?p=20873","name":"Com projetos e planejamento para 2024, Riedel retoma fun\u00e7\u00e3o e reconhece atua\u00e7\u00e3o do vice-governador - MsConectado","isPartOf":{"@id":"https:\/\/msconectado.com.br\/#website"},"primaryImageOfPage":{"@id":"https:\/\/msconectado.com.br\/?p=20873#primaryimage"},"image":{"@id":"https:\/\/msconectado.com.br\/?p=20873#primaryimage"},"thumbnailUrl":"https:\/\/msconectado.com.br\/wp-content\/uploads\/2024\/01\/IMG_3435.jpg","datePublished":"2024-01-15T21:57:47+00:00","dateModified":"2024-01-15T21:57:48+00:00","breadcrumb":{"@id":"https:\/\/msconectado.com.br\/?p=20873#breadcrumb"},"inLanguage":"pt-BR","potentialAction":[{"@type":"ReadAction","target":["https:\/\/msconectado.com.br\/?p=20873"]}]},{"@type":"ImageObject","inLanguage":"pt-BR","@id":"https:\/\/msconectado.com.br\/?p=20873#primaryimage","url":"https:\/\/msconectado.com.br\/wp-content\/uploads\/2024\/01\/IMG_3435.jpg","contentUrl":"https:\/\/msconectado.com.br\/wp-content\/uploads\/2024\/01\/IMG_3435.jpg","width":730,"height":480},{"@type":"BreadcrumbList","@id":"https:\/\/msconectado.com.br\/?p=20873#breadcrumb","itemListElement":[{"@type":"ListItem","position":1,"name":"In\u00edcio","item":"https:\/\/msconectado.com.br\/?page_id=105"},{"@type":"ListItem","position":2,"name":"Com projetos e planejamento para 2024, Riedel retoma fun\u00e7\u00e3o e reconhece atua\u00e7\u00e3o do vice-governador"}]},{"@type":"WebSite","@id":"https:\/\/msconectado.com.br\/#website","url":"https:\/\/msconectado.com.br\/","name":"MsConectado","description":"Voc\u00ea Conectado com a Not\u00edcia!","publisher":{"@id":"https:\/\/msconectado.com.br\/#organization"},"potentialAction":[{"@type":"SearchAction","target":{"@type":"EntryPoint","urlTemplate":"https:\/\/msconectado.com.br\/?s={search_term_string}"},"query-input":{"@type":"PropertyValueSpecification","valueRequired":true,"valueName":"search_term_string"}}],"inLanguage":"pt-BR"},{"@type":"Organization","@id":"https:\/\/msconectado.com.br\/#organization","name":"MsConectado","url":"https:\/\/msconectado.com.br\/","logo":{"@type":"ImageObject","inLanguage":"pt-BR","@id":"https:\/\/msconectado.com.br\/#\/schema\/logo\/image\/","url":"https:\/\/msconectado.com.br\/wp-content\/uploads\/2023\/01\/cropped-noticia-2.png","contentUrl":"https:\/\/msconectado.com.br\/wp-content\/uploads\/2023\/01\/cropped-noticia-2.png","width":720,"height":157,"caption":"MsConectado"},"image":{"@id":"https:\/\/msconectado.com.br\/#\/schema\/logo\/image\/"}},{"@type":"Person","@id":"https:\/\/msconectado.com.br\/#\/schema\/person\/e5585545b5687092f1041d350b6e2c16","name":"MsConectado","image":{"@type":"ImageObject","inLanguage":"pt-BR","@id":"https:\/\/secure.gravatar.com\/avatar\/3b4f84a0a8a4380ac4431fa79981d073692380c5da00ae97596e794ab0db5c8c?s=96&d=mm&r=g","url":"https:\/\/secure.gravatar.com\/avatar\/3b4f84a0a8a4380ac4431fa79981d073692380c5da00ae97596e794ab0db5c8c?s=96&d=mm&r=g","contentUrl":"https:\/\/secure.gravatar.com\/avatar\/3b4f84a0a8a4380ac4431fa79981d073692380c5da00ae97596e794ab0db5c8c?s=96&d=mm&r=g","caption":"MsConectado"},"url":"https:\/\/msconectado.com.br\/?author=2"}]}},"_links":{"self":[{"href":"https:\/\/msconectado.com.br\/index.php?rest_route=\/wp\/v2\/posts\/20873","targetHints":{"allow":["GET"]}}],"collection":[{"href":"https:\/\/msconectado.com.br\/index.php?rest_route=\/wp\/v2\/posts"}],"about":[{"href":"https:\/\/msconectado.com.br\/index.php?rest_route=\/wp\/v2\/types\/post"}],"author":[{"embeddable":true,"href":"https:\/\/msconectado.com.br\/index.php?rest_route=\/wp\/v2\/users\/2"}],"replies":[{"embeddable":true,"href":"https:\/\/msconectado.com.br\/index.php?rest_route=%2Fwp%2Fv2%2Fcomments&post=20873"}],"version-history":[{"count":1,"href":"https:\/\/msconectado.com.br\/index.php?rest_route=\/wp\/v2\/posts\/20873\/revisions"}],"predecessor-version":[{"id":20875,"href":"https:\/\/msconectado.com.br\/index.php?rest_route=\/wp\/v2\/posts\/20873\/revisions\/20875"}],"wp:featuredmedia":[{"embeddable":true,"href":"https:\/\/msconectado.com.br\/index.php?rest_route=\/wp\/v2\/media\/20874"}],"wp:attachment":[{"href":"https:\/\/msconectado.com.br\/index.php?rest_route=%2Fwp%2Fv2%2Fmedia&parent=20873"}],"wp:term":[{"taxonomy":"category","embeddable":true,"href":"https:\/\/msconectado.com.br\/index.php?rest_route=%2Fwp%2Fv2%2Fcategories&post=20873"},{"taxonomy":"post_tag","embeddable":true,"href":"https:\/\/msconectado.com.br\/index.php?rest_route=%2Fwp%2Fv2%2Ftags&post=20873"}],"curies":[{"name":"wp","href":"https:\/\/api.w.org\/{rel}","templated":true}]}}