
{"id":20898,"date":"2024-01-16T18:53:26","date_gmt":"2024-01-16T18:53:26","guid":{"rendered":"https:\/\/msconectado.com.br\/?p=20898"},"modified":"2024-01-16T18:53:27","modified_gmt":"2024-01-16T18:53:27","slug":"governo-do-estado-inicia-cursos-para-formar-mais-227-bombeiros-militares-em-ms","status":"publish","type":"post","link":"https:\/\/msconectado.com.br\/?p=20898","title":{"rendered":"Governo do Estado inicia cursos para formar mais 227 bombeiros militares em MS"},"content":{"rendered":"\n<p>O Governo do Estado, por meio do Corpo de Bombeiros Militar, iniciou nesta segunda-feira os cursos com 227 novos militares, fortalecendo seu compromisso com a seguran\u00e7a e o bem-estar da sociedade sul-mato-grossense.<\/p>\n\n\n\n<p>S\u00e3o tr\u00eas cursos distintos: o Curso de Forma\u00e7\u00e3o de Oficiais Combatentes (CFO) com 10 cadetes, o Curso B\u00e1sico de Forma\u00e7\u00e3o de Oficiais Especialistas e de Sa\u00fade (CBFO) com 11 alunos-oficiais, e o Curso de Forma\u00e7\u00e3o de Soldados Bombeiro Militar (CFSD) com 206 novos soldados. Ao todo, s\u00e3o 227 novos membros que agora integram o Corpo de Bombeiros Militar, prontos para assumir a miss\u00e3o de preservar vidas e proteger o patrim\u00f4nio da comunidade.<\/p>\n\n\n\n<p>O CFSD, com uma carga hor\u00e1ria de 1.599 horas-aula distribu\u00eddas ao longo de 9 meses, abrange disciplinas essenciais como Atendimento Pr\u00e9-Hospitalar, Combate a inc\u00eandios urbanos e florestais, Salvamento Terrestre, Salvamento em Altura, Salvamento Aqu\u00e1tico, Legisla\u00e7\u00e3o Bombeiro Militar, Direitos Humanos, Combate ao Racismo e Homofobia, Comunica\u00e7\u00f5es e Tecnologia da Informa\u00e7\u00e3o. Os soldados ser\u00e3o treinados para atuar em diversas situa\u00e7\u00f5es, desde combate a inc\u00eandios urbanos at\u00e9 t\u00e9cnicas de busca e salvamento em matas e cerrados.<\/p>\n\n\n\n<p>J\u00e1 o CBFO visa habilitar os alunos-oficiais para atividades meio e fim da corpora\u00e7\u00e3o. Os alunos-oficiais do CBFO possuem forma\u00e7\u00e3o nas \u00e1reas de medicina, an\u00e1lise de sistemas, tecnologia da computa\u00e7\u00e3o, direito, engenharia civil, jornalismo e servi\u00e7o social e, ap\u00f3s a conclus\u00e3o do curso, ocupar\u00e3o vagas de Oficiais Especialistas em suas \u00e1reas de conhecimento. Esta \u00e9 a terceira turma desse quadro a ser formada pela Academia de Bombeiro Militar (ABM).<\/p>\n\n\n\n<p>Inicia hoje tamb\u00e9m a quarta turma do Curso de Forma\u00e7\u00e3o de Oficiais Combatentes (CFO) a ser formada no Mato Grosso do Sul pela ABM cujo objetivo \u00e9 desenvolver, durante dois anos de curso, compet\u00eancias de gest\u00e3o nos cadetes . A forma\u00e7\u00e3o exige do cadete o conhecimento t\u00e9cnico das fun\u00e7\u00f5es exercidas pela corpora\u00e7\u00e3o incluindo avalia\u00e7\u00f5es, est\u00e1gios e corre\u00e7\u00f5es disciplinares para garantir que, ao final do curso, os cadetes estejam aptos a exercerem suas atribui\u00e7\u00f5es com a compet\u00eancia e habilidade exigidas pela carreira.<\/p>\n\n\n\n<p>A entrada desses 227 novos militares na Academia de Bombeiros Militar representa um marco significativo para a seguran\u00e7a da sociedade sul-mato-grossense. A forma\u00e7\u00e3o desses profissionais reflete o compromisso cont\u00ednuo da corpora\u00e7\u00e3o em garantir uma atua\u00e7\u00e3o eficiente e especializada, pronta para responder \u00e0s demandas da comunidade e preservar vidas e patrim\u00f4nio. A popula\u00e7\u00e3o pode contar com profissionais treinados e dedicados, fortalecendo a seguran\u00e7a e tranquilidade em todo o estado de Mato Grosso do Sul.<\/p>\n\n\n\n<p><em>Comunica\u00e7\u00e3o CBM-MS<br>Foto: CBM\/Divulga\u00e7\u00e3o<\/em><\/p>\n","protected":false},"excerpt":{"rendered":"<p>O Governo do Estado, por meio do Corpo de Bombeiros Militar, iniciou nesta segunda-feira os cursos com 227 novos militares, fortalecendo seu compromisso com a seguran\u00e7a e o bem-estar da sociedade sul-mato-grossense. S\u00e3o tr\u00eas cursos distintos: o Curso de Forma\u00e7\u00e3o de Oficiais Combatentes (CFO) com 10 cadetes, o Curso B\u00e1sico de Forma\u00e7\u00e3o de Oficiais Especialistas [&hellip;]<\/p>\n","protected":false},"author":3,"featured_media":20899,"comment_status":"open","ping_status":"closed","sticky":false,"template":"","format":"standard","meta":{"footnotes":""},"categories":[1],"tags":[],"class_list":["post-20898","post","type-post","status-publish","format-standard","has-post-thumbnail","hentry","category-noticia"],"yoast_head":"<!-- This site is optimized with the Yoast SEO plugin v27.5 - https:\/\/yoast.com\/product\/yoast-seo-wordpress\/ -->\n<title>Governo do Estado inicia cursos para formar mais 227 bombeiros militares em MS - MsConectado<\/title>\n<meta name=\"robots\" content=\"index, follow, max-snippet:-1, max-image-preview:large, max-video-preview:-1\" \/>\n<link rel=\"canonical\" href=\"https:\/\/msconectado.com.br\/?p=20898\" \/>\n<meta property=\"og:locale\" content=\"pt_BR\" \/>\n<meta property=\"og:type\" content=\"article\" \/>\n<meta property=\"og:title\" content=\"Governo do Estado inicia cursos para formar mais 227 bombeiros militares em MS - MsConectado\" \/>\n<meta property=\"og:description\" content=\"O Governo do Estado, por meio do Corpo de Bombeiros Militar, iniciou nesta segunda-feira os cursos com 227 novos militares, fortalecendo seu compromisso com a seguran\u00e7a e o bem-estar da sociedade sul-mato-grossense. S\u00e3o tr\u00eas cursos distintos: o Curso de Forma\u00e7\u00e3o de Oficiais Combatentes (CFO) com 10 cadetes, o Curso B\u00e1sico de Forma\u00e7\u00e3o de Oficiais Especialistas [&hellip;]\" \/>\n<meta property=\"og:url\" content=\"https:\/\/msconectado.com.br\/?p=20898\" \/>\n<meta property=\"og:site_name\" content=\"MsConectado\" \/>\n<meta property=\"article:published_time\" content=\"2024-01-16T18:53:26+00:00\" \/>\n<meta property=\"article:modified_time\" content=\"2024-01-16T18:53:27+00:00\" \/>\n<meta property=\"og:image\" content=\"https:\/\/msconectado.com.br\/wp-content\/uploads\/2024\/01\/WhatsApp-Image-2024-01-15-at-15.35.42.jpeg\" \/>\n\t<meta property=\"og:image:width\" content=\"1280\" \/>\n\t<meta property=\"og:image:height\" content=\"960\" \/>\n\t<meta property=\"og:image:type\" content=\"image\/jpeg\" \/>\n<meta name=\"author\" content=\"Jeferson\" \/>\n<meta name=\"twitter:card\" content=\"summary_large_image\" \/>\n<meta name=\"twitter:label1\" content=\"Escrito por\" \/>\n\t<meta name=\"twitter:data1\" content=\"Jeferson\" \/>\n\t<meta name=\"twitter:label2\" content=\"Est. tempo de leitura\" \/>\n\t<meta name=\"twitter:data2\" content=\"2 minutos\" \/>\n<script type=\"application\/ld+json\" class=\"yoast-schema-graph\">{\"@context\":\"https:\\\/\\\/schema.org\",\"@graph\":[{\"@type\":\"Article\",\"@id\":\"https:\\\/\\\/msconectado.com.br\\\/?p=20898#article\",\"isPartOf\":{\"@id\":\"https:\\\/\\\/msconectado.com.br\\\/?p=20898\"},\"author\":{\"name\":\"Jeferson\",\"@id\":\"https:\\\/\\\/msconectado.com.br\\\/#\\\/schema\\\/person\\\/feb123a95a93eebea36f0ed6a2e5ba48\"},\"headline\":\"Governo do Estado inicia cursos para formar mais 227 bombeiros militares em MS\",\"datePublished\":\"2024-01-16T18:53:26+00:00\",\"dateModified\":\"2024-01-16T18:53:27+00:00\",\"mainEntityOfPage\":{\"@id\":\"https:\\\/\\\/msconectado.com.br\\\/?p=20898\"},\"wordCount\":459,\"commentCount\":0,\"publisher\":{\"@id\":\"https:\\\/\\\/msconectado.com.br\\\/#organization\"},\"image\":{\"@id\":\"https:\\\/\\\/msconectado.com.br\\\/?p=20898#primaryimage\"},\"thumbnailUrl\":\"https:\\\/\\\/msconectado.com.br\\\/wp-content\\\/uploads\\\/2024\\\/01\\\/WhatsApp-Image-2024-01-15-at-15.35.42.jpeg\",\"articleSection\":[\"Not\u00edcia\"],\"inLanguage\":\"pt-BR\",\"potentialAction\":[{\"@type\":\"CommentAction\",\"name\":\"Comment\",\"target\":[\"https:\\\/\\\/msconectado.com.br\\\/?p=20898#respond\"]}]},{\"@type\":\"WebPage\",\"@id\":\"https:\\\/\\\/msconectado.com.br\\\/?p=20898\",\"url\":\"https:\\\/\\\/msconectado.com.br\\\/?p=20898\",\"name\":\"Governo do Estado inicia cursos para formar mais 227 bombeiros militares em MS - MsConectado\",\"isPartOf\":{\"@id\":\"https:\\\/\\\/msconectado.com.br\\\/#website\"},\"primaryImageOfPage\":{\"@id\":\"https:\\\/\\\/msconectado.com.br\\\/?p=20898#primaryimage\"},\"image\":{\"@id\":\"https:\\\/\\\/msconectado.com.br\\\/?p=20898#primaryimage\"},\"thumbnailUrl\":\"https:\\\/\\\/msconectado.com.br\\\/wp-content\\\/uploads\\\/2024\\\/01\\\/WhatsApp-Image-2024-01-15-at-15.35.42.jpeg\",\"datePublished\":\"2024-01-16T18:53:26+00:00\",\"dateModified\":\"2024-01-16T18:53:27+00:00\",\"breadcrumb\":{\"@id\":\"https:\\\/\\\/msconectado.com.br\\\/?p=20898#breadcrumb\"},\"inLanguage\":\"pt-BR\",\"potentialAction\":[{\"@type\":\"ReadAction\",\"target\":[\"https:\\\/\\\/msconectado.com.br\\\/?p=20898\"]}]},{\"@type\":\"ImageObject\",\"inLanguage\":\"pt-BR\",\"@id\":\"https:\\\/\\\/msconectado.com.br\\\/?p=20898#primaryimage\",\"url\":\"https:\\\/\\\/msconectado.com.br\\\/wp-content\\\/uploads\\\/2024\\\/01\\\/WhatsApp-Image-2024-01-15-at-15.35.42.jpeg\",\"contentUrl\":\"https:\\\/\\\/msconectado.com.br\\\/wp-content\\\/uploads\\\/2024\\\/01\\\/WhatsApp-Image-2024-01-15-at-15.35.42.jpeg\",\"width\":1280,\"height\":960},{\"@type\":\"BreadcrumbList\",\"@id\":\"https:\\\/\\\/msconectado.com.br\\\/?p=20898#breadcrumb\",\"itemListElement\":[{\"@type\":\"ListItem\",\"position\":1,\"name\":\"In\u00edcio\",\"item\":\"https:\\\/\\\/msconectado.com.br\\\/\"},{\"@type\":\"ListItem\",\"position\":2,\"name\":\"Governo do Estado inicia cursos para formar mais 227 bombeiros militares em MS\"}]},{\"@type\":\"WebSite\",\"@id\":\"https:\\\/\\\/msconectado.com.br\\\/#website\",\"url\":\"https:\\\/\\\/msconectado.com.br\\\/\",\"name\":\"MsConectado\",\"description\":\"Voc\u00ea Conectado com a Not\u00edcia!\",\"publisher\":{\"@id\":\"https:\\\/\\\/msconectado.com.br\\\/#organization\"},\"potentialAction\":[{\"@type\":\"SearchAction\",\"target\":{\"@type\":\"EntryPoint\",\"urlTemplate\":\"https:\\\/\\\/msconectado.com.br\\\/?s={search_term_string}\"},\"query-input\":{\"@type\":\"PropertyValueSpecification\",\"valueRequired\":true,\"valueName\":\"search_term_string\"}}],\"inLanguage\":\"pt-BR\"},{\"@type\":\"Organization\",\"@id\":\"https:\\\/\\\/msconectado.com.br\\\/#organization\",\"name\":\"MsConectado\",\"url\":\"https:\\\/\\\/msconectado.com.br\\\/\",\"logo\":{\"@type\":\"ImageObject\",\"inLanguage\":\"pt-BR\",\"@id\":\"https:\\\/\\\/msconectado.com.br\\\/#\\\/schema\\\/logo\\\/image\\\/\",\"url\":\"https:\\\/\\\/msconectado.com.br\\\/wp-content\\\/uploads\\\/2023\\\/01\\\/cropped-noticia-2.png\",\"contentUrl\":\"https:\\\/\\\/msconectado.com.br\\\/wp-content\\\/uploads\\\/2023\\\/01\\\/cropped-noticia-2.png\",\"width\":720,\"height\":157,\"caption\":\"MsConectado\"},\"image\":{\"@id\":\"https:\\\/\\\/msconectado.com.br\\\/#\\\/schema\\\/logo\\\/image\\\/\"}},{\"@type\":\"Person\",\"@id\":\"https:\\\/\\\/msconectado.com.br\\\/#\\\/schema\\\/person\\\/feb123a95a93eebea36f0ed6a2e5ba48\",\"name\":\"Jeferson\",\"image\":{\"@type\":\"ImageObject\",\"inLanguage\":\"pt-BR\",\"@id\":\"https:\\\/\\\/secure.gravatar.com\\\/avatar\\\/e23e8901c88f0cdc0ad479ef7a39bf3e4c806344549c087c00b721a65549a328?s=96&d=mm&r=g\",\"url\":\"https:\\\/\\\/secure.gravatar.com\\\/avatar\\\/e23e8901c88f0cdc0ad479ef7a39bf3e4c806344549c087c00b721a65549a328?s=96&d=mm&r=g\",\"contentUrl\":\"https:\\\/\\\/secure.gravatar.com\\\/avatar\\\/e23e8901c88f0cdc0ad479ef7a39bf3e4c806344549c087c00b721a65549a328?s=96&d=mm&r=g\",\"caption\":\"Jeferson\"},\"url\":\"https:\\\/\\\/msconectado.com.br\\\/?author=3\"}]}<\/script>\n<!-- \/ Yoast SEO plugin. -->","yoast_head_json":{"title":"Governo do Estado inicia cursos para formar mais 227 bombeiros militares em MS - MsConectado","robots":{"index":"index","follow":"follow","max-snippet":"max-snippet:-1","max-image-preview":"max-image-preview:large","max-video-preview":"max-video-preview:-1"},"canonical":"https:\/\/msconectado.com.br\/?p=20898","og_locale":"pt_BR","og_type":"article","og_title":"Governo do Estado inicia cursos para formar mais 227 bombeiros militares em MS - MsConectado","og_description":"O Governo do Estado, por meio do Corpo de Bombeiros Militar, iniciou nesta segunda-feira os cursos com 227 novos militares, fortalecendo seu compromisso com a seguran\u00e7a e o bem-estar da sociedade sul-mato-grossense. S\u00e3o tr\u00eas cursos distintos: o Curso de Forma\u00e7\u00e3o de Oficiais Combatentes (CFO) com 10 cadetes, o Curso B\u00e1sico de Forma\u00e7\u00e3o de Oficiais Especialistas [&hellip;]","og_url":"https:\/\/msconectado.com.br\/?p=20898","og_site_name":"MsConectado","article_published_time":"2024-01-16T18:53:26+00:00","article_modified_time":"2024-01-16T18:53:27+00:00","og_image":[{"width":1280,"height":960,"url":"https:\/\/msconectado.com.br\/wp-content\/uploads\/2024\/01\/WhatsApp-Image-2024-01-15-at-15.35.42.jpeg","type":"image\/jpeg"}],"author":"Jeferson","twitter_card":"summary_large_image","twitter_misc":{"Escrito por":"Jeferson","Est. tempo de leitura":"2 minutos"},"schema":{"@context":"https:\/\/schema.org","@graph":[{"@type":"Article","@id":"https:\/\/msconectado.com.br\/?p=20898#article","isPartOf":{"@id":"https:\/\/msconectado.com.br\/?p=20898"},"author":{"name":"Jeferson","@id":"https:\/\/msconectado.com.br\/#\/schema\/person\/feb123a95a93eebea36f0ed6a2e5ba48"},"headline":"Governo do Estado inicia cursos para formar mais 227 bombeiros militares em MS","datePublished":"2024-01-16T18:53:26+00:00","dateModified":"2024-01-16T18:53:27+00:00","mainEntityOfPage":{"@id":"https:\/\/msconectado.com.br\/?p=20898"},"wordCount":459,"commentCount":0,"publisher":{"@id":"https:\/\/msconectado.com.br\/#organization"},"image":{"@id":"https:\/\/msconectado.com.br\/?p=20898#primaryimage"},"thumbnailUrl":"https:\/\/msconectado.com.br\/wp-content\/uploads\/2024\/01\/WhatsApp-Image-2024-01-15-at-15.35.42.jpeg","articleSection":["Not\u00edcia"],"inLanguage":"pt-BR","potentialAction":[{"@type":"CommentAction","name":"Comment","target":["https:\/\/msconectado.com.br\/?p=20898#respond"]}]},{"@type":"WebPage","@id":"https:\/\/msconectado.com.br\/?p=20898","url":"https:\/\/msconectado.com.br\/?p=20898","name":"Governo do Estado inicia cursos para formar mais 227 bombeiros militares em MS - MsConectado","isPartOf":{"@id":"https:\/\/msconectado.com.br\/#website"},"primaryImageOfPage":{"@id":"https:\/\/msconectado.com.br\/?p=20898#primaryimage"},"image":{"@id":"https:\/\/msconectado.com.br\/?p=20898#primaryimage"},"thumbnailUrl":"https:\/\/msconectado.com.br\/wp-content\/uploads\/2024\/01\/WhatsApp-Image-2024-01-15-at-15.35.42.jpeg","datePublished":"2024-01-16T18:53:26+00:00","dateModified":"2024-01-16T18:53:27+00:00","breadcrumb":{"@id":"https:\/\/msconectado.com.br\/?p=20898#breadcrumb"},"inLanguage":"pt-BR","potentialAction":[{"@type":"ReadAction","target":["https:\/\/msconectado.com.br\/?p=20898"]}]},{"@type":"ImageObject","inLanguage":"pt-BR","@id":"https:\/\/msconectado.com.br\/?p=20898#primaryimage","url":"https:\/\/msconectado.com.br\/wp-content\/uploads\/2024\/01\/WhatsApp-Image-2024-01-15-at-15.35.42.jpeg","contentUrl":"https:\/\/msconectado.com.br\/wp-content\/uploads\/2024\/01\/WhatsApp-Image-2024-01-15-at-15.35.42.jpeg","width":1280,"height":960},{"@type":"BreadcrumbList","@id":"https:\/\/msconectado.com.br\/?p=20898#breadcrumb","itemListElement":[{"@type":"ListItem","position":1,"name":"In\u00edcio","item":"https:\/\/msconectado.com.br\/"},{"@type":"ListItem","position":2,"name":"Governo do Estado inicia cursos para formar mais 227 bombeiros militares em MS"}]},{"@type":"WebSite","@id":"https:\/\/msconectado.com.br\/#website","url":"https:\/\/msconectado.com.br\/","name":"MsConectado","description":"Voc\u00ea Conectado com a Not\u00edcia!","publisher":{"@id":"https:\/\/msconectado.com.br\/#organization"},"potentialAction":[{"@type":"SearchAction","target":{"@type":"EntryPoint","urlTemplate":"https:\/\/msconectado.com.br\/?s={search_term_string}"},"query-input":{"@type":"PropertyValueSpecification","valueRequired":true,"valueName":"search_term_string"}}],"inLanguage":"pt-BR"},{"@type":"Organization","@id":"https:\/\/msconectado.com.br\/#organization","name":"MsConectado","url":"https:\/\/msconectado.com.br\/","logo":{"@type":"ImageObject","inLanguage":"pt-BR","@id":"https:\/\/msconectado.com.br\/#\/schema\/logo\/image\/","url":"https:\/\/msconectado.com.br\/wp-content\/uploads\/2023\/01\/cropped-noticia-2.png","contentUrl":"https:\/\/msconectado.com.br\/wp-content\/uploads\/2023\/01\/cropped-noticia-2.png","width":720,"height":157,"caption":"MsConectado"},"image":{"@id":"https:\/\/msconectado.com.br\/#\/schema\/logo\/image\/"}},{"@type":"Person","@id":"https:\/\/msconectado.com.br\/#\/schema\/person\/feb123a95a93eebea36f0ed6a2e5ba48","name":"Jeferson","image":{"@type":"ImageObject","inLanguage":"pt-BR","@id":"https:\/\/secure.gravatar.com\/avatar\/e23e8901c88f0cdc0ad479ef7a39bf3e4c806344549c087c00b721a65549a328?s=96&d=mm&r=g","url":"https:\/\/secure.gravatar.com\/avatar\/e23e8901c88f0cdc0ad479ef7a39bf3e4c806344549c087c00b721a65549a328?s=96&d=mm&r=g","contentUrl":"https:\/\/secure.gravatar.com\/avatar\/e23e8901c88f0cdc0ad479ef7a39bf3e4c806344549c087c00b721a65549a328?s=96&d=mm&r=g","caption":"Jeferson"},"url":"https:\/\/msconectado.com.br\/?author=3"}]}},"_links":{"self":[{"href":"https:\/\/msconectado.com.br\/index.php?rest_route=\/wp\/v2\/posts\/20898","targetHints":{"allow":["GET"]}}],"collection":[{"href":"https:\/\/msconectado.com.br\/index.php?rest_route=\/wp\/v2\/posts"}],"about":[{"href":"https:\/\/msconectado.com.br\/index.php?rest_route=\/wp\/v2\/types\/post"}],"author":[{"embeddable":true,"href":"https:\/\/msconectado.com.br\/index.php?rest_route=\/wp\/v2\/users\/3"}],"replies":[{"embeddable":true,"href":"https:\/\/msconectado.com.br\/index.php?rest_route=%2Fwp%2Fv2%2Fcomments&post=20898"}],"version-history":[{"count":1,"href":"https:\/\/msconectado.com.br\/index.php?rest_route=\/wp\/v2\/posts\/20898\/revisions"}],"predecessor-version":[{"id":20900,"href":"https:\/\/msconectado.com.br\/index.php?rest_route=\/wp\/v2\/posts\/20898\/revisions\/20900"}],"wp:featuredmedia":[{"embeddable":true,"href":"https:\/\/msconectado.com.br\/index.php?rest_route=\/wp\/v2\/media\/20899"}],"wp:attachment":[{"href":"https:\/\/msconectado.com.br\/index.php?rest_route=%2Fwp%2Fv2%2Fmedia&parent=20898"}],"wp:term":[{"taxonomy":"category","embeddable":true,"href":"https:\/\/msconectado.com.br\/index.php?rest_route=%2Fwp%2Fv2%2Fcategories&post=20898"},{"taxonomy":"post_tag","embeddable":true,"href":"https:\/\/msconectado.com.br\/index.php?rest_route=%2Fwp%2Fv2%2Ftags&post=20898"}],"curies":[{"name":"wp","href":"https:\/\/api.w.org\/{rel}","templated":true}]}}