
{"id":20910,"date":"2024-01-17T22:30:10","date_gmt":"2024-01-17T22:30:10","guid":{"rendered":"https:\/\/msconectado.com.br\/?p=20910"},"modified":"2024-01-17T22:30:12","modified_gmt":"2024-01-17T22:30:12","slug":"pela-1a-vez-administrativos-da-educacao-terao-uniforme-confira-como-sera-vestimenta-de-alunos-e-funcionarios","status":"publish","type":"post","link":"https:\/\/msconectado.com.br\/?p=20910","title":{"rendered":"Pela 1\u00aa vez, administrativos da educa\u00e7\u00e3o ter\u00e3o uniforme; confira como ser\u00e1 vestimenta de alunos e funcion\u00e1rios"},"content":{"rendered":"\n<p>O Governo do Estado de Mato Grosso do Sul vai entregar uniformes para servidores administrativos que atuam nas 349 unidades da REE (Rede Estadual de Ensino).<\/p>\n\n\n\n<p>A medida faz parte das a\u00e7\u00f5es desenvolvidas pelo Governo do Estado, que valoriza a educa\u00e7\u00e3o e mant\u00e9m a\u00e7\u00f5es que garantem a qualidade do ensino nas unidades da rede estadual e tamb\u00e9m para o trabalho dos profissionais que atuam na \u00e1rea.<\/p>\n\n\n\n<p>\u201c\u00c9 a primeira vez os nossos administrativos v\u00e3o ter uniforme tamb\u00e9m, os servidores da rede v\u00e3o ter a camiseta a disposi\u00e7\u00e3o deles para trabalhar\u201d, disse o governador Eduardo Riedel.<\/p>\n\n\n\n<p>Al\u00e9m dos aproximadamente 6 mil servidores administrativos da educa\u00e7\u00e3o, que v\u00e3o receber uniformes de trabalho nas escolas estaduais dos 79 munic\u00edpios, a SED (Secretaria de Estado de Educa\u00e7\u00e3o) tamb\u00e9m vai entregar uniformes para todos os alunos em 2024. Cada estudante vai receber duas camisetas novas, na cor azul.&nbsp;<\/p>\n\n\n\n<p>Os trabalhadores administrativos devem receber uma camiseta polo, que comp\u00f5e o uniforme de trabalho, j\u00e1 os alunos v\u00e3o receber camiseta. Este ano, os uniformes foram atualizados e ser\u00e3o na cor azul, com detalhes em verde.<\/p>\n\n\n\n<p>A previs\u00e3o \u00e9 de que os uniformes sejam entregues no in\u00edcio do ano letivo, previsto para come\u00e7ar no dia 21 de fevereiro. A SED prev\u00ea atender, este ano, mais de 200 mil alunos nas unidades da Rede Estadual de Ensino.<\/p>\n\n\n\n<p><strong>Ano letivo<\/strong><\/p>\n\n\n\n<p>O ano letivo de 2024 come\u00e7a no dia 21 de fevereiro e o t\u00e9rmino das aulas est\u00e1 marcado para 13 de dezembro de 2024. O recesso escolar acontecer\u00e1 entre os dias 17 e 31 julho, conforme o calend\u00e1rio divulgado pela SED.&nbsp;<\/p>\n\n\n\n<p>J\u00e1 o in\u00edcio das atividades para professores e demais funcion\u00e1rios das escolas come\u00e7a no dia 1\u00b0 de fevereiro, nas 348 unidades escolares e centros da REE, dos 79 munic\u00edpios de Mato Grosso do Sul. A forma\u00e7\u00e3o continuada voltada para a prepara\u00e7\u00e3o das equipes escolares acontece entre 08 a 20 de fevereiro de 2024. O t\u00e9rmino do ano escolar est\u00e1 previsto para o dia 20 de dezembro de 2024.<\/p>\n\n\n\n<p><strong>Investimentos<\/strong><\/p>\n\n\n\n<p>O ano de 2023 foi marcado por intensos investimentos do Governo do Estado na Educa\u00e7\u00e3o, em infraestrutura, tecnologia e tamb\u00e9m na melhoria salarial dos professores. Os professores efetivos da REE, com carga hor\u00e1ria de 40h semanais, passaram a receber R$ 11.935,46, que \u00e9 o maior sal\u00e1rio para professor no Brasil na educa\u00e7\u00e3o b\u00e1sica.<\/p>\n\n\n<div class=\"wp-block-image\">\n<figure class=\"aligncenter\"><a href=\"https:\/\/agenciadenoticias.ms.gov.br\/wp-content\/uploads\/2024\/01\/Reforma-da-Escola-Estadual-Ada-Teixeira-Foto-Bruno-Rezende-01-scaled.jpg\"><img decoding=\"async\" src=\"https:\/\/agenciadenoticias.ms.gov.br\/wp-content\/uploads\/2024\/01\/Reforma-da-Escola-Estadual-Ada-Teixeira-Foto-Bruno-Rezende-01-1024x683.jpg\" alt=\"\"\/><\/a><\/figure>\n<\/div>\n\n<div class=\"wp-block-image\">\n<figure class=\"aligncenter\"><a href=\"https:\/\/agenciadenoticias.ms.gov.br\/wp-content\/uploads\/2024\/01\/Reforma-da-Escola-Estadual-Ada-Teixeira-Foto-Bruno-Rezende-02-scaled.jpg\"><img decoding=\"async\" src=\"https:\/\/agenciadenoticias.ms.gov.br\/wp-content\/uploads\/2024\/01\/Reforma-da-Escola-Estadual-Ada-Teixeira-Foto-Bruno-Rezende-02-1024x683.jpg\" alt=\"\"\/><\/a><figcaption class=\"wp-element-caption\">Fotos: Bruno Rezende<\/figcaption><\/figure>\n<\/div>\n\n\n<p>O Governo do Estado finalizou o ano de 2023 com R$ 313 milh\u00f5es investidos na reforma e amplia\u00e7\u00e3o de 63 escolas estaduais, com interven\u00e7\u00f5es parcial ou total, Al\u00e9m da Capital, mais 33 munic\u00edpios do interior foram contemplados com obras nas unidades de ensino.<\/p>\n\n\n\n<p>Este ano o Governo do Estado realiza a reforma de 125 escolas da Rede Estadual de Ensino, e muitas j\u00e1 estar\u00e3o dispon\u00edveis no come\u00e7o do ano letivo.<\/p>\n\n\n\n<p><em>Natalia Yahn, Comunica\u00e7\u00e3o Governo de MS<\/em><br><em>Fotos: Saul Schramm<\/em><\/p>\n","protected":false},"excerpt":{"rendered":"<p>O Governo do Estado de Mato Grosso do Sul vai entregar uniformes para servidores administrativos que atuam nas 349 unidades da REE (Rede Estadual de Ensino). A medida faz parte das a\u00e7\u00f5es desenvolvidas pelo Governo do Estado, que valoriza a educa\u00e7\u00e3o e mant\u00e9m a\u00e7\u00f5es que garantem a qualidade do ensino nas unidades da rede estadual [&hellip;]<\/p>\n","protected":false},"author":2,"featured_media":20911,"comment_status":"open","ping_status":"closed","sticky":false,"template":"","format":"standard","meta":{"footnotes":""},"categories":[35,1],"tags":[],"class_list":["post-20910","post","type-post","status-publish","format-standard","has-post-thumbnail","hentry","category-cidades","category-noticia"],"yoast_head":"<!-- This site is optimized with the Yoast SEO plugin v27.5 - https:\/\/yoast.com\/product\/yoast-seo-wordpress\/ -->\n<title>Pela 1\u00aa vez, administrativos da educa\u00e7\u00e3o ter\u00e3o uniforme; confira como ser\u00e1 vestimenta de alunos e funcion\u00e1rios - MsConectado<\/title>\n<meta name=\"robots\" content=\"index, follow, max-snippet:-1, max-image-preview:large, max-video-preview:-1\" \/>\n<link rel=\"canonical\" href=\"https:\/\/msconectado.com.br\/?p=20910\" \/>\n<meta property=\"og:locale\" content=\"pt_BR\" \/>\n<meta property=\"og:type\" content=\"article\" \/>\n<meta property=\"og:title\" content=\"Pela 1\u00aa vez, administrativos da educa\u00e7\u00e3o ter\u00e3o uniforme; confira como ser\u00e1 vestimenta de alunos e funcion\u00e1rios - MsConectado\" \/>\n<meta property=\"og:description\" content=\"O Governo do Estado de Mato Grosso do Sul vai entregar uniformes para servidores administrativos que atuam nas 349 unidades da REE (Rede Estadual de Ensino). A medida faz parte das a\u00e7\u00f5es desenvolvidas pelo Governo do Estado, que valoriza a educa\u00e7\u00e3o e mant\u00e9m a\u00e7\u00f5es que garantem a qualidade do ensino nas unidades da rede estadual [&hellip;]\" \/>\n<meta property=\"og:url\" content=\"https:\/\/msconectado.com.br\/?p=20910\" \/>\n<meta property=\"og:site_name\" content=\"MsConectado\" \/>\n<meta property=\"article:published_time\" content=\"2024-01-17T22:30:10+00:00\" \/>\n<meta property=\"article:modified_time\" content=\"2024-01-17T22:30:12+00:00\" \/>\n<meta property=\"og:image\" content=\"https:\/\/msconectado.com.br\/wp-content\/uploads\/2024\/01\/left_or_right_Limpeza_Antero-1.jpg\" \/>\n\t<meta property=\"og:image:width\" content=\"1920\" \/>\n\t<meta property=\"og:image:height\" content=\"1280\" \/>\n\t<meta property=\"og:image:type\" content=\"image\/jpeg\" \/>\n<meta name=\"author\" content=\"MsConectado\" \/>\n<meta name=\"twitter:card\" content=\"summary_large_image\" \/>\n<meta name=\"twitter:label1\" content=\"Escrito por\" \/>\n\t<meta name=\"twitter:data1\" content=\"MsConectado\" \/>\n\t<meta name=\"twitter:label2\" content=\"Est. tempo de leitura\" \/>\n\t<meta name=\"twitter:data2\" content=\"2 minutos\" \/>\n<script type=\"application\/ld+json\" class=\"yoast-schema-graph\">{\"@context\":\"https:\\\/\\\/schema.org\",\"@graph\":[{\"@type\":\"Article\",\"@id\":\"https:\\\/\\\/msconectado.com.br\\\/?p=20910#article\",\"isPartOf\":{\"@id\":\"https:\\\/\\\/msconectado.com.br\\\/?p=20910\"},\"author\":{\"name\":\"MsConectado\",\"@id\":\"https:\\\/\\\/msconectado.com.br\\\/#\\\/schema\\\/person\\\/e5585545b5687092f1041d350b6e2c16\"},\"headline\":\"Pela 1\u00aa vez, administrativos da educa\u00e7\u00e3o ter\u00e3o uniforme; confira como ser\u00e1 vestimenta de alunos e funcion\u00e1rios\",\"datePublished\":\"2024-01-17T22:30:10+00:00\",\"dateModified\":\"2024-01-17T22:30:12+00:00\",\"mainEntityOfPage\":{\"@id\":\"https:\\\/\\\/msconectado.com.br\\\/?p=20910\"},\"wordCount\":501,\"commentCount\":0,\"publisher\":{\"@id\":\"https:\\\/\\\/msconectado.com.br\\\/#organization\"},\"image\":{\"@id\":\"https:\\\/\\\/msconectado.com.br\\\/?p=20910#primaryimage\"},\"thumbnailUrl\":\"https:\\\/\\\/msconectado.com.br\\\/wp-content\\\/uploads\\\/2024\\\/01\\\/left_or_right_Limpeza_Antero-1.jpg\",\"articleSection\":[\"Cidades\",\"Not\u00edcia\"],\"inLanguage\":\"pt-BR\",\"potentialAction\":[{\"@type\":\"CommentAction\",\"name\":\"Comment\",\"target\":[\"https:\\\/\\\/msconectado.com.br\\\/?p=20910#respond\"]}]},{\"@type\":\"WebPage\",\"@id\":\"https:\\\/\\\/msconectado.com.br\\\/?p=20910\",\"url\":\"https:\\\/\\\/msconectado.com.br\\\/?p=20910\",\"name\":\"Pela 1\u00aa vez, administrativos da educa\u00e7\u00e3o ter\u00e3o uniforme; confira como ser\u00e1 vestimenta de alunos e funcion\u00e1rios - MsConectado\",\"isPartOf\":{\"@id\":\"https:\\\/\\\/msconectado.com.br\\\/#website\"},\"primaryImageOfPage\":{\"@id\":\"https:\\\/\\\/msconectado.com.br\\\/?p=20910#primaryimage\"},\"image\":{\"@id\":\"https:\\\/\\\/msconectado.com.br\\\/?p=20910#primaryimage\"},\"thumbnailUrl\":\"https:\\\/\\\/msconectado.com.br\\\/wp-content\\\/uploads\\\/2024\\\/01\\\/left_or_right_Limpeza_Antero-1.jpg\",\"datePublished\":\"2024-01-17T22:30:10+00:00\",\"dateModified\":\"2024-01-17T22:30:12+00:00\",\"breadcrumb\":{\"@id\":\"https:\\\/\\\/msconectado.com.br\\\/?p=20910#breadcrumb\"},\"inLanguage\":\"pt-BR\",\"potentialAction\":[{\"@type\":\"ReadAction\",\"target\":[\"https:\\\/\\\/msconectado.com.br\\\/?p=20910\"]}]},{\"@type\":\"ImageObject\",\"inLanguage\":\"pt-BR\",\"@id\":\"https:\\\/\\\/msconectado.com.br\\\/?p=20910#primaryimage\",\"url\":\"https:\\\/\\\/msconectado.com.br\\\/wp-content\\\/uploads\\\/2024\\\/01\\\/left_or_right_Limpeza_Antero-1.jpg\",\"contentUrl\":\"https:\\\/\\\/msconectado.com.br\\\/wp-content\\\/uploads\\\/2024\\\/01\\\/left_or_right_Limpeza_Antero-1.jpg\",\"width\":1920,\"height\":1280},{\"@type\":\"BreadcrumbList\",\"@id\":\"https:\\\/\\\/msconectado.com.br\\\/?p=20910#breadcrumb\",\"itemListElement\":[{\"@type\":\"ListItem\",\"position\":1,\"name\":\"In\u00edcio\",\"item\":\"https:\\\/\\\/msconectado.com.br\\\/\"},{\"@type\":\"ListItem\",\"position\":2,\"name\":\"Pela 1\u00aa vez, administrativos da educa\u00e7\u00e3o ter\u00e3o uniforme; confira como ser\u00e1 vestimenta de alunos e funcion\u00e1rios\"}]},{\"@type\":\"WebSite\",\"@id\":\"https:\\\/\\\/msconectado.com.br\\\/#website\",\"url\":\"https:\\\/\\\/msconectado.com.br\\\/\",\"name\":\"MsConectado\",\"description\":\"Voc\u00ea Conectado com a Not\u00edcia!\",\"publisher\":{\"@id\":\"https:\\\/\\\/msconectado.com.br\\\/#organization\"},\"potentialAction\":[{\"@type\":\"SearchAction\",\"target\":{\"@type\":\"EntryPoint\",\"urlTemplate\":\"https:\\\/\\\/msconectado.com.br\\\/?s={search_term_string}\"},\"query-input\":{\"@type\":\"PropertyValueSpecification\",\"valueRequired\":true,\"valueName\":\"search_term_string\"}}],\"inLanguage\":\"pt-BR\"},{\"@type\":\"Organization\",\"@id\":\"https:\\\/\\\/msconectado.com.br\\\/#organization\",\"name\":\"MsConectado\",\"url\":\"https:\\\/\\\/msconectado.com.br\\\/\",\"logo\":{\"@type\":\"ImageObject\",\"inLanguage\":\"pt-BR\",\"@id\":\"https:\\\/\\\/msconectado.com.br\\\/#\\\/schema\\\/logo\\\/image\\\/\",\"url\":\"https:\\\/\\\/msconectado.com.br\\\/wp-content\\\/uploads\\\/2023\\\/01\\\/cropped-noticia-2.png\",\"contentUrl\":\"https:\\\/\\\/msconectado.com.br\\\/wp-content\\\/uploads\\\/2023\\\/01\\\/cropped-noticia-2.png\",\"width\":720,\"height\":157,\"caption\":\"MsConectado\"},\"image\":{\"@id\":\"https:\\\/\\\/msconectado.com.br\\\/#\\\/schema\\\/logo\\\/image\\\/\"}},{\"@type\":\"Person\",\"@id\":\"https:\\\/\\\/msconectado.com.br\\\/#\\\/schema\\\/person\\\/e5585545b5687092f1041d350b6e2c16\",\"name\":\"MsConectado\",\"image\":{\"@type\":\"ImageObject\",\"inLanguage\":\"pt-BR\",\"@id\":\"https:\\\/\\\/secure.gravatar.com\\\/avatar\\\/3b4f84a0a8a4380ac4431fa79981d073692380c5da00ae97596e794ab0db5c8c?s=96&d=mm&r=g\",\"url\":\"https:\\\/\\\/secure.gravatar.com\\\/avatar\\\/3b4f84a0a8a4380ac4431fa79981d073692380c5da00ae97596e794ab0db5c8c?s=96&d=mm&r=g\",\"contentUrl\":\"https:\\\/\\\/secure.gravatar.com\\\/avatar\\\/3b4f84a0a8a4380ac4431fa79981d073692380c5da00ae97596e794ab0db5c8c?s=96&d=mm&r=g\",\"caption\":\"MsConectado\"},\"url\":\"https:\\\/\\\/msconectado.com.br\\\/?author=2\"}]}<\/script>\n<!-- \/ Yoast SEO plugin. -->","yoast_head_json":{"title":"Pela 1\u00aa vez, administrativos da educa\u00e7\u00e3o ter\u00e3o uniforme; confira como ser\u00e1 vestimenta de alunos e funcion\u00e1rios - MsConectado","robots":{"index":"index","follow":"follow","max-snippet":"max-snippet:-1","max-image-preview":"max-image-preview:large","max-video-preview":"max-video-preview:-1"},"canonical":"https:\/\/msconectado.com.br\/?p=20910","og_locale":"pt_BR","og_type":"article","og_title":"Pela 1\u00aa vez, administrativos da educa\u00e7\u00e3o ter\u00e3o uniforme; confira como ser\u00e1 vestimenta de alunos e funcion\u00e1rios - MsConectado","og_description":"O Governo do Estado de Mato Grosso do Sul vai entregar uniformes para servidores administrativos que atuam nas 349 unidades da REE (Rede Estadual de Ensino). A medida faz parte das a\u00e7\u00f5es desenvolvidas pelo Governo do Estado, que valoriza a educa\u00e7\u00e3o e mant\u00e9m a\u00e7\u00f5es que garantem a qualidade do ensino nas unidades da rede estadual [&hellip;]","og_url":"https:\/\/msconectado.com.br\/?p=20910","og_site_name":"MsConectado","article_published_time":"2024-01-17T22:30:10+00:00","article_modified_time":"2024-01-17T22:30:12+00:00","og_image":[{"width":1920,"height":1280,"url":"https:\/\/msconectado.com.br\/wp-content\/uploads\/2024\/01\/left_or_right_Limpeza_Antero-1.jpg","type":"image\/jpeg"}],"author":"MsConectado","twitter_card":"summary_large_image","twitter_misc":{"Escrito por":"MsConectado","Est. tempo de leitura":"2 minutos"},"schema":{"@context":"https:\/\/schema.org","@graph":[{"@type":"Article","@id":"https:\/\/msconectado.com.br\/?p=20910#article","isPartOf":{"@id":"https:\/\/msconectado.com.br\/?p=20910"},"author":{"name":"MsConectado","@id":"https:\/\/msconectado.com.br\/#\/schema\/person\/e5585545b5687092f1041d350b6e2c16"},"headline":"Pela 1\u00aa vez, administrativos da educa\u00e7\u00e3o ter\u00e3o uniforme; confira como ser\u00e1 vestimenta de alunos e funcion\u00e1rios","datePublished":"2024-01-17T22:30:10+00:00","dateModified":"2024-01-17T22:30:12+00:00","mainEntityOfPage":{"@id":"https:\/\/msconectado.com.br\/?p=20910"},"wordCount":501,"commentCount":0,"publisher":{"@id":"https:\/\/msconectado.com.br\/#organization"},"image":{"@id":"https:\/\/msconectado.com.br\/?p=20910#primaryimage"},"thumbnailUrl":"https:\/\/msconectado.com.br\/wp-content\/uploads\/2024\/01\/left_or_right_Limpeza_Antero-1.jpg","articleSection":["Cidades","Not\u00edcia"],"inLanguage":"pt-BR","potentialAction":[{"@type":"CommentAction","name":"Comment","target":["https:\/\/msconectado.com.br\/?p=20910#respond"]}]},{"@type":"WebPage","@id":"https:\/\/msconectado.com.br\/?p=20910","url":"https:\/\/msconectado.com.br\/?p=20910","name":"Pela 1\u00aa vez, administrativos da educa\u00e7\u00e3o ter\u00e3o uniforme; confira como ser\u00e1 vestimenta de alunos e funcion\u00e1rios - MsConectado","isPartOf":{"@id":"https:\/\/msconectado.com.br\/#website"},"primaryImageOfPage":{"@id":"https:\/\/msconectado.com.br\/?p=20910#primaryimage"},"image":{"@id":"https:\/\/msconectado.com.br\/?p=20910#primaryimage"},"thumbnailUrl":"https:\/\/msconectado.com.br\/wp-content\/uploads\/2024\/01\/left_or_right_Limpeza_Antero-1.jpg","datePublished":"2024-01-17T22:30:10+00:00","dateModified":"2024-01-17T22:30:12+00:00","breadcrumb":{"@id":"https:\/\/msconectado.com.br\/?p=20910#breadcrumb"},"inLanguage":"pt-BR","potentialAction":[{"@type":"ReadAction","target":["https:\/\/msconectado.com.br\/?p=20910"]}]},{"@type":"ImageObject","inLanguage":"pt-BR","@id":"https:\/\/msconectado.com.br\/?p=20910#primaryimage","url":"https:\/\/msconectado.com.br\/wp-content\/uploads\/2024\/01\/left_or_right_Limpeza_Antero-1.jpg","contentUrl":"https:\/\/msconectado.com.br\/wp-content\/uploads\/2024\/01\/left_or_right_Limpeza_Antero-1.jpg","width":1920,"height":1280},{"@type":"BreadcrumbList","@id":"https:\/\/msconectado.com.br\/?p=20910#breadcrumb","itemListElement":[{"@type":"ListItem","position":1,"name":"In\u00edcio","item":"https:\/\/msconectado.com.br\/"},{"@type":"ListItem","position":2,"name":"Pela 1\u00aa vez, administrativos da educa\u00e7\u00e3o ter\u00e3o uniforme; confira como ser\u00e1 vestimenta de alunos e funcion\u00e1rios"}]},{"@type":"WebSite","@id":"https:\/\/msconectado.com.br\/#website","url":"https:\/\/msconectado.com.br\/","name":"MsConectado","description":"Voc\u00ea Conectado com a Not\u00edcia!","publisher":{"@id":"https:\/\/msconectado.com.br\/#organization"},"potentialAction":[{"@type":"SearchAction","target":{"@type":"EntryPoint","urlTemplate":"https:\/\/msconectado.com.br\/?s={search_term_string}"},"query-input":{"@type":"PropertyValueSpecification","valueRequired":true,"valueName":"search_term_string"}}],"inLanguage":"pt-BR"},{"@type":"Organization","@id":"https:\/\/msconectado.com.br\/#organization","name":"MsConectado","url":"https:\/\/msconectado.com.br\/","logo":{"@type":"ImageObject","inLanguage":"pt-BR","@id":"https:\/\/msconectado.com.br\/#\/schema\/logo\/image\/","url":"https:\/\/msconectado.com.br\/wp-content\/uploads\/2023\/01\/cropped-noticia-2.png","contentUrl":"https:\/\/msconectado.com.br\/wp-content\/uploads\/2023\/01\/cropped-noticia-2.png","width":720,"height":157,"caption":"MsConectado"},"image":{"@id":"https:\/\/msconectado.com.br\/#\/schema\/logo\/image\/"}},{"@type":"Person","@id":"https:\/\/msconectado.com.br\/#\/schema\/person\/e5585545b5687092f1041d350b6e2c16","name":"MsConectado","image":{"@type":"ImageObject","inLanguage":"pt-BR","@id":"https:\/\/secure.gravatar.com\/avatar\/3b4f84a0a8a4380ac4431fa79981d073692380c5da00ae97596e794ab0db5c8c?s=96&d=mm&r=g","url":"https:\/\/secure.gravatar.com\/avatar\/3b4f84a0a8a4380ac4431fa79981d073692380c5da00ae97596e794ab0db5c8c?s=96&d=mm&r=g","contentUrl":"https:\/\/secure.gravatar.com\/avatar\/3b4f84a0a8a4380ac4431fa79981d073692380c5da00ae97596e794ab0db5c8c?s=96&d=mm&r=g","caption":"MsConectado"},"url":"https:\/\/msconectado.com.br\/?author=2"}]}},"_links":{"self":[{"href":"https:\/\/msconectado.com.br\/index.php?rest_route=\/wp\/v2\/posts\/20910","targetHints":{"allow":["GET"]}}],"collection":[{"href":"https:\/\/msconectado.com.br\/index.php?rest_route=\/wp\/v2\/posts"}],"about":[{"href":"https:\/\/msconectado.com.br\/index.php?rest_route=\/wp\/v2\/types\/post"}],"author":[{"embeddable":true,"href":"https:\/\/msconectado.com.br\/index.php?rest_route=\/wp\/v2\/users\/2"}],"replies":[{"embeddable":true,"href":"https:\/\/msconectado.com.br\/index.php?rest_route=%2Fwp%2Fv2%2Fcomments&post=20910"}],"version-history":[{"count":1,"href":"https:\/\/msconectado.com.br\/index.php?rest_route=\/wp\/v2\/posts\/20910\/revisions"}],"predecessor-version":[{"id":20912,"href":"https:\/\/msconectado.com.br\/index.php?rest_route=\/wp\/v2\/posts\/20910\/revisions\/20912"}],"wp:featuredmedia":[{"embeddable":true,"href":"https:\/\/msconectado.com.br\/index.php?rest_route=\/wp\/v2\/media\/20911"}],"wp:attachment":[{"href":"https:\/\/msconectado.com.br\/index.php?rest_route=%2Fwp%2Fv2%2Fmedia&parent=20910"}],"wp:term":[{"taxonomy":"category","embeddable":true,"href":"https:\/\/msconectado.com.br\/index.php?rest_route=%2Fwp%2Fv2%2Fcategories&post=20910"},{"taxonomy":"post_tag","embeddable":true,"href":"https:\/\/msconectado.com.br\/index.php?rest_route=%2Fwp%2Fv2%2Ftags&post=20910"}],"curies":[{"name":"wp","href":"https:\/\/api.w.org\/{rel}","templated":true}]}}