
{"id":20914,"date":"2024-01-18T11:51:18","date_gmt":"2024-01-18T11:51:18","guid":{"rendered":"https:\/\/msconectado.com.br\/?p=20914"},"modified":"2024-01-18T11:51:20","modified_gmt":"2024-01-18T11:51:20","slug":"escola-agricola-laurindo-stragliotto-esta-com-pre-matriculas-abertas","status":"publish","type":"post","link":"https:\/\/msconectado.com.br\/?p=20914","title":{"rendered":"Escola Agr\u00edcola Laurindo Stragliotto est\u00e1 com pr\u00e9-matr\u00edculas abertas"},"content":{"rendered":"\n<p>Escola em tempo Integral, Escola Agr\u00edcola Laurindo Stragliotto, extens\u00e3o da Jo\u00e3o Pedro Fernandes para alunos do 6\u00ba ao 9\u00ba ano.<\/p>\n\n\n<div class=\"wp-block-image\">\n<figure class=\"aligncenter\"><img decoding=\"async\" src=\"https:\/\/robertziemann.com.br\/wp-content\/uploads\/2024\/01\/escola-agricola-II-450x253.jpg\" alt=\"\" class=\"wp-image-11277\"\/><\/figure>\n<\/div>\n\n\n<p>Em organiza\u00e7\u00e3o para o in\u00edcio do Ano Letivo, a Prefeitura de Maracaju, por meio da Secretaria Municipal de Educa\u00e7\u00e3o, d\u00e1 continuidade e mant\u00e9m em aberto o prazo da pr\u00e9-matr\u00edcula para a Escola em tempo Integral Escola Agr\u00edcola Laurindo Stragliotto, extens\u00e3o da Jo\u00e3o Pedro Fernandes.<\/p>\n\n\n\n<p>Para alunos que queiram estudar em tempo integral, obtendo um aprendizado t\u00e9cnico ligado a agricultura e diversas outras oficinas, a oportunidade est\u00e1 aberta com a pr\u00e9-matr\u00edcula por meio de link do site da prefeitura e tamb\u00e9m das 9 \u00e0s 11 e das 13 \u00e0s 17 horas, na secretaria de Educa\u00e7\u00e3o, na Av. Jo\u00e3o Pedro Fernandes, 115&nbsp; e na Escola Jo\u00e3o Pedro Fernandes, na Rua Dracena, 2211, at\u00e9 o dia 09 de fevereiro.<\/p>\n\n\n\n<p>Para a pr\u00e9-matr\u00edcula ser\u00e1 necess\u00e1rio anexar os seguintes documentos:<\/p>\n\n\n\n<p>\u2022 Declara\u00e7\u00e3o da escola comprovando a nota, presen\u00e7a e frequ\u00eancia do estudante;<\/p>\n\n\n\n<p>\u2022 Comprovante de resid\u00eancia;<\/p>\n\n\n\n<p>\u2022 Comprovante de renda dos pais;<\/p>\n\n\n\n<p>\u2022 Autodeclara\u00e7\u00e3o de disponibilidade em estar o dia todo na escola (conforme modelo);<\/p>\n\n\n\n<p>\u2022 Cad\u00danico atualizado;<\/p>\n\n\n\n<p>\u2022 Carteira de doador de sangue;<\/p>\n\n\n\n<p>\u2022 Certid\u00e3o de nascimento<\/p>\n\n\n\n<p>A data e local para comparecimento dos respons\u00e1veis para a efetiva\u00e7\u00e3o da matr\u00edcula ser\u00e1 divulgada ap\u00f3s ser publicada em di\u00e1rio oficial a lista dos classificados.<\/p>\n\n\n\n<p><strong>Por: Assessoria de Imprensa<\/strong><\/p>\n","protected":false},"excerpt":{"rendered":"<p>Escola em tempo Integral, Escola Agr\u00edcola Laurindo Stragliotto, extens\u00e3o da Jo\u00e3o Pedro Fernandes para alunos do 6\u00ba ao 9\u00ba ano. Em organiza\u00e7\u00e3o para o in\u00edcio do Ano Letivo, a Prefeitura de Maracaju, por meio da Secretaria Municipal de Educa\u00e7\u00e3o, d\u00e1 continuidade e mant\u00e9m em aberto o prazo da pr\u00e9-matr\u00edcula para a Escola em tempo Integral [&hellip;]<\/p>\n","protected":false},"author":3,"featured_media":20915,"comment_status":"open","ping_status":"closed","sticky":false,"template":"","format":"standard","meta":{"footnotes":""},"categories":[35,1],"tags":[],"class_list":["post-20914","post","type-post","status-publish","format-standard","has-post-thumbnail","hentry","category-cidades","category-noticia"],"yoast_head":"<!-- This site is optimized with the Yoast SEO plugin v27.5 - https:\/\/yoast.com\/product\/yoast-seo-wordpress\/ -->\n<title>Escola Agr\u00edcola Laurindo Stragliotto est\u00e1 com pr\u00e9-matr\u00edculas abertas - MsConectado<\/title>\n<meta name=\"robots\" content=\"index, follow, max-snippet:-1, max-image-preview:large, max-video-preview:-1\" \/>\n<link rel=\"canonical\" href=\"https:\/\/msconectado.com.br\/?p=20914\" \/>\n<meta property=\"og:locale\" content=\"pt_BR\" \/>\n<meta property=\"og:type\" content=\"article\" \/>\n<meta property=\"og:title\" content=\"Escola Agr\u00edcola Laurindo Stragliotto est\u00e1 com pr\u00e9-matr\u00edculas abertas - MsConectado\" \/>\n<meta property=\"og:description\" content=\"Escola em tempo Integral, Escola Agr\u00edcola Laurindo Stragliotto, extens\u00e3o da Jo\u00e3o Pedro Fernandes para alunos do 6\u00ba ao 9\u00ba ano. Em organiza\u00e7\u00e3o para o in\u00edcio do Ano Letivo, a Prefeitura de Maracaju, por meio da Secretaria Municipal de Educa\u00e7\u00e3o, d\u00e1 continuidade e mant\u00e9m em aberto o prazo da pr\u00e9-matr\u00edcula para a Escola em tempo Integral [&hellip;]\" \/>\n<meta property=\"og:url\" content=\"https:\/\/msconectado.com.br\/?p=20914\" \/>\n<meta property=\"og:site_name\" content=\"MsConectado\" \/>\n<meta property=\"article:published_time\" content=\"2024-01-18T11:51:18+00:00\" \/>\n<meta property=\"article:modified_time\" content=\"2024-01-18T11:51:20+00:00\" \/>\n<meta property=\"og:image\" content=\"https:\/\/msconectado.com.br\/wp-content\/uploads\/2024\/01\/escola-agricola-scaled-1.jpg\" \/>\n\t<meta property=\"og:image:width\" content=\"1080\" \/>\n\t<meta property=\"og:image:height\" content=\"810\" \/>\n\t<meta property=\"og:image:type\" content=\"image\/jpeg\" \/>\n<meta name=\"author\" content=\"Jeferson\" \/>\n<meta name=\"twitter:card\" content=\"summary_large_image\" \/>\n<meta name=\"twitter:label1\" content=\"Escrito por\" \/>\n\t<meta name=\"twitter:data1\" content=\"Jeferson\" \/>\n\t<meta name=\"twitter:label2\" content=\"Est. tempo de leitura\" \/>\n\t<meta name=\"twitter:data2\" content=\"1 minuto\" \/>\n<script type=\"application\/ld+json\" class=\"yoast-schema-graph\">{\"@context\":\"https:\\\/\\\/schema.org\",\"@graph\":[{\"@type\":\"Article\",\"@id\":\"https:\\\/\\\/msconectado.com.br\\\/?p=20914#article\",\"isPartOf\":{\"@id\":\"https:\\\/\\\/msconectado.com.br\\\/?p=20914\"},\"author\":{\"name\":\"Jeferson\",\"@id\":\"https:\\\/\\\/msconectado.com.br\\\/#\\\/schema\\\/person\\\/feb123a95a93eebea36f0ed6a2e5ba48\"},\"headline\":\"Escola Agr\u00edcola Laurindo Stragliotto est\u00e1 com pr\u00e9-matr\u00edculas abertas\",\"datePublished\":\"2024-01-18T11:51:18+00:00\",\"dateModified\":\"2024-01-18T11:51:20+00:00\",\"mainEntityOfPage\":{\"@id\":\"https:\\\/\\\/msconectado.com.br\\\/?p=20914\"},\"wordCount\":252,\"commentCount\":0,\"publisher\":{\"@id\":\"https:\\\/\\\/msconectado.com.br\\\/#organization\"},\"image\":{\"@id\":\"https:\\\/\\\/msconectado.com.br\\\/?p=20914#primaryimage\"},\"thumbnailUrl\":\"https:\\\/\\\/msconectado.com.br\\\/wp-content\\\/uploads\\\/2024\\\/01\\\/escola-agricola-scaled-1.jpg\",\"articleSection\":[\"Cidades\",\"Not\u00edcia\"],\"inLanguage\":\"pt-BR\",\"potentialAction\":[{\"@type\":\"CommentAction\",\"name\":\"Comment\",\"target\":[\"https:\\\/\\\/msconectado.com.br\\\/?p=20914#respond\"]}]},{\"@type\":\"WebPage\",\"@id\":\"https:\\\/\\\/msconectado.com.br\\\/?p=20914\",\"url\":\"https:\\\/\\\/msconectado.com.br\\\/?p=20914\",\"name\":\"Escola Agr\u00edcola Laurindo Stragliotto est\u00e1 com pr\u00e9-matr\u00edculas abertas - MsConectado\",\"isPartOf\":{\"@id\":\"https:\\\/\\\/msconectado.com.br\\\/#website\"},\"primaryImageOfPage\":{\"@id\":\"https:\\\/\\\/msconectado.com.br\\\/?p=20914#primaryimage\"},\"image\":{\"@id\":\"https:\\\/\\\/msconectado.com.br\\\/?p=20914#primaryimage\"},\"thumbnailUrl\":\"https:\\\/\\\/msconectado.com.br\\\/wp-content\\\/uploads\\\/2024\\\/01\\\/escola-agricola-scaled-1.jpg\",\"datePublished\":\"2024-01-18T11:51:18+00:00\",\"dateModified\":\"2024-01-18T11:51:20+00:00\",\"breadcrumb\":{\"@id\":\"https:\\\/\\\/msconectado.com.br\\\/?p=20914#breadcrumb\"},\"inLanguage\":\"pt-BR\",\"potentialAction\":[{\"@type\":\"ReadAction\",\"target\":[\"https:\\\/\\\/msconectado.com.br\\\/?p=20914\"]}]},{\"@type\":\"ImageObject\",\"inLanguage\":\"pt-BR\",\"@id\":\"https:\\\/\\\/msconectado.com.br\\\/?p=20914#primaryimage\",\"url\":\"https:\\\/\\\/msconectado.com.br\\\/wp-content\\\/uploads\\\/2024\\\/01\\\/escola-agricola-scaled-1.jpg\",\"contentUrl\":\"https:\\\/\\\/msconectado.com.br\\\/wp-content\\\/uploads\\\/2024\\\/01\\\/escola-agricola-scaled-1.jpg\",\"width\":1080,\"height\":810},{\"@type\":\"BreadcrumbList\",\"@id\":\"https:\\\/\\\/msconectado.com.br\\\/?p=20914#breadcrumb\",\"itemListElement\":[{\"@type\":\"ListItem\",\"position\":1,\"name\":\"In\u00edcio\",\"item\":\"https:\\\/\\\/msconectado.com.br\\\/\"},{\"@type\":\"ListItem\",\"position\":2,\"name\":\"Escola Agr\u00edcola Laurindo Stragliotto est\u00e1 com pr\u00e9-matr\u00edculas abertas\"}]},{\"@type\":\"WebSite\",\"@id\":\"https:\\\/\\\/msconectado.com.br\\\/#website\",\"url\":\"https:\\\/\\\/msconectado.com.br\\\/\",\"name\":\"MsConectado\",\"description\":\"Voc\u00ea Conectado com a Not\u00edcia!\",\"publisher\":{\"@id\":\"https:\\\/\\\/msconectado.com.br\\\/#organization\"},\"potentialAction\":[{\"@type\":\"SearchAction\",\"target\":{\"@type\":\"EntryPoint\",\"urlTemplate\":\"https:\\\/\\\/msconectado.com.br\\\/?s={search_term_string}\"},\"query-input\":{\"@type\":\"PropertyValueSpecification\",\"valueRequired\":true,\"valueName\":\"search_term_string\"}}],\"inLanguage\":\"pt-BR\"},{\"@type\":\"Organization\",\"@id\":\"https:\\\/\\\/msconectado.com.br\\\/#organization\",\"name\":\"MsConectado\",\"url\":\"https:\\\/\\\/msconectado.com.br\\\/\",\"logo\":{\"@type\":\"ImageObject\",\"inLanguage\":\"pt-BR\",\"@id\":\"https:\\\/\\\/msconectado.com.br\\\/#\\\/schema\\\/logo\\\/image\\\/\",\"url\":\"https:\\\/\\\/msconectado.com.br\\\/wp-content\\\/uploads\\\/2023\\\/01\\\/cropped-noticia-2.png\",\"contentUrl\":\"https:\\\/\\\/msconectado.com.br\\\/wp-content\\\/uploads\\\/2023\\\/01\\\/cropped-noticia-2.png\",\"width\":720,\"height\":157,\"caption\":\"MsConectado\"},\"image\":{\"@id\":\"https:\\\/\\\/msconectado.com.br\\\/#\\\/schema\\\/logo\\\/image\\\/\"}},{\"@type\":\"Person\",\"@id\":\"https:\\\/\\\/msconectado.com.br\\\/#\\\/schema\\\/person\\\/feb123a95a93eebea36f0ed6a2e5ba48\",\"name\":\"Jeferson\",\"image\":{\"@type\":\"ImageObject\",\"inLanguage\":\"pt-BR\",\"@id\":\"https:\\\/\\\/secure.gravatar.com\\\/avatar\\\/e23e8901c88f0cdc0ad479ef7a39bf3e4c806344549c087c00b721a65549a328?s=96&d=mm&r=g\",\"url\":\"https:\\\/\\\/secure.gravatar.com\\\/avatar\\\/e23e8901c88f0cdc0ad479ef7a39bf3e4c806344549c087c00b721a65549a328?s=96&d=mm&r=g\",\"contentUrl\":\"https:\\\/\\\/secure.gravatar.com\\\/avatar\\\/e23e8901c88f0cdc0ad479ef7a39bf3e4c806344549c087c00b721a65549a328?s=96&d=mm&r=g\",\"caption\":\"Jeferson\"},\"url\":\"https:\\\/\\\/msconectado.com.br\\\/?author=3\"}]}<\/script>\n<!-- \/ Yoast SEO plugin. -->","yoast_head_json":{"title":"Escola Agr\u00edcola Laurindo Stragliotto est\u00e1 com pr\u00e9-matr\u00edculas abertas - MsConectado","robots":{"index":"index","follow":"follow","max-snippet":"max-snippet:-1","max-image-preview":"max-image-preview:large","max-video-preview":"max-video-preview:-1"},"canonical":"https:\/\/msconectado.com.br\/?p=20914","og_locale":"pt_BR","og_type":"article","og_title":"Escola Agr\u00edcola Laurindo Stragliotto est\u00e1 com pr\u00e9-matr\u00edculas abertas - MsConectado","og_description":"Escola em tempo Integral, Escola Agr\u00edcola Laurindo Stragliotto, extens\u00e3o da Jo\u00e3o Pedro Fernandes para alunos do 6\u00ba ao 9\u00ba ano. Em organiza\u00e7\u00e3o para o in\u00edcio do Ano Letivo, a Prefeitura de Maracaju, por meio da Secretaria Municipal de Educa\u00e7\u00e3o, d\u00e1 continuidade e mant\u00e9m em aberto o prazo da pr\u00e9-matr\u00edcula para a Escola em tempo Integral [&hellip;]","og_url":"https:\/\/msconectado.com.br\/?p=20914","og_site_name":"MsConectado","article_published_time":"2024-01-18T11:51:18+00:00","article_modified_time":"2024-01-18T11:51:20+00:00","og_image":[{"width":1080,"height":810,"url":"https:\/\/msconectado.com.br\/wp-content\/uploads\/2024\/01\/escola-agricola-scaled-1.jpg","type":"image\/jpeg"}],"author":"Jeferson","twitter_card":"summary_large_image","twitter_misc":{"Escrito por":"Jeferson","Est. tempo de leitura":"1 minuto"},"schema":{"@context":"https:\/\/schema.org","@graph":[{"@type":"Article","@id":"https:\/\/msconectado.com.br\/?p=20914#article","isPartOf":{"@id":"https:\/\/msconectado.com.br\/?p=20914"},"author":{"name":"Jeferson","@id":"https:\/\/msconectado.com.br\/#\/schema\/person\/feb123a95a93eebea36f0ed6a2e5ba48"},"headline":"Escola Agr\u00edcola Laurindo Stragliotto est\u00e1 com pr\u00e9-matr\u00edculas abertas","datePublished":"2024-01-18T11:51:18+00:00","dateModified":"2024-01-18T11:51:20+00:00","mainEntityOfPage":{"@id":"https:\/\/msconectado.com.br\/?p=20914"},"wordCount":252,"commentCount":0,"publisher":{"@id":"https:\/\/msconectado.com.br\/#organization"},"image":{"@id":"https:\/\/msconectado.com.br\/?p=20914#primaryimage"},"thumbnailUrl":"https:\/\/msconectado.com.br\/wp-content\/uploads\/2024\/01\/escola-agricola-scaled-1.jpg","articleSection":["Cidades","Not\u00edcia"],"inLanguage":"pt-BR","potentialAction":[{"@type":"CommentAction","name":"Comment","target":["https:\/\/msconectado.com.br\/?p=20914#respond"]}]},{"@type":"WebPage","@id":"https:\/\/msconectado.com.br\/?p=20914","url":"https:\/\/msconectado.com.br\/?p=20914","name":"Escola Agr\u00edcola Laurindo Stragliotto est\u00e1 com pr\u00e9-matr\u00edculas abertas - MsConectado","isPartOf":{"@id":"https:\/\/msconectado.com.br\/#website"},"primaryImageOfPage":{"@id":"https:\/\/msconectado.com.br\/?p=20914#primaryimage"},"image":{"@id":"https:\/\/msconectado.com.br\/?p=20914#primaryimage"},"thumbnailUrl":"https:\/\/msconectado.com.br\/wp-content\/uploads\/2024\/01\/escola-agricola-scaled-1.jpg","datePublished":"2024-01-18T11:51:18+00:00","dateModified":"2024-01-18T11:51:20+00:00","breadcrumb":{"@id":"https:\/\/msconectado.com.br\/?p=20914#breadcrumb"},"inLanguage":"pt-BR","potentialAction":[{"@type":"ReadAction","target":["https:\/\/msconectado.com.br\/?p=20914"]}]},{"@type":"ImageObject","inLanguage":"pt-BR","@id":"https:\/\/msconectado.com.br\/?p=20914#primaryimage","url":"https:\/\/msconectado.com.br\/wp-content\/uploads\/2024\/01\/escola-agricola-scaled-1.jpg","contentUrl":"https:\/\/msconectado.com.br\/wp-content\/uploads\/2024\/01\/escola-agricola-scaled-1.jpg","width":1080,"height":810},{"@type":"BreadcrumbList","@id":"https:\/\/msconectado.com.br\/?p=20914#breadcrumb","itemListElement":[{"@type":"ListItem","position":1,"name":"In\u00edcio","item":"https:\/\/msconectado.com.br\/"},{"@type":"ListItem","position":2,"name":"Escola Agr\u00edcola Laurindo Stragliotto est\u00e1 com pr\u00e9-matr\u00edculas abertas"}]},{"@type":"WebSite","@id":"https:\/\/msconectado.com.br\/#website","url":"https:\/\/msconectado.com.br\/","name":"MsConectado","description":"Voc\u00ea Conectado com a Not\u00edcia!","publisher":{"@id":"https:\/\/msconectado.com.br\/#organization"},"potentialAction":[{"@type":"SearchAction","target":{"@type":"EntryPoint","urlTemplate":"https:\/\/msconectado.com.br\/?s={search_term_string}"},"query-input":{"@type":"PropertyValueSpecification","valueRequired":true,"valueName":"search_term_string"}}],"inLanguage":"pt-BR"},{"@type":"Organization","@id":"https:\/\/msconectado.com.br\/#organization","name":"MsConectado","url":"https:\/\/msconectado.com.br\/","logo":{"@type":"ImageObject","inLanguage":"pt-BR","@id":"https:\/\/msconectado.com.br\/#\/schema\/logo\/image\/","url":"https:\/\/msconectado.com.br\/wp-content\/uploads\/2023\/01\/cropped-noticia-2.png","contentUrl":"https:\/\/msconectado.com.br\/wp-content\/uploads\/2023\/01\/cropped-noticia-2.png","width":720,"height":157,"caption":"MsConectado"},"image":{"@id":"https:\/\/msconectado.com.br\/#\/schema\/logo\/image\/"}},{"@type":"Person","@id":"https:\/\/msconectado.com.br\/#\/schema\/person\/feb123a95a93eebea36f0ed6a2e5ba48","name":"Jeferson","image":{"@type":"ImageObject","inLanguage":"pt-BR","@id":"https:\/\/secure.gravatar.com\/avatar\/e23e8901c88f0cdc0ad479ef7a39bf3e4c806344549c087c00b721a65549a328?s=96&d=mm&r=g","url":"https:\/\/secure.gravatar.com\/avatar\/e23e8901c88f0cdc0ad479ef7a39bf3e4c806344549c087c00b721a65549a328?s=96&d=mm&r=g","contentUrl":"https:\/\/secure.gravatar.com\/avatar\/e23e8901c88f0cdc0ad479ef7a39bf3e4c806344549c087c00b721a65549a328?s=96&d=mm&r=g","caption":"Jeferson"},"url":"https:\/\/msconectado.com.br\/?author=3"}]}},"_links":{"self":[{"href":"https:\/\/msconectado.com.br\/index.php?rest_route=\/wp\/v2\/posts\/20914","targetHints":{"allow":["GET"]}}],"collection":[{"href":"https:\/\/msconectado.com.br\/index.php?rest_route=\/wp\/v2\/posts"}],"about":[{"href":"https:\/\/msconectado.com.br\/index.php?rest_route=\/wp\/v2\/types\/post"}],"author":[{"embeddable":true,"href":"https:\/\/msconectado.com.br\/index.php?rest_route=\/wp\/v2\/users\/3"}],"replies":[{"embeddable":true,"href":"https:\/\/msconectado.com.br\/index.php?rest_route=%2Fwp%2Fv2%2Fcomments&post=20914"}],"version-history":[{"count":1,"href":"https:\/\/msconectado.com.br\/index.php?rest_route=\/wp\/v2\/posts\/20914\/revisions"}],"predecessor-version":[{"id":20916,"href":"https:\/\/msconectado.com.br\/index.php?rest_route=\/wp\/v2\/posts\/20914\/revisions\/20916"}],"wp:featuredmedia":[{"embeddable":true,"href":"https:\/\/msconectado.com.br\/index.php?rest_route=\/wp\/v2\/media\/20915"}],"wp:attachment":[{"href":"https:\/\/msconectado.com.br\/index.php?rest_route=%2Fwp%2Fv2%2Fmedia&parent=20914"}],"wp:term":[{"taxonomy":"category","embeddable":true,"href":"https:\/\/msconectado.com.br\/index.php?rest_route=%2Fwp%2Fv2%2Fcategories&post=20914"},{"taxonomy":"post_tag","embeddable":true,"href":"https:\/\/msconectado.com.br\/index.php?rest_route=%2Fwp%2Fv2%2Ftags&post=20914"}],"curies":[{"name":"wp","href":"https:\/\/api.w.org\/{rel}","templated":true}]}}