
{"id":20932,"date":"2024-01-20T17:41:34","date_gmt":"2024-01-20T17:41:34","guid":{"rendered":"https:\/\/msconectado.com.br\/?p=20932"},"modified":"2024-01-20T17:41:36","modified_gmt":"2024-01-20T17:41:36","slug":"prefeitura-de-maracaju-empossa-diretores-de-escolas-municipais-e-cieis-para-o-bienio-2024-2025","status":"publish","type":"post","link":"https:\/\/msconectado.com.br\/?p=20932","title":{"rendered":"Prefeitura de Maracaju empossa diretores de Escolas Municipais e CIEIs para o bi\u00eanio 2024\/2025."},"content":{"rendered":"\n<p>Pela primeira vez, munic\u00edpio realizou elei\u00e7\u00f5es para a escolha democr\u00e1tica de diretores por meio do voto de pais e alunos.<\/p>\n\n\n\n<p>A noite da \u00faltima quinta-feira, 18-01, foi hist\u00f3rica para a educa\u00e7\u00e3o maracajuense, afinal pela primeira vez, diretores eleitos democraticamente foram empossados, at\u00e9 ent\u00e3o, diretores eram indicados pela administra\u00e7\u00e3o municipal.<br><br>A a\u00e7\u00e3o vai de encontro \u00e0s metas do Plano Nacional de Educa\u00e7\u00e3o, al\u00e9m de possibilitar uma melhor liberdade de trabalho, bem como, aproximar pais e alunos da dire\u00e7\u00e3o das Escolas Municipais e CIEI\u2019s do munic\u00edpio.<br><br>Esta foi uma a\u00e7\u00e3o realizada pela Prefeitura de Maracaju por meio da Secretaria Municipal de Educa\u00e7\u00e3o, ocorrendo na Escola Municipal Jo\u00e3o Pedro Fernandes, ocasi\u00e3o em que foram empossados 15 (quinze) novos diretores que ser\u00e3o os gestores das Unidades de Ensino no bi\u00eanio 2024\/2025.<br><br><strong>Foram devidamente empossados:<\/strong><br>Daysa Christiane Irala \u2013 CIEI Greg\u00f3ria Martins<br>Ivanilde Gon\u00e7alves Vargas Guedes \u2013 CIEI Joana Sayd<br>Eliane F\u00e1tima de Andrade Oliveira \u2013 CIEI Nossa Senhora Auxiliadora \u2013 Polo e Extens\u00e3o Casa da Crian\u00e7a Margarida Ferreira Braga<br>Mariene da Silva Dion\u00edsio Magalh\u00e3es \u2013 CIEI S\u00e3o Benedito<br>Cristiane dos Santos Teixeira \u2013 CIEI Waltrudes Ferreira Muzzi<br>Rosemeire Ferreira \u2013 CIEI Maria Dalphina Rezende de Castro<br>Adalgisa Maria Batista Moraes Ortiz \u2013 Escola Municipal Cec\u00edlia de Castro Minervini<br>Lucimeire de Souza Scapini &#8211; Escola Municipal Ciro Aniz<br>Ramona Louveira Fernandes Minervini &#8211; Escola Municipal Professora Irma de Lima Matos<br>Ticiana D\u00facel Romero Pereira &#8211; Escola Municipal Jo\u00e3o Batista Lino Braga<br>Zenaide Lampert Carbeiro &#8211; Escola Municipal Jo\u00e3o Pedro Fernandes (Diretora Adjunta\u00a0 &#8211; Eloisa Seraphim Lopes da Silva Figueiredo).<br>Wagner Luiz das Neves &#8211; Escola Municipal Jos\u00e9 Pereira da Rosa (Diretora Adjunta &#8211; Rosane Ferreira Martines da Silva)<br>Selma Ribeiro de Oliveira &#8211; Escola Municipal Maur\u00edcia Par\u00e9 Gomes (Diretora Adjunta &#8211; Silmara Mendes Santiago)<br>S\u00e2mara da Silva Melo &#8211; Escola Municipal Rural Santa Guilhermina<br>Elizangela Arguelho Ibanez &#8211; Escola Municipal J\u00falio Muller.<br><br>Na ocasi\u00e3o, diretores e adjuntos, eleitos e reconduzidos, foram nomeados a partir de 01 de janeiro de 2024, ficando \u00e0 frente dos cargos no bi\u00eanio 2024\/2025. Todos os diretores tamb\u00e9m passaram por avalia\u00e7\u00e3o de m\u00e9rito e desempenho, depois voto da comunidade escolar.<br><br><strong>AUTORIDADES PRESENTES<\/strong><br>Prestigiaram a posse dos novos diretores o Prefeito de Maracaju, Marcos Calderan, Secret\u00e1ria Municipal de Educa\u00e7\u00e3o, Carolina Souza, Secret\u00e1rio Municipal de Cultura, Rafael Fernandes Jara, Vereadores, Rener Barbosa, Gustavo Du\u00f3, Nen\u00ea da Vista Alegre, Oseias Enfermeiro, Presidente do Sintrema, Ludemar Solis Azambuja, Presidente do Conselho Municipal de Educa\u00e7\u00e3o, Adalgisa Maria Batista Moraes Cruz, al\u00e9m de pais, alunos, diretores e familiares.<\/p>\n\n\n\n<p>Assessoria<\/p>\n\n\n\n<figure class=\"wp-block-image\"><a href=\"https:\/\/www.facebook.com\/tecpelinformatica\"><img fetchpriority=\"high\" decoding=\"async\" width=\"900\" height=\"100\" src=\"https:\/\/msconectado.com.br\/wp-content\/uploads\/2024\/01\/tecpel.png\" alt=\"\" class=\"wp-image-20913\" srcset=\"https:\/\/msconectado.com.br\/wp-content\/uploads\/2024\/01\/tecpel.png 900w, https:\/\/msconectado.com.br\/wp-content\/uploads\/2024\/01\/tecpel-300x33.png 300w, https:\/\/msconectado.com.br\/wp-content\/uploads\/2024\/01\/tecpel-768x85.png 768w\" sizes=\"(max-width: 900px) 100vw, 900px\" \/><\/a><\/figure>\n\n\n\n<figure class=\"wp-block-image\"><a href=\"https:\/\/www.instagram.com\/saboreprosamaracaju\/\"><img decoding=\"async\" width=\"900\" height=\"100\" src=\"https:\/\/msconectado.com.br\/wp-content\/uploads\/2024\/01\/900X100-PRIMEIRO-1.png\" alt=\"\" class=\"wp-image-20879\" srcset=\"https:\/\/msconectado.com.br\/wp-content\/uploads\/2024\/01\/900X100-PRIMEIRO-1.png 900w, https:\/\/msconectado.com.br\/wp-content\/uploads\/2024\/01\/900X100-PRIMEIRO-1-300x33.png 300w, https:\/\/msconectado.com.br\/wp-content\/uploads\/2024\/01\/900X100-PRIMEIRO-1-768x85.png 768w\" sizes=\"(max-width: 900px) 100vw, 900px\" \/><\/a><\/figure>\n\n\n\n<figure class=\"wp-block-image\"><a href=\"https:\/\/www.instagram.com\/sicredipantanal\/\"><img decoding=\"async\" width=\"900\" height=\"100\" src=\"https:\/\/msconectado.com.br\/wp-content\/uploads\/2023\/12\/MS-conectato-900-x-100-px.gif\" alt=\"\" class=\"wp-image-20653\"\/><\/a><\/figure>\n\n\n\n<figure class=\"wp-block-image\"><a href=\"https:\/\/www.instagram.com\/celeriumtelecom\/\"><img loading=\"lazy\" decoding=\"async\" width=\"900\" height=\"100\" src=\"https:\/\/msconectado.com.br\/wp-content\/uploads\/2023\/06\/Prancheta_1_copiar.gif\" alt=\"\" class=\"wp-image-19623\"\/><\/a><\/figure>\n","protected":false},"excerpt":{"rendered":"<p>Pela primeira vez, munic\u00edpio realizou elei\u00e7\u00f5es para a escolha democr\u00e1tica de diretores por meio do voto de pais e alunos. A noite da \u00faltima quinta-feira, 18-01, foi hist\u00f3rica para a educa\u00e7\u00e3o maracajuense, afinal pela primeira vez, diretores eleitos democraticamente foram empossados, at\u00e9 ent\u00e3o, diretores eram indicados pela administra\u00e7\u00e3o municipal. A a\u00e7\u00e3o vai de encontro \u00e0s [&hellip;]<\/p>\n","protected":false},"author":2,"featured_media":20933,"comment_status":"open","ping_status":"closed","sticky":false,"template":"","format":"standard","meta":{"footnotes":""},"categories":[35,1],"tags":[],"class_list":["post-20932","post","type-post","status-publish","format-standard","has-post-thumbnail","hentry","category-cidades","category-noticia"],"yoast_head":"<!-- This site is optimized with the Yoast SEO plugin v27.5 - https:\/\/yoast.com\/product\/yoast-seo-wordpress\/ -->\n<title>Prefeitura de Maracaju empossa diretores de Escolas Municipais e CIEIs para o bi\u00eanio 2024\/2025. - MsConectado<\/title>\n<meta name=\"robots\" content=\"index, follow, max-snippet:-1, max-image-preview:large, max-video-preview:-1\" \/>\n<link rel=\"canonical\" href=\"https:\/\/msconectado.com.br\/?p=20932\" \/>\n<meta property=\"og:locale\" content=\"pt_BR\" \/>\n<meta property=\"og:type\" content=\"article\" \/>\n<meta property=\"og:title\" content=\"Prefeitura de Maracaju empossa diretores de Escolas Municipais e CIEIs para o bi\u00eanio 2024\/2025. - MsConectado\" \/>\n<meta property=\"og:description\" content=\"Pela primeira vez, munic\u00edpio realizou elei\u00e7\u00f5es para a escolha democr\u00e1tica de diretores por meio do voto de pais e alunos. A noite da \u00faltima quinta-feira, 18-01, foi hist\u00f3rica para a educa\u00e7\u00e3o maracajuense, afinal pela primeira vez, diretores eleitos democraticamente foram empossados, at\u00e9 ent\u00e3o, diretores eram indicados pela administra\u00e7\u00e3o municipal. A a\u00e7\u00e3o vai de encontro \u00e0s [&hellip;]\" \/>\n<meta property=\"og:url\" content=\"https:\/\/msconectado.com.br\/?p=20932\" \/>\n<meta property=\"og:site_name\" content=\"MsConectado\" \/>\n<meta property=\"article:published_time\" content=\"2024-01-20T17:41:34+00:00\" \/>\n<meta property=\"article:modified_time\" content=\"2024-01-20T17:41:36+00:00\" \/>\n<meta property=\"og:image\" content=\"https:\/\/msconectado.com.br\/wp-content\/uploads\/2024\/01\/IMG_3435-1.jpg\" \/>\n\t<meta property=\"og:image:width\" content=\"800\" \/>\n\t<meta property=\"og:image:height\" content=\"533\" \/>\n\t<meta property=\"og:image:type\" content=\"image\/jpeg\" \/>\n<meta name=\"author\" content=\"MsConectado\" \/>\n<meta name=\"twitter:card\" content=\"summary_large_image\" \/>\n<meta name=\"twitter:label1\" content=\"Escrito por\" \/>\n\t<meta name=\"twitter:data1\" content=\"MsConectado\" \/>\n\t<meta name=\"twitter:label2\" content=\"Est. tempo de leitura\" \/>\n\t<meta name=\"twitter:data2\" content=\"2 minutos\" \/>\n<script type=\"application\/ld+json\" class=\"yoast-schema-graph\">{\"@context\":\"https:\\\/\\\/schema.org\",\"@graph\":[{\"@type\":\"Article\",\"@id\":\"https:\\\/\\\/msconectado.com.br\\\/?p=20932#article\",\"isPartOf\":{\"@id\":\"https:\\\/\\\/msconectado.com.br\\\/?p=20932\"},\"author\":{\"name\":\"MsConectado\",\"@id\":\"https:\\\/\\\/msconectado.com.br\\\/#\\\/schema\\\/person\\\/e5585545b5687092f1041d350b6e2c16\"},\"headline\":\"Prefeitura de Maracaju empossa diretores de Escolas Municipais e CIEIs para o bi\u00eanio 2024\\\/2025.\",\"datePublished\":\"2024-01-20T17:41:34+00:00\",\"dateModified\":\"2024-01-20T17:41:36+00:00\",\"mainEntityOfPage\":{\"@id\":\"https:\\\/\\\/msconectado.com.br\\\/?p=20932\"},\"wordCount\":445,\"commentCount\":0,\"publisher\":{\"@id\":\"https:\\\/\\\/msconectado.com.br\\\/#organization\"},\"image\":{\"@id\":\"https:\\\/\\\/msconectado.com.br\\\/?p=20932#primaryimage\"},\"thumbnailUrl\":\"https:\\\/\\\/msconectado.com.br\\\/wp-content\\\/uploads\\\/2024\\\/01\\\/IMG_3435-1.jpg\",\"articleSection\":[\"Cidades\",\"Not\u00edcia\"],\"inLanguage\":\"pt-BR\",\"potentialAction\":[{\"@type\":\"CommentAction\",\"name\":\"Comment\",\"target\":[\"https:\\\/\\\/msconectado.com.br\\\/?p=20932#respond\"]}]},{\"@type\":\"WebPage\",\"@id\":\"https:\\\/\\\/msconectado.com.br\\\/?p=20932\",\"url\":\"https:\\\/\\\/msconectado.com.br\\\/?p=20932\",\"name\":\"Prefeitura de Maracaju empossa diretores de Escolas Municipais e CIEIs para o bi\u00eanio 2024\\\/2025. - MsConectado\",\"isPartOf\":{\"@id\":\"https:\\\/\\\/msconectado.com.br\\\/#website\"},\"primaryImageOfPage\":{\"@id\":\"https:\\\/\\\/msconectado.com.br\\\/?p=20932#primaryimage\"},\"image\":{\"@id\":\"https:\\\/\\\/msconectado.com.br\\\/?p=20932#primaryimage\"},\"thumbnailUrl\":\"https:\\\/\\\/msconectado.com.br\\\/wp-content\\\/uploads\\\/2024\\\/01\\\/IMG_3435-1.jpg\",\"datePublished\":\"2024-01-20T17:41:34+00:00\",\"dateModified\":\"2024-01-20T17:41:36+00:00\",\"breadcrumb\":{\"@id\":\"https:\\\/\\\/msconectado.com.br\\\/?p=20932#breadcrumb\"},\"inLanguage\":\"pt-BR\",\"potentialAction\":[{\"@type\":\"ReadAction\",\"target\":[\"https:\\\/\\\/msconectado.com.br\\\/?p=20932\"]}]},{\"@type\":\"ImageObject\",\"inLanguage\":\"pt-BR\",\"@id\":\"https:\\\/\\\/msconectado.com.br\\\/?p=20932#primaryimage\",\"url\":\"https:\\\/\\\/msconectado.com.br\\\/wp-content\\\/uploads\\\/2024\\\/01\\\/IMG_3435-1.jpg\",\"contentUrl\":\"https:\\\/\\\/msconectado.com.br\\\/wp-content\\\/uploads\\\/2024\\\/01\\\/IMG_3435-1.jpg\",\"width\":800,\"height\":533},{\"@type\":\"BreadcrumbList\",\"@id\":\"https:\\\/\\\/msconectado.com.br\\\/?p=20932#breadcrumb\",\"itemListElement\":[{\"@type\":\"ListItem\",\"position\":1,\"name\":\"In\u00edcio\",\"item\":\"https:\\\/\\\/msconectado.com.br\\\/\"},{\"@type\":\"ListItem\",\"position\":2,\"name\":\"Prefeitura de Maracaju empossa diretores de Escolas Municipais e CIEIs para o bi\u00eanio 2024\\\/2025.\"}]},{\"@type\":\"WebSite\",\"@id\":\"https:\\\/\\\/msconectado.com.br\\\/#website\",\"url\":\"https:\\\/\\\/msconectado.com.br\\\/\",\"name\":\"MsConectado\",\"description\":\"Voc\u00ea Conectado com a Not\u00edcia!\",\"publisher\":{\"@id\":\"https:\\\/\\\/msconectado.com.br\\\/#organization\"},\"potentialAction\":[{\"@type\":\"SearchAction\",\"target\":{\"@type\":\"EntryPoint\",\"urlTemplate\":\"https:\\\/\\\/msconectado.com.br\\\/?s={search_term_string}\"},\"query-input\":{\"@type\":\"PropertyValueSpecification\",\"valueRequired\":true,\"valueName\":\"search_term_string\"}}],\"inLanguage\":\"pt-BR\"},{\"@type\":\"Organization\",\"@id\":\"https:\\\/\\\/msconectado.com.br\\\/#organization\",\"name\":\"MsConectado\",\"url\":\"https:\\\/\\\/msconectado.com.br\\\/\",\"logo\":{\"@type\":\"ImageObject\",\"inLanguage\":\"pt-BR\",\"@id\":\"https:\\\/\\\/msconectado.com.br\\\/#\\\/schema\\\/logo\\\/image\\\/\",\"url\":\"https:\\\/\\\/msconectado.com.br\\\/wp-content\\\/uploads\\\/2023\\\/01\\\/cropped-noticia-2.png\",\"contentUrl\":\"https:\\\/\\\/msconectado.com.br\\\/wp-content\\\/uploads\\\/2023\\\/01\\\/cropped-noticia-2.png\",\"width\":720,\"height\":157,\"caption\":\"MsConectado\"},\"image\":{\"@id\":\"https:\\\/\\\/msconectado.com.br\\\/#\\\/schema\\\/logo\\\/image\\\/\"}},{\"@type\":\"Person\",\"@id\":\"https:\\\/\\\/msconectado.com.br\\\/#\\\/schema\\\/person\\\/e5585545b5687092f1041d350b6e2c16\",\"name\":\"MsConectado\",\"image\":{\"@type\":\"ImageObject\",\"inLanguage\":\"pt-BR\",\"@id\":\"https:\\\/\\\/secure.gravatar.com\\\/avatar\\\/3b4f84a0a8a4380ac4431fa79981d073692380c5da00ae97596e794ab0db5c8c?s=96&d=mm&r=g\",\"url\":\"https:\\\/\\\/secure.gravatar.com\\\/avatar\\\/3b4f84a0a8a4380ac4431fa79981d073692380c5da00ae97596e794ab0db5c8c?s=96&d=mm&r=g\",\"contentUrl\":\"https:\\\/\\\/secure.gravatar.com\\\/avatar\\\/3b4f84a0a8a4380ac4431fa79981d073692380c5da00ae97596e794ab0db5c8c?s=96&d=mm&r=g\",\"caption\":\"MsConectado\"},\"url\":\"https:\\\/\\\/msconectado.com.br\\\/?author=2\"}]}<\/script>\n<!-- \/ Yoast SEO plugin. -->","yoast_head_json":{"title":"Prefeitura de Maracaju empossa diretores de Escolas Municipais e CIEIs para o bi\u00eanio 2024\/2025. - MsConectado","robots":{"index":"index","follow":"follow","max-snippet":"max-snippet:-1","max-image-preview":"max-image-preview:large","max-video-preview":"max-video-preview:-1"},"canonical":"https:\/\/msconectado.com.br\/?p=20932","og_locale":"pt_BR","og_type":"article","og_title":"Prefeitura de Maracaju empossa diretores de Escolas Municipais e CIEIs para o bi\u00eanio 2024\/2025. - MsConectado","og_description":"Pela primeira vez, munic\u00edpio realizou elei\u00e7\u00f5es para a escolha democr\u00e1tica de diretores por meio do voto de pais e alunos. A noite da \u00faltima quinta-feira, 18-01, foi hist\u00f3rica para a educa\u00e7\u00e3o maracajuense, afinal pela primeira vez, diretores eleitos democraticamente foram empossados, at\u00e9 ent\u00e3o, diretores eram indicados pela administra\u00e7\u00e3o municipal. A a\u00e7\u00e3o vai de encontro \u00e0s [&hellip;]","og_url":"https:\/\/msconectado.com.br\/?p=20932","og_site_name":"MsConectado","article_published_time":"2024-01-20T17:41:34+00:00","article_modified_time":"2024-01-20T17:41:36+00:00","og_image":[{"width":800,"height":533,"url":"https:\/\/msconectado.com.br\/wp-content\/uploads\/2024\/01\/IMG_3435-1.jpg","type":"image\/jpeg"}],"author":"MsConectado","twitter_card":"summary_large_image","twitter_misc":{"Escrito por":"MsConectado","Est. tempo de leitura":"2 minutos"},"schema":{"@context":"https:\/\/schema.org","@graph":[{"@type":"Article","@id":"https:\/\/msconectado.com.br\/?p=20932#article","isPartOf":{"@id":"https:\/\/msconectado.com.br\/?p=20932"},"author":{"name":"MsConectado","@id":"https:\/\/msconectado.com.br\/#\/schema\/person\/e5585545b5687092f1041d350b6e2c16"},"headline":"Prefeitura de Maracaju empossa diretores de Escolas Municipais e CIEIs para o bi\u00eanio 2024\/2025.","datePublished":"2024-01-20T17:41:34+00:00","dateModified":"2024-01-20T17:41:36+00:00","mainEntityOfPage":{"@id":"https:\/\/msconectado.com.br\/?p=20932"},"wordCount":445,"commentCount":0,"publisher":{"@id":"https:\/\/msconectado.com.br\/#organization"},"image":{"@id":"https:\/\/msconectado.com.br\/?p=20932#primaryimage"},"thumbnailUrl":"https:\/\/msconectado.com.br\/wp-content\/uploads\/2024\/01\/IMG_3435-1.jpg","articleSection":["Cidades","Not\u00edcia"],"inLanguage":"pt-BR","potentialAction":[{"@type":"CommentAction","name":"Comment","target":["https:\/\/msconectado.com.br\/?p=20932#respond"]}]},{"@type":"WebPage","@id":"https:\/\/msconectado.com.br\/?p=20932","url":"https:\/\/msconectado.com.br\/?p=20932","name":"Prefeitura de Maracaju empossa diretores de Escolas Municipais e CIEIs para o bi\u00eanio 2024\/2025. - MsConectado","isPartOf":{"@id":"https:\/\/msconectado.com.br\/#website"},"primaryImageOfPage":{"@id":"https:\/\/msconectado.com.br\/?p=20932#primaryimage"},"image":{"@id":"https:\/\/msconectado.com.br\/?p=20932#primaryimage"},"thumbnailUrl":"https:\/\/msconectado.com.br\/wp-content\/uploads\/2024\/01\/IMG_3435-1.jpg","datePublished":"2024-01-20T17:41:34+00:00","dateModified":"2024-01-20T17:41:36+00:00","breadcrumb":{"@id":"https:\/\/msconectado.com.br\/?p=20932#breadcrumb"},"inLanguage":"pt-BR","potentialAction":[{"@type":"ReadAction","target":["https:\/\/msconectado.com.br\/?p=20932"]}]},{"@type":"ImageObject","inLanguage":"pt-BR","@id":"https:\/\/msconectado.com.br\/?p=20932#primaryimage","url":"https:\/\/msconectado.com.br\/wp-content\/uploads\/2024\/01\/IMG_3435-1.jpg","contentUrl":"https:\/\/msconectado.com.br\/wp-content\/uploads\/2024\/01\/IMG_3435-1.jpg","width":800,"height":533},{"@type":"BreadcrumbList","@id":"https:\/\/msconectado.com.br\/?p=20932#breadcrumb","itemListElement":[{"@type":"ListItem","position":1,"name":"In\u00edcio","item":"https:\/\/msconectado.com.br\/"},{"@type":"ListItem","position":2,"name":"Prefeitura de Maracaju empossa diretores de Escolas Municipais e CIEIs para o bi\u00eanio 2024\/2025."}]},{"@type":"WebSite","@id":"https:\/\/msconectado.com.br\/#website","url":"https:\/\/msconectado.com.br\/","name":"MsConectado","description":"Voc\u00ea Conectado com a Not\u00edcia!","publisher":{"@id":"https:\/\/msconectado.com.br\/#organization"},"potentialAction":[{"@type":"SearchAction","target":{"@type":"EntryPoint","urlTemplate":"https:\/\/msconectado.com.br\/?s={search_term_string}"},"query-input":{"@type":"PropertyValueSpecification","valueRequired":true,"valueName":"search_term_string"}}],"inLanguage":"pt-BR"},{"@type":"Organization","@id":"https:\/\/msconectado.com.br\/#organization","name":"MsConectado","url":"https:\/\/msconectado.com.br\/","logo":{"@type":"ImageObject","inLanguage":"pt-BR","@id":"https:\/\/msconectado.com.br\/#\/schema\/logo\/image\/","url":"https:\/\/msconectado.com.br\/wp-content\/uploads\/2023\/01\/cropped-noticia-2.png","contentUrl":"https:\/\/msconectado.com.br\/wp-content\/uploads\/2023\/01\/cropped-noticia-2.png","width":720,"height":157,"caption":"MsConectado"},"image":{"@id":"https:\/\/msconectado.com.br\/#\/schema\/logo\/image\/"}},{"@type":"Person","@id":"https:\/\/msconectado.com.br\/#\/schema\/person\/e5585545b5687092f1041d350b6e2c16","name":"MsConectado","image":{"@type":"ImageObject","inLanguage":"pt-BR","@id":"https:\/\/secure.gravatar.com\/avatar\/3b4f84a0a8a4380ac4431fa79981d073692380c5da00ae97596e794ab0db5c8c?s=96&d=mm&r=g","url":"https:\/\/secure.gravatar.com\/avatar\/3b4f84a0a8a4380ac4431fa79981d073692380c5da00ae97596e794ab0db5c8c?s=96&d=mm&r=g","contentUrl":"https:\/\/secure.gravatar.com\/avatar\/3b4f84a0a8a4380ac4431fa79981d073692380c5da00ae97596e794ab0db5c8c?s=96&d=mm&r=g","caption":"MsConectado"},"url":"https:\/\/msconectado.com.br\/?author=2"}]}},"_links":{"self":[{"href":"https:\/\/msconectado.com.br\/index.php?rest_route=\/wp\/v2\/posts\/20932","targetHints":{"allow":["GET"]}}],"collection":[{"href":"https:\/\/msconectado.com.br\/index.php?rest_route=\/wp\/v2\/posts"}],"about":[{"href":"https:\/\/msconectado.com.br\/index.php?rest_route=\/wp\/v2\/types\/post"}],"author":[{"embeddable":true,"href":"https:\/\/msconectado.com.br\/index.php?rest_route=\/wp\/v2\/users\/2"}],"replies":[{"embeddable":true,"href":"https:\/\/msconectado.com.br\/index.php?rest_route=%2Fwp%2Fv2%2Fcomments&post=20932"}],"version-history":[{"count":1,"href":"https:\/\/msconectado.com.br\/index.php?rest_route=\/wp\/v2\/posts\/20932\/revisions"}],"predecessor-version":[{"id":20934,"href":"https:\/\/msconectado.com.br\/index.php?rest_route=\/wp\/v2\/posts\/20932\/revisions\/20934"}],"wp:featuredmedia":[{"embeddable":true,"href":"https:\/\/msconectado.com.br\/index.php?rest_route=\/wp\/v2\/media\/20933"}],"wp:attachment":[{"href":"https:\/\/msconectado.com.br\/index.php?rest_route=%2Fwp%2Fv2%2Fmedia&parent=20932"}],"wp:term":[{"taxonomy":"category","embeddable":true,"href":"https:\/\/msconectado.com.br\/index.php?rest_route=%2Fwp%2Fv2%2Fcategories&post=20932"},{"taxonomy":"post_tag","embeddable":true,"href":"https:\/\/msconectado.com.br\/index.php?rest_route=%2Fwp%2Fv2%2Ftags&post=20932"}],"curies":[{"name":"wp","href":"https:\/\/api.w.org\/{rel}","templated":true}]}}