
{"id":20943,"date":"2024-01-20T21:50:56","date_gmt":"2024-01-20T21:50:56","guid":{"rendered":"https:\/\/msconectado.com.br\/?p=20943"},"modified":"2024-01-20T21:50:58","modified_gmt":"2024-01-20T21:50:58","slug":"na-inauguracao-de-escola-com-apoio-do-governo-obra-na-ms-289-e-anunciada-em-amambai","status":"publish","type":"post","link":"https:\/\/msconectado.com.br\/?p=20943","title":{"rendered":"Na inaugura\u00e7\u00e3o de escola com apoio do Governo, obra na MS-289 \u00e9 anunciada em Amambai"},"content":{"rendered":"\n<p>Na solenidade, o governador Eduardo Riedel falou sobre o trabalho realizado pelo Executivo na \u00e1rea e a import\u00e2ncia do acesso \u00e0 educa\u00e7\u00e3o em todo o Estado e anunciou a licita\u00e7\u00e3o para pavimentar a rodovia MS-289, onde fica a unidade escolar.<\/p>\n\n\n\n<p>\u201cA educa\u00e7\u00e3o pofe fazer, e faz, a transforma\u00e7\u00e3o do nosso Estado. Esta escola, mais pr\u00f3xima dos alunos, pode dar condi\u00e7\u00f5es de progresso, principalmente para aqueles que mais precisam. O projeto de pavimenta\u00e7\u00e3o da MS-289 tem tres etapas e vamos come\u00e7ar pelo terceiro, que ter\u00e1 a licita\u00e7\u00e3o lan\u00e7ada\u201d, disse Riedel.<\/p>\n\n\n\n<p>A Escola Rural Municipal Novo Horizonte, que foi constru\u00edda (com investimentos privados do Grupo Solo Mio) na MS-289, entre os munic\u00edpios de Amambai e Juti, \u00e9 a \u00fanica unidade de ensino na regi\u00e3o. A rodovia \u00e9 o principal eixo de liga\u00e7\u00e3o dos moradores da regi\u00e3o e uma necessidade antiga.<\/p>\n\n\n\n<p>Na constru\u00e7\u00e3o da escola, que tem sete salas de aula e demais depend\u00eancias, no padr\u00e3o de edifica\u00e7\u00e3o exigidos pelo MEC (Minist\u00e9rio da Educa\u00e7\u00e3o), foram investidos R$ 980 mil. O pr\u00e9dio tem capacidade para atender 250 estudantes \u2013 a partir das s\u00e9ries finais da pr\u00e9-escola, ensino fundamental, at\u00e9 o 3\u00ba ano do ensino m\u00e9dio.<\/p>\n\n\n\n<p>A \u00faltima etapa \u2013 do 1\u00b0 ao 3\u00b0 ano do ensino m\u00e9dio \u2013, que ter\u00e1 in\u00edcio em 2025, tem o apoio do Governo do Estado na ced\u00eancia de professores, extensiva a turmas de Educa\u00e7\u00e3o de Jovens e Adultos (EJA).<\/p>\n\n\n\n<p>Durante a inaugura\u00e7\u00e3o, o Grupo Solo Mio assinou o termo de ced\u00eancia da unidade de ensino para a Prefeitura Municipal de Amambai. At\u00e9 o momento, 130 estudantes &#8211; do 1\u00b0 ao 9\u00b0 ano do ensino fundamental &#8211; est\u00e3o matriculados no local, para o ano letivo de 2024.<\/p>\n\n\n\n<p>Al\u00e9m da consultoria oferecida pela SED (Secretaria de Estado de Educa\u00e7\u00e3o), para constru\u00e7\u00e3o da escola no padr\u00e3o de edifica\u00e7\u00e3o do MEC e da ced\u00eancia dos professores para as turmas do 1\u00b0 ao 3\u00b0 ano do ensino m\u00e9dio, tamb\u00e9m foram cedidos computadores para a instala\u00e7\u00e3o da sala de inform\u00e1tica da escola.<\/p>\n\n\n\n<p>\u201cAs crian\u00e7as v\u00e3o ter melhoria na qualidade ee vida, estuando mais pr\u00f3ximo de casa. Investir em educa\u00e7\u00e3o \u00e9 o \u00fanico caminho para mudar a realidade\u201d, disse o prefeito de Amambai, Edinaldo Bandeira.<\/p>\n\n\n\n<p>A inaugura\u00e7\u00e3o reuniu a primeira-dama M\u00f4nica Riedel, o secret\u00e1rio Eduardo Rocha (Casa Civil), al\u00e9m dos representantes do Grupo Solo Mio (Fam\u00edlia Gollo), Luiz Ovando (deputado federal), Z\u00e9 Teixeira (deputado estadual) e autoridades municipais.<\/p>\n\n\n\n<p>\u201cEu aprendi que se a gente quer fazer alguma coisa diferente, temos que come\u00e7ar a mudar primeiro perto de n\u00f3s. Estamos nos movimentando e lutando para a nossa regi\u00e3o melhorar e prosperar. A escola \u00e9 uma devolu\u00e7\u00e3o para a sociedade\u201d, disse Rafael Gollo, CEO do Grupo Solo Mio.<\/p>\n\n\n\n<p><strong>Hist\u00f3ria<\/strong><\/p>\n\n\n\n<p>A Escola Novo Horizonte \u00e9 fruto da iniciativa da fam\u00edlia Gollo e surgiu no ano de 1996, com uma sala improvisada nas depend\u00eancias da fazenda do mesmo nome, atendendo 20 alunos.<\/p>\n\n\n\n<p>Na regi\u00e3o vivem aproximadamente 250 crian\u00e7as e jovens em idade escolar, e por isso surgiu a necessidade de ampliar o espa\u00e7o de ensino. Instalada entre Amambai e Juti, a unidade atender\u00e1 a comunidade rural dos dois munic\u00edpios, onde est\u00e3o localizados os assentamentos Quer\u00eancia (150 fam\u00edlias) e Magno de Oliveira (100 fam\u00edlias), al\u00e9m da Aldeia Ind\u00edgena Jaguari, onde vivem 300 fam\u00edlias.<\/p>\n\n\n\n<p><strong>Educa\u00e7\u00e3o<\/strong><\/p>\n\n\n\n<p>Na semana passada, o Governo do Estado entregou a reforma geral da Escola Estadual Coronel Felipe Brum com investimentos de mais de R$ 11,7 milh\u00f5es para a reforma geral e mobili\u00e1rio. A unidade escolar atende 499 estudantes matriculados do 6\u00ba ao 9\u00ba do ensino fundamental integral e parcial.<\/p>\n\n\n<div class=\"wp-block-image\">\n<figure class=\"aligncenter\" id=\"attachment_462800\"><a href=\"https:\/\/agenciadenoticias.ms.gov.br\/wp-content\/uploads\/2024\/01\/escola-riedel-amambai-11.jpg\"><img decoding=\"async\" src=\"https:\/\/agenciadenoticias.ms.gov.br\/wp-content\/uploads\/2024\/01\/escola-riedel-amambai-11-1024x625.jpg\" alt=\"\" class=\"wp-image-462800\"\/><\/a><figcaption class=\"wp-element-caption\"><em>Investimento para ajudar educa\u00e7\u00e3o de Amambai<\/em><\/figcaption><\/figure>\n<\/div>\n\n\n<p><strong>Investimentos<\/strong><\/p>\n\n\n\n<p>O ano de 2023 foi marcado por intensos investimentos do Governo do Estado na Educa\u00e7\u00e3o, em infraestrutura, tecnologia e tamb\u00e9m na melhoria salarial dos professores. Os professores efetivos da REE, com carga hor\u00e1ria de 40h semanais, passaram a receber R$ 11.935,46, que \u00e9 o maior sal\u00e1rio para professor no Brasil na educa\u00e7\u00e3o b\u00e1sica.<\/p>\n\n\n\n<p>O Governo do Estado finalizou o ano de 2023 com R$ 313 milh\u00f5es investidos na reforma e amplia\u00e7\u00e3o de 63 escolas estaduais, com interven\u00e7\u00f5es parcial ou total, Al\u00e9m da Capital, mais 33 munic\u00edpios do interior foram contemplados com obras nas unidades de ensino.<\/p>\n\n\n\n<p>Este ano o Governo do Estado realiza a reforma de 125 escolas da Rede Estadual de Ensino, e muitas j\u00e1 estar\u00e3o dispon\u00edveis no come\u00e7o do ano letivo, que come\u00e7a no dia 21 de fevereiro nas 348 unidades escolares e centros da REE, dos 79 munic\u00edpios de Mato Grosso do Sul.<\/p>\n\n\n\n<p><em>Natalia Yahn, Comunica\u00e7\u00e3o Governo de MS<\/em><br><em>Fotos: Saul Schramm<\/em><\/p>\n","protected":false},"excerpt":{"rendered":"<p>Na solenidade, o governador Eduardo Riedel falou sobre o trabalho realizado pelo Executivo na \u00e1rea e a import\u00e2ncia do acesso \u00e0 educa\u00e7\u00e3o em todo o Estado e anunciou a licita\u00e7\u00e3o para pavimentar a rodovia MS-289, onde fica a unidade escolar. \u201cA educa\u00e7\u00e3o pofe fazer, e faz, a transforma\u00e7\u00e3o do nosso Estado. Esta escola, mais pr\u00f3xima [&hellip;]<\/p>\n","protected":false},"author":3,"featured_media":20944,"comment_status":"open","ping_status":"closed","sticky":false,"template":"","format":"standard","meta":{"footnotes":""},"categories":[35,1],"tags":[],"class_list":["post-20943","post","type-post","status-publish","format-standard","has-post-thumbnail","hentry","category-cidades","category-noticia"],"yoast_head":"<!-- This site is optimized with the Yoast SEO plugin v27.5 - https:\/\/yoast.com\/product\/yoast-seo-wordpress\/ -->\n<title>Na inaugura\u00e7\u00e3o de escola com apoio do Governo, obra na MS-289 \u00e9 anunciada em Amambai - MsConectado<\/title>\n<meta name=\"robots\" content=\"index, follow, max-snippet:-1, max-image-preview:large, max-video-preview:-1\" \/>\n<link rel=\"canonical\" href=\"https:\/\/msconectado.com.br\/?p=20943\" \/>\n<meta property=\"og:locale\" content=\"pt_BR\" \/>\n<meta property=\"og:type\" content=\"article\" \/>\n<meta property=\"og:title\" content=\"Na inaugura\u00e7\u00e3o de escola com apoio do Governo, obra na MS-289 \u00e9 anunciada em Amambai - MsConectado\" \/>\n<meta property=\"og:description\" content=\"Na solenidade, o governador Eduardo Riedel falou sobre o trabalho realizado pelo Executivo na \u00e1rea e a import\u00e2ncia do acesso \u00e0 educa\u00e7\u00e3o em todo o Estado e anunciou a licita\u00e7\u00e3o para pavimentar a rodovia MS-289, onde fica a unidade escolar. \u201cA educa\u00e7\u00e3o pofe fazer, e faz, a transforma\u00e7\u00e3o do nosso Estado. Esta escola, mais pr\u00f3xima [&hellip;]\" \/>\n<meta property=\"og:url\" content=\"https:\/\/msconectado.com.br\/?p=20943\" \/>\n<meta property=\"og:site_name\" content=\"MsConectado\" \/>\n<meta property=\"article:published_time\" content=\"2024-01-20T21:50:56+00:00\" \/>\n<meta property=\"article:modified_time\" content=\"2024-01-20T21:50:58+00:00\" \/>\n<meta property=\"og:image\" content=\"https:\/\/msconectado.com.br\/wp-content\/uploads\/2024\/01\/escola-riedel-amambai-9-730x480-1.jpg\" \/>\n\t<meta property=\"og:image:width\" content=\"730\" \/>\n\t<meta property=\"og:image:height\" content=\"480\" \/>\n\t<meta property=\"og:image:type\" content=\"image\/jpeg\" \/>\n<meta name=\"author\" content=\"Jeferson\" \/>\n<meta name=\"twitter:card\" content=\"summary_large_image\" \/>\n<meta name=\"twitter:label1\" content=\"Escrito por\" \/>\n\t<meta name=\"twitter:data1\" content=\"Jeferson\" \/>\n\t<meta name=\"twitter:label2\" content=\"Est. tempo de leitura\" \/>\n\t<meta name=\"twitter:data2\" content=\"4 minutos\" \/>\n<script type=\"application\/ld+json\" class=\"yoast-schema-graph\">{\"@context\":\"https:\\\/\\\/schema.org\",\"@graph\":[{\"@type\":\"Article\",\"@id\":\"https:\\\/\\\/msconectado.com.br\\\/?p=20943#article\",\"isPartOf\":{\"@id\":\"https:\\\/\\\/msconectado.com.br\\\/?p=20943\"},\"author\":{\"name\":\"Jeferson\",\"@id\":\"https:\\\/\\\/msconectado.com.br\\\/#\\\/schema\\\/person\\\/feb123a95a93eebea36f0ed6a2e5ba48\"},\"headline\":\"Na inaugura\u00e7\u00e3o de escola com apoio do Governo, obra na MS-289 \u00e9 anunciada em Amambai\",\"datePublished\":\"2024-01-20T21:50:56+00:00\",\"dateModified\":\"2024-01-20T21:50:58+00:00\",\"mainEntityOfPage\":{\"@id\":\"https:\\\/\\\/msconectado.com.br\\\/?p=20943\"},\"wordCount\":807,\"commentCount\":0,\"publisher\":{\"@id\":\"https:\\\/\\\/msconectado.com.br\\\/#organization\"},\"image\":{\"@id\":\"https:\\\/\\\/msconectado.com.br\\\/?p=20943#primaryimage\"},\"thumbnailUrl\":\"https:\\\/\\\/msconectado.com.br\\\/wp-content\\\/uploads\\\/2024\\\/01\\\/escola-riedel-amambai-9-730x480-1.jpg\",\"articleSection\":[\"Cidades\",\"Not\u00edcia\"],\"inLanguage\":\"pt-BR\",\"potentialAction\":[{\"@type\":\"CommentAction\",\"name\":\"Comment\",\"target\":[\"https:\\\/\\\/msconectado.com.br\\\/?p=20943#respond\"]}]},{\"@type\":\"WebPage\",\"@id\":\"https:\\\/\\\/msconectado.com.br\\\/?p=20943\",\"url\":\"https:\\\/\\\/msconectado.com.br\\\/?p=20943\",\"name\":\"Na inaugura\u00e7\u00e3o de escola com apoio do Governo, obra na MS-289 \u00e9 anunciada em Amambai - MsConectado\",\"isPartOf\":{\"@id\":\"https:\\\/\\\/msconectado.com.br\\\/#website\"},\"primaryImageOfPage\":{\"@id\":\"https:\\\/\\\/msconectado.com.br\\\/?p=20943#primaryimage\"},\"image\":{\"@id\":\"https:\\\/\\\/msconectado.com.br\\\/?p=20943#primaryimage\"},\"thumbnailUrl\":\"https:\\\/\\\/msconectado.com.br\\\/wp-content\\\/uploads\\\/2024\\\/01\\\/escola-riedel-amambai-9-730x480-1.jpg\",\"datePublished\":\"2024-01-20T21:50:56+00:00\",\"dateModified\":\"2024-01-20T21:50:58+00:00\",\"breadcrumb\":{\"@id\":\"https:\\\/\\\/msconectado.com.br\\\/?p=20943#breadcrumb\"},\"inLanguage\":\"pt-BR\",\"potentialAction\":[{\"@type\":\"ReadAction\",\"target\":[\"https:\\\/\\\/msconectado.com.br\\\/?p=20943\"]}]},{\"@type\":\"ImageObject\",\"inLanguage\":\"pt-BR\",\"@id\":\"https:\\\/\\\/msconectado.com.br\\\/?p=20943#primaryimage\",\"url\":\"https:\\\/\\\/msconectado.com.br\\\/wp-content\\\/uploads\\\/2024\\\/01\\\/escola-riedel-amambai-9-730x480-1.jpg\",\"contentUrl\":\"https:\\\/\\\/msconectado.com.br\\\/wp-content\\\/uploads\\\/2024\\\/01\\\/escola-riedel-amambai-9-730x480-1.jpg\",\"width\":730,\"height\":480},{\"@type\":\"BreadcrumbList\",\"@id\":\"https:\\\/\\\/msconectado.com.br\\\/?p=20943#breadcrumb\",\"itemListElement\":[{\"@type\":\"ListItem\",\"position\":1,\"name\":\"In\u00edcio\",\"item\":\"https:\\\/\\\/msconectado.com.br\\\/\"},{\"@type\":\"ListItem\",\"position\":2,\"name\":\"Na inaugura\u00e7\u00e3o de escola com apoio do Governo, obra na MS-289 \u00e9 anunciada em Amambai\"}]},{\"@type\":\"WebSite\",\"@id\":\"https:\\\/\\\/msconectado.com.br\\\/#website\",\"url\":\"https:\\\/\\\/msconectado.com.br\\\/\",\"name\":\"MsConectado\",\"description\":\"Voc\u00ea Conectado com a Not\u00edcia!\",\"publisher\":{\"@id\":\"https:\\\/\\\/msconectado.com.br\\\/#organization\"},\"potentialAction\":[{\"@type\":\"SearchAction\",\"target\":{\"@type\":\"EntryPoint\",\"urlTemplate\":\"https:\\\/\\\/msconectado.com.br\\\/?s={search_term_string}\"},\"query-input\":{\"@type\":\"PropertyValueSpecification\",\"valueRequired\":true,\"valueName\":\"search_term_string\"}}],\"inLanguage\":\"pt-BR\"},{\"@type\":\"Organization\",\"@id\":\"https:\\\/\\\/msconectado.com.br\\\/#organization\",\"name\":\"MsConectado\",\"url\":\"https:\\\/\\\/msconectado.com.br\\\/\",\"logo\":{\"@type\":\"ImageObject\",\"inLanguage\":\"pt-BR\",\"@id\":\"https:\\\/\\\/msconectado.com.br\\\/#\\\/schema\\\/logo\\\/image\\\/\",\"url\":\"https:\\\/\\\/msconectado.com.br\\\/wp-content\\\/uploads\\\/2023\\\/01\\\/cropped-noticia-2.png\",\"contentUrl\":\"https:\\\/\\\/msconectado.com.br\\\/wp-content\\\/uploads\\\/2023\\\/01\\\/cropped-noticia-2.png\",\"width\":720,\"height\":157,\"caption\":\"MsConectado\"},\"image\":{\"@id\":\"https:\\\/\\\/msconectado.com.br\\\/#\\\/schema\\\/logo\\\/image\\\/\"}},{\"@type\":\"Person\",\"@id\":\"https:\\\/\\\/msconectado.com.br\\\/#\\\/schema\\\/person\\\/feb123a95a93eebea36f0ed6a2e5ba48\",\"name\":\"Jeferson\",\"image\":{\"@type\":\"ImageObject\",\"inLanguage\":\"pt-BR\",\"@id\":\"https:\\\/\\\/secure.gravatar.com\\\/avatar\\\/e23e8901c88f0cdc0ad479ef7a39bf3e4c806344549c087c00b721a65549a328?s=96&d=mm&r=g\",\"url\":\"https:\\\/\\\/secure.gravatar.com\\\/avatar\\\/e23e8901c88f0cdc0ad479ef7a39bf3e4c806344549c087c00b721a65549a328?s=96&d=mm&r=g\",\"contentUrl\":\"https:\\\/\\\/secure.gravatar.com\\\/avatar\\\/e23e8901c88f0cdc0ad479ef7a39bf3e4c806344549c087c00b721a65549a328?s=96&d=mm&r=g\",\"caption\":\"Jeferson\"},\"url\":\"https:\\\/\\\/msconectado.com.br\\\/?author=3\"}]}<\/script>\n<!-- \/ Yoast SEO plugin. -->","yoast_head_json":{"title":"Na inaugura\u00e7\u00e3o de escola com apoio do Governo, obra na MS-289 \u00e9 anunciada em Amambai - MsConectado","robots":{"index":"index","follow":"follow","max-snippet":"max-snippet:-1","max-image-preview":"max-image-preview:large","max-video-preview":"max-video-preview:-1"},"canonical":"https:\/\/msconectado.com.br\/?p=20943","og_locale":"pt_BR","og_type":"article","og_title":"Na inaugura\u00e7\u00e3o de escola com apoio do Governo, obra na MS-289 \u00e9 anunciada em Amambai - MsConectado","og_description":"Na solenidade, o governador Eduardo Riedel falou sobre o trabalho realizado pelo Executivo na \u00e1rea e a import\u00e2ncia do acesso \u00e0 educa\u00e7\u00e3o em todo o Estado e anunciou a licita\u00e7\u00e3o para pavimentar a rodovia MS-289, onde fica a unidade escolar. \u201cA educa\u00e7\u00e3o pofe fazer, e faz, a transforma\u00e7\u00e3o do nosso Estado. Esta escola, mais pr\u00f3xima [&hellip;]","og_url":"https:\/\/msconectado.com.br\/?p=20943","og_site_name":"MsConectado","article_published_time":"2024-01-20T21:50:56+00:00","article_modified_time":"2024-01-20T21:50:58+00:00","og_image":[{"width":730,"height":480,"url":"https:\/\/msconectado.com.br\/wp-content\/uploads\/2024\/01\/escola-riedel-amambai-9-730x480-1.jpg","type":"image\/jpeg"}],"author":"Jeferson","twitter_card":"summary_large_image","twitter_misc":{"Escrito por":"Jeferson","Est. tempo de leitura":"4 minutos"},"schema":{"@context":"https:\/\/schema.org","@graph":[{"@type":"Article","@id":"https:\/\/msconectado.com.br\/?p=20943#article","isPartOf":{"@id":"https:\/\/msconectado.com.br\/?p=20943"},"author":{"name":"Jeferson","@id":"https:\/\/msconectado.com.br\/#\/schema\/person\/feb123a95a93eebea36f0ed6a2e5ba48"},"headline":"Na inaugura\u00e7\u00e3o de escola com apoio do Governo, obra na MS-289 \u00e9 anunciada em Amambai","datePublished":"2024-01-20T21:50:56+00:00","dateModified":"2024-01-20T21:50:58+00:00","mainEntityOfPage":{"@id":"https:\/\/msconectado.com.br\/?p=20943"},"wordCount":807,"commentCount":0,"publisher":{"@id":"https:\/\/msconectado.com.br\/#organization"},"image":{"@id":"https:\/\/msconectado.com.br\/?p=20943#primaryimage"},"thumbnailUrl":"https:\/\/msconectado.com.br\/wp-content\/uploads\/2024\/01\/escola-riedel-amambai-9-730x480-1.jpg","articleSection":["Cidades","Not\u00edcia"],"inLanguage":"pt-BR","potentialAction":[{"@type":"CommentAction","name":"Comment","target":["https:\/\/msconectado.com.br\/?p=20943#respond"]}]},{"@type":"WebPage","@id":"https:\/\/msconectado.com.br\/?p=20943","url":"https:\/\/msconectado.com.br\/?p=20943","name":"Na inaugura\u00e7\u00e3o de escola com apoio do Governo, obra na MS-289 \u00e9 anunciada em Amambai - MsConectado","isPartOf":{"@id":"https:\/\/msconectado.com.br\/#website"},"primaryImageOfPage":{"@id":"https:\/\/msconectado.com.br\/?p=20943#primaryimage"},"image":{"@id":"https:\/\/msconectado.com.br\/?p=20943#primaryimage"},"thumbnailUrl":"https:\/\/msconectado.com.br\/wp-content\/uploads\/2024\/01\/escola-riedel-amambai-9-730x480-1.jpg","datePublished":"2024-01-20T21:50:56+00:00","dateModified":"2024-01-20T21:50:58+00:00","breadcrumb":{"@id":"https:\/\/msconectado.com.br\/?p=20943#breadcrumb"},"inLanguage":"pt-BR","potentialAction":[{"@type":"ReadAction","target":["https:\/\/msconectado.com.br\/?p=20943"]}]},{"@type":"ImageObject","inLanguage":"pt-BR","@id":"https:\/\/msconectado.com.br\/?p=20943#primaryimage","url":"https:\/\/msconectado.com.br\/wp-content\/uploads\/2024\/01\/escola-riedel-amambai-9-730x480-1.jpg","contentUrl":"https:\/\/msconectado.com.br\/wp-content\/uploads\/2024\/01\/escola-riedel-amambai-9-730x480-1.jpg","width":730,"height":480},{"@type":"BreadcrumbList","@id":"https:\/\/msconectado.com.br\/?p=20943#breadcrumb","itemListElement":[{"@type":"ListItem","position":1,"name":"In\u00edcio","item":"https:\/\/msconectado.com.br\/"},{"@type":"ListItem","position":2,"name":"Na inaugura\u00e7\u00e3o de escola com apoio do Governo, obra na MS-289 \u00e9 anunciada em Amambai"}]},{"@type":"WebSite","@id":"https:\/\/msconectado.com.br\/#website","url":"https:\/\/msconectado.com.br\/","name":"MsConectado","description":"Voc\u00ea Conectado com a Not\u00edcia!","publisher":{"@id":"https:\/\/msconectado.com.br\/#organization"},"potentialAction":[{"@type":"SearchAction","target":{"@type":"EntryPoint","urlTemplate":"https:\/\/msconectado.com.br\/?s={search_term_string}"},"query-input":{"@type":"PropertyValueSpecification","valueRequired":true,"valueName":"search_term_string"}}],"inLanguage":"pt-BR"},{"@type":"Organization","@id":"https:\/\/msconectado.com.br\/#organization","name":"MsConectado","url":"https:\/\/msconectado.com.br\/","logo":{"@type":"ImageObject","inLanguage":"pt-BR","@id":"https:\/\/msconectado.com.br\/#\/schema\/logo\/image\/","url":"https:\/\/msconectado.com.br\/wp-content\/uploads\/2023\/01\/cropped-noticia-2.png","contentUrl":"https:\/\/msconectado.com.br\/wp-content\/uploads\/2023\/01\/cropped-noticia-2.png","width":720,"height":157,"caption":"MsConectado"},"image":{"@id":"https:\/\/msconectado.com.br\/#\/schema\/logo\/image\/"}},{"@type":"Person","@id":"https:\/\/msconectado.com.br\/#\/schema\/person\/feb123a95a93eebea36f0ed6a2e5ba48","name":"Jeferson","image":{"@type":"ImageObject","inLanguage":"pt-BR","@id":"https:\/\/secure.gravatar.com\/avatar\/e23e8901c88f0cdc0ad479ef7a39bf3e4c806344549c087c00b721a65549a328?s=96&d=mm&r=g","url":"https:\/\/secure.gravatar.com\/avatar\/e23e8901c88f0cdc0ad479ef7a39bf3e4c806344549c087c00b721a65549a328?s=96&d=mm&r=g","contentUrl":"https:\/\/secure.gravatar.com\/avatar\/e23e8901c88f0cdc0ad479ef7a39bf3e4c806344549c087c00b721a65549a328?s=96&d=mm&r=g","caption":"Jeferson"},"url":"https:\/\/msconectado.com.br\/?author=3"}]}},"_links":{"self":[{"href":"https:\/\/msconectado.com.br\/index.php?rest_route=\/wp\/v2\/posts\/20943","targetHints":{"allow":["GET"]}}],"collection":[{"href":"https:\/\/msconectado.com.br\/index.php?rest_route=\/wp\/v2\/posts"}],"about":[{"href":"https:\/\/msconectado.com.br\/index.php?rest_route=\/wp\/v2\/types\/post"}],"author":[{"embeddable":true,"href":"https:\/\/msconectado.com.br\/index.php?rest_route=\/wp\/v2\/users\/3"}],"replies":[{"embeddable":true,"href":"https:\/\/msconectado.com.br\/index.php?rest_route=%2Fwp%2Fv2%2Fcomments&post=20943"}],"version-history":[{"count":1,"href":"https:\/\/msconectado.com.br\/index.php?rest_route=\/wp\/v2\/posts\/20943\/revisions"}],"predecessor-version":[{"id":20945,"href":"https:\/\/msconectado.com.br\/index.php?rest_route=\/wp\/v2\/posts\/20943\/revisions\/20945"}],"wp:featuredmedia":[{"embeddable":true,"href":"https:\/\/msconectado.com.br\/index.php?rest_route=\/wp\/v2\/media\/20944"}],"wp:attachment":[{"href":"https:\/\/msconectado.com.br\/index.php?rest_route=%2Fwp%2Fv2%2Fmedia&parent=20943"}],"wp:term":[{"taxonomy":"category","embeddable":true,"href":"https:\/\/msconectado.com.br\/index.php?rest_route=%2Fwp%2Fv2%2Fcategories&post=20943"},{"taxonomy":"post_tag","embeddable":true,"href":"https:\/\/msconectado.com.br\/index.php?rest_route=%2Fwp%2Fv2%2Ftags&post=20943"}],"curies":[{"name":"wp","href":"https:\/\/api.w.org\/{rel}","templated":true}]}}