
{"id":20946,"date":"2024-01-21T01:21:10","date_gmt":"2024-01-21T01:21:10","guid":{"rendered":"https:\/\/msconectado.com.br\/?p=20946"},"modified":"2024-01-21T01:21:12","modified_gmt":"2024-01-21T01:21:12","slug":"eldorado-alexandre-junqueira-declara-apoio-ao-pre-candidato-a-prefeito-ze-martins","status":"publish","type":"post","link":"https:\/\/msconectado.com.br\/?p=20946","title":{"rendered":"Eldorado: Alexandre Junqueira declara apoio ao pr\u00e9-candidato a prefeito Z\u00e9 Martins"},"content":{"rendered":"\n<p>Apoiado pela deputada estadual Mara Caseiro (PSDB), o pr\u00e9-candidato a prefeito de Eldorado e presidente da C\u00e2mara Municipal, vereador Z\u00e9 Martins (DEM), tem conquistado a confian\u00e7a de diversas lideran\u00e7as municipais. Hoje, declarou apoio \u00e0 sua pr\u00e9-candidatura, o presidente do Sindicato Rural de Eldorado, Alexandre Junqueira.<br>Grande lideran\u00e7a entre os produtores rurais de Eldorado e do Mato Grosso do Sul, Alexandre fortalece ainda mais a pr\u00e9-candidatura de Z\u00e9 Martins ao Executivo municipal. \u201cPor ser muito respeitado no munic\u00edpio, Junqueira representa a for\u00e7a jovem da pol\u00edtica eldoradense, com ideias inovadoras que, com certeza, ajudar\u00e3o muito na conquista de um mandato futurista\u201d, destacou a deputada.<br>Ap\u00f3s analisar as op\u00e7\u00f5es, Junqueira disse que Z\u00e9 Martins \u00e9 a melhor op\u00e7\u00e3o para a Prefeitura Municipal de Eldorado. &#8220;Me coloco \u00e0 disposi\u00e7\u00e3o do pr\u00e9-candidato do PSDB e pe\u00e7o que ele tenha sempre vis\u00e3o de futuro, seja um incentivador do empreendedorismo, olhe pela classe produtora, cuidando daquele que produz, de um modo geral, incentivando a agricultura familiar e ouvindo todos os segmentos representativos do munic\u00edpio, buscando sempre a gera\u00e7\u00e3o de emprego e renda&#8221;, pediu.<br>Por fim, o presidente do Sindicato Rural disse querer o melhor para a cidade. &#8220;\u00c9 por isso que meu apoio \u00e9 para o pr\u00e9-candidato a prefeito, Z\u00e9 Martins&#8221;, concluiu.<\/p>\n\n\n\n<p>Mais Apoio<br>Tamb\u00e9m s\u00e3o apoiadores do pr\u00e9-candidato a prefeito Z\u00e9 Martins, os vereadores Toninho (PSDB), Joil (PSDB), Luiz Roberto (PDT), Ivan (PDT), \u00c2ngela Dias (DEM), o ex-vice-prefeito Tonheca, o tamb\u00e9m ex-vice-prefeito M\u00e1rio Coelho, o ex-vereador Neny e muitas outras lideran\u00e7as. &#8220;Sabemos que Z\u00e9 Martins \u00e9 a renova\u00e7\u00e3o no Executivo, a melhor op\u00e7\u00e3o para Eldorado&#8221;, declarou a deputada Mara Caseiro.<\/p>\n\n\n\n<p>Assessoria<\/p>\n\n\n\n<figure class=\"wp-block-image\"><img fetchpriority=\"high\" decoding=\"async\" width=\"900\" height=\"100\" src=\"https:\/\/msconectado.com.br\/wp-content\/uploads\/2024\/01\/image.png\" alt=\"\" class=\"wp-image-20939\" srcset=\"https:\/\/msconectado.com.br\/wp-content\/uploads\/2024\/01\/image.png 900w, https:\/\/msconectado.com.br\/wp-content\/uploads\/2024\/01\/image-300x33.png 300w, https:\/\/msconectado.com.br\/wp-content\/uploads\/2024\/01\/image-768x85.png 768w\" sizes=\"(max-width: 900px) 100vw, 900px\" \/><\/figure>\n\n\n\n<figure class=\"wp-block-image\"><a href=\"https:\/\/www.instagram.com\/saboreprosamaracaju\/\"><img decoding=\"async\" width=\"900\" height=\"100\" src=\"https:\/\/msconectado.com.br\/wp-content\/uploads\/2024\/01\/900X100-PRIMEIRO-1.png\" alt=\"\" class=\"wp-image-20879\" srcset=\"https:\/\/msconectado.com.br\/wp-content\/uploads\/2024\/01\/900X100-PRIMEIRO-1.png 900w, https:\/\/msconectado.com.br\/wp-content\/uploads\/2024\/01\/900X100-PRIMEIRO-1-300x33.png 300w, https:\/\/msconectado.com.br\/wp-content\/uploads\/2024\/01\/900X100-PRIMEIRO-1-768x85.png 768w\" sizes=\"(max-width: 900px) 100vw, 900px\" \/><\/a><\/figure>\n\n\n\n<figure class=\"wp-block-image\"><a href=\"https:\/\/www.instagram.com\/sicredipantanal\/\"><img decoding=\"async\" width=\"900\" height=\"100\" src=\"https:\/\/msconectado.com.br\/wp-content\/uploads\/2023\/12\/MS-conectato-900-x-100-px.gif\" alt=\"\" class=\"wp-image-20653\"\/><\/a><\/figure>\n\n\n\n<figure class=\"wp-block-image\"><a href=\"https:\/\/www.instagram.com\/celeriumtelecom\/\"><img loading=\"lazy\" decoding=\"async\" width=\"900\" height=\"100\" src=\"https:\/\/msconectado.com.br\/wp-content\/uploads\/2023\/06\/Prancheta_1_copiar.gif\" alt=\"\" class=\"wp-image-19623\"\/><\/a><\/figure>\n","protected":false},"excerpt":{"rendered":"<p>Apoiado pela deputada estadual Mara Caseiro (PSDB), o pr\u00e9-candidato a prefeito de Eldorado e presidente da C\u00e2mara Municipal, vereador Z\u00e9 Martins (DEM), tem conquistado a confian\u00e7a de diversas lideran\u00e7as municipais. Hoje, declarou apoio \u00e0 sua pr\u00e9-candidatura, o presidente do Sindicato Rural de Eldorado, Alexandre Junqueira.Grande lideran\u00e7a entre os produtores rurais de Eldorado e do Mato [&hellip;]<\/p>\n","protected":false},"author":2,"featured_media":20947,"comment_status":"open","ping_status":"closed","sticky":false,"template":"","format":"standard","meta":{"footnotes":""},"categories":[35,1,33],"tags":[],"class_list":["post-20946","post","type-post","status-publish","format-standard","has-post-thumbnail","hentry","category-cidades","category-noticia","category-politica"],"yoast_head":"<!-- This site is optimized with the Yoast SEO plugin v27.5 - https:\/\/yoast.com\/product\/yoast-seo-wordpress\/ -->\n<title>Eldorado: Alexandre Junqueira declara apoio ao pr\u00e9-candidato a prefeito Z\u00e9 Martins - MsConectado<\/title>\n<meta name=\"robots\" content=\"index, follow, max-snippet:-1, max-image-preview:large, max-video-preview:-1\" \/>\n<link rel=\"canonical\" href=\"https:\/\/msconectado.com.br\/?p=20946\" \/>\n<meta property=\"og:locale\" content=\"pt_BR\" \/>\n<meta property=\"og:type\" content=\"article\" \/>\n<meta property=\"og:title\" content=\"Eldorado: Alexandre Junqueira declara apoio ao pr\u00e9-candidato a prefeito Z\u00e9 Martins - MsConectado\" \/>\n<meta property=\"og:description\" content=\"Apoiado pela deputada estadual Mara Caseiro (PSDB), o pr\u00e9-candidato a prefeito de Eldorado e presidente da C\u00e2mara Municipal, vereador Z\u00e9 Martins (DEM), tem conquistado a confian\u00e7a de diversas lideran\u00e7as municipais. Hoje, declarou apoio \u00e0 sua pr\u00e9-candidatura, o presidente do Sindicato Rural de Eldorado, Alexandre Junqueira.Grande lideran\u00e7a entre os produtores rurais de Eldorado e do Mato [&hellip;]\" \/>\n<meta property=\"og:url\" content=\"https:\/\/msconectado.com.br\/?p=20946\" \/>\n<meta property=\"og:site_name\" content=\"MsConectado\" \/>\n<meta property=\"article:published_time\" content=\"2024-01-21T01:21:10+00:00\" \/>\n<meta property=\"article:modified_time\" content=\"2024-01-21T01:21:12+00:00\" \/>\n<meta property=\"og:image\" content=\"https:\/\/msconectado.com.br\/wp-content\/uploads\/2024\/01\/left_or_right_Limpeza_Antero-2.jpg\" \/>\n\t<meta property=\"og:image:width\" content=\"1200\" \/>\n\t<meta property=\"og:image:height\" content=\"770\" \/>\n\t<meta property=\"og:image:type\" content=\"image\/jpeg\" \/>\n<meta name=\"author\" content=\"MsConectado\" \/>\n<meta name=\"twitter:card\" content=\"summary_large_image\" \/>\n<meta name=\"twitter:label1\" content=\"Escrito por\" \/>\n\t<meta name=\"twitter:data1\" content=\"MsConectado\" \/>\n\t<meta name=\"twitter:label2\" content=\"Est. tempo de leitura\" \/>\n\t<meta name=\"twitter:data2\" content=\"1 minuto\" \/>\n<script type=\"application\/ld+json\" class=\"yoast-schema-graph\">{\"@context\":\"https:\\\/\\\/schema.org\",\"@graph\":[{\"@type\":\"Article\",\"@id\":\"https:\\\/\\\/msconectado.com.br\\\/?p=20946#article\",\"isPartOf\":{\"@id\":\"https:\\\/\\\/msconectado.com.br\\\/?p=20946\"},\"author\":{\"name\":\"MsConectado\",\"@id\":\"https:\\\/\\\/msconectado.com.br\\\/#\\\/schema\\\/person\\\/e5585545b5687092f1041d350b6e2c16\"},\"headline\":\"Eldorado: Alexandre Junqueira declara apoio ao pr\u00e9-candidato a prefeito Z\u00e9 Martins\",\"datePublished\":\"2024-01-21T01:21:10+00:00\",\"dateModified\":\"2024-01-21T01:21:12+00:00\",\"mainEntityOfPage\":{\"@id\":\"https:\\\/\\\/msconectado.com.br\\\/?p=20946\"},\"wordCount\":299,\"commentCount\":0,\"publisher\":{\"@id\":\"https:\\\/\\\/msconectado.com.br\\\/#organization\"},\"image\":{\"@id\":\"https:\\\/\\\/msconectado.com.br\\\/?p=20946#primaryimage\"},\"thumbnailUrl\":\"https:\\\/\\\/msconectado.com.br\\\/wp-content\\\/uploads\\\/2024\\\/01\\\/left_or_right_Limpeza_Antero-2.jpg\",\"articleSection\":[\"Cidades\",\"Not\u00edcia\",\"Pol\u00edtica\"],\"inLanguage\":\"pt-BR\",\"potentialAction\":[{\"@type\":\"CommentAction\",\"name\":\"Comment\",\"target\":[\"https:\\\/\\\/msconectado.com.br\\\/?p=20946#respond\"]}]},{\"@type\":\"WebPage\",\"@id\":\"https:\\\/\\\/msconectado.com.br\\\/?p=20946\",\"url\":\"https:\\\/\\\/msconectado.com.br\\\/?p=20946\",\"name\":\"Eldorado: Alexandre Junqueira declara apoio ao pr\u00e9-candidato a prefeito Z\u00e9 Martins - MsConectado\",\"isPartOf\":{\"@id\":\"https:\\\/\\\/msconectado.com.br\\\/#website\"},\"primaryImageOfPage\":{\"@id\":\"https:\\\/\\\/msconectado.com.br\\\/?p=20946#primaryimage\"},\"image\":{\"@id\":\"https:\\\/\\\/msconectado.com.br\\\/?p=20946#primaryimage\"},\"thumbnailUrl\":\"https:\\\/\\\/msconectado.com.br\\\/wp-content\\\/uploads\\\/2024\\\/01\\\/left_or_right_Limpeza_Antero-2.jpg\",\"datePublished\":\"2024-01-21T01:21:10+00:00\",\"dateModified\":\"2024-01-21T01:21:12+00:00\",\"breadcrumb\":{\"@id\":\"https:\\\/\\\/msconectado.com.br\\\/?p=20946#breadcrumb\"},\"inLanguage\":\"pt-BR\",\"potentialAction\":[{\"@type\":\"ReadAction\",\"target\":[\"https:\\\/\\\/msconectado.com.br\\\/?p=20946\"]}]},{\"@type\":\"ImageObject\",\"inLanguage\":\"pt-BR\",\"@id\":\"https:\\\/\\\/msconectado.com.br\\\/?p=20946#primaryimage\",\"url\":\"https:\\\/\\\/msconectado.com.br\\\/wp-content\\\/uploads\\\/2024\\\/01\\\/left_or_right_Limpeza_Antero-2.jpg\",\"contentUrl\":\"https:\\\/\\\/msconectado.com.br\\\/wp-content\\\/uploads\\\/2024\\\/01\\\/left_or_right_Limpeza_Antero-2.jpg\",\"width\":1200,\"height\":770},{\"@type\":\"BreadcrumbList\",\"@id\":\"https:\\\/\\\/msconectado.com.br\\\/?p=20946#breadcrumb\",\"itemListElement\":[{\"@type\":\"ListItem\",\"position\":1,\"name\":\"In\u00edcio\",\"item\":\"https:\\\/\\\/msconectado.com.br\\\/\"},{\"@type\":\"ListItem\",\"position\":2,\"name\":\"Eldorado: Alexandre Junqueira declara apoio ao pr\u00e9-candidato a prefeito Z\u00e9 Martins\"}]},{\"@type\":\"WebSite\",\"@id\":\"https:\\\/\\\/msconectado.com.br\\\/#website\",\"url\":\"https:\\\/\\\/msconectado.com.br\\\/\",\"name\":\"MsConectado\",\"description\":\"Voc\u00ea Conectado com a Not\u00edcia!\",\"publisher\":{\"@id\":\"https:\\\/\\\/msconectado.com.br\\\/#organization\"},\"potentialAction\":[{\"@type\":\"SearchAction\",\"target\":{\"@type\":\"EntryPoint\",\"urlTemplate\":\"https:\\\/\\\/msconectado.com.br\\\/?s={search_term_string}\"},\"query-input\":{\"@type\":\"PropertyValueSpecification\",\"valueRequired\":true,\"valueName\":\"search_term_string\"}}],\"inLanguage\":\"pt-BR\"},{\"@type\":\"Organization\",\"@id\":\"https:\\\/\\\/msconectado.com.br\\\/#organization\",\"name\":\"MsConectado\",\"url\":\"https:\\\/\\\/msconectado.com.br\\\/\",\"logo\":{\"@type\":\"ImageObject\",\"inLanguage\":\"pt-BR\",\"@id\":\"https:\\\/\\\/msconectado.com.br\\\/#\\\/schema\\\/logo\\\/image\\\/\",\"url\":\"https:\\\/\\\/msconectado.com.br\\\/wp-content\\\/uploads\\\/2023\\\/01\\\/cropped-noticia-2.png\",\"contentUrl\":\"https:\\\/\\\/msconectado.com.br\\\/wp-content\\\/uploads\\\/2023\\\/01\\\/cropped-noticia-2.png\",\"width\":720,\"height\":157,\"caption\":\"MsConectado\"},\"image\":{\"@id\":\"https:\\\/\\\/msconectado.com.br\\\/#\\\/schema\\\/logo\\\/image\\\/\"}},{\"@type\":\"Person\",\"@id\":\"https:\\\/\\\/msconectado.com.br\\\/#\\\/schema\\\/person\\\/e5585545b5687092f1041d350b6e2c16\",\"name\":\"MsConectado\",\"image\":{\"@type\":\"ImageObject\",\"inLanguage\":\"pt-BR\",\"@id\":\"https:\\\/\\\/secure.gravatar.com\\\/avatar\\\/3b4f84a0a8a4380ac4431fa79981d073692380c5da00ae97596e794ab0db5c8c?s=96&d=mm&r=g\",\"url\":\"https:\\\/\\\/secure.gravatar.com\\\/avatar\\\/3b4f84a0a8a4380ac4431fa79981d073692380c5da00ae97596e794ab0db5c8c?s=96&d=mm&r=g\",\"contentUrl\":\"https:\\\/\\\/secure.gravatar.com\\\/avatar\\\/3b4f84a0a8a4380ac4431fa79981d073692380c5da00ae97596e794ab0db5c8c?s=96&d=mm&r=g\",\"caption\":\"MsConectado\"},\"url\":\"https:\\\/\\\/msconectado.com.br\\\/?author=2\"}]}<\/script>\n<!-- \/ Yoast SEO plugin. -->","yoast_head_json":{"title":"Eldorado: Alexandre Junqueira declara apoio ao pr\u00e9-candidato a prefeito Z\u00e9 Martins - MsConectado","robots":{"index":"index","follow":"follow","max-snippet":"max-snippet:-1","max-image-preview":"max-image-preview:large","max-video-preview":"max-video-preview:-1"},"canonical":"https:\/\/msconectado.com.br\/?p=20946","og_locale":"pt_BR","og_type":"article","og_title":"Eldorado: Alexandre Junqueira declara apoio ao pr\u00e9-candidato a prefeito Z\u00e9 Martins - MsConectado","og_description":"Apoiado pela deputada estadual Mara Caseiro (PSDB), o pr\u00e9-candidato a prefeito de Eldorado e presidente da C\u00e2mara Municipal, vereador Z\u00e9 Martins (DEM), tem conquistado a confian\u00e7a de diversas lideran\u00e7as municipais. Hoje, declarou apoio \u00e0 sua pr\u00e9-candidatura, o presidente do Sindicato Rural de Eldorado, Alexandre Junqueira.Grande lideran\u00e7a entre os produtores rurais de Eldorado e do Mato [&hellip;]","og_url":"https:\/\/msconectado.com.br\/?p=20946","og_site_name":"MsConectado","article_published_time":"2024-01-21T01:21:10+00:00","article_modified_time":"2024-01-21T01:21:12+00:00","og_image":[{"width":1200,"height":770,"url":"https:\/\/msconectado.com.br\/wp-content\/uploads\/2024\/01\/left_or_right_Limpeza_Antero-2.jpg","type":"image\/jpeg"}],"author":"MsConectado","twitter_card":"summary_large_image","twitter_misc":{"Escrito por":"MsConectado","Est. tempo de leitura":"1 minuto"},"schema":{"@context":"https:\/\/schema.org","@graph":[{"@type":"Article","@id":"https:\/\/msconectado.com.br\/?p=20946#article","isPartOf":{"@id":"https:\/\/msconectado.com.br\/?p=20946"},"author":{"name":"MsConectado","@id":"https:\/\/msconectado.com.br\/#\/schema\/person\/e5585545b5687092f1041d350b6e2c16"},"headline":"Eldorado: Alexandre Junqueira declara apoio ao pr\u00e9-candidato a prefeito Z\u00e9 Martins","datePublished":"2024-01-21T01:21:10+00:00","dateModified":"2024-01-21T01:21:12+00:00","mainEntityOfPage":{"@id":"https:\/\/msconectado.com.br\/?p=20946"},"wordCount":299,"commentCount":0,"publisher":{"@id":"https:\/\/msconectado.com.br\/#organization"},"image":{"@id":"https:\/\/msconectado.com.br\/?p=20946#primaryimage"},"thumbnailUrl":"https:\/\/msconectado.com.br\/wp-content\/uploads\/2024\/01\/left_or_right_Limpeza_Antero-2.jpg","articleSection":["Cidades","Not\u00edcia","Pol\u00edtica"],"inLanguage":"pt-BR","potentialAction":[{"@type":"CommentAction","name":"Comment","target":["https:\/\/msconectado.com.br\/?p=20946#respond"]}]},{"@type":"WebPage","@id":"https:\/\/msconectado.com.br\/?p=20946","url":"https:\/\/msconectado.com.br\/?p=20946","name":"Eldorado: Alexandre Junqueira declara apoio ao pr\u00e9-candidato a prefeito Z\u00e9 Martins - MsConectado","isPartOf":{"@id":"https:\/\/msconectado.com.br\/#website"},"primaryImageOfPage":{"@id":"https:\/\/msconectado.com.br\/?p=20946#primaryimage"},"image":{"@id":"https:\/\/msconectado.com.br\/?p=20946#primaryimage"},"thumbnailUrl":"https:\/\/msconectado.com.br\/wp-content\/uploads\/2024\/01\/left_or_right_Limpeza_Antero-2.jpg","datePublished":"2024-01-21T01:21:10+00:00","dateModified":"2024-01-21T01:21:12+00:00","breadcrumb":{"@id":"https:\/\/msconectado.com.br\/?p=20946#breadcrumb"},"inLanguage":"pt-BR","potentialAction":[{"@type":"ReadAction","target":["https:\/\/msconectado.com.br\/?p=20946"]}]},{"@type":"ImageObject","inLanguage":"pt-BR","@id":"https:\/\/msconectado.com.br\/?p=20946#primaryimage","url":"https:\/\/msconectado.com.br\/wp-content\/uploads\/2024\/01\/left_or_right_Limpeza_Antero-2.jpg","contentUrl":"https:\/\/msconectado.com.br\/wp-content\/uploads\/2024\/01\/left_or_right_Limpeza_Antero-2.jpg","width":1200,"height":770},{"@type":"BreadcrumbList","@id":"https:\/\/msconectado.com.br\/?p=20946#breadcrumb","itemListElement":[{"@type":"ListItem","position":1,"name":"In\u00edcio","item":"https:\/\/msconectado.com.br\/"},{"@type":"ListItem","position":2,"name":"Eldorado: Alexandre Junqueira declara apoio ao pr\u00e9-candidato a prefeito Z\u00e9 Martins"}]},{"@type":"WebSite","@id":"https:\/\/msconectado.com.br\/#website","url":"https:\/\/msconectado.com.br\/","name":"MsConectado","description":"Voc\u00ea Conectado com a Not\u00edcia!","publisher":{"@id":"https:\/\/msconectado.com.br\/#organization"},"potentialAction":[{"@type":"SearchAction","target":{"@type":"EntryPoint","urlTemplate":"https:\/\/msconectado.com.br\/?s={search_term_string}"},"query-input":{"@type":"PropertyValueSpecification","valueRequired":true,"valueName":"search_term_string"}}],"inLanguage":"pt-BR"},{"@type":"Organization","@id":"https:\/\/msconectado.com.br\/#organization","name":"MsConectado","url":"https:\/\/msconectado.com.br\/","logo":{"@type":"ImageObject","inLanguage":"pt-BR","@id":"https:\/\/msconectado.com.br\/#\/schema\/logo\/image\/","url":"https:\/\/msconectado.com.br\/wp-content\/uploads\/2023\/01\/cropped-noticia-2.png","contentUrl":"https:\/\/msconectado.com.br\/wp-content\/uploads\/2023\/01\/cropped-noticia-2.png","width":720,"height":157,"caption":"MsConectado"},"image":{"@id":"https:\/\/msconectado.com.br\/#\/schema\/logo\/image\/"}},{"@type":"Person","@id":"https:\/\/msconectado.com.br\/#\/schema\/person\/e5585545b5687092f1041d350b6e2c16","name":"MsConectado","image":{"@type":"ImageObject","inLanguage":"pt-BR","@id":"https:\/\/secure.gravatar.com\/avatar\/3b4f84a0a8a4380ac4431fa79981d073692380c5da00ae97596e794ab0db5c8c?s=96&d=mm&r=g","url":"https:\/\/secure.gravatar.com\/avatar\/3b4f84a0a8a4380ac4431fa79981d073692380c5da00ae97596e794ab0db5c8c?s=96&d=mm&r=g","contentUrl":"https:\/\/secure.gravatar.com\/avatar\/3b4f84a0a8a4380ac4431fa79981d073692380c5da00ae97596e794ab0db5c8c?s=96&d=mm&r=g","caption":"MsConectado"},"url":"https:\/\/msconectado.com.br\/?author=2"}]}},"_links":{"self":[{"href":"https:\/\/msconectado.com.br\/index.php?rest_route=\/wp\/v2\/posts\/20946","targetHints":{"allow":["GET"]}}],"collection":[{"href":"https:\/\/msconectado.com.br\/index.php?rest_route=\/wp\/v2\/posts"}],"about":[{"href":"https:\/\/msconectado.com.br\/index.php?rest_route=\/wp\/v2\/types\/post"}],"author":[{"embeddable":true,"href":"https:\/\/msconectado.com.br\/index.php?rest_route=\/wp\/v2\/users\/2"}],"replies":[{"embeddable":true,"href":"https:\/\/msconectado.com.br\/index.php?rest_route=%2Fwp%2Fv2%2Fcomments&post=20946"}],"version-history":[{"count":1,"href":"https:\/\/msconectado.com.br\/index.php?rest_route=\/wp\/v2\/posts\/20946\/revisions"}],"predecessor-version":[{"id":20948,"href":"https:\/\/msconectado.com.br\/index.php?rest_route=\/wp\/v2\/posts\/20946\/revisions\/20948"}],"wp:featuredmedia":[{"embeddable":true,"href":"https:\/\/msconectado.com.br\/index.php?rest_route=\/wp\/v2\/media\/20947"}],"wp:attachment":[{"href":"https:\/\/msconectado.com.br\/index.php?rest_route=%2Fwp%2Fv2%2Fmedia&parent=20946"}],"wp:term":[{"taxonomy":"category","embeddable":true,"href":"https:\/\/msconectado.com.br\/index.php?rest_route=%2Fwp%2Fv2%2Fcategories&post=20946"},{"taxonomy":"post_tag","embeddable":true,"href":"https:\/\/msconectado.com.br\/index.php?rest_route=%2Fwp%2Fv2%2Ftags&post=20946"}],"curies":[{"name":"wp","href":"https:\/\/api.w.org\/{rel}","templated":true}]}}