
{"id":20957,"date":"2024-01-22T21:49:51","date_gmt":"2024-01-22T21:49:51","guid":{"rendered":"https:\/\/msconectado.com.br\/?p=20957"},"modified":"2024-01-22T21:49:53","modified_gmt":"2024-01-22T21:49:53","slug":"governo-reafirma-parceria-em-obras-de-infraestrutura-e-festas-populares-de-maracaju","status":"publish","type":"post","link":"https:\/\/msconectado.com.br\/?p=20957","title":{"rendered":"Governo reafirma parceria em obras de infraestrutura e festas populares de Maracaju"},"content":{"rendered":"\n<p>O governador Eduardo Riedel recebeu nesta segunda-feira (22) uma comitiva de Maracaju, que contou com representantes do Sindicato Rural, dire\u00e7\u00e3o do Rotary Club e o prefeito da cidade, Marcos Calderan. No encontro ele reafirmou o apoio a eventos importantes como a Festa da Lingui\u00e7a e Expomara e o compromisso em obras de infraestrutura urbana, que s\u00e3o marcas da sua gest\u00e3o municipalista.<\/p>\n\n\n<div class=\"wp-block-image\">\n<figure class=\"aligncenter\" id=\"attachment_462866\"><a href=\"https:\/\/agenciadenoticias.ms.gov.br\/wp-content\/uploads\/2024\/01\/Foto-Alvaro-Rezende-03-scaled.jpg\"><img decoding=\"async\" src=\"https:\/\/agenciadenoticias.ms.gov.br\/wp-content\/uploads\/2024\/01\/Foto-Alvaro-Rezende-03-300x200.jpg\" alt=\"\" class=\"wp-image-462866\"\/><\/a><figcaption class=\"wp-element-caption\"><em>Prefeito Marcos Calderan ao lado do governador<\/em><\/figcaption><\/figure>\n<\/div>\n\n\n<p>\u201cFoi um encontro bastante positivo, em que viemos solicitar apoio \u00e0s duas festas importantes da cidade, que conta com recursos do Estado, a Festa da Lingui\u00e7a e a Expomara, que \u00e9 uma das maiores exposi\u00e7\u00f5es do interior, onde se mostra toda for\u00e7a do agroneg\u00f3cio de Maracaju\u201d, afirmou o prefeito.<\/p>\n\n\n\n<p>Calderan ainda citou as obras de infraestrutura no munic\u00edpio que ter\u00e3o a parceria do Governo do Estado, entre elas a extens\u00e3o da Avenida Senador Felinto M\u00fcller e a constru\u00e7\u00e3o do novo aeroporto da cidade, um dos grandes projetos em comemora\u00e7\u00e3o aos 100 anos de Maracaju.<\/p>\n\n\n\n<p>\u201cTemos o projeto (aeroporto) elaborado que j\u00e1 est\u00e1 na Agesul (Ag\u00eancia Estadual de Gest\u00e3o de Empreendimentos), onde a prefeitura adquiriu a \u00e1rea e o Governo vai nos ajudar na infraestrutura. Ele vai ser constru\u00eddo do zero, inclusive em um local na frente da rota bioce\u00e2nica, para contribuir com o desenvolvimento que est\u00e1 chegando forte em Maracaju\u201d, explicou.<\/p>\n\n\n\n<p>O secret\u00e1rio de Governo e Gest\u00e3o Estrat\u00e9gica, Pedro Caravina, ressaltou que o Governo do Estado continua trabalhando junto com os munic\u00edpios, apoiando tanto nos eventos populares, como em obras que trazem benef\u00edcios diretos \u00e0 popula\u00e7\u00e3o.<\/p>\n\n\n\n<p>\u201cEm Maracaju tem a realiza\u00e7\u00e3o destas duas festas tradicionais, que s\u00e3o importantes para o Estado, tanto a Festa da Lingui\u00e7a que j\u00e1 est\u00e1 no nosso calend\u00e1rio estadual, como a Expomara, que em 2024 ainda comemora os 100 anos da cidade. O governo vai ser parceiro dos dois eventos\u201d, destacou Caravina.<\/p>\n\n\n\n<p>Tamb\u00e9m participaram da agenda os secret\u00e1rios Eduardo Rocha (Casa Civil), H\u00e9lio Peluffo (Seilog), a deputada estadual Mara Caseiro e o secret\u00e1rio-adjunto da Segov, Frederico Felini.<\/p>\n\n\n<div class=\"wp-block-image\">\n<figure class=\"aligncenter\" id=\"attachment_462864\"><a href=\"https:\/\/agenciadenoticias.ms.gov.br\/wp-content\/uploads\/2024\/01\/Foto-Alvaro-Rezende-01-scaled.jpg\"><img decoding=\"async\" src=\"https:\/\/agenciadenoticias.ms.gov.br\/wp-content\/uploads\/2024\/01\/Foto-Alvaro-Rezende-01-1024x683.jpg\" alt=\"\" class=\"wp-image-462864\"\/><\/a><figcaption class=\"wp-element-caption\"><em>Reuni\u00e3o ocorreu na sala de reuni\u00f5es do gabinete<\/em><\/figcaption><\/figure>\n<\/div>\n\n\n<p><em>Leonardo Rocha, Comunica\u00e7\u00e3o do Governo de MS<\/em><br><em>Fotos: \u00c1lvaro Rezende<\/em><\/p>\n","protected":false},"excerpt":{"rendered":"<p>O governador Eduardo Riedel recebeu nesta segunda-feira (22) uma comitiva de Maracaju, que contou com representantes do Sindicato Rural, dire\u00e7\u00e3o do Rotary Club e o prefeito da cidade, Marcos Calderan. No encontro ele reafirmou o apoio a eventos importantes como a Festa da Lingui\u00e7a e Expomara e o compromisso em obras de infraestrutura urbana, que [&hellip;]<\/p>\n","protected":false},"author":2,"featured_media":20958,"comment_status":"open","ping_status":"closed","sticky":false,"template":"","format":"standard","meta":{"footnotes":""},"categories":[35,1],"tags":[],"class_list":["post-20957","post","type-post","status-publish","format-standard","has-post-thumbnail","hentry","category-cidades","category-noticia"],"yoast_head":"<!-- This site is optimized with the Yoast SEO plugin v27.5 - https:\/\/yoast.com\/product\/yoast-seo-wordpress\/ -->\n<title>Governo reafirma parceria em obras de infraestrutura e festas populares de Maracaju - MsConectado<\/title>\n<meta name=\"robots\" content=\"index, follow, max-snippet:-1, max-image-preview:large, max-video-preview:-1\" \/>\n<link rel=\"canonical\" href=\"https:\/\/msconectado.com.br\/?p=20957\" \/>\n<meta property=\"og:locale\" content=\"pt_BR\" \/>\n<meta property=\"og:type\" content=\"article\" \/>\n<meta property=\"og:title\" content=\"Governo reafirma parceria em obras de infraestrutura e festas populares de Maracaju - MsConectado\" \/>\n<meta property=\"og:description\" content=\"O governador Eduardo Riedel recebeu nesta segunda-feira (22) uma comitiva de Maracaju, que contou com representantes do Sindicato Rural, dire\u00e7\u00e3o do Rotary Club e o prefeito da cidade, Marcos Calderan. No encontro ele reafirmou o apoio a eventos importantes como a Festa da Lingui\u00e7a e Expomara e o compromisso em obras de infraestrutura urbana, que [&hellip;]\" \/>\n<meta property=\"og:url\" content=\"https:\/\/msconectado.com.br\/?p=20957\" \/>\n<meta property=\"og:site_name\" content=\"MsConectado\" \/>\n<meta property=\"article:published_time\" content=\"2024-01-22T21:49:51+00:00\" \/>\n<meta property=\"article:modified_time\" content=\"2024-01-22T21:49:53+00:00\" \/>\n<meta property=\"og:image\" content=\"https:\/\/msconectado.com.br\/wp-content\/uploads\/2024\/01\/881936bf-3799-404d-a3d8-dfcabf877865.jpg\" \/>\n\t<meta property=\"og:image:width\" content=\"1600\" \/>\n\t<meta property=\"og:image:height\" content=\"1066\" \/>\n\t<meta property=\"og:image:type\" content=\"image\/jpeg\" \/>\n<meta name=\"author\" content=\"MsConectado\" \/>\n<meta name=\"twitter:card\" content=\"summary_large_image\" \/>\n<meta name=\"twitter:label1\" content=\"Escrito por\" \/>\n\t<meta name=\"twitter:data1\" content=\"MsConectado\" \/>\n\t<meta name=\"twitter:label2\" content=\"Est. tempo de leitura\" \/>\n\t<meta name=\"twitter:data2\" content=\"2 minutos\" \/>\n<script type=\"application\/ld+json\" class=\"yoast-schema-graph\">{\"@context\":\"https:\\\/\\\/schema.org\",\"@graph\":[{\"@type\":\"Article\",\"@id\":\"https:\\\/\\\/msconectado.com.br\\\/?p=20957#article\",\"isPartOf\":{\"@id\":\"https:\\\/\\\/msconectado.com.br\\\/?p=20957\"},\"author\":{\"name\":\"MsConectado\",\"@id\":\"https:\\\/\\\/msconectado.com.br\\\/#\\\/schema\\\/person\\\/e5585545b5687092f1041d350b6e2c16\"},\"headline\":\"Governo reafirma parceria em obras de infraestrutura e festas populares de Maracaju\",\"datePublished\":\"2024-01-22T21:49:51+00:00\",\"dateModified\":\"2024-01-22T21:49:53+00:00\",\"mainEntityOfPage\":{\"@id\":\"https:\\\/\\\/msconectado.com.br\\\/?p=20957\"},\"wordCount\":388,\"commentCount\":0,\"publisher\":{\"@id\":\"https:\\\/\\\/msconectado.com.br\\\/#organization\"},\"image\":{\"@id\":\"https:\\\/\\\/msconectado.com.br\\\/?p=20957#primaryimage\"},\"thumbnailUrl\":\"https:\\\/\\\/msconectado.com.br\\\/wp-content\\\/uploads\\\/2024\\\/01\\\/881936bf-3799-404d-a3d8-dfcabf877865.jpg\",\"articleSection\":[\"Cidades\",\"Not\u00edcia\"],\"inLanguage\":\"pt-BR\",\"potentialAction\":[{\"@type\":\"CommentAction\",\"name\":\"Comment\",\"target\":[\"https:\\\/\\\/msconectado.com.br\\\/?p=20957#respond\"]}]},{\"@type\":\"WebPage\",\"@id\":\"https:\\\/\\\/msconectado.com.br\\\/?p=20957\",\"url\":\"https:\\\/\\\/msconectado.com.br\\\/?p=20957\",\"name\":\"Governo reafirma parceria em obras de infraestrutura e festas populares de Maracaju - MsConectado\",\"isPartOf\":{\"@id\":\"https:\\\/\\\/msconectado.com.br\\\/#website\"},\"primaryImageOfPage\":{\"@id\":\"https:\\\/\\\/msconectado.com.br\\\/?p=20957#primaryimage\"},\"image\":{\"@id\":\"https:\\\/\\\/msconectado.com.br\\\/?p=20957#primaryimage\"},\"thumbnailUrl\":\"https:\\\/\\\/msconectado.com.br\\\/wp-content\\\/uploads\\\/2024\\\/01\\\/881936bf-3799-404d-a3d8-dfcabf877865.jpg\",\"datePublished\":\"2024-01-22T21:49:51+00:00\",\"dateModified\":\"2024-01-22T21:49:53+00:00\",\"breadcrumb\":{\"@id\":\"https:\\\/\\\/msconectado.com.br\\\/?p=20957#breadcrumb\"},\"inLanguage\":\"pt-BR\",\"potentialAction\":[{\"@type\":\"ReadAction\",\"target\":[\"https:\\\/\\\/msconectado.com.br\\\/?p=20957\"]}]},{\"@type\":\"ImageObject\",\"inLanguage\":\"pt-BR\",\"@id\":\"https:\\\/\\\/msconectado.com.br\\\/?p=20957#primaryimage\",\"url\":\"https:\\\/\\\/msconectado.com.br\\\/wp-content\\\/uploads\\\/2024\\\/01\\\/881936bf-3799-404d-a3d8-dfcabf877865.jpg\",\"contentUrl\":\"https:\\\/\\\/msconectado.com.br\\\/wp-content\\\/uploads\\\/2024\\\/01\\\/881936bf-3799-404d-a3d8-dfcabf877865.jpg\",\"width\":1600,\"height\":1066},{\"@type\":\"BreadcrumbList\",\"@id\":\"https:\\\/\\\/msconectado.com.br\\\/?p=20957#breadcrumb\",\"itemListElement\":[{\"@type\":\"ListItem\",\"position\":1,\"name\":\"In\u00edcio\",\"item\":\"https:\\\/\\\/msconectado.com.br\\\/\"},{\"@type\":\"ListItem\",\"position\":2,\"name\":\"Governo reafirma parceria em obras de infraestrutura e festas populares de Maracaju\"}]},{\"@type\":\"WebSite\",\"@id\":\"https:\\\/\\\/msconectado.com.br\\\/#website\",\"url\":\"https:\\\/\\\/msconectado.com.br\\\/\",\"name\":\"MsConectado\",\"description\":\"Voc\u00ea Conectado com a Not\u00edcia!\",\"publisher\":{\"@id\":\"https:\\\/\\\/msconectado.com.br\\\/#organization\"},\"potentialAction\":[{\"@type\":\"SearchAction\",\"target\":{\"@type\":\"EntryPoint\",\"urlTemplate\":\"https:\\\/\\\/msconectado.com.br\\\/?s={search_term_string}\"},\"query-input\":{\"@type\":\"PropertyValueSpecification\",\"valueRequired\":true,\"valueName\":\"search_term_string\"}}],\"inLanguage\":\"pt-BR\"},{\"@type\":\"Organization\",\"@id\":\"https:\\\/\\\/msconectado.com.br\\\/#organization\",\"name\":\"MsConectado\",\"url\":\"https:\\\/\\\/msconectado.com.br\\\/\",\"logo\":{\"@type\":\"ImageObject\",\"inLanguage\":\"pt-BR\",\"@id\":\"https:\\\/\\\/msconectado.com.br\\\/#\\\/schema\\\/logo\\\/image\\\/\",\"url\":\"https:\\\/\\\/msconectado.com.br\\\/wp-content\\\/uploads\\\/2023\\\/01\\\/cropped-noticia-2.png\",\"contentUrl\":\"https:\\\/\\\/msconectado.com.br\\\/wp-content\\\/uploads\\\/2023\\\/01\\\/cropped-noticia-2.png\",\"width\":720,\"height\":157,\"caption\":\"MsConectado\"},\"image\":{\"@id\":\"https:\\\/\\\/msconectado.com.br\\\/#\\\/schema\\\/logo\\\/image\\\/\"}},{\"@type\":\"Person\",\"@id\":\"https:\\\/\\\/msconectado.com.br\\\/#\\\/schema\\\/person\\\/e5585545b5687092f1041d350b6e2c16\",\"name\":\"MsConectado\",\"image\":{\"@type\":\"ImageObject\",\"inLanguage\":\"pt-BR\",\"@id\":\"https:\\\/\\\/secure.gravatar.com\\\/avatar\\\/3b4f84a0a8a4380ac4431fa79981d073692380c5da00ae97596e794ab0db5c8c?s=96&d=mm&r=g\",\"url\":\"https:\\\/\\\/secure.gravatar.com\\\/avatar\\\/3b4f84a0a8a4380ac4431fa79981d073692380c5da00ae97596e794ab0db5c8c?s=96&d=mm&r=g\",\"contentUrl\":\"https:\\\/\\\/secure.gravatar.com\\\/avatar\\\/3b4f84a0a8a4380ac4431fa79981d073692380c5da00ae97596e794ab0db5c8c?s=96&d=mm&r=g\",\"caption\":\"MsConectado\"},\"url\":\"https:\\\/\\\/msconectado.com.br\\\/?author=2\"}]}<\/script>\n<!-- \/ Yoast SEO plugin. -->","yoast_head_json":{"title":"Governo reafirma parceria em obras de infraestrutura e festas populares de Maracaju - MsConectado","robots":{"index":"index","follow":"follow","max-snippet":"max-snippet:-1","max-image-preview":"max-image-preview:large","max-video-preview":"max-video-preview:-1"},"canonical":"https:\/\/msconectado.com.br\/?p=20957","og_locale":"pt_BR","og_type":"article","og_title":"Governo reafirma parceria em obras de infraestrutura e festas populares de Maracaju - MsConectado","og_description":"O governador Eduardo Riedel recebeu nesta segunda-feira (22) uma comitiva de Maracaju, que contou com representantes do Sindicato Rural, dire\u00e7\u00e3o do Rotary Club e o prefeito da cidade, Marcos Calderan. No encontro ele reafirmou o apoio a eventos importantes como a Festa da Lingui\u00e7a e Expomara e o compromisso em obras de infraestrutura urbana, que [&hellip;]","og_url":"https:\/\/msconectado.com.br\/?p=20957","og_site_name":"MsConectado","article_published_time":"2024-01-22T21:49:51+00:00","article_modified_time":"2024-01-22T21:49:53+00:00","og_image":[{"width":1600,"height":1066,"url":"https:\/\/msconectado.com.br\/wp-content\/uploads\/2024\/01\/881936bf-3799-404d-a3d8-dfcabf877865.jpg","type":"image\/jpeg"}],"author":"MsConectado","twitter_card":"summary_large_image","twitter_misc":{"Escrito por":"MsConectado","Est. tempo de leitura":"2 minutos"},"schema":{"@context":"https:\/\/schema.org","@graph":[{"@type":"Article","@id":"https:\/\/msconectado.com.br\/?p=20957#article","isPartOf":{"@id":"https:\/\/msconectado.com.br\/?p=20957"},"author":{"name":"MsConectado","@id":"https:\/\/msconectado.com.br\/#\/schema\/person\/e5585545b5687092f1041d350b6e2c16"},"headline":"Governo reafirma parceria em obras de infraestrutura e festas populares de Maracaju","datePublished":"2024-01-22T21:49:51+00:00","dateModified":"2024-01-22T21:49:53+00:00","mainEntityOfPage":{"@id":"https:\/\/msconectado.com.br\/?p=20957"},"wordCount":388,"commentCount":0,"publisher":{"@id":"https:\/\/msconectado.com.br\/#organization"},"image":{"@id":"https:\/\/msconectado.com.br\/?p=20957#primaryimage"},"thumbnailUrl":"https:\/\/msconectado.com.br\/wp-content\/uploads\/2024\/01\/881936bf-3799-404d-a3d8-dfcabf877865.jpg","articleSection":["Cidades","Not\u00edcia"],"inLanguage":"pt-BR","potentialAction":[{"@type":"CommentAction","name":"Comment","target":["https:\/\/msconectado.com.br\/?p=20957#respond"]}]},{"@type":"WebPage","@id":"https:\/\/msconectado.com.br\/?p=20957","url":"https:\/\/msconectado.com.br\/?p=20957","name":"Governo reafirma parceria em obras de infraestrutura e festas populares de Maracaju - MsConectado","isPartOf":{"@id":"https:\/\/msconectado.com.br\/#website"},"primaryImageOfPage":{"@id":"https:\/\/msconectado.com.br\/?p=20957#primaryimage"},"image":{"@id":"https:\/\/msconectado.com.br\/?p=20957#primaryimage"},"thumbnailUrl":"https:\/\/msconectado.com.br\/wp-content\/uploads\/2024\/01\/881936bf-3799-404d-a3d8-dfcabf877865.jpg","datePublished":"2024-01-22T21:49:51+00:00","dateModified":"2024-01-22T21:49:53+00:00","breadcrumb":{"@id":"https:\/\/msconectado.com.br\/?p=20957#breadcrumb"},"inLanguage":"pt-BR","potentialAction":[{"@type":"ReadAction","target":["https:\/\/msconectado.com.br\/?p=20957"]}]},{"@type":"ImageObject","inLanguage":"pt-BR","@id":"https:\/\/msconectado.com.br\/?p=20957#primaryimage","url":"https:\/\/msconectado.com.br\/wp-content\/uploads\/2024\/01\/881936bf-3799-404d-a3d8-dfcabf877865.jpg","contentUrl":"https:\/\/msconectado.com.br\/wp-content\/uploads\/2024\/01\/881936bf-3799-404d-a3d8-dfcabf877865.jpg","width":1600,"height":1066},{"@type":"BreadcrumbList","@id":"https:\/\/msconectado.com.br\/?p=20957#breadcrumb","itemListElement":[{"@type":"ListItem","position":1,"name":"In\u00edcio","item":"https:\/\/msconectado.com.br\/"},{"@type":"ListItem","position":2,"name":"Governo reafirma parceria em obras de infraestrutura e festas populares de Maracaju"}]},{"@type":"WebSite","@id":"https:\/\/msconectado.com.br\/#website","url":"https:\/\/msconectado.com.br\/","name":"MsConectado","description":"Voc\u00ea Conectado com a Not\u00edcia!","publisher":{"@id":"https:\/\/msconectado.com.br\/#organization"},"potentialAction":[{"@type":"SearchAction","target":{"@type":"EntryPoint","urlTemplate":"https:\/\/msconectado.com.br\/?s={search_term_string}"},"query-input":{"@type":"PropertyValueSpecification","valueRequired":true,"valueName":"search_term_string"}}],"inLanguage":"pt-BR"},{"@type":"Organization","@id":"https:\/\/msconectado.com.br\/#organization","name":"MsConectado","url":"https:\/\/msconectado.com.br\/","logo":{"@type":"ImageObject","inLanguage":"pt-BR","@id":"https:\/\/msconectado.com.br\/#\/schema\/logo\/image\/","url":"https:\/\/msconectado.com.br\/wp-content\/uploads\/2023\/01\/cropped-noticia-2.png","contentUrl":"https:\/\/msconectado.com.br\/wp-content\/uploads\/2023\/01\/cropped-noticia-2.png","width":720,"height":157,"caption":"MsConectado"},"image":{"@id":"https:\/\/msconectado.com.br\/#\/schema\/logo\/image\/"}},{"@type":"Person","@id":"https:\/\/msconectado.com.br\/#\/schema\/person\/e5585545b5687092f1041d350b6e2c16","name":"MsConectado","image":{"@type":"ImageObject","inLanguage":"pt-BR","@id":"https:\/\/secure.gravatar.com\/avatar\/3b4f84a0a8a4380ac4431fa79981d073692380c5da00ae97596e794ab0db5c8c?s=96&d=mm&r=g","url":"https:\/\/secure.gravatar.com\/avatar\/3b4f84a0a8a4380ac4431fa79981d073692380c5da00ae97596e794ab0db5c8c?s=96&d=mm&r=g","contentUrl":"https:\/\/secure.gravatar.com\/avatar\/3b4f84a0a8a4380ac4431fa79981d073692380c5da00ae97596e794ab0db5c8c?s=96&d=mm&r=g","caption":"MsConectado"},"url":"https:\/\/msconectado.com.br\/?author=2"}]}},"_links":{"self":[{"href":"https:\/\/msconectado.com.br\/index.php?rest_route=\/wp\/v2\/posts\/20957","targetHints":{"allow":["GET"]}}],"collection":[{"href":"https:\/\/msconectado.com.br\/index.php?rest_route=\/wp\/v2\/posts"}],"about":[{"href":"https:\/\/msconectado.com.br\/index.php?rest_route=\/wp\/v2\/types\/post"}],"author":[{"embeddable":true,"href":"https:\/\/msconectado.com.br\/index.php?rest_route=\/wp\/v2\/users\/2"}],"replies":[{"embeddable":true,"href":"https:\/\/msconectado.com.br\/index.php?rest_route=%2Fwp%2Fv2%2Fcomments&post=20957"}],"version-history":[{"count":1,"href":"https:\/\/msconectado.com.br\/index.php?rest_route=\/wp\/v2\/posts\/20957\/revisions"}],"predecessor-version":[{"id":20959,"href":"https:\/\/msconectado.com.br\/index.php?rest_route=\/wp\/v2\/posts\/20957\/revisions\/20959"}],"wp:featuredmedia":[{"embeddable":true,"href":"https:\/\/msconectado.com.br\/index.php?rest_route=\/wp\/v2\/media\/20958"}],"wp:attachment":[{"href":"https:\/\/msconectado.com.br\/index.php?rest_route=%2Fwp%2Fv2%2Fmedia&parent=20957"}],"wp:term":[{"taxonomy":"category","embeddable":true,"href":"https:\/\/msconectado.com.br\/index.php?rest_route=%2Fwp%2Fv2%2Fcategories&post=20957"},{"taxonomy":"post_tag","embeddable":true,"href":"https:\/\/msconectado.com.br\/index.php?rest_route=%2Fwp%2Fv2%2Ftags&post=20957"}],"curies":[{"name":"wp","href":"https:\/\/api.w.org\/{rel}","templated":true}]}}