
{"id":20960,"date":"2024-01-23T16:53:16","date_gmt":"2024-01-23T16:53:16","guid":{"rendered":"https:\/\/msconectado.com.br\/?p=20960"},"modified":"2024-01-23T16:53:17","modified_gmt":"2024-01-23T16:53:17","slug":"vereador-paulo-cesar-alves-celebra-inauguracao-do-centro-especializado-de-reabilitacao-e-destaca-importancia-da-inclusao-no-municipio","status":"publish","type":"post","link":"https:\/\/msconectado.com.br\/?p=20960","title":{"rendered":"Vereador Paulo Cesar Alves Celebra Inaugura\u00e7\u00e3o do Centro Especializado de Reabilita\u00e7\u00e3o e Destaca Import\u00e2ncia da Inclus\u00e3o no Munic\u00edpio."},"content":{"rendered":"\n<p>O Vereador Paulo Cesar Alves marcou presen\u00e7a na emocionante inaugura\u00e7\u00e3o do Centro Especializado de Reabilita\u00e7\u00e3o (CER), um marco significativo para a promo\u00e7\u00e3o da inclus\u00e3o e acessibilidade na regi\u00e3o. Durante o evento, o vereador enfatizou a relev\u00e2ncia do novo espa\u00e7o, que agora permite \u00e0 APAE (Associa\u00e7\u00e3o de Pais e Amigos dos Excepcionais) contar com uma sede pr\u00f3pria, possibilitando a expans\u00e3o de servi\u00e7os e atendimentos.<\/p>\n\n\n\n<p>O Centro Especializado de Reabilita\u00e7\u00e3o (CER), cuja proposta \u00e9 oferecer tratamento especializado para pessoas com defici\u00eancia, \u00e9 resultado de um esfor\u00e7o conjunto da comunidade e do apoio decisivo do prefeito Lucas Foroni. O gestor municipal contribuiu de forma fundamental ao doar um terreno para a constru\u00e7\u00e3o da sede pr\u00f3pria do centro, que ir\u00e1 ser destaque como um projeto refer\u00eancia no Brasil.<\/p>\n\n\n<div class=\"wp-block-image\">\n<figure class=\"aligncenter size-full\"><img fetchpriority=\"high\" decoding=\"async\" width=\"381\" height=\"420\" src=\"https:\/\/msconectado.com.br\/wp-content\/uploads\/2024\/01\/508fb8fc-8f67-40bb-88db-24e993df7b45.jpg\" alt=\"\" class=\"wp-image-20961\" srcset=\"https:\/\/msconectado.com.br\/wp-content\/uploads\/2024\/01\/508fb8fc-8f67-40bb-88db-24e993df7b45.jpg 381w, https:\/\/msconectado.com.br\/wp-content\/uploads\/2024\/01\/508fb8fc-8f67-40bb-88db-24e993df7b45-272x300.jpg 272w\" sizes=\"(max-width: 381px) 100vw, 381px\" \/><\/figure>\n<\/div>\n\n\n<p>O Vereador Paulo Cesar Alves expressou sua gratid\u00e3o e reconhecimento a todos os membros envolvidos no projeto, destacando o trabalho excepcional realizado pelo CER. &#8220;Quero parabenizar todos os membros da CER pelo trabalho maravilhoso que eles realizam. E principalmente ao nosso prefeito Lucas Foroni, que realizou a doa\u00e7\u00e3o de um terreno onde ser\u00e1 constru\u00edda a sede pr\u00f3pria da CER&#8221;, afirmou o vereador.<\/p>\n\n\n\n<p>A inaugura\u00e7\u00e3o marca o in\u00edcio de uma nova fase para a APAE, que agora pode operar em um espa\u00e7o pr\u00f3prio, proporcionando maior autonomia e capacidade de atendimento \u00e0 comunidade. Inicialmente, o centro funcionar\u00e1 em uma \u00e1rea locada, permitindo que d\u00ea os primeiros passos de forma independente. O projeto visa futuramente concluir a constru\u00e7\u00e3o da nova sede, consolidando-a como uma refer\u00eancia nacional em reabilita\u00e7\u00e3o e inclus\u00e3o.<\/p>\n\n\n<div class=\"wp-block-image\">\n<figure class=\"aligncenter size-full\"><img decoding=\"async\" width=\"373\" height=\"404\" src=\"https:\/\/msconectado.com.br\/wp-content\/uploads\/2024\/01\/77886026-8a1f-4e75-8370-be035ca24dfa.jpg\" alt=\"\" class=\"wp-image-20962\" srcset=\"https:\/\/msconectado.com.br\/wp-content\/uploads\/2024\/01\/77886026-8a1f-4e75-8370-be035ca24dfa.jpg 373w, https:\/\/msconectado.com.br\/wp-content\/uploads\/2024\/01\/77886026-8a1f-4e75-8370-be035ca24dfa-277x300.jpg 277w\" sizes=\"(max-width: 373px) 100vw, 373px\" \/><\/figure>\n<\/div>\n\n\n<p>A comunidade local recebeu a not\u00edcia com entusiasmo, reconhecendo o impacto positivo que o CER ter\u00e1 na vida das pessoas com defici\u00eancia e suas fam\u00edlias. O evento de inaugura\u00e7\u00e3o contou com a presen\u00e7a de autoridades locais, membros da APAE, profissionais da sa\u00fade, e representantes da sociedade civil, todos unidos em celebra\u00e7\u00e3o a mais esse passo rumo a uma sociedade mais inclusiva e acolhedora.<\/p>\n\n\n<div class=\"wp-block-image\">\n<figure class=\"aligncenter size-full\"><img decoding=\"async\" width=\"590\" height=\"676\" src=\"https:\/\/msconectado.com.br\/wp-content\/uploads\/2024\/01\/e94cbfc9-07ca-4a87-99b2-1d50fa794ff6.jpg\" alt=\"\" class=\"wp-image-20963\" srcset=\"https:\/\/msconectado.com.br\/wp-content\/uploads\/2024\/01\/e94cbfc9-07ca-4a87-99b2-1d50fa794ff6.jpg 590w, https:\/\/msconectado.com.br\/wp-content\/uploads\/2024\/01\/e94cbfc9-07ca-4a87-99b2-1d50fa794ff6-262x300.jpg 262w\" sizes=\"(max-width: 590px) 100vw, 590px\" \/><\/figure>\n<\/div>\n\n\n<p>Reda\u00e7\u00e3o<\/p>\n","protected":false},"excerpt":{"rendered":"<p>O Vereador Paulo Cesar Alves marcou presen\u00e7a na emocionante inaugura\u00e7\u00e3o do Centro Especializado de Reabilita\u00e7\u00e3o (CER), um marco significativo para a promo\u00e7\u00e3o da inclus\u00e3o e acessibilidade na regi\u00e3o. Durante o evento, o vereador enfatizou a relev\u00e2ncia do novo espa\u00e7o, que agora permite \u00e0 APAE (Associa\u00e7\u00e3o de Pais e Amigos dos Excepcionais) contar com uma sede [&hellip;]<\/p>\n","protected":false},"author":3,"featured_media":20964,"comment_status":"open","ping_status":"closed","sticky":false,"template":"","format":"standard","meta":{"footnotes":""},"categories":[35,1],"tags":[],"class_list":["post-20960","post","type-post","status-publish","format-standard","has-post-thumbnail","hentry","category-cidades","category-noticia"],"yoast_head":"<!-- This site is optimized with the Yoast SEO plugin v27.5 - https:\/\/yoast.com\/product\/yoast-seo-wordpress\/ -->\n<title>Vereador Paulo Cesar Alves Celebra Inaugura\u00e7\u00e3o do Centro Especializado de Reabilita\u00e7\u00e3o e Destaca Import\u00e2ncia da Inclus\u00e3o no Munic\u00edpio. - MsConectado<\/title>\n<meta name=\"robots\" content=\"index, follow, max-snippet:-1, max-image-preview:large, max-video-preview:-1\" \/>\n<link rel=\"canonical\" href=\"https:\/\/msconectado.com.br\/?p=20960\" \/>\n<meta property=\"og:locale\" content=\"pt_BR\" \/>\n<meta property=\"og:type\" content=\"article\" \/>\n<meta property=\"og:title\" content=\"Vereador Paulo Cesar Alves Celebra Inaugura\u00e7\u00e3o do Centro Especializado de Reabilita\u00e7\u00e3o e Destaca Import\u00e2ncia da Inclus\u00e3o no Munic\u00edpio. - MsConectado\" \/>\n<meta property=\"og:description\" content=\"O Vereador Paulo Cesar Alves marcou presen\u00e7a na emocionante inaugura\u00e7\u00e3o do Centro Especializado de Reabilita\u00e7\u00e3o (CER), um marco significativo para a promo\u00e7\u00e3o da inclus\u00e3o e acessibilidade na regi\u00e3o. Durante o evento, o vereador enfatizou a relev\u00e2ncia do novo espa\u00e7o, que agora permite \u00e0 APAE (Associa\u00e7\u00e3o de Pais e Amigos dos Excepcionais) contar com uma sede [&hellip;]\" \/>\n<meta property=\"og:url\" content=\"https:\/\/msconectado.com.br\/?p=20960\" \/>\n<meta property=\"og:site_name\" content=\"MsConectado\" \/>\n<meta property=\"article:published_time\" content=\"2024-01-23T16:53:16+00:00\" \/>\n<meta property=\"article:modified_time\" content=\"2024-01-23T16:53:17+00:00\" \/>\n<meta property=\"og:image\" content=\"https:\/\/msconectado.com.br\/wp-content\/uploads\/2024\/01\/25c6ae88-93fa-4396-a3c3-681bf2195457.jpg\" \/>\n\t<meta property=\"og:image:width\" content=\"1600\" \/>\n\t<meta property=\"og:image:height\" content=\"1200\" \/>\n\t<meta property=\"og:image:type\" content=\"image\/jpeg\" \/>\n<meta name=\"author\" content=\"Jeferson\" \/>\n<meta name=\"twitter:card\" content=\"summary_large_image\" \/>\n<meta name=\"twitter:label1\" content=\"Escrito por\" \/>\n\t<meta name=\"twitter:data1\" content=\"Jeferson\" \/>\n\t<meta name=\"twitter:label2\" content=\"Est. tempo de leitura\" \/>\n\t<meta name=\"twitter:data2\" content=\"2 minutos\" \/>\n<script type=\"application\/ld+json\" class=\"yoast-schema-graph\">{\"@context\":\"https:\\\/\\\/schema.org\",\"@graph\":[{\"@type\":\"Article\",\"@id\":\"https:\\\/\\\/msconectado.com.br\\\/?p=20960#article\",\"isPartOf\":{\"@id\":\"https:\\\/\\\/msconectado.com.br\\\/?p=20960\"},\"author\":{\"name\":\"Jeferson\",\"@id\":\"https:\\\/\\\/msconectado.com.br\\\/#\\\/schema\\\/person\\\/feb123a95a93eebea36f0ed6a2e5ba48\"},\"headline\":\"Vereador Paulo Cesar Alves Celebra Inaugura\u00e7\u00e3o do Centro Especializado de Reabilita\u00e7\u00e3o e Destaca Import\u00e2ncia da Inclus\u00e3o no Munic\u00edpio.\",\"datePublished\":\"2024-01-23T16:53:16+00:00\",\"dateModified\":\"2024-01-23T16:53:17+00:00\",\"mainEntityOfPage\":{\"@id\":\"https:\\\/\\\/msconectado.com.br\\\/?p=20960\"},\"wordCount\":372,\"commentCount\":0,\"publisher\":{\"@id\":\"https:\\\/\\\/msconectado.com.br\\\/#organization\"},\"image\":{\"@id\":\"https:\\\/\\\/msconectado.com.br\\\/?p=20960#primaryimage\"},\"thumbnailUrl\":\"https:\\\/\\\/msconectado.com.br\\\/wp-content\\\/uploads\\\/2024\\\/01\\\/25c6ae88-93fa-4396-a3c3-681bf2195457.jpg\",\"articleSection\":[\"Cidades\",\"Not\u00edcia\"],\"inLanguage\":\"pt-BR\",\"potentialAction\":[{\"@type\":\"CommentAction\",\"name\":\"Comment\",\"target\":[\"https:\\\/\\\/msconectado.com.br\\\/?p=20960#respond\"]}]},{\"@type\":\"WebPage\",\"@id\":\"https:\\\/\\\/msconectado.com.br\\\/?p=20960\",\"url\":\"https:\\\/\\\/msconectado.com.br\\\/?p=20960\",\"name\":\"Vereador Paulo Cesar Alves Celebra Inaugura\u00e7\u00e3o do Centro Especializado de Reabilita\u00e7\u00e3o e Destaca Import\u00e2ncia da Inclus\u00e3o no Munic\u00edpio. - MsConectado\",\"isPartOf\":{\"@id\":\"https:\\\/\\\/msconectado.com.br\\\/#website\"},\"primaryImageOfPage\":{\"@id\":\"https:\\\/\\\/msconectado.com.br\\\/?p=20960#primaryimage\"},\"image\":{\"@id\":\"https:\\\/\\\/msconectado.com.br\\\/?p=20960#primaryimage\"},\"thumbnailUrl\":\"https:\\\/\\\/msconectado.com.br\\\/wp-content\\\/uploads\\\/2024\\\/01\\\/25c6ae88-93fa-4396-a3c3-681bf2195457.jpg\",\"datePublished\":\"2024-01-23T16:53:16+00:00\",\"dateModified\":\"2024-01-23T16:53:17+00:00\",\"breadcrumb\":{\"@id\":\"https:\\\/\\\/msconectado.com.br\\\/?p=20960#breadcrumb\"},\"inLanguage\":\"pt-BR\",\"potentialAction\":[{\"@type\":\"ReadAction\",\"target\":[\"https:\\\/\\\/msconectado.com.br\\\/?p=20960\"]}]},{\"@type\":\"ImageObject\",\"inLanguage\":\"pt-BR\",\"@id\":\"https:\\\/\\\/msconectado.com.br\\\/?p=20960#primaryimage\",\"url\":\"https:\\\/\\\/msconectado.com.br\\\/wp-content\\\/uploads\\\/2024\\\/01\\\/25c6ae88-93fa-4396-a3c3-681bf2195457.jpg\",\"contentUrl\":\"https:\\\/\\\/msconectado.com.br\\\/wp-content\\\/uploads\\\/2024\\\/01\\\/25c6ae88-93fa-4396-a3c3-681bf2195457.jpg\",\"width\":1600,\"height\":1200},{\"@type\":\"BreadcrumbList\",\"@id\":\"https:\\\/\\\/msconectado.com.br\\\/?p=20960#breadcrumb\",\"itemListElement\":[{\"@type\":\"ListItem\",\"position\":1,\"name\":\"In\u00edcio\",\"item\":\"https:\\\/\\\/msconectado.com.br\\\/\"},{\"@type\":\"ListItem\",\"position\":2,\"name\":\"Vereador Paulo Cesar Alves Celebra Inaugura\u00e7\u00e3o do Centro Especializado de Reabilita\u00e7\u00e3o e Destaca Import\u00e2ncia da Inclus\u00e3o no Munic\u00edpio.\"}]},{\"@type\":\"WebSite\",\"@id\":\"https:\\\/\\\/msconectado.com.br\\\/#website\",\"url\":\"https:\\\/\\\/msconectado.com.br\\\/\",\"name\":\"MsConectado\",\"description\":\"Voc\u00ea Conectado com a Not\u00edcia!\",\"publisher\":{\"@id\":\"https:\\\/\\\/msconectado.com.br\\\/#organization\"},\"potentialAction\":[{\"@type\":\"SearchAction\",\"target\":{\"@type\":\"EntryPoint\",\"urlTemplate\":\"https:\\\/\\\/msconectado.com.br\\\/?s={search_term_string}\"},\"query-input\":{\"@type\":\"PropertyValueSpecification\",\"valueRequired\":true,\"valueName\":\"search_term_string\"}}],\"inLanguage\":\"pt-BR\"},{\"@type\":\"Organization\",\"@id\":\"https:\\\/\\\/msconectado.com.br\\\/#organization\",\"name\":\"MsConectado\",\"url\":\"https:\\\/\\\/msconectado.com.br\\\/\",\"logo\":{\"@type\":\"ImageObject\",\"inLanguage\":\"pt-BR\",\"@id\":\"https:\\\/\\\/msconectado.com.br\\\/#\\\/schema\\\/logo\\\/image\\\/\",\"url\":\"https:\\\/\\\/msconectado.com.br\\\/wp-content\\\/uploads\\\/2023\\\/01\\\/cropped-noticia-2.png\",\"contentUrl\":\"https:\\\/\\\/msconectado.com.br\\\/wp-content\\\/uploads\\\/2023\\\/01\\\/cropped-noticia-2.png\",\"width\":720,\"height\":157,\"caption\":\"MsConectado\"},\"image\":{\"@id\":\"https:\\\/\\\/msconectado.com.br\\\/#\\\/schema\\\/logo\\\/image\\\/\"}},{\"@type\":\"Person\",\"@id\":\"https:\\\/\\\/msconectado.com.br\\\/#\\\/schema\\\/person\\\/feb123a95a93eebea36f0ed6a2e5ba48\",\"name\":\"Jeferson\",\"image\":{\"@type\":\"ImageObject\",\"inLanguage\":\"pt-BR\",\"@id\":\"https:\\\/\\\/secure.gravatar.com\\\/avatar\\\/e23e8901c88f0cdc0ad479ef7a39bf3e4c806344549c087c00b721a65549a328?s=96&d=mm&r=g\",\"url\":\"https:\\\/\\\/secure.gravatar.com\\\/avatar\\\/e23e8901c88f0cdc0ad479ef7a39bf3e4c806344549c087c00b721a65549a328?s=96&d=mm&r=g\",\"contentUrl\":\"https:\\\/\\\/secure.gravatar.com\\\/avatar\\\/e23e8901c88f0cdc0ad479ef7a39bf3e4c806344549c087c00b721a65549a328?s=96&d=mm&r=g\",\"caption\":\"Jeferson\"},\"url\":\"https:\\\/\\\/msconectado.com.br\\\/?author=3\"}]}<\/script>\n<!-- \/ Yoast SEO plugin. -->","yoast_head_json":{"title":"Vereador Paulo Cesar Alves Celebra Inaugura\u00e7\u00e3o do Centro Especializado de Reabilita\u00e7\u00e3o e Destaca Import\u00e2ncia da Inclus\u00e3o no Munic\u00edpio. - MsConectado","robots":{"index":"index","follow":"follow","max-snippet":"max-snippet:-1","max-image-preview":"max-image-preview:large","max-video-preview":"max-video-preview:-1"},"canonical":"https:\/\/msconectado.com.br\/?p=20960","og_locale":"pt_BR","og_type":"article","og_title":"Vereador Paulo Cesar Alves Celebra Inaugura\u00e7\u00e3o do Centro Especializado de Reabilita\u00e7\u00e3o e Destaca Import\u00e2ncia da Inclus\u00e3o no Munic\u00edpio. - MsConectado","og_description":"O Vereador Paulo Cesar Alves marcou presen\u00e7a na emocionante inaugura\u00e7\u00e3o do Centro Especializado de Reabilita\u00e7\u00e3o (CER), um marco significativo para a promo\u00e7\u00e3o da inclus\u00e3o e acessibilidade na regi\u00e3o. Durante o evento, o vereador enfatizou a relev\u00e2ncia do novo espa\u00e7o, que agora permite \u00e0 APAE (Associa\u00e7\u00e3o de Pais e Amigos dos Excepcionais) contar com uma sede [&hellip;]","og_url":"https:\/\/msconectado.com.br\/?p=20960","og_site_name":"MsConectado","article_published_time":"2024-01-23T16:53:16+00:00","article_modified_time":"2024-01-23T16:53:17+00:00","og_image":[{"width":1600,"height":1200,"url":"https:\/\/msconectado.com.br\/wp-content\/uploads\/2024\/01\/25c6ae88-93fa-4396-a3c3-681bf2195457.jpg","type":"image\/jpeg"}],"author":"Jeferson","twitter_card":"summary_large_image","twitter_misc":{"Escrito por":"Jeferson","Est. tempo de leitura":"2 minutos"},"schema":{"@context":"https:\/\/schema.org","@graph":[{"@type":"Article","@id":"https:\/\/msconectado.com.br\/?p=20960#article","isPartOf":{"@id":"https:\/\/msconectado.com.br\/?p=20960"},"author":{"name":"Jeferson","@id":"https:\/\/msconectado.com.br\/#\/schema\/person\/feb123a95a93eebea36f0ed6a2e5ba48"},"headline":"Vereador Paulo Cesar Alves Celebra Inaugura\u00e7\u00e3o do Centro Especializado de Reabilita\u00e7\u00e3o e Destaca Import\u00e2ncia da Inclus\u00e3o no Munic\u00edpio.","datePublished":"2024-01-23T16:53:16+00:00","dateModified":"2024-01-23T16:53:17+00:00","mainEntityOfPage":{"@id":"https:\/\/msconectado.com.br\/?p=20960"},"wordCount":372,"commentCount":0,"publisher":{"@id":"https:\/\/msconectado.com.br\/#organization"},"image":{"@id":"https:\/\/msconectado.com.br\/?p=20960#primaryimage"},"thumbnailUrl":"https:\/\/msconectado.com.br\/wp-content\/uploads\/2024\/01\/25c6ae88-93fa-4396-a3c3-681bf2195457.jpg","articleSection":["Cidades","Not\u00edcia"],"inLanguage":"pt-BR","potentialAction":[{"@type":"CommentAction","name":"Comment","target":["https:\/\/msconectado.com.br\/?p=20960#respond"]}]},{"@type":"WebPage","@id":"https:\/\/msconectado.com.br\/?p=20960","url":"https:\/\/msconectado.com.br\/?p=20960","name":"Vereador Paulo Cesar Alves Celebra Inaugura\u00e7\u00e3o do Centro Especializado de Reabilita\u00e7\u00e3o e Destaca Import\u00e2ncia da Inclus\u00e3o no Munic\u00edpio. - MsConectado","isPartOf":{"@id":"https:\/\/msconectado.com.br\/#website"},"primaryImageOfPage":{"@id":"https:\/\/msconectado.com.br\/?p=20960#primaryimage"},"image":{"@id":"https:\/\/msconectado.com.br\/?p=20960#primaryimage"},"thumbnailUrl":"https:\/\/msconectado.com.br\/wp-content\/uploads\/2024\/01\/25c6ae88-93fa-4396-a3c3-681bf2195457.jpg","datePublished":"2024-01-23T16:53:16+00:00","dateModified":"2024-01-23T16:53:17+00:00","breadcrumb":{"@id":"https:\/\/msconectado.com.br\/?p=20960#breadcrumb"},"inLanguage":"pt-BR","potentialAction":[{"@type":"ReadAction","target":["https:\/\/msconectado.com.br\/?p=20960"]}]},{"@type":"ImageObject","inLanguage":"pt-BR","@id":"https:\/\/msconectado.com.br\/?p=20960#primaryimage","url":"https:\/\/msconectado.com.br\/wp-content\/uploads\/2024\/01\/25c6ae88-93fa-4396-a3c3-681bf2195457.jpg","contentUrl":"https:\/\/msconectado.com.br\/wp-content\/uploads\/2024\/01\/25c6ae88-93fa-4396-a3c3-681bf2195457.jpg","width":1600,"height":1200},{"@type":"BreadcrumbList","@id":"https:\/\/msconectado.com.br\/?p=20960#breadcrumb","itemListElement":[{"@type":"ListItem","position":1,"name":"In\u00edcio","item":"https:\/\/msconectado.com.br\/"},{"@type":"ListItem","position":2,"name":"Vereador Paulo Cesar Alves Celebra Inaugura\u00e7\u00e3o do Centro Especializado de Reabilita\u00e7\u00e3o e Destaca Import\u00e2ncia da Inclus\u00e3o no Munic\u00edpio."}]},{"@type":"WebSite","@id":"https:\/\/msconectado.com.br\/#website","url":"https:\/\/msconectado.com.br\/","name":"MsConectado","description":"Voc\u00ea Conectado com a Not\u00edcia!","publisher":{"@id":"https:\/\/msconectado.com.br\/#organization"},"potentialAction":[{"@type":"SearchAction","target":{"@type":"EntryPoint","urlTemplate":"https:\/\/msconectado.com.br\/?s={search_term_string}"},"query-input":{"@type":"PropertyValueSpecification","valueRequired":true,"valueName":"search_term_string"}}],"inLanguage":"pt-BR"},{"@type":"Organization","@id":"https:\/\/msconectado.com.br\/#organization","name":"MsConectado","url":"https:\/\/msconectado.com.br\/","logo":{"@type":"ImageObject","inLanguage":"pt-BR","@id":"https:\/\/msconectado.com.br\/#\/schema\/logo\/image\/","url":"https:\/\/msconectado.com.br\/wp-content\/uploads\/2023\/01\/cropped-noticia-2.png","contentUrl":"https:\/\/msconectado.com.br\/wp-content\/uploads\/2023\/01\/cropped-noticia-2.png","width":720,"height":157,"caption":"MsConectado"},"image":{"@id":"https:\/\/msconectado.com.br\/#\/schema\/logo\/image\/"}},{"@type":"Person","@id":"https:\/\/msconectado.com.br\/#\/schema\/person\/feb123a95a93eebea36f0ed6a2e5ba48","name":"Jeferson","image":{"@type":"ImageObject","inLanguage":"pt-BR","@id":"https:\/\/secure.gravatar.com\/avatar\/e23e8901c88f0cdc0ad479ef7a39bf3e4c806344549c087c00b721a65549a328?s=96&d=mm&r=g","url":"https:\/\/secure.gravatar.com\/avatar\/e23e8901c88f0cdc0ad479ef7a39bf3e4c806344549c087c00b721a65549a328?s=96&d=mm&r=g","contentUrl":"https:\/\/secure.gravatar.com\/avatar\/e23e8901c88f0cdc0ad479ef7a39bf3e4c806344549c087c00b721a65549a328?s=96&d=mm&r=g","caption":"Jeferson"},"url":"https:\/\/msconectado.com.br\/?author=3"}]}},"_links":{"self":[{"href":"https:\/\/msconectado.com.br\/index.php?rest_route=\/wp\/v2\/posts\/20960","targetHints":{"allow":["GET"]}}],"collection":[{"href":"https:\/\/msconectado.com.br\/index.php?rest_route=\/wp\/v2\/posts"}],"about":[{"href":"https:\/\/msconectado.com.br\/index.php?rest_route=\/wp\/v2\/types\/post"}],"author":[{"embeddable":true,"href":"https:\/\/msconectado.com.br\/index.php?rest_route=\/wp\/v2\/users\/3"}],"replies":[{"embeddable":true,"href":"https:\/\/msconectado.com.br\/index.php?rest_route=%2Fwp%2Fv2%2Fcomments&post=20960"}],"version-history":[{"count":1,"href":"https:\/\/msconectado.com.br\/index.php?rest_route=\/wp\/v2\/posts\/20960\/revisions"}],"predecessor-version":[{"id":20965,"href":"https:\/\/msconectado.com.br\/index.php?rest_route=\/wp\/v2\/posts\/20960\/revisions\/20965"}],"wp:featuredmedia":[{"embeddable":true,"href":"https:\/\/msconectado.com.br\/index.php?rest_route=\/wp\/v2\/media\/20964"}],"wp:attachment":[{"href":"https:\/\/msconectado.com.br\/index.php?rest_route=%2Fwp%2Fv2%2Fmedia&parent=20960"}],"wp:term":[{"taxonomy":"category","embeddable":true,"href":"https:\/\/msconectado.com.br\/index.php?rest_route=%2Fwp%2Fv2%2Fcategories&post=20960"},{"taxonomy":"post_tag","embeddable":true,"href":"https:\/\/msconectado.com.br\/index.php?rest_route=%2Fwp%2Fv2%2Ftags&post=20960"}],"curies":[{"name":"wp","href":"https:\/\/api.w.org\/{rel}","templated":true}]}}