
{"id":21035,"date":"2024-02-03T10:27:18","date_gmt":"2024-02-03T10:27:18","guid":{"rendered":"https:\/\/msconectado.com.br\/?p=21035"},"modified":"2024-02-03T10:31:21","modified_gmt":"2024-02-03T10:31:21","slug":"ano-de-2024-comecou-com-muito-trabalho-por-mato-grosso-sul-diz-mara-caseiro","status":"publish","type":"post","link":"https:\/\/msconectado.com.br\/?p=21035","title":{"rendered":"Ano de 2024 come\u00e7ou com muito trabalho por Mato Grosso Sul, diz Mara Caseiro"},"content":{"rendered":"\n<p>Reuni\u00f5es em benef\u00edcio dos munic\u00edpios de Eldorado, Itaquira\u00ed, Mundo Novo, Bataypor\u00e3, Iguatemi, Caarap\u00f3, Maracaju e Taquarussu foram realizadas pela deputada estadual Mara Caseiro (PSDB) no in\u00edcio deste ano. Antes mesmo da volta dos trabalhos parlamentares, ela tem participado de diversos encontros em secretarias e com lideran\u00e7as municipais, para tratar de melhorias para Mato Grosso do Sul. Tamb\u00e9m tem sido pauta da deputada, assuntos relacionados \u00e0s obras de infraestrutura, sa\u00fade, seguran\u00e7a, educa\u00e7\u00e3o e cultura.<br>\u201cNosso trabalho vai al\u00e9m das sess\u00f5es legislativas. N\u00e3o paramos de pensar e de trabalhar por melhorias para os sul-mato-grossenses. J\u00e1 participei de reuni\u00f5es com prefeitos, secret\u00e1rios, lideran\u00e7as e com o pr\u00f3prio governador Eduardo Riedel para tratar de demandas de v\u00e1rias localidades\u201d, disse a parlamentar.<br>J\u00e1 nesta semana, Mara Caseiro reuniu-se com o secret\u00e1rio estadual de Educa\u00e7\u00e3o, H\u00e9lio Daher e com a secret\u00e1ria estadual de Cidadania, Viviane Luiza. \u201cOs projetos e demandas n\u00e3o param com o recesso. As a\u00e7\u00f5es precisam acontecer e n\u00f3s estamos fazendo a nossa parte!\u201d, comentou ela.<br>Amanh\u00e3 (02), est\u00e3o programadas reuni\u00f5es para tratar de assuntos importantes para os munic\u00edpios de Ivinhema, Chapad\u00e3o do Sul, Tr\u00eas Lagoas e Aquidauana. \u201cEstaremos reunidos com o governador para falar de a\u00e7\u00f5es para essas cidades. Trabalhamos para conquistar o melhor para todos os moradores do nosso Estado\u201d, concluiu Mara Caseiro.<\/p>\n\n\n\n<p>Retorno do recesso<br>A volta dos trabalhos legislativos acontece no dia 05 de fevereiro de 2024, \u00e0s 9h, no Pal\u00e1cio Guaicurus. Na ocasi\u00e3o, ser\u00e1 realizada sess\u00e3o solene e festiva de instala\u00e7\u00e3o da 2\u00aa Sess\u00e3o Legislativa da 12\u00aa Legislatura. A data e hor\u00e1rio foram oficializados pelo Ato 55\/2023 da Mesa Diretora, publicado no Di\u00e1rio Oficial da ALEMS do \u00faltimo dia 22 de dezembro.<\/p>\n\n\n\n<p>Assessoria<\/p>\n\n\n<div class=\"wp-block-image\">\n<figure class=\"aligncenter\"><img fetchpriority=\"high\" decoding=\"async\" width=\"900\" height=\"100\" src=\"https:\/\/msconectado.com.br\/wp-content\/uploads\/2024\/01\/image.png\" alt=\"\" class=\"wp-image-20939\" srcset=\"https:\/\/msconectado.com.br\/wp-content\/uploads\/2024\/01\/image.png 900w, https:\/\/msconectado.com.br\/wp-content\/uploads\/2024\/01\/image-300x33.png 300w, https:\/\/msconectado.com.br\/wp-content\/uploads\/2024\/01\/image-768x85.png 768w\" sizes=\"(max-width: 900px) 100vw, 900px\" \/><\/figure>\n<\/div>\n\n<div class=\"wp-block-image\">\n<figure class=\"aligncenter\"><a href=\"https:\/\/www.instagram.com\/saboreprosamaracaju\/\"><img decoding=\"async\" width=\"900\" height=\"100\" src=\"https:\/\/msconectado.com.br\/wp-content\/uploads\/2024\/01\/900X100-PRIMEIRO-1.png\" alt=\"\" class=\"wp-image-20879\" srcset=\"https:\/\/msconectado.com.br\/wp-content\/uploads\/2024\/01\/900X100-PRIMEIRO-1.png 900w, https:\/\/msconectado.com.br\/wp-content\/uploads\/2024\/01\/900X100-PRIMEIRO-1-300x33.png 300w, https:\/\/msconectado.com.br\/wp-content\/uploads\/2024\/01\/900X100-PRIMEIRO-1-768x85.png 768w\" sizes=\"(max-width: 900px) 100vw, 900px\" \/><\/a><\/figure>\n<\/div>\n\n<div class=\"wp-block-image\">\n<figure class=\"aligncenter\"><a href=\"https:\/\/www.instagram.com\/sicredipantanal\/\"><img decoding=\"async\" width=\"900\" height=\"100\" src=\"https:\/\/msconectado.com.br\/wp-content\/uploads\/2023\/12\/MS-conectato-900-x-100-px.gif\" alt=\"\" class=\"wp-image-20653\"\/><\/a><\/figure>\n<\/div>\n\n<div class=\"wp-block-image\">\n<figure class=\"aligncenter\"><a href=\"https:\/\/www.instagram.com\/celeriumtelecom\/\"><img loading=\"lazy\" decoding=\"async\" width=\"900\" height=\"100\" src=\"https:\/\/msconectado.com.br\/wp-content\/uploads\/2023\/06\/Prancheta_1_copiar.gif\" alt=\"\" class=\"wp-image-19623\"\/><\/a><\/figure>\n<\/div>","protected":false},"excerpt":{"rendered":"<p>Reuni\u00f5es em benef\u00edcio dos munic\u00edpios de Eldorado, Itaquira\u00ed, Mundo Novo, Bataypor\u00e3, Iguatemi, Caarap\u00f3, Maracaju e Taquarussu foram realizadas pela deputada estadual Mara Caseiro (PSDB) no in\u00edcio deste ano. Antes mesmo da volta dos trabalhos parlamentares, ela tem participado de diversos encontros em secretarias e com lideran\u00e7as municipais, para tratar de melhorias para Mato Grosso do [&hellip;]<\/p>\n","protected":false},"author":2,"featured_media":21036,"comment_status":"open","ping_status":"closed","sticky":false,"template":"","format":"standard","meta":{"footnotes":""},"categories":[38,35,33],"tags":[],"class_list":["post-21035","post","type-post","status-publish","format-standard","has-post-thumbnail","hentry","category-assembleia-legislativa","category-cidades","category-politica"],"yoast_head":"<!-- This site is optimized with the Yoast SEO plugin v27.5 - https:\/\/yoast.com\/product\/yoast-seo-wordpress\/ -->\n<title>Ano de 2024 come\u00e7ou com muito trabalho por Mato Grosso Sul, diz Mara Caseiro - MsConectado<\/title>\n<meta name=\"robots\" content=\"index, follow, max-snippet:-1, max-image-preview:large, max-video-preview:-1\" \/>\n<link rel=\"canonical\" href=\"https:\/\/msconectado.com.br\/?p=21035\" \/>\n<meta property=\"og:locale\" content=\"pt_BR\" \/>\n<meta property=\"og:type\" content=\"article\" \/>\n<meta property=\"og:title\" content=\"Ano de 2024 come\u00e7ou com muito trabalho por Mato Grosso Sul, diz Mara Caseiro - MsConectado\" \/>\n<meta property=\"og:description\" content=\"Reuni\u00f5es em benef\u00edcio dos munic\u00edpios de Eldorado, Itaquira\u00ed, Mundo Novo, Bataypor\u00e3, Iguatemi, Caarap\u00f3, Maracaju e Taquarussu foram realizadas pela deputada estadual Mara Caseiro (PSDB) no in\u00edcio deste ano. Antes mesmo da volta dos trabalhos parlamentares, ela tem participado de diversos encontros em secretarias e com lideran\u00e7as municipais, para tratar de melhorias para Mato Grosso do [&hellip;]\" \/>\n<meta property=\"og:url\" content=\"https:\/\/msconectado.com.br\/?p=21035\" \/>\n<meta property=\"og:site_name\" content=\"MsConectado\" \/>\n<meta property=\"article:published_time\" content=\"2024-02-03T10:27:18+00:00\" \/>\n<meta property=\"article:modified_time\" content=\"2024-02-03T10:31:21+00:00\" \/>\n<meta property=\"og:image\" content=\"https:\/\/msconectado.com.br\/wp-content\/uploads\/2024\/02\/e94cbfc9-07ca-4a87-99b2-1d50fa794ff6.jpg\" \/>\n\t<meta property=\"og:image:width\" content=\"1280\" \/>\n\t<meta property=\"og:image:height\" content=\"853\" \/>\n\t<meta property=\"og:image:type\" content=\"image\/jpeg\" \/>\n<meta name=\"author\" content=\"MsConectado\" \/>\n<meta name=\"twitter:card\" content=\"summary_large_image\" \/>\n<meta name=\"twitter:label1\" content=\"Escrito por\" \/>\n\t<meta name=\"twitter:data1\" content=\"MsConectado\" \/>\n\t<meta name=\"twitter:label2\" content=\"Est. tempo de leitura\" \/>\n\t<meta name=\"twitter:data2\" content=\"2 minutos\" \/>\n<script type=\"application\/ld+json\" class=\"yoast-schema-graph\">{\"@context\":\"https:\\\/\\\/schema.org\",\"@graph\":[{\"@type\":\"Article\",\"@id\":\"https:\\\/\\\/msconectado.com.br\\\/?p=21035#article\",\"isPartOf\":{\"@id\":\"https:\\\/\\\/msconectado.com.br\\\/?p=21035\"},\"author\":{\"name\":\"MsConectado\",\"@id\":\"https:\\\/\\\/msconectado.com.br\\\/#\\\/schema\\\/person\\\/e5585545b5687092f1041d350b6e2c16\"},\"headline\":\"Ano de 2024 come\u00e7ou com muito trabalho por Mato Grosso Sul, diz Mara Caseiro\",\"datePublished\":\"2024-02-03T10:27:18+00:00\",\"dateModified\":\"2024-02-03T10:31:21+00:00\",\"mainEntityOfPage\":{\"@id\":\"https:\\\/\\\/msconectado.com.br\\\/?p=21035\"},\"wordCount\":317,\"commentCount\":0,\"publisher\":{\"@id\":\"https:\\\/\\\/msconectado.com.br\\\/#organization\"},\"image\":{\"@id\":\"https:\\\/\\\/msconectado.com.br\\\/?p=21035#primaryimage\"},\"thumbnailUrl\":\"https:\\\/\\\/msconectado.com.br\\\/wp-content\\\/uploads\\\/2024\\\/02\\\/e94cbfc9-07ca-4a87-99b2-1d50fa794ff6.jpg\",\"articleSection\":[\"Assembleia Legislativa\",\"Cidades\",\"Pol\u00edtica\"],\"inLanguage\":\"pt-BR\",\"potentialAction\":[{\"@type\":\"CommentAction\",\"name\":\"Comment\",\"target\":[\"https:\\\/\\\/msconectado.com.br\\\/?p=21035#respond\"]}]},{\"@type\":\"WebPage\",\"@id\":\"https:\\\/\\\/msconectado.com.br\\\/?p=21035\",\"url\":\"https:\\\/\\\/msconectado.com.br\\\/?p=21035\",\"name\":\"Ano de 2024 come\u00e7ou com muito trabalho por Mato Grosso Sul, diz Mara Caseiro - MsConectado\",\"isPartOf\":{\"@id\":\"https:\\\/\\\/msconectado.com.br\\\/#website\"},\"primaryImageOfPage\":{\"@id\":\"https:\\\/\\\/msconectado.com.br\\\/?p=21035#primaryimage\"},\"image\":{\"@id\":\"https:\\\/\\\/msconectado.com.br\\\/?p=21035#primaryimage\"},\"thumbnailUrl\":\"https:\\\/\\\/msconectado.com.br\\\/wp-content\\\/uploads\\\/2024\\\/02\\\/e94cbfc9-07ca-4a87-99b2-1d50fa794ff6.jpg\",\"datePublished\":\"2024-02-03T10:27:18+00:00\",\"dateModified\":\"2024-02-03T10:31:21+00:00\",\"breadcrumb\":{\"@id\":\"https:\\\/\\\/msconectado.com.br\\\/?p=21035#breadcrumb\"},\"inLanguage\":\"pt-BR\",\"potentialAction\":[{\"@type\":\"ReadAction\",\"target\":[\"https:\\\/\\\/msconectado.com.br\\\/?p=21035\"]}]},{\"@type\":\"ImageObject\",\"inLanguage\":\"pt-BR\",\"@id\":\"https:\\\/\\\/msconectado.com.br\\\/?p=21035#primaryimage\",\"url\":\"https:\\\/\\\/msconectado.com.br\\\/wp-content\\\/uploads\\\/2024\\\/02\\\/e94cbfc9-07ca-4a87-99b2-1d50fa794ff6.jpg\",\"contentUrl\":\"https:\\\/\\\/msconectado.com.br\\\/wp-content\\\/uploads\\\/2024\\\/02\\\/e94cbfc9-07ca-4a87-99b2-1d50fa794ff6.jpg\",\"width\":1280,\"height\":853},{\"@type\":\"BreadcrumbList\",\"@id\":\"https:\\\/\\\/msconectado.com.br\\\/?p=21035#breadcrumb\",\"itemListElement\":[{\"@type\":\"ListItem\",\"position\":1,\"name\":\"In\u00edcio\",\"item\":\"https:\\\/\\\/msconectado.com.br\\\/\"},{\"@type\":\"ListItem\",\"position\":2,\"name\":\"Ano de 2024 come\u00e7ou com muito trabalho por Mato Grosso Sul, diz Mara Caseiro\"}]},{\"@type\":\"WebSite\",\"@id\":\"https:\\\/\\\/msconectado.com.br\\\/#website\",\"url\":\"https:\\\/\\\/msconectado.com.br\\\/\",\"name\":\"MsConectado\",\"description\":\"Voc\u00ea Conectado com a Not\u00edcia!\",\"publisher\":{\"@id\":\"https:\\\/\\\/msconectado.com.br\\\/#organization\"},\"potentialAction\":[{\"@type\":\"SearchAction\",\"target\":{\"@type\":\"EntryPoint\",\"urlTemplate\":\"https:\\\/\\\/msconectado.com.br\\\/?s={search_term_string}\"},\"query-input\":{\"@type\":\"PropertyValueSpecification\",\"valueRequired\":true,\"valueName\":\"search_term_string\"}}],\"inLanguage\":\"pt-BR\"},{\"@type\":\"Organization\",\"@id\":\"https:\\\/\\\/msconectado.com.br\\\/#organization\",\"name\":\"MsConectado\",\"url\":\"https:\\\/\\\/msconectado.com.br\\\/\",\"logo\":{\"@type\":\"ImageObject\",\"inLanguage\":\"pt-BR\",\"@id\":\"https:\\\/\\\/msconectado.com.br\\\/#\\\/schema\\\/logo\\\/image\\\/\",\"url\":\"https:\\\/\\\/msconectado.com.br\\\/wp-content\\\/uploads\\\/2023\\\/01\\\/cropped-noticia-2.png\",\"contentUrl\":\"https:\\\/\\\/msconectado.com.br\\\/wp-content\\\/uploads\\\/2023\\\/01\\\/cropped-noticia-2.png\",\"width\":720,\"height\":157,\"caption\":\"MsConectado\"},\"image\":{\"@id\":\"https:\\\/\\\/msconectado.com.br\\\/#\\\/schema\\\/logo\\\/image\\\/\"}},{\"@type\":\"Person\",\"@id\":\"https:\\\/\\\/msconectado.com.br\\\/#\\\/schema\\\/person\\\/e5585545b5687092f1041d350b6e2c16\",\"name\":\"MsConectado\",\"image\":{\"@type\":\"ImageObject\",\"inLanguage\":\"pt-BR\",\"@id\":\"https:\\\/\\\/secure.gravatar.com\\\/avatar\\\/3b4f84a0a8a4380ac4431fa79981d073692380c5da00ae97596e794ab0db5c8c?s=96&d=mm&r=g\",\"url\":\"https:\\\/\\\/secure.gravatar.com\\\/avatar\\\/3b4f84a0a8a4380ac4431fa79981d073692380c5da00ae97596e794ab0db5c8c?s=96&d=mm&r=g\",\"contentUrl\":\"https:\\\/\\\/secure.gravatar.com\\\/avatar\\\/3b4f84a0a8a4380ac4431fa79981d073692380c5da00ae97596e794ab0db5c8c?s=96&d=mm&r=g\",\"caption\":\"MsConectado\"},\"url\":\"https:\\\/\\\/msconectado.com.br\\\/?author=2\"}]}<\/script>\n<!-- \/ Yoast SEO plugin. -->","yoast_head_json":{"title":"Ano de 2024 come\u00e7ou com muito trabalho por Mato Grosso Sul, diz Mara Caseiro - MsConectado","robots":{"index":"index","follow":"follow","max-snippet":"max-snippet:-1","max-image-preview":"max-image-preview:large","max-video-preview":"max-video-preview:-1"},"canonical":"https:\/\/msconectado.com.br\/?p=21035","og_locale":"pt_BR","og_type":"article","og_title":"Ano de 2024 come\u00e7ou com muito trabalho por Mato Grosso Sul, diz Mara Caseiro - MsConectado","og_description":"Reuni\u00f5es em benef\u00edcio dos munic\u00edpios de Eldorado, Itaquira\u00ed, Mundo Novo, Bataypor\u00e3, Iguatemi, Caarap\u00f3, Maracaju e Taquarussu foram realizadas pela deputada estadual Mara Caseiro (PSDB) no in\u00edcio deste ano. Antes mesmo da volta dos trabalhos parlamentares, ela tem participado de diversos encontros em secretarias e com lideran\u00e7as municipais, para tratar de melhorias para Mato Grosso do [&hellip;]","og_url":"https:\/\/msconectado.com.br\/?p=21035","og_site_name":"MsConectado","article_published_time":"2024-02-03T10:27:18+00:00","article_modified_time":"2024-02-03T10:31:21+00:00","og_image":[{"width":1280,"height":853,"url":"https:\/\/msconectado.com.br\/wp-content\/uploads\/2024\/02\/e94cbfc9-07ca-4a87-99b2-1d50fa794ff6.jpg","type":"image\/jpeg"}],"author":"MsConectado","twitter_card":"summary_large_image","twitter_misc":{"Escrito por":"MsConectado","Est. tempo de leitura":"2 minutos"},"schema":{"@context":"https:\/\/schema.org","@graph":[{"@type":"Article","@id":"https:\/\/msconectado.com.br\/?p=21035#article","isPartOf":{"@id":"https:\/\/msconectado.com.br\/?p=21035"},"author":{"name":"MsConectado","@id":"https:\/\/msconectado.com.br\/#\/schema\/person\/e5585545b5687092f1041d350b6e2c16"},"headline":"Ano de 2024 come\u00e7ou com muito trabalho por Mato Grosso Sul, diz Mara Caseiro","datePublished":"2024-02-03T10:27:18+00:00","dateModified":"2024-02-03T10:31:21+00:00","mainEntityOfPage":{"@id":"https:\/\/msconectado.com.br\/?p=21035"},"wordCount":317,"commentCount":0,"publisher":{"@id":"https:\/\/msconectado.com.br\/#organization"},"image":{"@id":"https:\/\/msconectado.com.br\/?p=21035#primaryimage"},"thumbnailUrl":"https:\/\/msconectado.com.br\/wp-content\/uploads\/2024\/02\/e94cbfc9-07ca-4a87-99b2-1d50fa794ff6.jpg","articleSection":["Assembleia Legislativa","Cidades","Pol\u00edtica"],"inLanguage":"pt-BR","potentialAction":[{"@type":"CommentAction","name":"Comment","target":["https:\/\/msconectado.com.br\/?p=21035#respond"]}]},{"@type":"WebPage","@id":"https:\/\/msconectado.com.br\/?p=21035","url":"https:\/\/msconectado.com.br\/?p=21035","name":"Ano de 2024 come\u00e7ou com muito trabalho por Mato Grosso Sul, diz Mara Caseiro - MsConectado","isPartOf":{"@id":"https:\/\/msconectado.com.br\/#website"},"primaryImageOfPage":{"@id":"https:\/\/msconectado.com.br\/?p=21035#primaryimage"},"image":{"@id":"https:\/\/msconectado.com.br\/?p=21035#primaryimage"},"thumbnailUrl":"https:\/\/msconectado.com.br\/wp-content\/uploads\/2024\/02\/e94cbfc9-07ca-4a87-99b2-1d50fa794ff6.jpg","datePublished":"2024-02-03T10:27:18+00:00","dateModified":"2024-02-03T10:31:21+00:00","breadcrumb":{"@id":"https:\/\/msconectado.com.br\/?p=21035#breadcrumb"},"inLanguage":"pt-BR","potentialAction":[{"@type":"ReadAction","target":["https:\/\/msconectado.com.br\/?p=21035"]}]},{"@type":"ImageObject","inLanguage":"pt-BR","@id":"https:\/\/msconectado.com.br\/?p=21035#primaryimage","url":"https:\/\/msconectado.com.br\/wp-content\/uploads\/2024\/02\/e94cbfc9-07ca-4a87-99b2-1d50fa794ff6.jpg","contentUrl":"https:\/\/msconectado.com.br\/wp-content\/uploads\/2024\/02\/e94cbfc9-07ca-4a87-99b2-1d50fa794ff6.jpg","width":1280,"height":853},{"@type":"BreadcrumbList","@id":"https:\/\/msconectado.com.br\/?p=21035#breadcrumb","itemListElement":[{"@type":"ListItem","position":1,"name":"In\u00edcio","item":"https:\/\/msconectado.com.br\/"},{"@type":"ListItem","position":2,"name":"Ano de 2024 come\u00e7ou com muito trabalho por Mato Grosso Sul, diz Mara Caseiro"}]},{"@type":"WebSite","@id":"https:\/\/msconectado.com.br\/#website","url":"https:\/\/msconectado.com.br\/","name":"MsConectado","description":"Voc\u00ea Conectado com a Not\u00edcia!","publisher":{"@id":"https:\/\/msconectado.com.br\/#organization"},"potentialAction":[{"@type":"SearchAction","target":{"@type":"EntryPoint","urlTemplate":"https:\/\/msconectado.com.br\/?s={search_term_string}"},"query-input":{"@type":"PropertyValueSpecification","valueRequired":true,"valueName":"search_term_string"}}],"inLanguage":"pt-BR"},{"@type":"Organization","@id":"https:\/\/msconectado.com.br\/#organization","name":"MsConectado","url":"https:\/\/msconectado.com.br\/","logo":{"@type":"ImageObject","inLanguage":"pt-BR","@id":"https:\/\/msconectado.com.br\/#\/schema\/logo\/image\/","url":"https:\/\/msconectado.com.br\/wp-content\/uploads\/2023\/01\/cropped-noticia-2.png","contentUrl":"https:\/\/msconectado.com.br\/wp-content\/uploads\/2023\/01\/cropped-noticia-2.png","width":720,"height":157,"caption":"MsConectado"},"image":{"@id":"https:\/\/msconectado.com.br\/#\/schema\/logo\/image\/"}},{"@type":"Person","@id":"https:\/\/msconectado.com.br\/#\/schema\/person\/e5585545b5687092f1041d350b6e2c16","name":"MsConectado","image":{"@type":"ImageObject","inLanguage":"pt-BR","@id":"https:\/\/secure.gravatar.com\/avatar\/3b4f84a0a8a4380ac4431fa79981d073692380c5da00ae97596e794ab0db5c8c?s=96&d=mm&r=g","url":"https:\/\/secure.gravatar.com\/avatar\/3b4f84a0a8a4380ac4431fa79981d073692380c5da00ae97596e794ab0db5c8c?s=96&d=mm&r=g","contentUrl":"https:\/\/secure.gravatar.com\/avatar\/3b4f84a0a8a4380ac4431fa79981d073692380c5da00ae97596e794ab0db5c8c?s=96&d=mm&r=g","caption":"MsConectado"},"url":"https:\/\/msconectado.com.br\/?author=2"}]}},"_links":{"self":[{"href":"https:\/\/msconectado.com.br\/index.php?rest_route=\/wp\/v2\/posts\/21035","targetHints":{"allow":["GET"]}}],"collection":[{"href":"https:\/\/msconectado.com.br\/index.php?rest_route=\/wp\/v2\/posts"}],"about":[{"href":"https:\/\/msconectado.com.br\/index.php?rest_route=\/wp\/v2\/types\/post"}],"author":[{"embeddable":true,"href":"https:\/\/msconectado.com.br\/index.php?rest_route=\/wp\/v2\/users\/2"}],"replies":[{"embeddable":true,"href":"https:\/\/msconectado.com.br\/index.php?rest_route=%2Fwp%2Fv2%2Fcomments&post=21035"}],"version-history":[{"count":1,"href":"https:\/\/msconectado.com.br\/index.php?rest_route=\/wp\/v2\/posts\/21035\/revisions"}],"predecessor-version":[{"id":21037,"href":"https:\/\/msconectado.com.br\/index.php?rest_route=\/wp\/v2\/posts\/21035\/revisions\/21037"}],"wp:featuredmedia":[{"embeddable":true,"href":"https:\/\/msconectado.com.br\/index.php?rest_route=\/wp\/v2\/media\/21036"}],"wp:attachment":[{"href":"https:\/\/msconectado.com.br\/index.php?rest_route=%2Fwp%2Fv2%2Fmedia&parent=21035"}],"wp:term":[{"taxonomy":"category","embeddable":true,"href":"https:\/\/msconectado.com.br\/index.php?rest_route=%2Fwp%2Fv2%2Fcategories&post=21035"},{"taxonomy":"post_tag","embeddable":true,"href":"https:\/\/msconectado.com.br\/index.php?rest_route=%2Fwp%2Fv2%2Ftags&post=21035"}],"curies":[{"name":"wp","href":"https:\/\/api.w.org\/{rel}","templated":true}]}}