
{"id":21285,"date":"2024-02-28T10:12:10","date_gmt":"2024-02-28T10:12:10","guid":{"rendered":"https:\/\/msconectado.com.br\/?p=21285"},"modified":"2024-02-28T10:12:12","modified_gmt":"2024-02-28T10:12:12","slug":"organizacao-e-logistica-do-governo-de-ms-garantem-que-alunos-recebam-uniformes-e-kits-escolares","status":"publish","type":"post","link":"https:\/\/msconectado.com.br\/?p=21285","title":{"rendered":"Organiza\u00e7\u00e3o e log\u00edstica do Governo de MS garantem que alunos recebam uniformes e kits escolares"},"content":{"rendered":"\n<p>O Governo de Mato Grosso do Sul, por interm\u00e9dio da SED (Secretaria Estadual de Educa\u00e7\u00e3o), iniciou a semana dando sequ\u00eancia ao trabalho de entrega de kits escolares, uniformes, conjuntos escolares, kits de rob\u00f3tica, lousas digitais e kits de merenda escolar. A expectativa \u00e9 que a entrega seja finalizada at\u00e9 o fim de mar\u00e7o, considerando a complexidade de cada local.<\/p>\n\n\n\n<p>O fluxo de carretas chegando com materiais est\u00e1 intenso. Os produtos chegam ao almoxarifado e os kits n\u00e3o ficam armazenados, j\u00e1 que a medida que v\u00e3o chegando s\u00e3o colocados nos caminh\u00f5es da Secretaria de Educa\u00e7\u00e3o e direcionados para as escolas estaduais presentes nos 79 munic\u00edpios sul-mato-grossenses.<\/p>\n\n\n\n<p>Marcos Macarini, coordenador de administra\u00e7\u00e3o e apoio operacional da SED, \u00e9 o respons\u00e1vel por toda a log\u00edstica de entregas e detalha como a organiza\u00e7\u00e3o de distribui\u00e7\u00e3o foi pensada para ser realizada em todo o Estado.<\/p>\n\n\n\n<p>&#8220;O volume que chega \u00e9 muito grande, ent\u00e3o o que acontece \u00e9 que a gente diariamente vai recebendo material e conforme vai chegando, j\u00e1 vamos direcionado \u00e0s escolas. Por exemplo, hoje [26] chegou uma carreta com 7.500 kits e j\u00e1 foram distribu\u00eddos todos hoje&#8221;, explica Macarini.<\/p>\n\n\n\n<p>Ainda segundo Macarini, somente em Campo Grande s\u00e3o nove rotas de entrega e no interior mais 14. Por isso, o trabalho da log\u00edstica na entrega dos materiais, uniformes e conjuntos escolares \u00e9 t\u00e3o importante e fundamental para que haja uma celeridade, mas tamb\u00e9m uma organiza\u00e7\u00e3o na distribui\u00e7\u00e3o de todos os itens.<\/p>\n\n\n\n<p>&#8220;Sabemos tudo que est\u00e1 em tr\u00e2nsito e tudo que j\u00e1 chegou nas escolas. Temos o controle de tudo, a log\u00edstica \u00e9 muito organizada e temos a rela\u00e7\u00e3o de tudo que j\u00e1 chegou \u00e0s escolas. \u00c0 medida que os itens chegam em nossos almoxarifados j\u00e1 enviamos ao destino final, com tudo catalogado&#8221;, afirma o coordenador.<\/p>\n\n\n\n<p>Para a diretora Greicy Kelly Gon\u00e7alves de Menezes, da Escola Estadual Jos\u00e9 Maria Hugo Rodrigues, no bairro Mata Jacinto -0 que recebeu na segunda-feira (26) os kits escolares -, esses materiais vem de encontro com a necessidades dos alunos e tamb\u00e9m como al\u00edvio para as fam\u00edlias.<\/p>\n\n\n\n<p>&#8220;Esse material pedag\u00f3gico composto por caderno de desenho, caderno universit\u00e1rio, l\u00e1pis, caneta, borracha, apontador e cola s\u00e3o materiais que facilitam a vida da fam\u00edlia, diminui os custos e despesas que eles fazem com os filhos. Diante disso a gente percebe que, depois de ter sido criado esse h\u00e1bito de eles receberem esse material, eles sentem muita falta&#8221;, afirma a diretora.<\/p>\n\n\n\n<p><strong>&#8216;Onda Azul&#8217;<\/strong><\/p>\n\n\n\n<p>Os novos uniformes que j\u00e1 haviam sido entregues na escola s\u00e3o um sucesso entre os alunos, de acordo com a diretora, e at\u00e9 os mais resistentes a usar a camiseta escolar aprovaram o novo modelo e no p\u00e1tio a &#8216;onda azul&#8217; tomou conta da escola.<\/p>\n\n\n\n<p>Para o secret\u00e1rio estadual de Educa\u00e7\u00e3o, H\u00e9lio Daher, a entrega dos materiais e uniformes logo no in\u00edcio do ano letivo \u00e9 importante para o bom andamento dos estudantes.<\/p>\n\n\n\n<p>&#8220;\u00c9 fundamental que nossos estudantes recebam os materiais j\u00e1 no in\u00edcio do ano letivo. Para isso, demos in\u00edcio \u00e0 log\u00edstica de entrega com a distribui\u00e7\u00e3o dos kits e uniformes escolares para toda a Rede Estadual de Ensino. Estamos trabalhando para que eles contem com os itens j\u00e1 nas primeiras semanas de aula, entre o final de fevereiro e in\u00edcio de mar\u00e7o&#8221;, destaca o secret\u00e1rio.<\/p>\n\n\n<div class=\"wp-block-image\">\n<figure class=\"aligncenter is-resized\"><a href=\"https:\/\/agenciadenoticias.ms.gov.br\/wp-content\/uploads\/2024\/02\/20240226_163524-scaled.jpg\"><img decoding=\"async\" src=\"https:\/\/agenciadenoticias.ms.gov.br\/wp-content\/uploads\/2024\/02\/20240226_163524-1024x577.jpg\" alt=\"\" style=\"width:660px;height:auto\"\/><\/a><\/figure>\n<\/div>\n\n\n<p>O Governo do Estado investiu cerca de R$ 13,7 milh\u00f5es nos kits escolares distribu\u00eddos na REE (Rede Estadual de Ensino), entregues para os alunos de s\u00e9ries iniciais do Ensino Fundamental 1, para as s\u00e9ries finais do Ensino Fundamental 2 e para os alunos do Ensino M\u00e9dio e Educa\u00e7\u00e3o Profissional.<\/p>\n\n\n\n<p>J\u00e1 para os novos uniformes, foram investidos mais de R$ 17 milh\u00f5es, incluindo os uniformes das escolas c\u00edvico-militares e tamb\u00e9m as camisetas polos, dos servidores administrativos das escolas, entregues pela primeira vez na Rede.<\/p>\n\n\n\n<p>Outra novidade est\u00e1 no kit merenda, composto por cumbuca, caneca, prato e colher, feitos de material resistente a temperaturas de -30\u00b0C a +120\u00b0C. Nos novos kits (90 mil) foram investidos R$ 4 milh\u00f5es. J\u00e1 os conjuntos escolares que tamb\u00e9m est\u00e3o sendo entregues nas escolas, tiveram um investimento de mais de R$ 22.370 milh\u00f5es, cada conjunto \u00e9 composto por uma cadeira individual e uma mesa escolar.<\/p>\n\n\n\n<p><strong>Tecnologia<\/strong><\/p>\n\n\n\n<p>Por fim, as escolas da REE tamb\u00e9m est\u00e3o recebendo 54 kits de rob\u00f3tica, no valor acima de R$ 2,5 milh\u00f5es, e lousas digitais, entregues para escolas dos munic\u00edpios de Amambai, Bela Vista, Bodoquena, Corumb\u00e1, Campo Grande, Dourados, Jardim, Parana\u00edba, Paranhos, Ponta Por\u00e3 e Rochedo, totalizando um investimento de R$ 9 milh\u00f5es.<\/p>\n\n\n\n<p>A Educa\u00e7\u00e3o \u00e9 um dos pilares da gest\u00e3o do governador Eduardo Riedel, e todas essas melhorias na REE, incluindo as reformas das unidades, fazem parte desse&nbsp;<em>hall&nbsp;<\/em>de prioridades para o Governo do Estado. &#8220;A Educa\u00e7\u00e3o \u00e9 fator chave para alcan\u00e7armos nossos objetivos, de trazer o desenvolvimento que projetamos para Mato Grosso do Sul&#8221;, finaliza o governador Eduardo Riedel.<\/p>\n\n\n\n<p><em>Jackeline Oliveira, Comunica\u00e7\u00e3o SED<br>Foto de capa: Bruno Rezende\/Secom<br>Galeria 1: Bruno Rezende\/Secom<br>Galeria 2: Ricardo Agra\/SED<\/em><\/p>\n\n\n<div class=\"wp-block-image\">\n<figure class=\"aligncenter size-full\"><img fetchpriority=\"high\" decoding=\"async\" width=\"900\" height=\"100\" src=\"https:\/\/msconectado.com.br\/wp-content\/uploads\/2024\/02\/900x100_GOV_DENGUE.gif\" alt=\"\" class=\"wp-image-21030\"\/><\/figure>\n<\/div>","protected":false},"excerpt":{"rendered":"<p>O Governo de Mato Grosso do Sul, por interm\u00e9dio da SED (Secretaria Estadual de Educa\u00e7\u00e3o), iniciou a semana dando sequ\u00eancia ao trabalho de entrega de kits escolares, uniformes, conjuntos escolares, kits de rob\u00f3tica, lousas digitais e kits de merenda escolar. A expectativa \u00e9 que a entrega seja finalizada at\u00e9 o fim de mar\u00e7o, considerando a [&hellip;]<\/p>\n","protected":false},"author":2,"featured_media":21286,"comment_status":"open","ping_status":"closed","sticky":false,"template":"","format":"standard","meta":{"footnotes":""},"categories":[35,1],"tags":[],"class_list":["post-21285","post","type-post","status-publish","format-standard","has-post-thumbnail","hentry","category-cidades","category-noticia"],"yoast_head":"<!-- This site is optimized with the Yoast SEO plugin v27.5 - https:\/\/yoast.com\/product\/yoast-seo-wordpress\/ -->\n<title>Organiza\u00e7\u00e3o e log\u00edstica do Governo de MS garantem que alunos recebam uniformes e kits escolares - MsConectado<\/title>\n<meta name=\"robots\" content=\"index, follow, max-snippet:-1, max-image-preview:large, max-video-preview:-1\" \/>\n<link rel=\"canonical\" href=\"https:\/\/msconectado.com.br\/?p=21285\" \/>\n<meta property=\"og:locale\" content=\"pt_BR\" \/>\n<meta property=\"og:type\" content=\"article\" \/>\n<meta property=\"og:title\" content=\"Organiza\u00e7\u00e3o e log\u00edstica do Governo de MS garantem que alunos recebam uniformes e kits escolares - MsConectado\" \/>\n<meta property=\"og:description\" content=\"O Governo de Mato Grosso do Sul, por interm\u00e9dio da SED (Secretaria Estadual de Educa\u00e7\u00e3o), iniciou a semana dando sequ\u00eancia ao trabalho de entrega de kits escolares, uniformes, conjuntos escolares, kits de rob\u00f3tica, lousas digitais e kits de merenda escolar. A expectativa \u00e9 que a entrega seja finalizada at\u00e9 o fim de mar\u00e7o, considerando a [&hellip;]\" \/>\n<meta property=\"og:url\" content=\"https:\/\/msconectado.com.br\/?p=21285\" \/>\n<meta property=\"og:site_name\" content=\"MsConectado\" \/>\n<meta property=\"article:published_time\" content=\"2024-02-28T10:12:10+00:00\" \/>\n<meta property=\"article:modified_time\" content=\"2024-02-28T10:12:12+00:00\" \/>\n<meta property=\"og:image\" content=\"https:\/\/msconectado.com.br\/wp-content\/uploads\/2024\/02\/a93e3418-bccf-407d-bc73-5975b0ab281f-1.jpg\" \/>\n\t<meta property=\"og:image:width\" content=\"1024\" \/>\n\t<meta property=\"og:image:height\" content=\"577\" \/>\n\t<meta property=\"og:image:type\" content=\"image\/jpeg\" \/>\n<meta name=\"author\" content=\"MsConectado\" \/>\n<meta name=\"twitter:card\" content=\"summary_large_image\" \/>\n<meta name=\"twitter:label1\" content=\"Escrito por\" \/>\n\t<meta name=\"twitter:data1\" content=\"MsConectado\" \/>\n\t<meta name=\"twitter:label2\" content=\"Est. tempo de leitura\" \/>\n\t<meta name=\"twitter:data2\" content=\"4 minutos\" \/>\n<script type=\"application\/ld+json\" class=\"yoast-schema-graph\">{\"@context\":\"https:\\\/\\\/schema.org\",\"@graph\":[{\"@type\":\"Article\",\"@id\":\"https:\\\/\\\/msconectado.com.br\\\/?p=21285#article\",\"isPartOf\":{\"@id\":\"https:\\\/\\\/msconectado.com.br\\\/?p=21285\"},\"author\":{\"name\":\"MsConectado\",\"@id\":\"https:\\\/\\\/msconectado.com.br\\\/#\\\/schema\\\/person\\\/e5585545b5687092f1041d350b6e2c16\"},\"headline\":\"Organiza\u00e7\u00e3o e log\u00edstica do Governo de MS garantem que alunos recebam uniformes e kits escolares\",\"datePublished\":\"2024-02-28T10:12:10+00:00\",\"dateModified\":\"2024-02-28T10:12:12+00:00\",\"mainEntityOfPage\":{\"@id\":\"https:\\\/\\\/msconectado.com.br\\\/?p=21285\"},\"wordCount\":877,\"commentCount\":0,\"publisher\":{\"@id\":\"https:\\\/\\\/msconectado.com.br\\\/#organization\"},\"image\":{\"@id\":\"https:\\\/\\\/msconectado.com.br\\\/?p=21285#primaryimage\"},\"thumbnailUrl\":\"https:\\\/\\\/msconectado.com.br\\\/wp-content\\\/uploads\\\/2024\\\/02\\\/a93e3418-bccf-407d-bc73-5975b0ab281f-1.jpg\",\"articleSection\":[\"Cidades\",\"Not\u00edcia\"],\"inLanguage\":\"pt-BR\",\"potentialAction\":[{\"@type\":\"CommentAction\",\"name\":\"Comment\",\"target\":[\"https:\\\/\\\/msconectado.com.br\\\/?p=21285#respond\"]}]},{\"@type\":\"WebPage\",\"@id\":\"https:\\\/\\\/msconectado.com.br\\\/?p=21285\",\"url\":\"https:\\\/\\\/msconectado.com.br\\\/?p=21285\",\"name\":\"Organiza\u00e7\u00e3o e log\u00edstica do Governo de MS garantem que alunos recebam uniformes e kits escolares - MsConectado\",\"isPartOf\":{\"@id\":\"https:\\\/\\\/msconectado.com.br\\\/#website\"},\"primaryImageOfPage\":{\"@id\":\"https:\\\/\\\/msconectado.com.br\\\/?p=21285#primaryimage\"},\"image\":{\"@id\":\"https:\\\/\\\/msconectado.com.br\\\/?p=21285#primaryimage\"},\"thumbnailUrl\":\"https:\\\/\\\/msconectado.com.br\\\/wp-content\\\/uploads\\\/2024\\\/02\\\/a93e3418-bccf-407d-bc73-5975b0ab281f-1.jpg\",\"datePublished\":\"2024-02-28T10:12:10+00:00\",\"dateModified\":\"2024-02-28T10:12:12+00:00\",\"breadcrumb\":{\"@id\":\"https:\\\/\\\/msconectado.com.br\\\/?p=21285#breadcrumb\"},\"inLanguage\":\"pt-BR\",\"potentialAction\":[{\"@type\":\"ReadAction\",\"target\":[\"https:\\\/\\\/msconectado.com.br\\\/?p=21285\"]}]},{\"@type\":\"ImageObject\",\"inLanguage\":\"pt-BR\",\"@id\":\"https:\\\/\\\/msconectado.com.br\\\/?p=21285#primaryimage\",\"url\":\"https:\\\/\\\/msconectado.com.br\\\/wp-content\\\/uploads\\\/2024\\\/02\\\/a93e3418-bccf-407d-bc73-5975b0ab281f-1.jpg\",\"contentUrl\":\"https:\\\/\\\/msconectado.com.br\\\/wp-content\\\/uploads\\\/2024\\\/02\\\/a93e3418-bccf-407d-bc73-5975b0ab281f-1.jpg\",\"width\":1024,\"height\":577},{\"@type\":\"BreadcrumbList\",\"@id\":\"https:\\\/\\\/msconectado.com.br\\\/?p=21285#breadcrumb\",\"itemListElement\":[{\"@type\":\"ListItem\",\"position\":1,\"name\":\"In\u00edcio\",\"item\":\"https:\\\/\\\/msconectado.com.br\\\/\"},{\"@type\":\"ListItem\",\"position\":2,\"name\":\"Organiza\u00e7\u00e3o e log\u00edstica do Governo de MS garantem que alunos recebam uniformes e kits escolares\"}]},{\"@type\":\"WebSite\",\"@id\":\"https:\\\/\\\/msconectado.com.br\\\/#website\",\"url\":\"https:\\\/\\\/msconectado.com.br\\\/\",\"name\":\"MsConectado\",\"description\":\"Voc\u00ea Conectado com a Not\u00edcia!\",\"publisher\":{\"@id\":\"https:\\\/\\\/msconectado.com.br\\\/#organization\"},\"potentialAction\":[{\"@type\":\"SearchAction\",\"target\":{\"@type\":\"EntryPoint\",\"urlTemplate\":\"https:\\\/\\\/msconectado.com.br\\\/?s={search_term_string}\"},\"query-input\":{\"@type\":\"PropertyValueSpecification\",\"valueRequired\":true,\"valueName\":\"search_term_string\"}}],\"inLanguage\":\"pt-BR\"},{\"@type\":\"Organization\",\"@id\":\"https:\\\/\\\/msconectado.com.br\\\/#organization\",\"name\":\"MsConectado\",\"url\":\"https:\\\/\\\/msconectado.com.br\\\/\",\"logo\":{\"@type\":\"ImageObject\",\"inLanguage\":\"pt-BR\",\"@id\":\"https:\\\/\\\/msconectado.com.br\\\/#\\\/schema\\\/logo\\\/image\\\/\",\"url\":\"https:\\\/\\\/msconectado.com.br\\\/wp-content\\\/uploads\\\/2023\\\/01\\\/cropped-noticia-2.png\",\"contentUrl\":\"https:\\\/\\\/msconectado.com.br\\\/wp-content\\\/uploads\\\/2023\\\/01\\\/cropped-noticia-2.png\",\"width\":720,\"height\":157,\"caption\":\"MsConectado\"},\"image\":{\"@id\":\"https:\\\/\\\/msconectado.com.br\\\/#\\\/schema\\\/logo\\\/image\\\/\"}},{\"@type\":\"Person\",\"@id\":\"https:\\\/\\\/msconectado.com.br\\\/#\\\/schema\\\/person\\\/e5585545b5687092f1041d350b6e2c16\",\"name\":\"MsConectado\",\"image\":{\"@type\":\"ImageObject\",\"inLanguage\":\"pt-BR\",\"@id\":\"https:\\\/\\\/secure.gravatar.com\\\/avatar\\\/3b4f84a0a8a4380ac4431fa79981d073692380c5da00ae97596e794ab0db5c8c?s=96&d=mm&r=g\",\"url\":\"https:\\\/\\\/secure.gravatar.com\\\/avatar\\\/3b4f84a0a8a4380ac4431fa79981d073692380c5da00ae97596e794ab0db5c8c?s=96&d=mm&r=g\",\"contentUrl\":\"https:\\\/\\\/secure.gravatar.com\\\/avatar\\\/3b4f84a0a8a4380ac4431fa79981d073692380c5da00ae97596e794ab0db5c8c?s=96&d=mm&r=g\",\"caption\":\"MsConectado\"},\"url\":\"https:\\\/\\\/msconectado.com.br\\\/?author=2\"}]}<\/script>\n<!-- \/ Yoast SEO plugin. -->","yoast_head_json":{"title":"Organiza\u00e7\u00e3o e log\u00edstica do Governo de MS garantem que alunos recebam uniformes e kits escolares - MsConectado","robots":{"index":"index","follow":"follow","max-snippet":"max-snippet:-1","max-image-preview":"max-image-preview:large","max-video-preview":"max-video-preview:-1"},"canonical":"https:\/\/msconectado.com.br\/?p=21285","og_locale":"pt_BR","og_type":"article","og_title":"Organiza\u00e7\u00e3o e log\u00edstica do Governo de MS garantem que alunos recebam uniformes e kits escolares - MsConectado","og_description":"O Governo de Mato Grosso do Sul, por interm\u00e9dio da SED (Secretaria Estadual de Educa\u00e7\u00e3o), iniciou a semana dando sequ\u00eancia ao trabalho de entrega de kits escolares, uniformes, conjuntos escolares, kits de rob\u00f3tica, lousas digitais e kits de merenda escolar. A expectativa \u00e9 que a entrega seja finalizada at\u00e9 o fim de mar\u00e7o, considerando a [&hellip;]","og_url":"https:\/\/msconectado.com.br\/?p=21285","og_site_name":"MsConectado","article_published_time":"2024-02-28T10:12:10+00:00","article_modified_time":"2024-02-28T10:12:12+00:00","og_image":[{"width":1024,"height":577,"url":"https:\/\/msconectado.com.br\/wp-content\/uploads\/2024\/02\/a93e3418-bccf-407d-bc73-5975b0ab281f-1.jpg","type":"image\/jpeg"}],"author":"MsConectado","twitter_card":"summary_large_image","twitter_misc":{"Escrito por":"MsConectado","Est. tempo de leitura":"4 minutos"},"schema":{"@context":"https:\/\/schema.org","@graph":[{"@type":"Article","@id":"https:\/\/msconectado.com.br\/?p=21285#article","isPartOf":{"@id":"https:\/\/msconectado.com.br\/?p=21285"},"author":{"name":"MsConectado","@id":"https:\/\/msconectado.com.br\/#\/schema\/person\/e5585545b5687092f1041d350b6e2c16"},"headline":"Organiza\u00e7\u00e3o e log\u00edstica do Governo de MS garantem que alunos recebam uniformes e kits escolares","datePublished":"2024-02-28T10:12:10+00:00","dateModified":"2024-02-28T10:12:12+00:00","mainEntityOfPage":{"@id":"https:\/\/msconectado.com.br\/?p=21285"},"wordCount":877,"commentCount":0,"publisher":{"@id":"https:\/\/msconectado.com.br\/#organization"},"image":{"@id":"https:\/\/msconectado.com.br\/?p=21285#primaryimage"},"thumbnailUrl":"https:\/\/msconectado.com.br\/wp-content\/uploads\/2024\/02\/a93e3418-bccf-407d-bc73-5975b0ab281f-1.jpg","articleSection":["Cidades","Not\u00edcia"],"inLanguage":"pt-BR","potentialAction":[{"@type":"CommentAction","name":"Comment","target":["https:\/\/msconectado.com.br\/?p=21285#respond"]}]},{"@type":"WebPage","@id":"https:\/\/msconectado.com.br\/?p=21285","url":"https:\/\/msconectado.com.br\/?p=21285","name":"Organiza\u00e7\u00e3o e log\u00edstica do Governo de MS garantem que alunos recebam uniformes e kits escolares - MsConectado","isPartOf":{"@id":"https:\/\/msconectado.com.br\/#website"},"primaryImageOfPage":{"@id":"https:\/\/msconectado.com.br\/?p=21285#primaryimage"},"image":{"@id":"https:\/\/msconectado.com.br\/?p=21285#primaryimage"},"thumbnailUrl":"https:\/\/msconectado.com.br\/wp-content\/uploads\/2024\/02\/a93e3418-bccf-407d-bc73-5975b0ab281f-1.jpg","datePublished":"2024-02-28T10:12:10+00:00","dateModified":"2024-02-28T10:12:12+00:00","breadcrumb":{"@id":"https:\/\/msconectado.com.br\/?p=21285#breadcrumb"},"inLanguage":"pt-BR","potentialAction":[{"@type":"ReadAction","target":["https:\/\/msconectado.com.br\/?p=21285"]}]},{"@type":"ImageObject","inLanguage":"pt-BR","@id":"https:\/\/msconectado.com.br\/?p=21285#primaryimage","url":"https:\/\/msconectado.com.br\/wp-content\/uploads\/2024\/02\/a93e3418-bccf-407d-bc73-5975b0ab281f-1.jpg","contentUrl":"https:\/\/msconectado.com.br\/wp-content\/uploads\/2024\/02\/a93e3418-bccf-407d-bc73-5975b0ab281f-1.jpg","width":1024,"height":577},{"@type":"BreadcrumbList","@id":"https:\/\/msconectado.com.br\/?p=21285#breadcrumb","itemListElement":[{"@type":"ListItem","position":1,"name":"In\u00edcio","item":"https:\/\/msconectado.com.br\/"},{"@type":"ListItem","position":2,"name":"Organiza\u00e7\u00e3o e log\u00edstica do Governo de MS garantem que alunos recebam uniformes e kits escolares"}]},{"@type":"WebSite","@id":"https:\/\/msconectado.com.br\/#website","url":"https:\/\/msconectado.com.br\/","name":"MsConectado","description":"Voc\u00ea Conectado com a Not\u00edcia!","publisher":{"@id":"https:\/\/msconectado.com.br\/#organization"},"potentialAction":[{"@type":"SearchAction","target":{"@type":"EntryPoint","urlTemplate":"https:\/\/msconectado.com.br\/?s={search_term_string}"},"query-input":{"@type":"PropertyValueSpecification","valueRequired":true,"valueName":"search_term_string"}}],"inLanguage":"pt-BR"},{"@type":"Organization","@id":"https:\/\/msconectado.com.br\/#organization","name":"MsConectado","url":"https:\/\/msconectado.com.br\/","logo":{"@type":"ImageObject","inLanguage":"pt-BR","@id":"https:\/\/msconectado.com.br\/#\/schema\/logo\/image\/","url":"https:\/\/msconectado.com.br\/wp-content\/uploads\/2023\/01\/cropped-noticia-2.png","contentUrl":"https:\/\/msconectado.com.br\/wp-content\/uploads\/2023\/01\/cropped-noticia-2.png","width":720,"height":157,"caption":"MsConectado"},"image":{"@id":"https:\/\/msconectado.com.br\/#\/schema\/logo\/image\/"}},{"@type":"Person","@id":"https:\/\/msconectado.com.br\/#\/schema\/person\/e5585545b5687092f1041d350b6e2c16","name":"MsConectado","image":{"@type":"ImageObject","inLanguage":"pt-BR","@id":"https:\/\/secure.gravatar.com\/avatar\/3b4f84a0a8a4380ac4431fa79981d073692380c5da00ae97596e794ab0db5c8c?s=96&d=mm&r=g","url":"https:\/\/secure.gravatar.com\/avatar\/3b4f84a0a8a4380ac4431fa79981d073692380c5da00ae97596e794ab0db5c8c?s=96&d=mm&r=g","contentUrl":"https:\/\/secure.gravatar.com\/avatar\/3b4f84a0a8a4380ac4431fa79981d073692380c5da00ae97596e794ab0db5c8c?s=96&d=mm&r=g","caption":"MsConectado"},"url":"https:\/\/msconectado.com.br\/?author=2"}]}},"_links":{"self":[{"href":"https:\/\/msconectado.com.br\/index.php?rest_route=\/wp\/v2\/posts\/21285","targetHints":{"allow":["GET"]}}],"collection":[{"href":"https:\/\/msconectado.com.br\/index.php?rest_route=\/wp\/v2\/posts"}],"about":[{"href":"https:\/\/msconectado.com.br\/index.php?rest_route=\/wp\/v2\/types\/post"}],"author":[{"embeddable":true,"href":"https:\/\/msconectado.com.br\/index.php?rest_route=\/wp\/v2\/users\/2"}],"replies":[{"embeddable":true,"href":"https:\/\/msconectado.com.br\/index.php?rest_route=%2Fwp%2Fv2%2Fcomments&post=21285"}],"version-history":[{"count":1,"href":"https:\/\/msconectado.com.br\/index.php?rest_route=\/wp\/v2\/posts\/21285\/revisions"}],"predecessor-version":[{"id":21287,"href":"https:\/\/msconectado.com.br\/index.php?rest_route=\/wp\/v2\/posts\/21285\/revisions\/21287"}],"wp:featuredmedia":[{"embeddable":true,"href":"https:\/\/msconectado.com.br\/index.php?rest_route=\/wp\/v2\/media\/21286"}],"wp:attachment":[{"href":"https:\/\/msconectado.com.br\/index.php?rest_route=%2Fwp%2Fv2%2Fmedia&parent=21285"}],"wp:term":[{"taxonomy":"category","embeddable":true,"href":"https:\/\/msconectado.com.br\/index.php?rest_route=%2Fwp%2Fv2%2Fcategories&post=21285"},{"taxonomy":"post_tag","embeddable":true,"href":"https:\/\/msconectado.com.br\/index.php?rest_route=%2Fwp%2Fv2%2Ftags&post=21285"}],"curies":[{"name":"wp","href":"https:\/\/api.w.org\/{rel}","templated":true}]}}