
{"id":21339,"date":"2024-03-03T22:24:07","date_gmt":"2024-03-03T22:24:07","guid":{"rendered":"https:\/\/msconectado.com.br\/?p=21339"},"modified":"2024-03-03T22:24:22","modified_gmt":"2024-03-03T22:24:22","slug":"sem-deixar-ninguem-para-tras-3o-ms-em-acao-leva-sorrisos-cidadania-justica-e-direitos-a-indigenas-de-paranhos","status":"publish","type":"post","link":"https:\/\/msconectado.com.br\/?p=21339","title":{"rendered":"Sem deixar ningu\u00e9m para tr\u00e1s, 3\u00ba MS em A\u00e7\u00e3o leva sorrisos, cidadania, justi\u00e7a e direitos a ind\u00edgenas de Paranhos"},"content":{"rendered":"\n<p>Quando cidadania, seguran\u00e7a p\u00fablica e dezenas de parceiros d\u00e3o as m\u00e3os, sorrisos, garantia de direitos e justi\u00e7a s\u00e3o constru\u00eddos do outro lado. Neste s\u00e1bado e domingo, o Governo do Estado de Mato Grosso do Sul est\u00e1 presente em Paranhos para atender \u00e0s seis comunidades ind\u00edgenas da regi\u00e3o: Paraguassu, Pirajui, Potrero Guassu, Arroio Cora, Sete Cerros e Ypoi.<\/p>\n\n\n\n<p>A estimativa \u00e9 de atender, ao longo dos dois dias, seis mil pessoas, trazendo para a porta delas servi\u00e7os \u201cda cidade\u201d que muitas vezes ficam a mais de 60 quil\u00f4metros de dist\u00e2ncia das aldeias.<\/p>\n\n\n<div class=\"wp-block-image\">\n<figure class=\"aligncenter\" id=\"attachment_467336\"><a href=\"https:\/\/agenciadenoticias.ms.gov.br\/wp-content\/uploads\/2024\/03\/3o-MS-em-Acao-5_-Paranhos-2024_Alvaro-Rezende.jpeg\"><img decoding=\"async\" src=\"https:\/\/agenciadenoticias.ms.gov.br\/wp-content\/uploads\/2024\/03\/3o-MS-em-Acao-5_-Paranhos-2024_Alvaro-Rezende.jpeg\" alt=\"\" class=\"wp-image-467336\"\/><\/a><figcaption class=\"wp-element-caption\">Garantia de direitos come\u00e7a na &#8220;exist\u00eancia&#8221; de cada pessoa perante o Estado na expedi\u00e7\u00e3o de documentos e acesso \u00e0 justi\u00e7a<\/figcaption><\/figure>\n<\/div>\n\n\n<p>\u201cVoc\u00eas estarem aqui hoje, trazendo e levando nossa demanda para o Governo do Estado, eu s\u00f3 tenho a agradecer em nome das seis aldeias que est\u00e3o aqui. A gente precisa trazer mais perto de n\u00f3s os servi\u00e7os, essa parte de documenta\u00e7\u00e3o, e tudo mais. Fico muito feliz\u201d, descreve a lideran\u00e7a ind\u00edgena da Paraguassu, Ubaldo Fernandes.<\/p>\n\n\n\n<p>O ponto de encontro da garantia de direitos \u00e9 a Escola Municipal Ind\u00edgena Pancho Romero, a pouco mais de 20 quil\u00f4metros de Paranhos. As salas de aula, o p\u00e1tio e at\u00e9 a quadra se transformam em palcos para a a\u00e7\u00e3o social com servi\u00e7os gratuitos como:&nbsp;Carteira de Identidade, CPF, t\u00edtulo de eleitor e carteira de trabalho, benef\u00edcios do INSS, atendimentos na defensoria p\u00fablica, consultas m\u00e9dicas com cl\u00ednicos gerais e especialistas, dentistas e ainda a Justi\u00e7a Itinerante com a miss\u00e3o de casar ou divorciar no papel.<\/p>\n\n\n<div class=\"wp-block-image\">\n<figure class=\"aligncenter\" id=\"attachment_467337\"><a href=\"https:\/\/agenciadenoticias.ms.gov.br\/wp-content\/uploads\/2024\/03\/3o-MS-em-Acao-6_-Paranhos-2024_Alvaro-Rezende.jpeg\"><img decoding=\"async\" src=\"https:\/\/agenciadenoticias.ms.gov.br\/wp-content\/uploads\/2024\/03\/3o-MS-em-Acao-6_-Paranhos-2024_Alvaro-Rezende.jpeg\" alt=\"\" class=\"wp-image-467337\"\/><\/a><figcaption class=\"wp-element-caption\">\u00d4nibus buscaram a popula\u00e7\u00e3o ind\u00edgena nas aldeias ao redor e ao chegar, cada um foi recepcionado com um caf\u00e9 da manh\u00e3<\/figcaption><\/figure>\n<\/div>\n\n\n<p>\u201cPra mim, a propor\u00e7\u00e3o do que est\u00e1 acontecendo hoje \u00e9 in\u00e9dito pelo tamanho do atendimento. A nossa popula\u00e7\u00e3o, a nossa comunidade s\u00f3 tem a agradecer por todos os envolvidos nessa a\u00e7\u00e3o, na qual o objetivo \u00e9 atender o nosso p\u00fablico\u201d, ressalta o prefeito de Paranhos, Donizete Viaro<\/p>\n\n\n\n<p>Ind\u00edgena guarani, Livrada Aranda conta que j\u00e1 tentou ir \u00e0 cidade fazer o RG da filha Camila, de 11 anos, mas n\u00e3o conseguiu. \u201cE eu tenho que ir de carona, fica dif\u00edcil pra ir na cidade, porque a gente mora longe\u201d, explica. Com os documentos pr\u00f3prios em uma pasta transparente, a m\u00e3e fala que um \u00f4nibus foi at\u00e9 a comunidade Ypoi, onde ela vive com a fam\u00edlia, para lev\u00e1-las \u00e0 a\u00e7\u00e3o.<\/p>\n\n\n<div class=\"wp-block-image\">\n<figure class=\"aligncenter\" id=\"attachment_467334\"><a href=\"https:\/\/agenciadenoticias.ms.gov.br\/wp-content\/uploads\/2024\/03\/3o-MS-em-Acao-3_-Paranhos-2024_Alvaro-Rezende.jpeg\"><img decoding=\"async\" src=\"https:\/\/agenciadenoticias.ms.gov.br\/wp-content\/uploads\/2024\/03\/3o-MS-em-Acao-3_-Paranhos-2024_Alvaro-Rezende.jpeg\" alt=\"\" class=\"wp-image-467334\"\/><\/a><figcaption class=\"wp-element-caption\">Camila Aranda, de 11 anos, da aldeia Ypoi sendo vacinada contra a dengue<\/figcaption><\/figure>\n<\/div>\n\n\n<p>\u201cA\u00ed eu vim aproveitar para fazer a identidade dela, e aproveitar para vacinar\u201d, completa. Camila foi uma das crian\u00e7as imunizadas contra a dengue durante o MS em A\u00e7\u00e3o.\u00a0<\/p>\n\n\n\n<p>Juntos h\u00e1 14 anos, desde que Silvio Villalva apareceu na comunidade de Lauriete Lopes, o s\u00e1bado foi de enfim se casarem no papel. A alian\u00e7a eles j\u00e1 usavam, faltava mesmo estar regularizado na justi\u00e7a. \u201cA gente procurou aqui e deu tudo certo\u201d, diz a noiva, de 31 anos.<\/p>\n\n\n\n<p>Al\u00e9m do dia 13 de setembro, data em que eles comemoram a uni\u00e3o, agora o casal tamb\u00e9m tem o dia 2 de mar\u00e7o guardado na mem\u00f3ria. \u201cO que muda com o papel? Acho que muda tudo, porque agora \u00e9 pra sempre\u201d, resume Lauriete.<\/p>\n\n\n\n<p>Para o secret\u00e1rio executivo de Seguran\u00e7a P\u00fablica, coronel Wagner Ferreira da Silva, o MS em A\u00e7\u00e3o nasceu das necessidades das comunidades. O programa estreou ano passado, em Dourados, teve a segunda edi\u00e7\u00e3o em Amambai e agora passa por Paranhos.<\/p>\n\n\n\n<p>O trabalho que antecede a a\u00e7\u00e3o come\u00e7a tr\u00eas meses antes, com a prepara\u00e7\u00e3o e as reuni\u00f5es com os diversos parceiros. \u201c\u00c9 uma uni\u00e3o de esfor\u00e7os coordenada pelo Governo do Estado de Mato Grosso do Sul e que traz um aprendizado muito grande com as institui\u00e7\u00f5es, porque s\u00e3o diversas culturas e organiza\u00e7\u00f5es diferentes, al\u00e9m do aprendizado com a comunidade, como eles se organizam, se estruturam e como tem muito a nos ensinar. N\u00f3s viemos achando que vamos ofertar alguma coisa, mas somos n\u00f3s que sa\u00edmos carregando diversos conhecimentos\u201d, ressalta.&nbsp;<\/p>\n\n\n<div class=\"wp-block-image\">\n<figure class=\"aligncenter\"><a href=\"https:\/\/agenciadenoticias.ms.gov.br\/wp-content\/uploads\/2024\/03\/3o-MS-em-Acao-2_-Paranhos-2024_Alvaro-Rezende.jpeg\"><img decoding=\"async\" src=\"https:\/\/agenciadenoticias.ms.gov.br\/wp-content\/uploads\/2024\/03\/3o-MS-em-Acao-2_-Paranhos-2024_Alvaro-Rezende.jpeg\" alt=\"\"\/><\/a><figcaption class=\"wp-element-caption\">Aproximando a pol\u00edcia do cidad\u00e3o, teve at\u00e9 cantinho para recrea\u00e7\u00e3o das crian\u00e7as<\/figcaption><\/figure>\n<\/div>\n\n\n<p>Secret\u00e1ria de Estado da Cidadania, Viviane Luiza resume que estar, levando tantos servi\u00e7os \u00e0s comunidades ind\u00edgenas \u00e9 a materializa\u00e7\u00e3o da cidadania. \u201cGarantia de direitos, igualdade, promo\u00e7\u00e3o de justi\u00e7a, aqui junto com todos estes parceiros n\u00f3s estamos trazendo o Governo do Estado para perto das popula\u00e7\u00f5es mais distantes das cidades. Como o governador Eduardo Riedel sempre diz: \u2018sem deixar ningu\u00e9m para tr\u00e1s\u2019\u201d.<\/p>\n\n\n\n<p>S\u00e3o parceiros do Governo do Estado na realiza\u00e7\u00e3o do MS em A\u00e7\u00e3o: Seguran\u00e7a e Cidadania, al\u00e9m de Prefeitura de Paranhos, Secretaria de Estado de Sa\u00fade, Coordenadoria Estadual de Pol\u00edcia Comunit\u00e1ria, Tribunal de Justi\u00e7a de Mato Grosso do Sul, Defensoria P\u00fablica Estadual, TRE (Tribunal Regional Eleitoral), Sindicato Rural de Paranhos, Adepol (Associa\u00e7\u00e3o dos Delegados de Mato Grosso do Sul), ABO\/MS (Associa\u00e7\u00e3o Brasileira de Odontologia), Fareff (Faculdade Referencial de Odontologia), Receita Federal, INSS, Sesc, Senai, Senac, Senar, Fundesporte, Funda\u00e7\u00e3o de Cultura de Mato Grosso do Sul, Pol\u00edcia Civil, Pol\u00edcia Militar, Pol\u00edcia Rodovi\u00e1ria Federal, Corpo de Bombeiros Militar, Fecom\u00e9rcio, Instituto de Identifica\u00e7\u00e3o, C\u00e2mara de Vereadores de Paranhos, Secretarias Municipal de Sa\u00fade e de Educa\u00e7\u00e3o de Paranhos, Funtrab, Coordeandoria-Geral de Policiamento A\u00e9reo da Sejusp.<\/p>\n\n\n\n<p><em>Paula Maciulevicius, Comunica\u00e7\u00e3o SEC<\/em><br><em>Fotos: \u00c1lvaro Rezende<\/em><\/p>\n\n\n<div class=\"wp-block-image\">\n<figure class=\"aligncenter size-full\"><img fetchpriority=\"high\" decoding=\"async\" width=\"900\" height=\"100\" src=\"https:\/\/msconectado.com.br\/wp-content\/uploads\/2024\/02\/900x100_GOV_DENGUE.gif\" alt=\"\" class=\"wp-image-21030\"\/><\/figure>\n<\/div>","protected":false},"excerpt":{"rendered":"<p>Quando cidadania, seguran\u00e7a p\u00fablica e dezenas de parceiros d\u00e3o as m\u00e3os, sorrisos, garantia de direitos e justi\u00e7a s\u00e3o constru\u00eddos do outro lado. Neste s\u00e1bado e domingo, o Governo do Estado de Mato Grosso do Sul est\u00e1 presente em Paranhos para atender \u00e0s seis comunidades ind\u00edgenas da regi\u00e3o: Paraguassu, Pirajui, Potrero Guassu, Arroio Cora, Sete Cerros [&hellip;]<\/p>\n","protected":false},"author":2,"featured_media":21340,"comment_status":"open","ping_status":"closed","sticky":false,"template":"","format":"standard","meta":{"footnotes":""},"categories":[35,1],"tags":[],"class_list":["post-21339","post","type-post","status-publish","format-standard","has-post-thumbnail","hentry","category-cidades","category-noticia"],"yoast_head":"<!-- This site is optimized with the Yoast SEO plugin v27.5 - https:\/\/yoast.com\/product\/yoast-seo-wordpress\/ -->\n<title>Sem deixar ningu\u00e9m para tr\u00e1s, 3\u00ba MS em A\u00e7\u00e3o leva sorrisos, cidadania, justi\u00e7a e direitos a ind\u00edgenas de Paranhos - MsConectado<\/title>\n<meta name=\"robots\" content=\"index, follow, max-snippet:-1, max-image-preview:large, max-video-preview:-1\" \/>\n<link rel=\"canonical\" href=\"https:\/\/msconectado.com.br\/?p=21339\" \/>\n<meta property=\"og:locale\" content=\"pt_BR\" \/>\n<meta property=\"og:type\" content=\"article\" \/>\n<meta property=\"og:title\" content=\"Sem deixar ningu\u00e9m para tr\u00e1s, 3\u00ba MS em A\u00e7\u00e3o leva sorrisos, cidadania, justi\u00e7a e direitos a ind\u00edgenas de Paranhos - MsConectado\" \/>\n<meta property=\"og:description\" content=\"Quando cidadania, seguran\u00e7a p\u00fablica e dezenas de parceiros d\u00e3o as m\u00e3os, sorrisos, garantia de direitos e justi\u00e7a s\u00e3o constru\u00eddos do outro lado. Neste s\u00e1bado e domingo, o Governo do Estado de Mato Grosso do Sul est\u00e1 presente em Paranhos para atender \u00e0s seis comunidades ind\u00edgenas da regi\u00e3o: Paraguassu, Pirajui, Potrero Guassu, Arroio Cora, Sete Cerros [&hellip;]\" \/>\n<meta property=\"og:url\" content=\"https:\/\/msconectado.com.br\/?p=21339\" \/>\n<meta property=\"og:site_name\" content=\"MsConectado\" \/>\n<meta property=\"article:published_time\" content=\"2024-03-03T22:24:07+00:00\" \/>\n<meta property=\"article:modified_time\" content=\"2024-03-03T22:24:22+00:00\" \/>\n<meta property=\"og:image\" content=\"https:\/\/msconectado.com.br\/wp-content\/uploads\/2024\/03\/normal_WhatsApp_Image_2024-02-06_at_10.58.25.jpeg\" \/>\n\t<meta property=\"og:image:width\" content=\"730\" \/>\n\t<meta property=\"og:image:height\" content=\"480\" \/>\n\t<meta property=\"og:image:type\" content=\"image\/jpeg\" \/>\n<meta name=\"author\" content=\"MsConectado\" \/>\n<meta name=\"twitter:card\" content=\"summary_large_image\" \/>\n<meta name=\"twitter:label1\" content=\"Escrito por\" \/>\n\t<meta name=\"twitter:data1\" content=\"MsConectado\" \/>\n\t<meta name=\"twitter:label2\" content=\"Est. tempo de leitura\" \/>\n\t<meta name=\"twitter:data2\" content=\"5 minutos\" \/>\n<script type=\"application\/ld+json\" class=\"yoast-schema-graph\">{\"@context\":\"https:\\\/\\\/schema.org\",\"@graph\":[{\"@type\":\"Article\",\"@id\":\"https:\\\/\\\/msconectado.com.br\\\/?p=21339#article\",\"isPartOf\":{\"@id\":\"https:\\\/\\\/msconectado.com.br\\\/?p=21339\"},\"author\":{\"name\":\"MsConectado\",\"@id\":\"https:\\\/\\\/msconectado.com.br\\\/#\\\/schema\\\/person\\\/e5585545b5687092f1041d350b6e2c16\"},\"headline\":\"Sem deixar ningu\u00e9m para tr\u00e1s, 3\u00ba MS em A\u00e7\u00e3o leva sorrisos, cidadania, justi\u00e7a e direitos a ind\u00edgenas de Paranhos\",\"datePublished\":\"2024-03-03T22:24:07+00:00\",\"dateModified\":\"2024-03-03T22:24:22+00:00\",\"mainEntityOfPage\":{\"@id\":\"https:\\\/\\\/msconectado.com.br\\\/?p=21339\"},\"wordCount\":975,\"commentCount\":0,\"publisher\":{\"@id\":\"https:\\\/\\\/msconectado.com.br\\\/#organization\"},\"image\":{\"@id\":\"https:\\\/\\\/msconectado.com.br\\\/?p=21339#primaryimage\"},\"thumbnailUrl\":\"https:\\\/\\\/msconectado.com.br\\\/wp-content\\\/uploads\\\/2024\\\/03\\\/normal_WhatsApp_Image_2024-02-06_at_10.58.25.jpeg\",\"articleSection\":[\"Cidades\",\"Not\u00edcia\"],\"inLanguage\":\"pt-BR\",\"potentialAction\":[{\"@type\":\"CommentAction\",\"name\":\"Comment\",\"target\":[\"https:\\\/\\\/msconectado.com.br\\\/?p=21339#respond\"]}]},{\"@type\":\"WebPage\",\"@id\":\"https:\\\/\\\/msconectado.com.br\\\/?p=21339\",\"url\":\"https:\\\/\\\/msconectado.com.br\\\/?p=21339\",\"name\":\"Sem deixar ningu\u00e9m para tr\u00e1s, 3\u00ba MS em A\u00e7\u00e3o leva sorrisos, cidadania, justi\u00e7a e direitos a ind\u00edgenas de Paranhos - MsConectado\",\"isPartOf\":{\"@id\":\"https:\\\/\\\/msconectado.com.br\\\/#website\"},\"primaryImageOfPage\":{\"@id\":\"https:\\\/\\\/msconectado.com.br\\\/?p=21339#primaryimage\"},\"image\":{\"@id\":\"https:\\\/\\\/msconectado.com.br\\\/?p=21339#primaryimage\"},\"thumbnailUrl\":\"https:\\\/\\\/msconectado.com.br\\\/wp-content\\\/uploads\\\/2024\\\/03\\\/normal_WhatsApp_Image_2024-02-06_at_10.58.25.jpeg\",\"datePublished\":\"2024-03-03T22:24:07+00:00\",\"dateModified\":\"2024-03-03T22:24:22+00:00\",\"breadcrumb\":{\"@id\":\"https:\\\/\\\/msconectado.com.br\\\/?p=21339#breadcrumb\"},\"inLanguage\":\"pt-BR\",\"potentialAction\":[{\"@type\":\"ReadAction\",\"target\":[\"https:\\\/\\\/msconectado.com.br\\\/?p=21339\"]}]},{\"@type\":\"ImageObject\",\"inLanguage\":\"pt-BR\",\"@id\":\"https:\\\/\\\/msconectado.com.br\\\/?p=21339#primaryimage\",\"url\":\"https:\\\/\\\/msconectado.com.br\\\/wp-content\\\/uploads\\\/2024\\\/03\\\/normal_WhatsApp_Image_2024-02-06_at_10.58.25.jpeg\",\"contentUrl\":\"https:\\\/\\\/msconectado.com.br\\\/wp-content\\\/uploads\\\/2024\\\/03\\\/normal_WhatsApp_Image_2024-02-06_at_10.58.25.jpeg\",\"width\":730,\"height\":480},{\"@type\":\"BreadcrumbList\",\"@id\":\"https:\\\/\\\/msconectado.com.br\\\/?p=21339#breadcrumb\",\"itemListElement\":[{\"@type\":\"ListItem\",\"position\":1,\"name\":\"In\u00edcio\",\"item\":\"https:\\\/\\\/msconectado.com.br\\\/\"},{\"@type\":\"ListItem\",\"position\":2,\"name\":\"Sem deixar ningu\u00e9m para tr\u00e1s, 3\u00ba MS em A\u00e7\u00e3o leva sorrisos, cidadania, justi\u00e7a e direitos a ind\u00edgenas de Paranhos\"}]},{\"@type\":\"WebSite\",\"@id\":\"https:\\\/\\\/msconectado.com.br\\\/#website\",\"url\":\"https:\\\/\\\/msconectado.com.br\\\/\",\"name\":\"MsConectado\",\"description\":\"Voc\u00ea Conectado com a Not\u00edcia!\",\"publisher\":{\"@id\":\"https:\\\/\\\/msconectado.com.br\\\/#organization\"},\"potentialAction\":[{\"@type\":\"SearchAction\",\"target\":{\"@type\":\"EntryPoint\",\"urlTemplate\":\"https:\\\/\\\/msconectado.com.br\\\/?s={search_term_string}\"},\"query-input\":{\"@type\":\"PropertyValueSpecification\",\"valueRequired\":true,\"valueName\":\"search_term_string\"}}],\"inLanguage\":\"pt-BR\"},{\"@type\":\"Organization\",\"@id\":\"https:\\\/\\\/msconectado.com.br\\\/#organization\",\"name\":\"MsConectado\",\"url\":\"https:\\\/\\\/msconectado.com.br\\\/\",\"logo\":{\"@type\":\"ImageObject\",\"inLanguage\":\"pt-BR\",\"@id\":\"https:\\\/\\\/msconectado.com.br\\\/#\\\/schema\\\/logo\\\/image\\\/\",\"url\":\"https:\\\/\\\/msconectado.com.br\\\/wp-content\\\/uploads\\\/2023\\\/01\\\/cropped-noticia-2.png\",\"contentUrl\":\"https:\\\/\\\/msconectado.com.br\\\/wp-content\\\/uploads\\\/2023\\\/01\\\/cropped-noticia-2.png\",\"width\":720,\"height\":157,\"caption\":\"MsConectado\"},\"image\":{\"@id\":\"https:\\\/\\\/msconectado.com.br\\\/#\\\/schema\\\/logo\\\/image\\\/\"}},{\"@type\":\"Person\",\"@id\":\"https:\\\/\\\/msconectado.com.br\\\/#\\\/schema\\\/person\\\/e5585545b5687092f1041d350b6e2c16\",\"name\":\"MsConectado\",\"image\":{\"@type\":\"ImageObject\",\"inLanguage\":\"pt-BR\",\"@id\":\"https:\\\/\\\/secure.gravatar.com\\\/avatar\\\/3b4f84a0a8a4380ac4431fa79981d073692380c5da00ae97596e794ab0db5c8c?s=96&d=mm&r=g\",\"url\":\"https:\\\/\\\/secure.gravatar.com\\\/avatar\\\/3b4f84a0a8a4380ac4431fa79981d073692380c5da00ae97596e794ab0db5c8c?s=96&d=mm&r=g\",\"contentUrl\":\"https:\\\/\\\/secure.gravatar.com\\\/avatar\\\/3b4f84a0a8a4380ac4431fa79981d073692380c5da00ae97596e794ab0db5c8c?s=96&d=mm&r=g\",\"caption\":\"MsConectado\"},\"url\":\"https:\\\/\\\/msconectado.com.br\\\/?author=2\"}]}<\/script>\n<!-- \/ Yoast SEO plugin. -->","yoast_head_json":{"title":"Sem deixar ningu\u00e9m para tr\u00e1s, 3\u00ba MS em A\u00e7\u00e3o leva sorrisos, cidadania, justi\u00e7a e direitos a ind\u00edgenas de Paranhos - MsConectado","robots":{"index":"index","follow":"follow","max-snippet":"max-snippet:-1","max-image-preview":"max-image-preview:large","max-video-preview":"max-video-preview:-1"},"canonical":"https:\/\/msconectado.com.br\/?p=21339","og_locale":"pt_BR","og_type":"article","og_title":"Sem deixar ningu\u00e9m para tr\u00e1s, 3\u00ba MS em A\u00e7\u00e3o leva sorrisos, cidadania, justi\u00e7a e direitos a ind\u00edgenas de Paranhos - MsConectado","og_description":"Quando cidadania, seguran\u00e7a p\u00fablica e dezenas de parceiros d\u00e3o as m\u00e3os, sorrisos, garantia de direitos e justi\u00e7a s\u00e3o constru\u00eddos do outro lado. Neste s\u00e1bado e domingo, o Governo do Estado de Mato Grosso do Sul est\u00e1 presente em Paranhos para atender \u00e0s seis comunidades ind\u00edgenas da regi\u00e3o: Paraguassu, Pirajui, Potrero Guassu, Arroio Cora, Sete Cerros [&hellip;]","og_url":"https:\/\/msconectado.com.br\/?p=21339","og_site_name":"MsConectado","article_published_time":"2024-03-03T22:24:07+00:00","article_modified_time":"2024-03-03T22:24:22+00:00","og_image":[{"width":730,"height":480,"url":"https:\/\/msconectado.com.br\/wp-content\/uploads\/2024\/03\/normal_WhatsApp_Image_2024-02-06_at_10.58.25.jpeg","type":"image\/jpeg"}],"author":"MsConectado","twitter_card":"summary_large_image","twitter_misc":{"Escrito por":"MsConectado","Est. tempo de leitura":"5 minutos"},"schema":{"@context":"https:\/\/schema.org","@graph":[{"@type":"Article","@id":"https:\/\/msconectado.com.br\/?p=21339#article","isPartOf":{"@id":"https:\/\/msconectado.com.br\/?p=21339"},"author":{"name":"MsConectado","@id":"https:\/\/msconectado.com.br\/#\/schema\/person\/e5585545b5687092f1041d350b6e2c16"},"headline":"Sem deixar ningu\u00e9m para tr\u00e1s, 3\u00ba MS em A\u00e7\u00e3o leva sorrisos, cidadania, justi\u00e7a e direitos a ind\u00edgenas de Paranhos","datePublished":"2024-03-03T22:24:07+00:00","dateModified":"2024-03-03T22:24:22+00:00","mainEntityOfPage":{"@id":"https:\/\/msconectado.com.br\/?p=21339"},"wordCount":975,"commentCount":0,"publisher":{"@id":"https:\/\/msconectado.com.br\/#organization"},"image":{"@id":"https:\/\/msconectado.com.br\/?p=21339#primaryimage"},"thumbnailUrl":"https:\/\/msconectado.com.br\/wp-content\/uploads\/2024\/03\/normal_WhatsApp_Image_2024-02-06_at_10.58.25.jpeg","articleSection":["Cidades","Not\u00edcia"],"inLanguage":"pt-BR","potentialAction":[{"@type":"CommentAction","name":"Comment","target":["https:\/\/msconectado.com.br\/?p=21339#respond"]}]},{"@type":"WebPage","@id":"https:\/\/msconectado.com.br\/?p=21339","url":"https:\/\/msconectado.com.br\/?p=21339","name":"Sem deixar ningu\u00e9m para tr\u00e1s, 3\u00ba MS em A\u00e7\u00e3o leva sorrisos, cidadania, justi\u00e7a e direitos a ind\u00edgenas de Paranhos - MsConectado","isPartOf":{"@id":"https:\/\/msconectado.com.br\/#website"},"primaryImageOfPage":{"@id":"https:\/\/msconectado.com.br\/?p=21339#primaryimage"},"image":{"@id":"https:\/\/msconectado.com.br\/?p=21339#primaryimage"},"thumbnailUrl":"https:\/\/msconectado.com.br\/wp-content\/uploads\/2024\/03\/normal_WhatsApp_Image_2024-02-06_at_10.58.25.jpeg","datePublished":"2024-03-03T22:24:07+00:00","dateModified":"2024-03-03T22:24:22+00:00","breadcrumb":{"@id":"https:\/\/msconectado.com.br\/?p=21339#breadcrumb"},"inLanguage":"pt-BR","potentialAction":[{"@type":"ReadAction","target":["https:\/\/msconectado.com.br\/?p=21339"]}]},{"@type":"ImageObject","inLanguage":"pt-BR","@id":"https:\/\/msconectado.com.br\/?p=21339#primaryimage","url":"https:\/\/msconectado.com.br\/wp-content\/uploads\/2024\/03\/normal_WhatsApp_Image_2024-02-06_at_10.58.25.jpeg","contentUrl":"https:\/\/msconectado.com.br\/wp-content\/uploads\/2024\/03\/normal_WhatsApp_Image_2024-02-06_at_10.58.25.jpeg","width":730,"height":480},{"@type":"BreadcrumbList","@id":"https:\/\/msconectado.com.br\/?p=21339#breadcrumb","itemListElement":[{"@type":"ListItem","position":1,"name":"In\u00edcio","item":"https:\/\/msconectado.com.br\/"},{"@type":"ListItem","position":2,"name":"Sem deixar ningu\u00e9m para tr\u00e1s, 3\u00ba MS em A\u00e7\u00e3o leva sorrisos, cidadania, justi\u00e7a e direitos a ind\u00edgenas de Paranhos"}]},{"@type":"WebSite","@id":"https:\/\/msconectado.com.br\/#website","url":"https:\/\/msconectado.com.br\/","name":"MsConectado","description":"Voc\u00ea Conectado com a Not\u00edcia!","publisher":{"@id":"https:\/\/msconectado.com.br\/#organization"},"potentialAction":[{"@type":"SearchAction","target":{"@type":"EntryPoint","urlTemplate":"https:\/\/msconectado.com.br\/?s={search_term_string}"},"query-input":{"@type":"PropertyValueSpecification","valueRequired":true,"valueName":"search_term_string"}}],"inLanguage":"pt-BR"},{"@type":"Organization","@id":"https:\/\/msconectado.com.br\/#organization","name":"MsConectado","url":"https:\/\/msconectado.com.br\/","logo":{"@type":"ImageObject","inLanguage":"pt-BR","@id":"https:\/\/msconectado.com.br\/#\/schema\/logo\/image\/","url":"https:\/\/msconectado.com.br\/wp-content\/uploads\/2023\/01\/cropped-noticia-2.png","contentUrl":"https:\/\/msconectado.com.br\/wp-content\/uploads\/2023\/01\/cropped-noticia-2.png","width":720,"height":157,"caption":"MsConectado"},"image":{"@id":"https:\/\/msconectado.com.br\/#\/schema\/logo\/image\/"}},{"@type":"Person","@id":"https:\/\/msconectado.com.br\/#\/schema\/person\/e5585545b5687092f1041d350b6e2c16","name":"MsConectado","image":{"@type":"ImageObject","inLanguage":"pt-BR","@id":"https:\/\/secure.gravatar.com\/avatar\/3b4f84a0a8a4380ac4431fa79981d073692380c5da00ae97596e794ab0db5c8c?s=96&d=mm&r=g","url":"https:\/\/secure.gravatar.com\/avatar\/3b4f84a0a8a4380ac4431fa79981d073692380c5da00ae97596e794ab0db5c8c?s=96&d=mm&r=g","contentUrl":"https:\/\/secure.gravatar.com\/avatar\/3b4f84a0a8a4380ac4431fa79981d073692380c5da00ae97596e794ab0db5c8c?s=96&d=mm&r=g","caption":"MsConectado"},"url":"https:\/\/msconectado.com.br\/?author=2"}]}},"_links":{"self":[{"href":"https:\/\/msconectado.com.br\/index.php?rest_route=\/wp\/v2\/posts\/21339","targetHints":{"allow":["GET"]}}],"collection":[{"href":"https:\/\/msconectado.com.br\/index.php?rest_route=\/wp\/v2\/posts"}],"about":[{"href":"https:\/\/msconectado.com.br\/index.php?rest_route=\/wp\/v2\/types\/post"}],"author":[{"embeddable":true,"href":"https:\/\/msconectado.com.br\/index.php?rest_route=\/wp\/v2\/users\/2"}],"replies":[{"embeddable":true,"href":"https:\/\/msconectado.com.br\/index.php?rest_route=%2Fwp%2Fv2%2Fcomments&post=21339"}],"version-history":[{"count":2,"href":"https:\/\/msconectado.com.br\/index.php?rest_route=\/wp\/v2\/posts\/21339\/revisions"}],"predecessor-version":[{"id":21342,"href":"https:\/\/msconectado.com.br\/index.php?rest_route=\/wp\/v2\/posts\/21339\/revisions\/21342"}],"wp:featuredmedia":[{"embeddable":true,"href":"https:\/\/msconectado.com.br\/index.php?rest_route=\/wp\/v2\/media\/21340"}],"wp:attachment":[{"href":"https:\/\/msconectado.com.br\/index.php?rest_route=%2Fwp%2Fv2%2Fmedia&parent=21339"}],"wp:term":[{"taxonomy":"category","embeddable":true,"href":"https:\/\/msconectado.com.br\/index.php?rest_route=%2Fwp%2Fv2%2Fcategories&post=21339"},{"taxonomy":"post_tag","embeddable":true,"href":"https:\/\/msconectado.com.br\/index.php?rest_route=%2Fwp%2Fv2%2Ftags&post=21339"}],"curies":[{"name":"wp","href":"https:\/\/api.w.org\/{rel}","templated":true}]}}