
{"id":21343,"date":"2024-03-03T22:38:34","date_gmt":"2024-03-03T22:38:34","guid":{"rendered":"https:\/\/msconectado.com.br\/?p=21343"},"modified":"2024-03-03T23:14:46","modified_gmt":"2024-03-03T23:14:46","slug":"presidente-da-camara-prestigia-cerimonia-de-incorporacao-de-novos-recrutas-na-4a-cia-de-engenharia-e-combate-mecanizada-de-jardim","status":"publish","type":"post","link":"https:\/\/msconectado.com.br\/?p=21343","title":{"rendered":"Presidente da C\u00e2mara prestigia cerim\u00f4nia de incorpora\u00e7\u00e3o de novos recrutas na 4\u00aa Cia. de Engenharia e Combate Mecanizada de Jardim."},"content":{"rendered":"\n<p>Na manh\u00e3 desta sexta-feira (01), o presidente da C\u00e2mara Legislativa jardinense, vereador Gl\u00e1ucio Cabreira, representando a institui\u00e7\u00e3o, participou da solenidade de Incorpora\u00e7\u00e3o de 73 novos recrutas na 4\u00aa Cia. de Engenharia e Combate Mecanizada de Jardim. <\/p>\n\n\n\n<p>Durante a cerim\u00f4nia, o presidente Gl\u00e1ucio Cabreira expressou seus votos de sucesso aos novos combatentes, reconhecendo a relev\u00e2ncia de seu servi\u00e7o para a comunidade e a na\u00e7\u00e3o. Ele ressaltou a import\u00e2ncia do trabalho conjunto entre as institui\u00e7\u00f5es para garantir a seguran\u00e7a e o bem-estar da popula\u00e7\u00e3o.<\/p>\n\n\n\n<p>Al\u00e9m dos votos de sorte aos recrutas, Gl\u00e1ucio Cabreira reafirmou seu compromisso com o desenvolvimento de Jardim. Ele se colocou \u00e0 disposi\u00e7\u00e3o para colaborar em iniciativas que promovam o progresso da cidade, destacando a import\u00e2ncia da parceria entre a C\u00e2mara Legislativa e as for\u00e7as armadas locais.<\/p>\n\n\n\n<p>O Capit\u00e3o Thales Soares Barroso de Freitas agradeceu a presen\u00e7a do presidente da C\u00e2mara e enfatizou a import\u00e2ncia da colabora\u00e7\u00e3o entre os setores civil e militar para o fortalecimento da seguran\u00e7a e do desenvolvimento local.<\/p>\n\n\n\n<p>A participa\u00e7\u00e3o do vereador Gl\u00e1ucio Cabreira na cerim\u00f4nia de Incorpora\u00e7\u00e3o dos novos recrutas n\u00e3o apenas evidencia a estreita rela\u00e7\u00e3o entre as esferas pol\u00edtica e militar em Jardim, mas tamb\u00e9m refor\u00e7a o compromisso conjunto com o avan\u00e7o da cidade e o bem-estar de seus cidad\u00e3os.<\/p>\n\n\n\n<p>Reda\u00e7\u00e3o<\/p>\n\n\n<div class=\"wp-block-image\">\n<figure class=\"aligncenter size-full\"><img fetchpriority=\"high\" decoding=\"async\" width=\"900\" height=\"430\" src=\"https:\/\/msconectado.com.br\/wp-content\/uploads\/2024\/03\/todos.png\" alt=\"\" class=\"wp-image-21351\" srcset=\"https:\/\/msconectado.com.br\/wp-content\/uploads\/2024\/03\/todos.png 900w, https:\/\/msconectado.com.br\/wp-content\/uploads\/2024\/03\/todos-300x143.png 300w, https:\/\/msconectado.com.br\/wp-content\/uploads\/2024\/03\/todos-768x367.png 768w\" sizes=\"(max-width: 900px) 100vw, 900px\" \/><\/figure>\n<\/div>","protected":false},"excerpt":{"rendered":"<p>Na manh\u00e3 desta sexta-feira (01), o presidente da C\u00e2mara Legislativa jardinense, vereador Gl\u00e1ucio Cabreira, representando a institui\u00e7\u00e3o, participou da solenidade de Incorpora\u00e7\u00e3o de 73 novos recrutas na 4\u00aa Cia. de Engenharia e Combate Mecanizada de Jardim. Durante a cerim\u00f4nia, o presidente Gl\u00e1ucio Cabreira expressou seus votos de sucesso aos novos combatentes, reconhecendo a relev\u00e2ncia de [&hellip;]<\/p>\n","protected":false},"author":2,"featured_media":21345,"comment_status":"open","ping_status":"closed","sticky":false,"template":"","format":"standard","meta":{"footnotes":""},"categories":[35,1],"tags":[],"class_list":["post-21343","post","type-post","status-publish","format-standard","has-post-thumbnail","hentry","category-cidades","category-noticia"],"yoast_head":"<!-- This site is optimized with the Yoast SEO plugin v27.5 - https:\/\/yoast.com\/product\/yoast-seo-wordpress\/ -->\n<title>Presidente da C\u00e2mara prestigia cerim\u00f4nia de incorpora\u00e7\u00e3o de novos recrutas na 4\u00aa Cia. de Engenharia e Combate Mecanizada de Jardim. - MsConectado<\/title>\n<meta name=\"robots\" content=\"index, follow, max-snippet:-1, max-image-preview:large, max-video-preview:-1\" \/>\n<link rel=\"canonical\" href=\"https:\/\/msconectado.com.br\/?p=21343\" \/>\n<meta property=\"og:locale\" content=\"pt_BR\" \/>\n<meta property=\"og:type\" content=\"article\" \/>\n<meta property=\"og:title\" content=\"Presidente da C\u00e2mara prestigia cerim\u00f4nia de incorpora\u00e7\u00e3o de novos recrutas na 4\u00aa Cia. de Engenharia e Combate Mecanizada de Jardim. - MsConectado\" \/>\n<meta property=\"og:description\" content=\"Na manh\u00e3 desta sexta-feira (01), o presidente da C\u00e2mara Legislativa jardinense, vereador Gl\u00e1ucio Cabreira, representando a institui\u00e7\u00e3o, participou da solenidade de Incorpora\u00e7\u00e3o de 73 novos recrutas na 4\u00aa Cia. de Engenharia e Combate Mecanizada de Jardim. Durante a cerim\u00f4nia, o presidente Gl\u00e1ucio Cabreira expressou seus votos de sucesso aos novos combatentes, reconhecendo a relev\u00e2ncia de [&hellip;]\" \/>\n<meta property=\"og:url\" content=\"https:\/\/msconectado.com.br\/?p=21343\" \/>\n<meta property=\"og:site_name\" content=\"MsConectado\" \/>\n<meta property=\"article:published_time\" content=\"2024-03-03T22:38:34+00:00\" \/>\n<meta property=\"article:modified_time\" content=\"2024-03-03T23:14:46+00:00\" \/>\n<meta property=\"og:image\" content=\"https:\/\/msconectado.com.br\/wp-content\/uploads\/2024\/03\/rdz____IMG_1503_-_Rafael_Mendes.jpg\" \/>\n\t<meta property=\"og:image:width\" content=\"1440\" \/>\n\t<meta property=\"og:image:height\" content=\"954\" \/>\n\t<meta property=\"og:image:type\" content=\"image\/jpeg\" \/>\n<meta name=\"author\" content=\"MsConectado\" \/>\n<meta name=\"twitter:card\" content=\"summary_large_image\" \/>\n<meta name=\"twitter:label1\" content=\"Escrito por\" \/>\n\t<meta name=\"twitter:data1\" content=\"MsConectado\" \/>\n\t<meta name=\"twitter:label2\" content=\"Est. tempo de leitura\" \/>\n\t<meta name=\"twitter:data2\" content=\"1 minuto\" \/>\n<script type=\"application\/ld+json\" class=\"yoast-schema-graph\">{\"@context\":\"https:\\\/\\\/schema.org\",\"@graph\":[{\"@type\":\"Article\",\"@id\":\"https:\\\/\\\/msconectado.com.br\\\/?p=21343#article\",\"isPartOf\":{\"@id\":\"https:\\\/\\\/msconectado.com.br\\\/?p=21343\"},\"author\":{\"name\":\"MsConectado\",\"@id\":\"https:\\\/\\\/msconectado.com.br\\\/#\\\/schema\\\/person\\\/e5585545b5687092f1041d350b6e2c16\"},\"headline\":\"Presidente da C\u00e2mara prestigia cerim\u00f4nia de incorpora\u00e7\u00e3o de novos recrutas na 4\u00aa Cia. de Engenharia e Combate Mecanizada de Jardim.\",\"datePublished\":\"2024-03-03T22:38:34+00:00\",\"dateModified\":\"2024-03-03T23:14:46+00:00\",\"mainEntityOfPage\":{\"@id\":\"https:\\\/\\\/msconectado.com.br\\\/?p=21343\"},\"wordCount\":263,\"commentCount\":0,\"publisher\":{\"@id\":\"https:\\\/\\\/msconectado.com.br\\\/#organization\"},\"image\":{\"@id\":\"https:\\\/\\\/msconectado.com.br\\\/?p=21343#primaryimage\"},\"thumbnailUrl\":\"https:\\\/\\\/msconectado.com.br\\\/wp-content\\\/uploads\\\/2024\\\/03\\\/rdz____IMG_1503_-_Rafael_Mendes.jpg\",\"articleSection\":[\"Cidades\",\"Not\u00edcia\"],\"inLanguage\":\"pt-BR\",\"potentialAction\":[{\"@type\":\"CommentAction\",\"name\":\"Comment\",\"target\":[\"https:\\\/\\\/msconectado.com.br\\\/?p=21343#respond\"]}]},{\"@type\":\"WebPage\",\"@id\":\"https:\\\/\\\/msconectado.com.br\\\/?p=21343\",\"url\":\"https:\\\/\\\/msconectado.com.br\\\/?p=21343\",\"name\":\"Presidente da C\u00e2mara prestigia cerim\u00f4nia de incorpora\u00e7\u00e3o de novos recrutas na 4\u00aa Cia. de Engenharia e Combate Mecanizada de Jardim. - MsConectado\",\"isPartOf\":{\"@id\":\"https:\\\/\\\/msconectado.com.br\\\/#website\"},\"primaryImageOfPage\":{\"@id\":\"https:\\\/\\\/msconectado.com.br\\\/?p=21343#primaryimage\"},\"image\":{\"@id\":\"https:\\\/\\\/msconectado.com.br\\\/?p=21343#primaryimage\"},\"thumbnailUrl\":\"https:\\\/\\\/msconectado.com.br\\\/wp-content\\\/uploads\\\/2024\\\/03\\\/rdz____IMG_1503_-_Rafael_Mendes.jpg\",\"datePublished\":\"2024-03-03T22:38:34+00:00\",\"dateModified\":\"2024-03-03T23:14:46+00:00\",\"breadcrumb\":{\"@id\":\"https:\\\/\\\/msconectado.com.br\\\/?p=21343#breadcrumb\"},\"inLanguage\":\"pt-BR\",\"potentialAction\":[{\"@type\":\"ReadAction\",\"target\":[\"https:\\\/\\\/msconectado.com.br\\\/?p=21343\"]}]},{\"@type\":\"ImageObject\",\"inLanguage\":\"pt-BR\",\"@id\":\"https:\\\/\\\/msconectado.com.br\\\/?p=21343#primaryimage\",\"url\":\"https:\\\/\\\/msconectado.com.br\\\/wp-content\\\/uploads\\\/2024\\\/03\\\/rdz____IMG_1503_-_Rafael_Mendes.jpg\",\"contentUrl\":\"https:\\\/\\\/msconectado.com.br\\\/wp-content\\\/uploads\\\/2024\\\/03\\\/rdz____IMG_1503_-_Rafael_Mendes.jpg\",\"width\":1440,\"height\":954},{\"@type\":\"BreadcrumbList\",\"@id\":\"https:\\\/\\\/msconectado.com.br\\\/?p=21343#breadcrumb\",\"itemListElement\":[{\"@type\":\"ListItem\",\"position\":1,\"name\":\"In\u00edcio\",\"item\":\"https:\\\/\\\/msconectado.com.br\\\/?page_id=105\"},{\"@type\":\"ListItem\",\"position\":2,\"name\":\"Presidente da C\u00e2mara prestigia cerim\u00f4nia de incorpora\u00e7\u00e3o de novos recrutas na 4\u00aa Cia. de Engenharia e Combate Mecanizada de Jardim.\"}]},{\"@type\":\"WebSite\",\"@id\":\"https:\\\/\\\/msconectado.com.br\\\/#website\",\"url\":\"https:\\\/\\\/msconectado.com.br\\\/\",\"name\":\"MsConectado\",\"description\":\"Voc\u00ea Conectado com a Not\u00edcia!\",\"publisher\":{\"@id\":\"https:\\\/\\\/msconectado.com.br\\\/#organization\"},\"potentialAction\":[{\"@type\":\"SearchAction\",\"target\":{\"@type\":\"EntryPoint\",\"urlTemplate\":\"https:\\\/\\\/msconectado.com.br\\\/?s={search_term_string}\"},\"query-input\":{\"@type\":\"PropertyValueSpecification\",\"valueRequired\":true,\"valueName\":\"search_term_string\"}}],\"inLanguage\":\"pt-BR\"},{\"@type\":\"Organization\",\"@id\":\"https:\\\/\\\/msconectado.com.br\\\/#organization\",\"name\":\"MsConectado\",\"url\":\"https:\\\/\\\/msconectado.com.br\\\/\",\"logo\":{\"@type\":\"ImageObject\",\"inLanguage\":\"pt-BR\",\"@id\":\"https:\\\/\\\/msconectado.com.br\\\/#\\\/schema\\\/logo\\\/image\\\/\",\"url\":\"https:\\\/\\\/msconectado.com.br\\\/wp-content\\\/uploads\\\/2023\\\/01\\\/cropped-noticia-2.png\",\"contentUrl\":\"https:\\\/\\\/msconectado.com.br\\\/wp-content\\\/uploads\\\/2023\\\/01\\\/cropped-noticia-2.png\",\"width\":720,\"height\":157,\"caption\":\"MsConectado\"},\"image\":{\"@id\":\"https:\\\/\\\/msconectado.com.br\\\/#\\\/schema\\\/logo\\\/image\\\/\"}},{\"@type\":\"Person\",\"@id\":\"https:\\\/\\\/msconectado.com.br\\\/#\\\/schema\\\/person\\\/e5585545b5687092f1041d350b6e2c16\",\"name\":\"MsConectado\",\"image\":{\"@type\":\"ImageObject\",\"inLanguage\":\"pt-BR\",\"@id\":\"https:\\\/\\\/secure.gravatar.com\\\/avatar\\\/3b4f84a0a8a4380ac4431fa79981d073692380c5da00ae97596e794ab0db5c8c?s=96&d=mm&r=g\",\"url\":\"https:\\\/\\\/secure.gravatar.com\\\/avatar\\\/3b4f84a0a8a4380ac4431fa79981d073692380c5da00ae97596e794ab0db5c8c?s=96&d=mm&r=g\",\"contentUrl\":\"https:\\\/\\\/secure.gravatar.com\\\/avatar\\\/3b4f84a0a8a4380ac4431fa79981d073692380c5da00ae97596e794ab0db5c8c?s=96&d=mm&r=g\",\"caption\":\"MsConectado\"},\"url\":\"https:\\\/\\\/msconectado.com.br\\\/?author=2\"}]}<\/script>\n<!-- \/ Yoast SEO plugin. -->","yoast_head_json":{"title":"Presidente da C\u00e2mara prestigia cerim\u00f4nia de incorpora\u00e7\u00e3o de novos recrutas na 4\u00aa Cia. de Engenharia e Combate Mecanizada de Jardim. - MsConectado","robots":{"index":"index","follow":"follow","max-snippet":"max-snippet:-1","max-image-preview":"max-image-preview:large","max-video-preview":"max-video-preview:-1"},"canonical":"https:\/\/msconectado.com.br\/?p=21343","og_locale":"pt_BR","og_type":"article","og_title":"Presidente da C\u00e2mara prestigia cerim\u00f4nia de incorpora\u00e7\u00e3o de novos recrutas na 4\u00aa Cia. de Engenharia e Combate Mecanizada de Jardim. - MsConectado","og_description":"Na manh\u00e3 desta sexta-feira (01), o presidente da C\u00e2mara Legislativa jardinense, vereador Gl\u00e1ucio Cabreira, representando a institui\u00e7\u00e3o, participou da solenidade de Incorpora\u00e7\u00e3o de 73 novos recrutas na 4\u00aa Cia. de Engenharia e Combate Mecanizada de Jardim. Durante a cerim\u00f4nia, o presidente Gl\u00e1ucio Cabreira expressou seus votos de sucesso aos novos combatentes, reconhecendo a relev\u00e2ncia de [&hellip;]","og_url":"https:\/\/msconectado.com.br\/?p=21343","og_site_name":"MsConectado","article_published_time":"2024-03-03T22:38:34+00:00","article_modified_time":"2024-03-03T23:14:46+00:00","og_image":[{"width":1440,"height":954,"url":"https:\/\/msconectado.com.br\/wp-content\/uploads\/2024\/03\/rdz____IMG_1503_-_Rafael_Mendes.jpg","type":"image\/jpeg"}],"author":"MsConectado","twitter_card":"summary_large_image","twitter_misc":{"Escrito por":"MsConectado","Est. tempo de leitura":"1 minuto"},"schema":{"@context":"https:\/\/schema.org","@graph":[{"@type":"Article","@id":"https:\/\/msconectado.com.br\/?p=21343#article","isPartOf":{"@id":"https:\/\/msconectado.com.br\/?p=21343"},"author":{"name":"MsConectado","@id":"https:\/\/msconectado.com.br\/#\/schema\/person\/e5585545b5687092f1041d350b6e2c16"},"headline":"Presidente da C\u00e2mara prestigia cerim\u00f4nia de incorpora\u00e7\u00e3o de novos recrutas na 4\u00aa Cia. de Engenharia e Combate Mecanizada de Jardim.","datePublished":"2024-03-03T22:38:34+00:00","dateModified":"2024-03-03T23:14:46+00:00","mainEntityOfPage":{"@id":"https:\/\/msconectado.com.br\/?p=21343"},"wordCount":263,"commentCount":0,"publisher":{"@id":"https:\/\/msconectado.com.br\/#organization"},"image":{"@id":"https:\/\/msconectado.com.br\/?p=21343#primaryimage"},"thumbnailUrl":"https:\/\/msconectado.com.br\/wp-content\/uploads\/2024\/03\/rdz____IMG_1503_-_Rafael_Mendes.jpg","articleSection":["Cidades","Not\u00edcia"],"inLanguage":"pt-BR","potentialAction":[{"@type":"CommentAction","name":"Comment","target":["https:\/\/msconectado.com.br\/?p=21343#respond"]}]},{"@type":"WebPage","@id":"https:\/\/msconectado.com.br\/?p=21343","url":"https:\/\/msconectado.com.br\/?p=21343","name":"Presidente da C\u00e2mara prestigia cerim\u00f4nia de incorpora\u00e7\u00e3o de novos recrutas na 4\u00aa Cia. de Engenharia e Combate Mecanizada de Jardim. - MsConectado","isPartOf":{"@id":"https:\/\/msconectado.com.br\/#website"},"primaryImageOfPage":{"@id":"https:\/\/msconectado.com.br\/?p=21343#primaryimage"},"image":{"@id":"https:\/\/msconectado.com.br\/?p=21343#primaryimage"},"thumbnailUrl":"https:\/\/msconectado.com.br\/wp-content\/uploads\/2024\/03\/rdz____IMG_1503_-_Rafael_Mendes.jpg","datePublished":"2024-03-03T22:38:34+00:00","dateModified":"2024-03-03T23:14:46+00:00","breadcrumb":{"@id":"https:\/\/msconectado.com.br\/?p=21343#breadcrumb"},"inLanguage":"pt-BR","potentialAction":[{"@type":"ReadAction","target":["https:\/\/msconectado.com.br\/?p=21343"]}]},{"@type":"ImageObject","inLanguage":"pt-BR","@id":"https:\/\/msconectado.com.br\/?p=21343#primaryimage","url":"https:\/\/msconectado.com.br\/wp-content\/uploads\/2024\/03\/rdz____IMG_1503_-_Rafael_Mendes.jpg","contentUrl":"https:\/\/msconectado.com.br\/wp-content\/uploads\/2024\/03\/rdz____IMG_1503_-_Rafael_Mendes.jpg","width":1440,"height":954},{"@type":"BreadcrumbList","@id":"https:\/\/msconectado.com.br\/?p=21343#breadcrumb","itemListElement":[{"@type":"ListItem","position":1,"name":"In\u00edcio","item":"https:\/\/msconectado.com.br\/?page_id=105"},{"@type":"ListItem","position":2,"name":"Presidente da C\u00e2mara prestigia cerim\u00f4nia de incorpora\u00e7\u00e3o de novos recrutas na 4\u00aa Cia. de Engenharia e Combate Mecanizada de Jardim."}]},{"@type":"WebSite","@id":"https:\/\/msconectado.com.br\/#website","url":"https:\/\/msconectado.com.br\/","name":"MsConectado","description":"Voc\u00ea Conectado com a Not\u00edcia!","publisher":{"@id":"https:\/\/msconectado.com.br\/#organization"},"potentialAction":[{"@type":"SearchAction","target":{"@type":"EntryPoint","urlTemplate":"https:\/\/msconectado.com.br\/?s={search_term_string}"},"query-input":{"@type":"PropertyValueSpecification","valueRequired":true,"valueName":"search_term_string"}}],"inLanguage":"pt-BR"},{"@type":"Organization","@id":"https:\/\/msconectado.com.br\/#organization","name":"MsConectado","url":"https:\/\/msconectado.com.br\/","logo":{"@type":"ImageObject","inLanguage":"pt-BR","@id":"https:\/\/msconectado.com.br\/#\/schema\/logo\/image\/","url":"https:\/\/msconectado.com.br\/wp-content\/uploads\/2023\/01\/cropped-noticia-2.png","contentUrl":"https:\/\/msconectado.com.br\/wp-content\/uploads\/2023\/01\/cropped-noticia-2.png","width":720,"height":157,"caption":"MsConectado"},"image":{"@id":"https:\/\/msconectado.com.br\/#\/schema\/logo\/image\/"}},{"@type":"Person","@id":"https:\/\/msconectado.com.br\/#\/schema\/person\/e5585545b5687092f1041d350b6e2c16","name":"MsConectado","image":{"@type":"ImageObject","inLanguage":"pt-BR","@id":"https:\/\/secure.gravatar.com\/avatar\/3b4f84a0a8a4380ac4431fa79981d073692380c5da00ae97596e794ab0db5c8c?s=96&d=mm&r=g","url":"https:\/\/secure.gravatar.com\/avatar\/3b4f84a0a8a4380ac4431fa79981d073692380c5da00ae97596e794ab0db5c8c?s=96&d=mm&r=g","contentUrl":"https:\/\/secure.gravatar.com\/avatar\/3b4f84a0a8a4380ac4431fa79981d073692380c5da00ae97596e794ab0db5c8c?s=96&d=mm&r=g","caption":"MsConectado"},"url":"https:\/\/msconectado.com.br\/?author=2"}]}},"_links":{"self":[{"href":"https:\/\/msconectado.com.br\/index.php?rest_route=\/wp\/v2\/posts\/21343","targetHints":{"allow":["GET"]}}],"collection":[{"href":"https:\/\/msconectado.com.br\/index.php?rest_route=\/wp\/v2\/posts"}],"about":[{"href":"https:\/\/msconectado.com.br\/index.php?rest_route=\/wp\/v2\/types\/post"}],"author":[{"embeddable":true,"href":"https:\/\/msconectado.com.br\/index.php?rest_route=\/wp\/v2\/users\/2"}],"replies":[{"embeddable":true,"href":"https:\/\/msconectado.com.br\/index.php?rest_route=%2Fwp%2Fv2%2Fcomments&post=21343"}],"version-history":[{"count":3,"href":"https:\/\/msconectado.com.br\/index.php?rest_route=\/wp\/v2\/posts\/21343\/revisions"}],"predecessor-version":[{"id":21352,"href":"https:\/\/msconectado.com.br\/index.php?rest_route=\/wp\/v2\/posts\/21343\/revisions\/21352"}],"wp:featuredmedia":[{"embeddable":true,"href":"https:\/\/msconectado.com.br\/index.php?rest_route=\/wp\/v2\/media\/21345"}],"wp:attachment":[{"href":"https:\/\/msconectado.com.br\/index.php?rest_route=%2Fwp%2Fv2%2Fmedia&parent=21343"}],"wp:term":[{"taxonomy":"category","embeddable":true,"href":"https:\/\/msconectado.com.br\/index.php?rest_route=%2Fwp%2Fv2%2Fcategories&post=21343"},{"taxonomy":"post_tag","embeddable":true,"href":"https:\/\/msconectado.com.br\/index.php?rest_route=%2Fwp%2Fv2%2Ftags&post=21343"}],"curies":[{"name":"wp","href":"https:\/\/api.w.org\/{rel}","templated":true}]}}