
{"id":21353,"date":"2024-03-04T12:19:04","date_gmt":"2024-03-04T12:19:04","guid":{"rendered":"https:\/\/msconectado.com.br\/?p=21353"},"modified":"2024-03-04T12:19:05","modified_gmt":"2024-03-04T12:19:05","slug":"no-senado-federal-robert-busca-recursos-para-pavimentacao-asfaltica-do-frigorifico","status":"publish","type":"post","link":"https:\/\/msconectado.com.br\/?p=21353","title":{"rendered":"No Senado Federal Robert busca recursos para pavimenta\u00e7\u00e3o asf\u00e1ltica do frigor\u00edfico"},"content":{"rendered":"\n<p>Com diversas agendas na capital federal, Bras\u00edlia, o Presidente da C\u00e2mara de Vereadores, Robert Ziemann, entregou um ao senador Nelson Trad um pedido da pavimenta\u00e7\u00e3o asf\u00e1ltica da estrada que d\u00e1 acesso ao frigor\u00edfico de Maracaju. O senador prontamente recebeu o pedido e disse que far\u00e1 o poss\u00edvel para que se torne realidade.<br>A unidade tem capacidade de abater at\u00e9 400 cabe\u00e7as de gado por dia e pode gerar at\u00e9 150 empregos diretos e indiretos ao munic\u00edpio. A inten\u00e7\u00e3o \u00e9 comercializar as cabe\u00e7as de gado para todo o pa\u00eds, com a chegada do asfalto o frigorifico poder\u00e1 exportar carnes.<\/p>\n\n\n<div class=\"wp-block-image\">\n<figure class=\"aligncenter\"><img decoding=\"async\" src=\"https:\/\/robertziemann.com.br\/wp-content\/uploads\/2024\/03\/2-450x300.jpg\" alt=\"\" class=\"wp-image-11392\"\/><\/figure>\n<\/div>\n\n\n<p>No \u00faltimo m\u00eas foi realizada uma reuni\u00e3o significativa, a convite do vereador Catito junto com representantes do frigor\u00edfico e prefeitura municipal. \u201cDiscutimos a import\u00e2ncia vital dessa obra para a exporta\u00e7\u00e3o de carne, destacando o impacto positivo na economia local.\u201d Disse Robert.<\/p>\n\n\n\n<p>Assessoria<\/p>\n\n\n<div class=\"wp-block-image\">\n<figure class=\"aligncenter size-full\"><img fetchpriority=\"high\" decoding=\"async\" width=\"900\" height=\"430\" src=\"https:\/\/msconectado.com.br\/wp-content\/uploads\/2024\/03\/todos.png\" alt=\"\" class=\"wp-image-21351\" srcset=\"https:\/\/msconectado.com.br\/wp-content\/uploads\/2024\/03\/todos.png 900w, https:\/\/msconectado.com.br\/wp-content\/uploads\/2024\/03\/todos-300x143.png 300w, https:\/\/msconectado.com.br\/wp-content\/uploads\/2024\/03\/todos-768x367.png 768w\" sizes=\"(max-width: 900px) 100vw, 900px\" \/><\/figure>\n<\/div>","protected":false},"excerpt":{"rendered":"<p>Com diversas agendas na capital federal, Bras\u00edlia, o Presidente da C\u00e2mara de Vereadores, Robert Ziemann, entregou um ao senador Nelson Trad um pedido da pavimenta\u00e7\u00e3o asf\u00e1ltica da estrada que d\u00e1 acesso ao frigor\u00edfico de Maracaju. O senador prontamente recebeu o pedido e disse que far\u00e1 o poss\u00edvel para que se torne realidade.A unidade tem capacidade [&hellip;]<\/p>\n","protected":false},"author":2,"featured_media":21354,"comment_status":"open","ping_status":"closed","sticky":false,"template":"","format":"standard","meta":{"footnotes":""},"categories":[35,1,33],"tags":[],"class_list":["post-21353","post","type-post","status-publish","format-standard","has-post-thumbnail","hentry","category-cidades","category-noticia","category-politica"],"yoast_head":"<!-- This site is optimized with the Yoast SEO plugin v27.5 - https:\/\/yoast.com\/product\/yoast-seo-wordpress\/ -->\n<title>No Senado Federal Robert busca recursos para pavimenta\u00e7\u00e3o asf\u00e1ltica do frigor\u00edfico - MsConectado<\/title>\n<meta name=\"robots\" content=\"index, follow, max-snippet:-1, max-image-preview:large, max-video-preview:-1\" \/>\n<link rel=\"canonical\" href=\"https:\/\/msconectado.com.br\/?p=21353\" \/>\n<meta property=\"og:locale\" content=\"pt_BR\" \/>\n<meta property=\"og:type\" content=\"article\" \/>\n<meta property=\"og:title\" content=\"No Senado Federal Robert busca recursos para pavimenta\u00e7\u00e3o asf\u00e1ltica do frigor\u00edfico - MsConectado\" \/>\n<meta property=\"og:description\" content=\"Com diversas agendas na capital federal, Bras\u00edlia, o Presidente da C\u00e2mara de Vereadores, Robert Ziemann, entregou um ao senador Nelson Trad um pedido da pavimenta\u00e7\u00e3o asf\u00e1ltica da estrada que d\u00e1 acesso ao frigor\u00edfico de Maracaju. O senador prontamente recebeu o pedido e disse que far\u00e1 o poss\u00edvel para que se torne realidade.A unidade tem capacidade [&hellip;]\" \/>\n<meta property=\"og:url\" content=\"https:\/\/msconectado.com.br\/?p=21353\" \/>\n<meta property=\"og:site_name\" content=\"MsConectado\" \/>\n<meta property=\"article:published_time\" content=\"2024-03-04T12:19:04+00:00\" \/>\n<meta property=\"article:modified_time\" content=\"2024-03-04T12:19:05+00:00\" \/>\n<meta property=\"og:image\" content=\"https:\/\/msconectado.com.br\/wp-content\/uploads\/2024\/03\/IMG_E2808-Copia.jpg\" \/>\n\t<meta property=\"og:image:width\" content=\"1440\" \/>\n\t<meta property=\"og:image:height\" content=\"1080\" \/>\n\t<meta property=\"og:image:type\" content=\"image\/jpeg\" \/>\n<meta name=\"author\" content=\"MsConectado\" \/>\n<meta name=\"twitter:card\" content=\"summary_large_image\" \/>\n<meta name=\"twitter:label1\" content=\"Escrito por\" \/>\n\t<meta name=\"twitter:data1\" content=\"MsConectado\" \/>\n\t<meta name=\"twitter:label2\" content=\"Est. tempo de leitura\" \/>\n\t<meta name=\"twitter:data2\" content=\"1 minuto\" \/>\n<script type=\"application\/ld+json\" class=\"yoast-schema-graph\">{\"@context\":\"https:\\\/\\\/schema.org\",\"@graph\":[{\"@type\":\"Article\",\"@id\":\"https:\\\/\\\/msconectado.com.br\\\/?p=21353#article\",\"isPartOf\":{\"@id\":\"https:\\\/\\\/msconectado.com.br\\\/?p=21353\"},\"author\":{\"name\":\"MsConectado\",\"@id\":\"https:\\\/\\\/msconectado.com.br\\\/#\\\/schema\\\/person\\\/e5585545b5687092f1041d350b6e2c16\"},\"headline\":\"No Senado Federal Robert busca recursos para pavimenta\u00e7\u00e3o asf\u00e1ltica do frigor\u00edfico\",\"datePublished\":\"2024-03-04T12:19:04+00:00\",\"dateModified\":\"2024-03-04T12:19:05+00:00\",\"mainEntityOfPage\":{\"@id\":\"https:\\\/\\\/msconectado.com.br\\\/?p=21353\"},\"wordCount\":167,\"commentCount\":0,\"publisher\":{\"@id\":\"https:\\\/\\\/msconectado.com.br\\\/#organization\"},\"image\":{\"@id\":\"https:\\\/\\\/msconectado.com.br\\\/?p=21353#primaryimage\"},\"thumbnailUrl\":\"https:\\\/\\\/msconectado.com.br\\\/wp-content\\\/uploads\\\/2024\\\/03\\\/IMG_E2808-Copia.jpg\",\"articleSection\":[\"Cidades\",\"Not\u00edcia\",\"Pol\u00edtica\"],\"inLanguage\":\"pt-BR\",\"potentialAction\":[{\"@type\":\"CommentAction\",\"name\":\"Comment\",\"target\":[\"https:\\\/\\\/msconectado.com.br\\\/?p=21353#respond\"]}]},{\"@type\":\"WebPage\",\"@id\":\"https:\\\/\\\/msconectado.com.br\\\/?p=21353\",\"url\":\"https:\\\/\\\/msconectado.com.br\\\/?p=21353\",\"name\":\"No Senado Federal Robert busca recursos para pavimenta\u00e7\u00e3o asf\u00e1ltica do frigor\u00edfico - MsConectado\",\"isPartOf\":{\"@id\":\"https:\\\/\\\/msconectado.com.br\\\/#website\"},\"primaryImageOfPage\":{\"@id\":\"https:\\\/\\\/msconectado.com.br\\\/?p=21353#primaryimage\"},\"image\":{\"@id\":\"https:\\\/\\\/msconectado.com.br\\\/?p=21353#primaryimage\"},\"thumbnailUrl\":\"https:\\\/\\\/msconectado.com.br\\\/wp-content\\\/uploads\\\/2024\\\/03\\\/IMG_E2808-Copia.jpg\",\"datePublished\":\"2024-03-04T12:19:04+00:00\",\"dateModified\":\"2024-03-04T12:19:05+00:00\",\"breadcrumb\":{\"@id\":\"https:\\\/\\\/msconectado.com.br\\\/?p=21353#breadcrumb\"},\"inLanguage\":\"pt-BR\",\"potentialAction\":[{\"@type\":\"ReadAction\",\"target\":[\"https:\\\/\\\/msconectado.com.br\\\/?p=21353\"]}]},{\"@type\":\"ImageObject\",\"inLanguage\":\"pt-BR\",\"@id\":\"https:\\\/\\\/msconectado.com.br\\\/?p=21353#primaryimage\",\"url\":\"https:\\\/\\\/msconectado.com.br\\\/wp-content\\\/uploads\\\/2024\\\/03\\\/IMG_E2808-Copia.jpg\",\"contentUrl\":\"https:\\\/\\\/msconectado.com.br\\\/wp-content\\\/uploads\\\/2024\\\/03\\\/IMG_E2808-Copia.jpg\",\"width\":1440,\"height\":1080},{\"@type\":\"BreadcrumbList\",\"@id\":\"https:\\\/\\\/msconectado.com.br\\\/?p=21353#breadcrumb\",\"itemListElement\":[{\"@type\":\"ListItem\",\"position\":1,\"name\":\"In\u00edcio\",\"item\":\"https:\\\/\\\/msconectado.com.br\\\/?page_id=105\"},{\"@type\":\"ListItem\",\"position\":2,\"name\":\"No Senado Federal Robert busca recursos para pavimenta\u00e7\u00e3o asf\u00e1ltica do frigor\u00edfico\"}]},{\"@type\":\"WebSite\",\"@id\":\"https:\\\/\\\/msconectado.com.br\\\/#website\",\"url\":\"https:\\\/\\\/msconectado.com.br\\\/\",\"name\":\"MsConectado\",\"description\":\"Voc\u00ea Conectado com a Not\u00edcia!\",\"publisher\":{\"@id\":\"https:\\\/\\\/msconectado.com.br\\\/#organization\"},\"potentialAction\":[{\"@type\":\"SearchAction\",\"target\":{\"@type\":\"EntryPoint\",\"urlTemplate\":\"https:\\\/\\\/msconectado.com.br\\\/?s={search_term_string}\"},\"query-input\":{\"@type\":\"PropertyValueSpecification\",\"valueRequired\":true,\"valueName\":\"search_term_string\"}}],\"inLanguage\":\"pt-BR\"},{\"@type\":\"Organization\",\"@id\":\"https:\\\/\\\/msconectado.com.br\\\/#organization\",\"name\":\"MsConectado\",\"url\":\"https:\\\/\\\/msconectado.com.br\\\/\",\"logo\":{\"@type\":\"ImageObject\",\"inLanguage\":\"pt-BR\",\"@id\":\"https:\\\/\\\/msconectado.com.br\\\/#\\\/schema\\\/logo\\\/image\\\/\",\"url\":\"https:\\\/\\\/msconectado.com.br\\\/wp-content\\\/uploads\\\/2023\\\/01\\\/cropped-noticia-2.png\",\"contentUrl\":\"https:\\\/\\\/msconectado.com.br\\\/wp-content\\\/uploads\\\/2023\\\/01\\\/cropped-noticia-2.png\",\"width\":720,\"height\":157,\"caption\":\"MsConectado\"},\"image\":{\"@id\":\"https:\\\/\\\/msconectado.com.br\\\/#\\\/schema\\\/logo\\\/image\\\/\"}},{\"@type\":\"Person\",\"@id\":\"https:\\\/\\\/msconectado.com.br\\\/#\\\/schema\\\/person\\\/e5585545b5687092f1041d350b6e2c16\",\"name\":\"MsConectado\",\"image\":{\"@type\":\"ImageObject\",\"inLanguage\":\"pt-BR\",\"@id\":\"https:\\\/\\\/secure.gravatar.com\\\/avatar\\\/3b4f84a0a8a4380ac4431fa79981d073692380c5da00ae97596e794ab0db5c8c?s=96&d=mm&r=g\",\"url\":\"https:\\\/\\\/secure.gravatar.com\\\/avatar\\\/3b4f84a0a8a4380ac4431fa79981d073692380c5da00ae97596e794ab0db5c8c?s=96&d=mm&r=g\",\"contentUrl\":\"https:\\\/\\\/secure.gravatar.com\\\/avatar\\\/3b4f84a0a8a4380ac4431fa79981d073692380c5da00ae97596e794ab0db5c8c?s=96&d=mm&r=g\",\"caption\":\"MsConectado\"},\"url\":\"https:\\\/\\\/msconectado.com.br\\\/?author=2\"}]}<\/script>\n<!-- \/ Yoast SEO plugin. -->","yoast_head_json":{"title":"No Senado Federal Robert busca recursos para pavimenta\u00e7\u00e3o asf\u00e1ltica do frigor\u00edfico - MsConectado","robots":{"index":"index","follow":"follow","max-snippet":"max-snippet:-1","max-image-preview":"max-image-preview:large","max-video-preview":"max-video-preview:-1"},"canonical":"https:\/\/msconectado.com.br\/?p=21353","og_locale":"pt_BR","og_type":"article","og_title":"No Senado Federal Robert busca recursos para pavimenta\u00e7\u00e3o asf\u00e1ltica do frigor\u00edfico - MsConectado","og_description":"Com diversas agendas na capital federal, Bras\u00edlia, o Presidente da C\u00e2mara de Vereadores, Robert Ziemann, entregou um ao senador Nelson Trad um pedido da pavimenta\u00e7\u00e3o asf\u00e1ltica da estrada que d\u00e1 acesso ao frigor\u00edfico de Maracaju. O senador prontamente recebeu o pedido e disse que far\u00e1 o poss\u00edvel para que se torne realidade.A unidade tem capacidade [&hellip;]","og_url":"https:\/\/msconectado.com.br\/?p=21353","og_site_name":"MsConectado","article_published_time":"2024-03-04T12:19:04+00:00","article_modified_time":"2024-03-04T12:19:05+00:00","og_image":[{"width":1440,"height":1080,"url":"https:\/\/msconectado.com.br\/wp-content\/uploads\/2024\/03\/IMG_E2808-Copia.jpg","type":"image\/jpeg"}],"author":"MsConectado","twitter_card":"summary_large_image","twitter_misc":{"Escrito por":"MsConectado","Est. tempo de leitura":"1 minuto"},"schema":{"@context":"https:\/\/schema.org","@graph":[{"@type":"Article","@id":"https:\/\/msconectado.com.br\/?p=21353#article","isPartOf":{"@id":"https:\/\/msconectado.com.br\/?p=21353"},"author":{"name":"MsConectado","@id":"https:\/\/msconectado.com.br\/#\/schema\/person\/e5585545b5687092f1041d350b6e2c16"},"headline":"No Senado Federal Robert busca recursos para pavimenta\u00e7\u00e3o asf\u00e1ltica do frigor\u00edfico","datePublished":"2024-03-04T12:19:04+00:00","dateModified":"2024-03-04T12:19:05+00:00","mainEntityOfPage":{"@id":"https:\/\/msconectado.com.br\/?p=21353"},"wordCount":167,"commentCount":0,"publisher":{"@id":"https:\/\/msconectado.com.br\/#organization"},"image":{"@id":"https:\/\/msconectado.com.br\/?p=21353#primaryimage"},"thumbnailUrl":"https:\/\/msconectado.com.br\/wp-content\/uploads\/2024\/03\/IMG_E2808-Copia.jpg","articleSection":["Cidades","Not\u00edcia","Pol\u00edtica"],"inLanguage":"pt-BR","potentialAction":[{"@type":"CommentAction","name":"Comment","target":["https:\/\/msconectado.com.br\/?p=21353#respond"]}]},{"@type":"WebPage","@id":"https:\/\/msconectado.com.br\/?p=21353","url":"https:\/\/msconectado.com.br\/?p=21353","name":"No Senado Federal Robert busca recursos para pavimenta\u00e7\u00e3o asf\u00e1ltica do frigor\u00edfico - MsConectado","isPartOf":{"@id":"https:\/\/msconectado.com.br\/#website"},"primaryImageOfPage":{"@id":"https:\/\/msconectado.com.br\/?p=21353#primaryimage"},"image":{"@id":"https:\/\/msconectado.com.br\/?p=21353#primaryimage"},"thumbnailUrl":"https:\/\/msconectado.com.br\/wp-content\/uploads\/2024\/03\/IMG_E2808-Copia.jpg","datePublished":"2024-03-04T12:19:04+00:00","dateModified":"2024-03-04T12:19:05+00:00","breadcrumb":{"@id":"https:\/\/msconectado.com.br\/?p=21353#breadcrumb"},"inLanguage":"pt-BR","potentialAction":[{"@type":"ReadAction","target":["https:\/\/msconectado.com.br\/?p=21353"]}]},{"@type":"ImageObject","inLanguage":"pt-BR","@id":"https:\/\/msconectado.com.br\/?p=21353#primaryimage","url":"https:\/\/msconectado.com.br\/wp-content\/uploads\/2024\/03\/IMG_E2808-Copia.jpg","contentUrl":"https:\/\/msconectado.com.br\/wp-content\/uploads\/2024\/03\/IMG_E2808-Copia.jpg","width":1440,"height":1080},{"@type":"BreadcrumbList","@id":"https:\/\/msconectado.com.br\/?p=21353#breadcrumb","itemListElement":[{"@type":"ListItem","position":1,"name":"In\u00edcio","item":"https:\/\/msconectado.com.br\/?page_id=105"},{"@type":"ListItem","position":2,"name":"No Senado Federal Robert busca recursos para pavimenta\u00e7\u00e3o asf\u00e1ltica do frigor\u00edfico"}]},{"@type":"WebSite","@id":"https:\/\/msconectado.com.br\/#website","url":"https:\/\/msconectado.com.br\/","name":"MsConectado","description":"Voc\u00ea Conectado com a Not\u00edcia!","publisher":{"@id":"https:\/\/msconectado.com.br\/#organization"},"potentialAction":[{"@type":"SearchAction","target":{"@type":"EntryPoint","urlTemplate":"https:\/\/msconectado.com.br\/?s={search_term_string}"},"query-input":{"@type":"PropertyValueSpecification","valueRequired":true,"valueName":"search_term_string"}}],"inLanguage":"pt-BR"},{"@type":"Organization","@id":"https:\/\/msconectado.com.br\/#organization","name":"MsConectado","url":"https:\/\/msconectado.com.br\/","logo":{"@type":"ImageObject","inLanguage":"pt-BR","@id":"https:\/\/msconectado.com.br\/#\/schema\/logo\/image\/","url":"https:\/\/msconectado.com.br\/wp-content\/uploads\/2023\/01\/cropped-noticia-2.png","contentUrl":"https:\/\/msconectado.com.br\/wp-content\/uploads\/2023\/01\/cropped-noticia-2.png","width":720,"height":157,"caption":"MsConectado"},"image":{"@id":"https:\/\/msconectado.com.br\/#\/schema\/logo\/image\/"}},{"@type":"Person","@id":"https:\/\/msconectado.com.br\/#\/schema\/person\/e5585545b5687092f1041d350b6e2c16","name":"MsConectado","image":{"@type":"ImageObject","inLanguage":"pt-BR","@id":"https:\/\/secure.gravatar.com\/avatar\/3b4f84a0a8a4380ac4431fa79981d073692380c5da00ae97596e794ab0db5c8c?s=96&d=mm&r=g","url":"https:\/\/secure.gravatar.com\/avatar\/3b4f84a0a8a4380ac4431fa79981d073692380c5da00ae97596e794ab0db5c8c?s=96&d=mm&r=g","contentUrl":"https:\/\/secure.gravatar.com\/avatar\/3b4f84a0a8a4380ac4431fa79981d073692380c5da00ae97596e794ab0db5c8c?s=96&d=mm&r=g","caption":"MsConectado"},"url":"https:\/\/msconectado.com.br\/?author=2"}]}},"_links":{"self":[{"href":"https:\/\/msconectado.com.br\/index.php?rest_route=\/wp\/v2\/posts\/21353","targetHints":{"allow":["GET"]}}],"collection":[{"href":"https:\/\/msconectado.com.br\/index.php?rest_route=\/wp\/v2\/posts"}],"about":[{"href":"https:\/\/msconectado.com.br\/index.php?rest_route=\/wp\/v2\/types\/post"}],"author":[{"embeddable":true,"href":"https:\/\/msconectado.com.br\/index.php?rest_route=\/wp\/v2\/users\/2"}],"replies":[{"embeddable":true,"href":"https:\/\/msconectado.com.br\/index.php?rest_route=%2Fwp%2Fv2%2Fcomments&post=21353"}],"version-history":[{"count":1,"href":"https:\/\/msconectado.com.br\/index.php?rest_route=\/wp\/v2\/posts\/21353\/revisions"}],"predecessor-version":[{"id":21355,"href":"https:\/\/msconectado.com.br\/index.php?rest_route=\/wp\/v2\/posts\/21353\/revisions\/21355"}],"wp:featuredmedia":[{"embeddable":true,"href":"https:\/\/msconectado.com.br\/index.php?rest_route=\/wp\/v2\/media\/21354"}],"wp:attachment":[{"href":"https:\/\/msconectado.com.br\/index.php?rest_route=%2Fwp%2Fv2%2Fmedia&parent=21353"}],"wp:term":[{"taxonomy":"category","embeddable":true,"href":"https:\/\/msconectado.com.br\/index.php?rest_route=%2Fwp%2Fv2%2Fcategories&post=21353"},{"taxonomy":"post_tag","embeddable":true,"href":"https:\/\/msconectado.com.br\/index.php?rest_route=%2Fwp%2Fv2%2Ftags&post=21353"}],"curies":[{"name":"wp","href":"https:\/\/api.w.org\/{rel}","templated":true}]}}