
{"id":21366,"date":"2024-03-04T18:35:24","date_gmt":"2024-03-04T18:35:24","guid":{"rendered":"https:\/\/msconectado.com.br\/?p=21366"},"modified":"2024-03-04T18:39:01","modified_gmt":"2024-03-04T18:39:01","slug":"restaurante-sabor-e-prosa-inaugura-rodizio-de-carnes-em-maracaju","status":"publish","type":"post","link":"https:\/\/msconectado.com.br\/?p=21366","title":{"rendered":"Restaurante Sabor e Prosa Inaugura Rod\u00edzio de Carnes em Maracaju."},"content":{"rendered":"\n<p>O  Restaurante Sabor e Prosa, reconhecido por sua qualidade e atendimento de excel\u00eancia, anuncia uma novidade que promete agu\u00e7ar ainda mais o paladar dos clientes: o Rod\u00edzio de Carnes, agora dispon\u00edvel todos os s\u00e1bados.<\/p>\n\n\n\n<p>Com uma proposta gastron\u00f4mica que j\u00e1 conquistou a prefer\u00eancia dos maracajuenses, o Sabor e Prosa refor\u00e7a seu compromisso em oferecer uma experi\u00eancia \u00fanica aos amantes da boa culin\u00e1ria. O rod\u00edzio de carnes \u00e9 uma adi\u00e7\u00e3o especial ao card\u00e1pio, proporcionando aos clientes a oportunidade de desfrutar de uma variedade de cortes de carnes cuidadosamente preparados.<\/p>\n\n\n\n<p>Localizado na Rua Raul Pires Barbosa, 871, no bairro Paraguai, o restaurante tornou-se um ponto de encontro para quem aprecia uma refei\u00e7\u00e3o saborosa em um ambiente acolhedor. Agora, os s\u00e1bados ganham um motivo extra para serem especiais, com o rod\u00edzio de carnes sendo servido durante o hor\u00e1rio de almo\u00e7o.<\/p>\n\n\n\n<p>O propriet\u00e1rio do Sabor e Prosa, Robson Arrua, destaca a iniciativa como uma resposta \u00e0s prefer\u00eancias da clientela, buscando sempre inovar para atender \u00e0s expectativas dos frequentadores ass\u00edduos e conquistar novos paladares.<\/p>\n\n\n\n<p>Venha saborear essa novidade irresist\u00edvel! O Restaurante Sabor e Prosa aguarda sua visita para uma experi\u00eancia gastron\u00f4mica \u00fanica e deliciosa. Para mais informa\u00e7\u00f5es 6799830-0627.<\/p>\n\n\n<div class=\"wp-block-image\">\n<figure class=\"aligncenter size-large\"><img fetchpriority=\"high\" decoding=\"async\" width=\"1024\" height=\"682\" src=\"https:\/\/msconectado.com.br\/wp-content\/uploads\/2024\/03\/IMG_E2808-Copia-1-1024x682.jpg\" alt=\"\" class=\"wp-image-21368\" srcset=\"https:\/\/msconectado.com.br\/wp-content\/uploads\/2024\/03\/IMG_E2808-Copia-1-1024x682.jpg 1024w, https:\/\/msconectado.com.br\/wp-content\/uploads\/2024\/03\/IMG_E2808-Copia-1-300x200.jpg 300w, https:\/\/msconectado.com.br\/wp-content\/uploads\/2024\/03\/IMG_E2808-Copia-1-768x512.jpg 768w, https:\/\/msconectado.com.br\/wp-content\/uploads\/2024\/03\/IMG_E2808-Copia-1-1536x1023.jpg 1536w, https:\/\/msconectado.com.br\/wp-content\/uploads\/2024\/03\/IMG_E2808-Copia-1-360x240.jpg 360w, https:\/\/msconectado.com.br\/wp-content\/uploads\/2024\/03\/IMG_E2808-Copia-1.jpg 1600w\" sizes=\"(max-width: 1024px) 100vw, 1024px\" \/><\/figure>\n<\/div>\n\n\n<p>Reda\u00e7\u00e3o<\/p>\n\n\n<div class=\"wp-block-image\">\n<figure class=\"aligncenter size-full\"><img decoding=\"async\" width=\"900\" height=\"430\" src=\"https:\/\/msconectado.com.br\/wp-content\/uploads\/2024\/03\/todos.png\" alt=\"\" class=\"wp-image-21351\" srcset=\"https:\/\/msconectado.com.br\/wp-content\/uploads\/2024\/03\/todos.png 900w, https:\/\/msconectado.com.br\/wp-content\/uploads\/2024\/03\/todos-300x143.png 300w, https:\/\/msconectado.com.br\/wp-content\/uploads\/2024\/03\/todos-768x367.png 768w\" sizes=\"(max-width: 900px) 100vw, 900px\" \/><\/figure>\n<\/div>","protected":false},"excerpt":{"rendered":"<p>O Restaurante Sabor e Prosa, reconhecido por sua qualidade e atendimento de excel\u00eancia, anuncia uma novidade que promete agu\u00e7ar ainda mais o paladar dos clientes: o Rod\u00edzio de Carnes, agora dispon\u00edvel todos os s\u00e1bados. Com uma proposta gastron\u00f4mica que j\u00e1 conquistou a prefer\u00eancia dos maracajuenses, o Sabor e Prosa refor\u00e7a seu compromisso em oferecer uma [&hellip;]<\/p>\n","protected":false},"author":3,"featured_media":21370,"comment_status":"open","ping_status":"closed","sticky":false,"template":"","format":"standard","meta":{"footnotes":""},"categories":[34,36,1],"tags":[],"class_list":["post-21366","post","type-post","status-publish","format-standard","has-post-thumbnail","hentry","category-comercio","category-eventos","category-noticia"],"yoast_head":"<!-- This site is optimized with the Yoast SEO plugin v27.5 - https:\/\/yoast.com\/product\/yoast-seo-wordpress\/ -->\n<title>Restaurante Sabor e Prosa Inaugura Rod\u00edzio de Carnes em Maracaju. - MsConectado<\/title>\n<meta name=\"robots\" content=\"index, follow, max-snippet:-1, max-image-preview:large, max-video-preview:-1\" \/>\n<link rel=\"canonical\" href=\"https:\/\/msconectado.com.br\/?p=21366\" \/>\n<meta property=\"og:locale\" content=\"pt_BR\" \/>\n<meta property=\"og:type\" content=\"article\" \/>\n<meta property=\"og:title\" content=\"Restaurante Sabor e Prosa Inaugura Rod\u00edzio de Carnes em Maracaju. - MsConectado\" \/>\n<meta property=\"og:description\" content=\"O Restaurante Sabor e Prosa, reconhecido por sua qualidade e atendimento de excel\u00eancia, anuncia uma novidade que promete agu\u00e7ar ainda mais o paladar dos clientes: o Rod\u00edzio de Carnes, agora dispon\u00edvel todos os s\u00e1bados. Com uma proposta gastron\u00f4mica que j\u00e1 conquistou a prefer\u00eancia dos maracajuenses, o Sabor e Prosa refor\u00e7a seu compromisso em oferecer uma [&hellip;]\" \/>\n<meta property=\"og:url\" content=\"https:\/\/msconectado.com.br\/?p=21366\" \/>\n<meta property=\"og:site_name\" content=\"MsConectado\" \/>\n<meta property=\"article:published_time\" content=\"2024-03-04T18:35:24+00:00\" \/>\n<meta property=\"article:modified_time\" content=\"2024-03-04T18:39:01+00:00\" \/>\n<meta property=\"og:image\" content=\"https:\/\/msconectado.com.br\/wp-content\/uploads\/2024\/03\/IMG_7050-3.jpg\" \/>\n\t<meta property=\"og:image:width\" content=\"1600\" \/>\n\t<meta property=\"og:image:height\" content=\"867\" \/>\n\t<meta property=\"og:image:type\" content=\"image\/jpeg\" \/>\n<meta name=\"author\" content=\"Jeferson\" \/>\n<meta name=\"twitter:card\" content=\"summary_large_image\" \/>\n<meta name=\"twitter:label1\" content=\"Escrito por\" \/>\n\t<meta name=\"twitter:data1\" content=\"Jeferson\" \/>\n\t<meta name=\"twitter:label2\" content=\"Est. tempo de leitura\" \/>\n\t<meta name=\"twitter:data2\" content=\"1 minuto\" \/>\n<script type=\"application\/ld+json\" class=\"yoast-schema-graph\">{\"@context\":\"https:\\\/\\\/schema.org\",\"@graph\":[{\"@type\":\"Article\",\"@id\":\"https:\\\/\\\/msconectado.com.br\\\/?p=21366#article\",\"isPartOf\":{\"@id\":\"https:\\\/\\\/msconectado.com.br\\\/?p=21366\"},\"author\":{\"name\":\"Jeferson\",\"@id\":\"https:\\\/\\\/msconectado.com.br\\\/#\\\/schema\\\/person\\\/feb123a95a93eebea36f0ed6a2e5ba48\"},\"headline\":\"Restaurante Sabor e Prosa Inaugura Rod\u00edzio de Carnes em Maracaju.\",\"datePublished\":\"2024-03-04T18:35:24+00:00\",\"dateModified\":\"2024-03-04T18:39:01+00:00\",\"mainEntityOfPage\":{\"@id\":\"https:\\\/\\\/msconectado.com.br\\\/?p=21366\"},\"wordCount\":229,\"commentCount\":0,\"publisher\":{\"@id\":\"https:\\\/\\\/msconectado.com.br\\\/#organization\"},\"image\":{\"@id\":\"https:\\\/\\\/msconectado.com.br\\\/?p=21366#primaryimage\"},\"thumbnailUrl\":\"https:\\\/\\\/msconectado.com.br\\\/wp-content\\\/uploads\\\/2024\\\/03\\\/IMG_7050-3.jpg\",\"articleSection\":[\"Com\u00e9rcio\",\"Eventos\",\"Not\u00edcia\"],\"inLanguage\":\"pt-BR\",\"potentialAction\":[{\"@type\":\"CommentAction\",\"name\":\"Comment\",\"target\":[\"https:\\\/\\\/msconectado.com.br\\\/?p=21366#respond\"]}]},{\"@type\":\"WebPage\",\"@id\":\"https:\\\/\\\/msconectado.com.br\\\/?p=21366\",\"url\":\"https:\\\/\\\/msconectado.com.br\\\/?p=21366\",\"name\":\"Restaurante Sabor e Prosa Inaugura Rod\u00edzio de Carnes em Maracaju. - MsConectado\",\"isPartOf\":{\"@id\":\"https:\\\/\\\/msconectado.com.br\\\/#website\"},\"primaryImageOfPage\":{\"@id\":\"https:\\\/\\\/msconectado.com.br\\\/?p=21366#primaryimage\"},\"image\":{\"@id\":\"https:\\\/\\\/msconectado.com.br\\\/?p=21366#primaryimage\"},\"thumbnailUrl\":\"https:\\\/\\\/msconectado.com.br\\\/wp-content\\\/uploads\\\/2024\\\/03\\\/IMG_7050-3.jpg\",\"datePublished\":\"2024-03-04T18:35:24+00:00\",\"dateModified\":\"2024-03-04T18:39:01+00:00\",\"breadcrumb\":{\"@id\":\"https:\\\/\\\/msconectado.com.br\\\/?p=21366#breadcrumb\"},\"inLanguage\":\"pt-BR\",\"potentialAction\":[{\"@type\":\"ReadAction\",\"target\":[\"https:\\\/\\\/msconectado.com.br\\\/?p=21366\"]}]},{\"@type\":\"ImageObject\",\"inLanguage\":\"pt-BR\",\"@id\":\"https:\\\/\\\/msconectado.com.br\\\/?p=21366#primaryimage\",\"url\":\"https:\\\/\\\/msconectado.com.br\\\/wp-content\\\/uploads\\\/2024\\\/03\\\/IMG_7050-3.jpg\",\"contentUrl\":\"https:\\\/\\\/msconectado.com.br\\\/wp-content\\\/uploads\\\/2024\\\/03\\\/IMG_7050-3.jpg\",\"width\":1600,\"height\":867},{\"@type\":\"BreadcrumbList\",\"@id\":\"https:\\\/\\\/msconectado.com.br\\\/?p=21366#breadcrumb\",\"itemListElement\":[{\"@type\":\"ListItem\",\"position\":1,\"name\":\"In\u00edcio\",\"item\":\"https:\\\/\\\/msconectado.com.br\\\/?page_id=105\"},{\"@type\":\"ListItem\",\"position\":2,\"name\":\"Restaurante Sabor e Prosa Inaugura Rod\u00edzio de Carnes em Maracaju.\"}]},{\"@type\":\"WebSite\",\"@id\":\"https:\\\/\\\/msconectado.com.br\\\/#website\",\"url\":\"https:\\\/\\\/msconectado.com.br\\\/\",\"name\":\"MsConectado\",\"description\":\"Voc\u00ea Conectado com a Not\u00edcia!\",\"publisher\":{\"@id\":\"https:\\\/\\\/msconectado.com.br\\\/#organization\"},\"potentialAction\":[{\"@type\":\"SearchAction\",\"target\":{\"@type\":\"EntryPoint\",\"urlTemplate\":\"https:\\\/\\\/msconectado.com.br\\\/?s={search_term_string}\"},\"query-input\":{\"@type\":\"PropertyValueSpecification\",\"valueRequired\":true,\"valueName\":\"search_term_string\"}}],\"inLanguage\":\"pt-BR\"},{\"@type\":\"Organization\",\"@id\":\"https:\\\/\\\/msconectado.com.br\\\/#organization\",\"name\":\"MsConectado\",\"url\":\"https:\\\/\\\/msconectado.com.br\\\/\",\"logo\":{\"@type\":\"ImageObject\",\"inLanguage\":\"pt-BR\",\"@id\":\"https:\\\/\\\/msconectado.com.br\\\/#\\\/schema\\\/logo\\\/image\\\/\",\"url\":\"https:\\\/\\\/msconectado.com.br\\\/wp-content\\\/uploads\\\/2023\\\/01\\\/cropped-noticia-2.png\",\"contentUrl\":\"https:\\\/\\\/msconectado.com.br\\\/wp-content\\\/uploads\\\/2023\\\/01\\\/cropped-noticia-2.png\",\"width\":720,\"height\":157,\"caption\":\"MsConectado\"},\"image\":{\"@id\":\"https:\\\/\\\/msconectado.com.br\\\/#\\\/schema\\\/logo\\\/image\\\/\"}},{\"@type\":\"Person\",\"@id\":\"https:\\\/\\\/msconectado.com.br\\\/#\\\/schema\\\/person\\\/feb123a95a93eebea36f0ed6a2e5ba48\",\"name\":\"Jeferson\",\"image\":{\"@type\":\"ImageObject\",\"inLanguage\":\"pt-BR\",\"@id\":\"https:\\\/\\\/secure.gravatar.com\\\/avatar\\\/e23e8901c88f0cdc0ad479ef7a39bf3e4c806344549c087c00b721a65549a328?s=96&d=mm&r=g\",\"url\":\"https:\\\/\\\/secure.gravatar.com\\\/avatar\\\/e23e8901c88f0cdc0ad479ef7a39bf3e4c806344549c087c00b721a65549a328?s=96&d=mm&r=g\",\"contentUrl\":\"https:\\\/\\\/secure.gravatar.com\\\/avatar\\\/e23e8901c88f0cdc0ad479ef7a39bf3e4c806344549c087c00b721a65549a328?s=96&d=mm&r=g\",\"caption\":\"Jeferson\"},\"url\":\"https:\\\/\\\/msconectado.com.br\\\/?author=3\"}]}<\/script>\n<!-- \/ Yoast SEO plugin. -->","yoast_head_json":{"title":"Restaurante Sabor e Prosa Inaugura Rod\u00edzio de Carnes em Maracaju. - MsConectado","robots":{"index":"index","follow":"follow","max-snippet":"max-snippet:-1","max-image-preview":"max-image-preview:large","max-video-preview":"max-video-preview:-1"},"canonical":"https:\/\/msconectado.com.br\/?p=21366","og_locale":"pt_BR","og_type":"article","og_title":"Restaurante Sabor e Prosa Inaugura Rod\u00edzio de Carnes em Maracaju. - MsConectado","og_description":"O Restaurante Sabor e Prosa, reconhecido por sua qualidade e atendimento de excel\u00eancia, anuncia uma novidade que promete agu\u00e7ar ainda mais o paladar dos clientes: o Rod\u00edzio de Carnes, agora dispon\u00edvel todos os s\u00e1bados. Com uma proposta gastron\u00f4mica que j\u00e1 conquistou a prefer\u00eancia dos maracajuenses, o Sabor e Prosa refor\u00e7a seu compromisso em oferecer uma [&hellip;]","og_url":"https:\/\/msconectado.com.br\/?p=21366","og_site_name":"MsConectado","article_published_time":"2024-03-04T18:35:24+00:00","article_modified_time":"2024-03-04T18:39:01+00:00","og_image":[{"width":1600,"height":867,"url":"https:\/\/msconectado.com.br\/wp-content\/uploads\/2024\/03\/IMG_7050-3.jpg","type":"image\/jpeg"}],"author":"Jeferson","twitter_card":"summary_large_image","twitter_misc":{"Escrito por":"Jeferson","Est. tempo de leitura":"1 minuto"},"schema":{"@context":"https:\/\/schema.org","@graph":[{"@type":"Article","@id":"https:\/\/msconectado.com.br\/?p=21366#article","isPartOf":{"@id":"https:\/\/msconectado.com.br\/?p=21366"},"author":{"name":"Jeferson","@id":"https:\/\/msconectado.com.br\/#\/schema\/person\/feb123a95a93eebea36f0ed6a2e5ba48"},"headline":"Restaurante Sabor e Prosa Inaugura Rod\u00edzio de Carnes em Maracaju.","datePublished":"2024-03-04T18:35:24+00:00","dateModified":"2024-03-04T18:39:01+00:00","mainEntityOfPage":{"@id":"https:\/\/msconectado.com.br\/?p=21366"},"wordCount":229,"commentCount":0,"publisher":{"@id":"https:\/\/msconectado.com.br\/#organization"},"image":{"@id":"https:\/\/msconectado.com.br\/?p=21366#primaryimage"},"thumbnailUrl":"https:\/\/msconectado.com.br\/wp-content\/uploads\/2024\/03\/IMG_7050-3.jpg","articleSection":["Com\u00e9rcio","Eventos","Not\u00edcia"],"inLanguage":"pt-BR","potentialAction":[{"@type":"CommentAction","name":"Comment","target":["https:\/\/msconectado.com.br\/?p=21366#respond"]}]},{"@type":"WebPage","@id":"https:\/\/msconectado.com.br\/?p=21366","url":"https:\/\/msconectado.com.br\/?p=21366","name":"Restaurante Sabor e Prosa Inaugura Rod\u00edzio de Carnes em Maracaju. - MsConectado","isPartOf":{"@id":"https:\/\/msconectado.com.br\/#website"},"primaryImageOfPage":{"@id":"https:\/\/msconectado.com.br\/?p=21366#primaryimage"},"image":{"@id":"https:\/\/msconectado.com.br\/?p=21366#primaryimage"},"thumbnailUrl":"https:\/\/msconectado.com.br\/wp-content\/uploads\/2024\/03\/IMG_7050-3.jpg","datePublished":"2024-03-04T18:35:24+00:00","dateModified":"2024-03-04T18:39:01+00:00","breadcrumb":{"@id":"https:\/\/msconectado.com.br\/?p=21366#breadcrumb"},"inLanguage":"pt-BR","potentialAction":[{"@type":"ReadAction","target":["https:\/\/msconectado.com.br\/?p=21366"]}]},{"@type":"ImageObject","inLanguage":"pt-BR","@id":"https:\/\/msconectado.com.br\/?p=21366#primaryimage","url":"https:\/\/msconectado.com.br\/wp-content\/uploads\/2024\/03\/IMG_7050-3.jpg","contentUrl":"https:\/\/msconectado.com.br\/wp-content\/uploads\/2024\/03\/IMG_7050-3.jpg","width":1600,"height":867},{"@type":"BreadcrumbList","@id":"https:\/\/msconectado.com.br\/?p=21366#breadcrumb","itemListElement":[{"@type":"ListItem","position":1,"name":"In\u00edcio","item":"https:\/\/msconectado.com.br\/?page_id=105"},{"@type":"ListItem","position":2,"name":"Restaurante Sabor e Prosa Inaugura Rod\u00edzio de Carnes em Maracaju."}]},{"@type":"WebSite","@id":"https:\/\/msconectado.com.br\/#website","url":"https:\/\/msconectado.com.br\/","name":"MsConectado","description":"Voc\u00ea Conectado com a Not\u00edcia!","publisher":{"@id":"https:\/\/msconectado.com.br\/#organization"},"potentialAction":[{"@type":"SearchAction","target":{"@type":"EntryPoint","urlTemplate":"https:\/\/msconectado.com.br\/?s={search_term_string}"},"query-input":{"@type":"PropertyValueSpecification","valueRequired":true,"valueName":"search_term_string"}}],"inLanguage":"pt-BR"},{"@type":"Organization","@id":"https:\/\/msconectado.com.br\/#organization","name":"MsConectado","url":"https:\/\/msconectado.com.br\/","logo":{"@type":"ImageObject","inLanguage":"pt-BR","@id":"https:\/\/msconectado.com.br\/#\/schema\/logo\/image\/","url":"https:\/\/msconectado.com.br\/wp-content\/uploads\/2023\/01\/cropped-noticia-2.png","contentUrl":"https:\/\/msconectado.com.br\/wp-content\/uploads\/2023\/01\/cropped-noticia-2.png","width":720,"height":157,"caption":"MsConectado"},"image":{"@id":"https:\/\/msconectado.com.br\/#\/schema\/logo\/image\/"}},{"@type":"Person","@id":"https:\/\/msconectado.com.br\/#\/schema\/person\/feb123a95a93eebea36f0ed6a2e5ba48","name":"Jeferson","image":{"@type":"ImageObject","inLanguage":"pt-BR","@id":"https:\/\/secure.gravatar.com\/avatar\/e23e8901c88f0cdc0ad479ef7a39bf3e4c806344549c087c00b721a65549a328?s=96&d=mm&r=g","url":"https:\/\/secure.gravatar.com\/avatar\/e23e8901c88f0cdc0ad479ef7a39bf3e4c806344549c087c00b721a65549a328?s=96&d=mm&r=g","contentUrl":"https:\/\/secure.gravatar.com\/avatar\/e23e8901c88f0cdc0ad479ef7a39bf3e4c806344549c087c00b721a65549a328?s=96&d=mm&r=g","caption":"Jeferson"},"url":"https:\/\/msconectado.com.br\/?author=3"}]}},"_links":{"self":[{"href":"https:\/\/msconectado.com.br\/index.php?rest_route=\/wp\/v2\/posts\/21366","targetHints":{"allow":["GET"]}}],"collection":[{"href":"https:\/\/msconectado.com.br\/index.php?rest_route=\/wp\/v2\/posts"}],"about":[{"href":"https:\/\/msconectado.com.br\/index.php?rest_route=\/wp\/v2\/types\/post"}],"author":[{"embeddable":true,"href":"https:\/\/msconectado.com.br\/index.php?rest_route=\/wp\/v2\/users\/3"}],"replies":[{"embeddable":true,"href":"https:\/\/msconectado.com.br\/index.php?rest_route=%2Fwp%2Fv2%2Fcomments&post=21366"}],"version-history":[{"count":1,"href":"https:\/\/msconectado.com.br\/index.php?rest_route=\/wp\/v2\/posts\/21366\/revisions"}],"predecessor-version":[{"id":21369,"href":"https:\/\/msconectado.com.br\/index.php?rest_route=\/wp\/v2\/posts\/21366\/revisions\/21369"}],"wp:featuredmedia":[{"embeddable":true,"href":"https:\/\/msconectado.com.br\/index.php?rest_route=\/wp\/v2\/media\/21370"}],"wp:attachment":[{"href":"https:\/\/msconectado.com.br\/index.php?rest_route=%2Fwp%2Fv2%2Fmedia&parent=21366"}],"wp:term":[{"taxonomy":"category","embeddable":true,"href":"https:\/\/msconectado.com.br\/index.php?rest_route=%2Fwp%2Fv2%2Fcategories&post=21366"},{"taxonomy":"post_tag","embeddable":true,"href":"https:\/\/msconectado.com.br\/index.php?rest_route=%2Fwp%2Fv2%2Ftags&post=21366"}],"curies":[{"name":"wp","href":"https:\/\/api.w.org\/{rel}","templated":true}]}}