
{"id":21383,"date":"2024-03-05T00:33:25","date_gmt":"2024-03-05T00:33:25","guid":{"rendered":"https:\/\/msconectado.com.br\/?p=21383"},"modified":"2024-03-05T00:33:26","modified_gmt":"2024-03-05T00:33:26","slug":"vereador-luciano-solicita-apoio-da-gemutran-para-otimizar-transito-na-saida-de-escolas-em-maracaju","status":"publish","type":"post","link":"https:\/\/msconectado.com.br\/?p=21383","title":{"rendered":"Vereador Luciano solicita apoio da Gemutran para otimizar tr\u00e2nsito na sa\u00edda de escolas em Maracaju"},"content":{"rendered":"\n<p><em>Na \u00faltima segunda-feira (4), durante a Sess\u00e3o da C\u00e2mara Municipal de Maracaju, o vereador Luciano chamou a aten\u00e7\u00e3o para a necessidade de apoio da Ger\u00eancia Municipal de Tr\u00e2nsito (Gemutran) para a organiza\u00e7\u00e3o do tr\u00e1fego nas sa\u00eddas de escolas do munic\u00edpio. Durante a sess\u00e3o, o parlamentar destacou as dificuldades enfrentadas pelos moradores, especialmente aqueles que residem nas proximidades do Col\u00e9gio Nota 10, ao tentar sair de suas resid\u00eancias devido ao intenso fluxo de ve\u00edculos na regi\u00e3o.<\/em><\/p>\n\n\n\n<p><em>Luciano enfatizou a import\u00e2ncia de uma abordagem eficaz para garantir a fluidez do tr\u00e2nsito, principalmente nos hor\u00e1rios de entrada e sa\u00edda das escolas. &#8220;Os propriet\u00e1rios e moradores nas imedia\u00e7\u00f5es, especialmente pr\u00f3ximos ao Col\u00e9gio Nota 10, est\u00e3o enfrentando desafios consider\u00e1veis para deixar suas resid\u00eancias devido ao grande volume de ve\u00edculos na sa\u00edda das escolas&#8221;, explicou o vereador.<\/em><\/p>\n\n\n\n<p><em>O pedido de apoio \u00e0 Gemutran tem como objetivo encontrar solu\u00e7\u00f5es para aliviar o congestionamento e melhorar a mobilidade dos moradores nesses pontos cr\u00edticos. A preocupa\u00e7\u00e3o do vereador Luciano visa n\u00e3o apenas a seguran\u00e7a vi\u00e1ria, mas tamb\u00e9m o bem-estar e a comodidade dos cidad\u00e3os que residem nas proximidades das institui\u00e7\u00f5es de ensino.<\/em><\/p>\n\n\n\n<p><em>A popula\u00e7\u00e3o aguarda com expectativa a colabora\u00e7\u00e3o da Gemutran para implementar medidas efetivas que garantam a ordem e a seguran\u00e7a no tr\u00e2nsito, facilitando a vida dos moradores que enfrentam essas dificuldades diariamente.<\/em><\/p>\n\n\n\n<p>Reda\u00e7\u00e3o<\/p>\n\n\n<div class=\"wp-block-image\">\n<figure class=\"aligncenter size-full\"><img fetchpriority=\"high\" decoding=\"async\" width=\"900\" height=\"430\" src=\"https:\/\/msconectado.com.br\/wp-content\/uploads\/2024\/03\/todos.png\" alt=\"\" class=\"wp-image-21351\" srcset=\"https:\/\/msconectado.com.br\/wp-content\/uploads\/2024\/03\/todos.png 900w, https:\/\/msconectado.com.br\/wp-content\/uploads\/2024\/03\/todos-300x143.png 300w, https:\/\/msconectado.com.br\/wp-content\/uploads\/2024\/03\/todos-768x367.png 768w\" sizes=\"(max-width: 900px) 100vw, 900px\" \/><\/figure>\n<\/div>","protected":false},"excerpt":{"rendered":"<p>Na \u00faltima segunda-feira (4), durante a Sess\u00e3o da C\u00e2mara Municipal de Maracaju, o vereador Luciano chamou a aten\u00e7\u00e3o para a necessidade de apoio da Ger\u00eancia Municipal de Tr\u00e2nsito (Gemutran) para a organiza\u00e7\u00e3o do tr\u00e1fego nas sa\u00eddas de escolas do munic\u00edpio. Durante a sess\u00e3o, o parlamentar destacou as dificuldades enfrentadas pelos moradores, especialmente aqueles que residem [&hellip;]<\/p>\n","protected":false},"author":2,"featured_media":21384,"comment_status":"open","ping_status":"closed","sticky":false,"template":"","format":"standard","meta":{"footnotes":""},"categories":[35,1],"tags":[],"class_list":["post-21383","post","type-post","status-publish","format-standard","has-post-thumbnail","hentry","category-cidades","category-noticia"],"yoast_head":"<!-- This site is optimized with the Yoast SEO plugin v27.5 - https:\/\/yoast.com\/product\/yoast-seo-wordpress\/ -->\n<title>Vereador Luciano solicita apoio da Gemutran para otimizar tr\u00e2nsito na sa\u00edda de escolas em Maracaju - MsConectado<\/title>\n<meta name=\"robots\" content=\"index, follow, max-snippet:-1, max-image-preview:large, max-video-preview:-1\" \/>\n<link rel=\"canonical\" href=\"https:\/\/msconectado.com.br\/?p=21383\" \/>\n<meta property=\"og:locale\" content=\"pt_BR\" \/>\n<meta property=\"og:type\" content=\"article\" \/>\n<meta property=\"og:title\" content=\"Vereador Luciano solicita apoio da Gemutran para otimizar tr\u00e2nsito na sa\u00edda de escolas em Maracaju - MsConectado\" \/>\n<meta property=\"og:description\" content=\"Na \u00faltima segunda-feira (4), durante a Sess\u00e3o da C\u00e2mara Municipal de Maracaju, o vereador Luciano chamou a aten\u00e7\u00e3o para a necessidade de apoio da Ger\u00eancia Municipal de Tr\u00e2nsito (Gemutran) para a organiza\u00e7\u00e3o do tr\u00e1fego nas sa\u00eddas de escolas do munic\u00edpio. Durante a sess\u00e3o, o parlamentar destacou as dificuldades enfrentadas pelos moradores, especialmente aqueles que residem [&hellip;]\" \/>\n<meta property=\"og:url\" content=\"https:\/\/msconectado.com.br\/?p=21383\" \/>\n<meta property=\"og:site_name\" content=\"MsConectado\" \/>\n<meta property=\"article:published_time\" content=\"2024-03-05T00:33:25+00:00\" \/>\n<meta property=\"article:modified_time\" content=\"2024-03-05T00:33:26+00:00\" \/>\n<meta property=\"og:image\" content=\"https:\/\/msconectado.com.br\/wp-content\/uploads\/2024\/03\/rdz____IMG_1503_-_Rafael_Mendes-4.jpg\" \/>\n\t<meta property=\"og:image:width\" content=\"1600\" \/>\n\t<meta property=\"og:image:height\" content=\"1200\" \/>\n\t<meta property=\"og:image:type\" content=\"image\/jpeg\" \/>\n<meta name=\"author\" content=\"MsConectado\" \/>\n<meta name=\"twitter:card\" content=\"summary_large_image\" \/>\n<meta name=\"twitter:label1\" content=\"Escrito por\" \/>\n\t<meta name=\"twitter:data1\" content=\"MsConectado\" \/>\n\t<meta name=\"twitter:label2\" content=\"Est. tempo de leitura\" \/>\n\t<meta name=\"twitter:data2\" content=\"1 minuto\" \/>\n<script type=\"application\/ld+json\" class=\"yoast-schema-graph\">{\"@context\":\"https:\\\/\\\/schema.org\",\"@graph\":[{\"@type\":\"Article\",\"@id\":\"https:\\\/\\\/msconectado.com.br\\\/?p=21383#article\",\"isPartOf\":{\"@id\":\"https:\\\/\\\/msconectado.com.br\\\/?p=21383\"},\"author\":{\"name\":\"MsConectado\",\"@id\":\"https:\\\/\\\/msconectado.com.br\\\/#\\\/schema\\\/person\\\/e5585545b5687092f1041d350b6e2c16\"},\"headline\":\"Vereador Luciano solicita apoio da Gemutran para otimizar tr\u00e2nsito na sa\u00edda de escolas em Maracaju\",\"datePublished\":\"2024-03-05T00:33:25+00:00\",\"dateModified\":\"2024-03-05T00:33:26+00:00\",\"mainEntityOfPage\":{\"@id\":\"https:\\\/\\\/msconectado.com.br\\\/?p=21383\"},\"wordCount\":270,\"commentCount\":0,\"publisher\":{\"@id\":\"https:\\\/\\\/msconectado.com.br\\\/#organization\"},\"image\":{\"@id\":\"https:\\\/\\\/msconectado.com.br\\\/?p=21383#primaryimage\"},\"thumbnailUrl\":\"https:\\\/\\\/msconectado.com.br\\\/wp-content\\\/uploads\\\/2024\\\/03\\\/rdz____IMG_1503_-_Rafael_Mendes-4.jpg\",\"articleSection\":[\"Cidades\",\"Not\u00edcia\"],\"inLanguage\":\"pt-BR\",\"potentialAction\":[{\"@type\":\"CommentAction\",\"name\":\"Comment\",\"target\":[\"https:\\\/\\\/msconectado.com.br\\\/?p=21383#respond\"]}]},{\"@type\":\"WebPage\",\"@id\":\"https:\\\/\\\/msconectado.com.br\\\/?p=21383\",\"url\":\"https:\\\/\\\/msconectado.com.br\\\/?p=21383\",\"name\":\"Vereador Luciano solicita apoio da Gemutran para otimizar tr\u00e2nsito na sa\u00edda de escolas em Maracaju - MsConectado\",\"isPartOf\":{\"@id\":\"https:\\\/\\\/msconectado.com.br\\\/#website\"},\"primaryImageOfPage\":{\"@id\":\"https:\\\/\\\/msconectado.com.br\\\/?p=21383#primaryimage\"},\"image\":{\"@id\":\"https:\\\/\\\/msconectado.com.br\\\/?p=21383#primaryimage\"},\"thumbnailUrl\":\"https:\\\/\\\/msconectado.com.br\\\/wp-content\\\/uploads\\\/2024\\\/03\\\/rdz____IMG_1503_-_Rafael_Mendes-4.jpg\",\"datePublished\":\"2024-03-05T00:33:25+00:00\",\"dateModified\":\"2024-03-05T00:33:26+00:00\",\"breadcrumb\":{\"@id\":\"https:\\\/\\\/msconectado.com.br\\\/?p=21383#breadcrumb\"},\"inLanguage\":\"pt-BR\",\"potentialAction\":[{\"@type\":\"ReadAction\",\"target\":[\"https:\\\/\\\/msconectado.com.br\\\/?p=21383\"]}]},{\"@type\":\"ImageObject\",\"inLanguage\":\"pt-BR\",\"@id\":\"https:\\\/\\\/msconectado.com.br\\\/?p=21383#primaryimage\",\"url\":\"https:\\\/\\\/msconectado.com.br\\\/wp-content\\\/uploads\\\/2024\\\/03\\\/rdz____IMG_1503_-_Rafael_Mendes-4.jpg\",\"contentUrl\":\"https:\\\/\\\/msconectado.com.br\\\/wp-content\\\/uploads\\\/2024\\\/03\\\/rdz____IMG_1503_-_Rafael_Mendes-4.jpg\",\"width\":1600,\"height\":1200},{\"@type\":\"BreadcrumbList\",\"@id\":\"https:\\\/\\\/msconectado.com.br\\\/?p=21383#breadcrumb\",\"itemListElement\":[{\"@type\":\"ListItem\",\"position\":1,\"name\":\"In\u00edcio\",\"item\":\"https:\\\/\\\/msconectado.com.br\\\/?page_id=105\"},{\"@type\":\"ListItem\",\"position\":2,\"name\":\"Vereador Luciano solicita apoio da Gemutran para otimizar tr\u00e2nsito na sa\u00edda de escolas em Maracaju\"}]},{\"@type\":\"WebSite\",\"@id\":\"https:\\\/\\\/msconectado.com.br\\\/#website\",\"url\":\"https:\\\/\\\/msconectado.com.br\\\/\",\"name\":\"MsConectado\",\"description\":\"Voc\u00ea Conectado com a Not\u00edcia!\",\"publisher\":{\"@id\":\"https:\\\/\\\/msconectado.com.br\\\/#organization\"},\"potentialAction\":[{\"@type\":\"SearchAction\",\"target\":{\"@type\":\"EntryPoint\",\"urlTemplate\":\"https:\\\/\\\/msconectado.com.br\\\/?s={search_term_string}\"},\"query-input\":{\"@type\":\"PropertyValueSpecification\",\"valueRequired\":true,\"valueName\":\"search_term_string\"}}],\"inLanguage\":\"pt-BR\"},{\"@type\":\"Organization\",\"@id\":\"https:\\\/\\\/msconectado.com.br\\\/#organization\",\"name\":\"MsConectado\",\"url\":\"https:\\\/\\\/msconectado.com.br\\\/\",\"logo\":{\"@type\":\"ImageObject\",\"inLanguage\":\"pt-BR\",\"@id\":\"https:\\\/\\\/msconectado.com.br\\\/#\\\/schema\\\/logo\\\/image\\\/\",\"url\":\"https:\\\/\\\/msconectado.com.br\\\/wp-content\\\/uploads\\\/2023\\\/01\\\/cropped-noticia-2.png\",\"contentUrl\":\"https:\\\/\\\/msconectado.com.br\\\/wp-content\\\/uploads\\\/2023\\\/01\\\/cropped-noticia-2.png\",\"width\":720,\"height\":157,\"caption\":\"MsConectado\"},\"image\":{\"@id\":\"https:\\\/\\\/msconectado.com.br\\\/#\\\/schema\\\/logo\\\/image\\\/\"}},{\"@type\":\"Person\",\"@id\":\"https:\\\/\\\/msconectado.com.br\\\/#\\\/schema\\\/person\\\/e5585545b5687092f1041d350b6e2c16\",\"name\":\"MsConectado\",\"image\":{\"@type\":\"ImageObject\",\"inLanguage\":\"pt-BR\",\"@id\":\"https:\\\/\\\/secure.gravatar.com\\\/avatar\\\/3b4f84a0a8a4380ac4431fa79981d073692380c5da00ae97596e794ab0db5c8c?s=96&d=mm&r=g\",\"url\":\"https:\\\/\\\/secure.gravatar.com\\\/avatar\\\/3b4f84a0a8a4380ac4431fa79981d073692380c5da00ae97596e794ab0db5c8c?s=96&d=mm&r=g\",\"contentUrl\":\"https:\\\/\\\/secure.gravatar.com\\\/avatar\\\/3b4f84a0a8a4380ac4431fa79981d073692380c5da00ae97596e794ab0db5c8c?s=96&d=mm&r=g\",\"caption\":\"MsConectado\"},\"url\":\"https:\\\/\\\/msconectado.com.br\\\/?author=2\"}]}<\/script>\n<!-- \/ Yoast SEO plugin. -->","yoast_head_json":{"title":"Vereador Luciano solicita apoio da Gemutran para otimizar tr\u00e2nsito na sa\u00edda de escolas em Maracaju - MsConectado","robots":{"index":"index","follow":"follow","max-snippet":"max-snippet:-1","max-image-preview":"max-image-preview:large","max-video-preview":"max-video-preview:-1"},"canonical":"https:\/\/msconectado.com.br\/?p=21383","og_locale":"pt_BR","og_type":"article","og_title":"Vereador Luciano solicita apoio da Gemutran para otimizar tr\u00e2nsito na sa\u00edda de escolas em Maracaju - MsConectado","og_description":"Na \u00faltima segunda-feira (4), durante a Sess\u00e3o da C\u00e2mara Municipal de Maracaju, o vereador Luciano chamou a aten\u00e7\u00e3o para a necessidade de apoio da Ger\u00eancia Municipal de Tr\u00e2nsito (Gemutran) para a organiza\u00e7\u00e3o do tr\u00e1fego nas sa\u00eddas de escolas do munic\u00edpio. Durante a sess\u00e3o, o parlamentar destacou as dificuldades enfrentadas pelos moradores, especialmente aqueles que residem [&hellip;]","og_url":"https:\/\/msconectado.com.br\/?p=21383","og_site_name":"MsConectado","article_published_time":"2024-03-05T00:33:25+00:00","article_modified_time":"2024-03-05T00:33:26+00:00","og_image":[{"width":1600,"height":1200,"url":"https:\/\/msconectado.com.br\/wp-content\/uploads\/2024\/03\/rdz____IMG_1503_-_Rafael_Mendes-4.jpg","type":"image\/jpeg"}],"author":"MsConectado","twitter_card":"summary_large_image","twitter_misc":{"Escrito por":"MsConectado","Est. tempo de leitura":"1 minuto"},"schema":{"@context":"https:\/\/schema.org","@graph":[{"@type":"Article","@id":"https:\/\/msconectado.com.br\/?p=21383#article","isPartOf":{"@id":"https:\/\/msconectado.com.br\/?p=21383"},"author":{"name":"MsConectado","@id":"https:\/\/msconectado.com.br\/#\/schema\/person\/e5585545b5687092f1041d350b6e2c16"},"headline":"Vereador Luciano solicita apoio da Gemutran para otimizar tr\u00e2nsito na sa\u00edda de escolas em Maracaju","datePublished":"2024-03-05T00:33:25+00:00","dateModified":"2024-03-05T00:33:26+00:00","mainEntityOfPage":{"@id":"https:\/\/msconectado.com.br\/?p=21383"},"wordCount":270,"commentCount":0,"publisher":{"@id":"https:\/\/msconectado.com.br\/#organization"},"image":{"@id":"https:\/\/msconectado.com.br\/?p=21383#primaryimage"},"thumbnailUrl":"https:\/\/msconectado.com.br\/wp-content\/uploads\/2024\/03\/rdz____IMG_1503_-_Rafael_Mendes-4.jpg","articleSection":["Cidades","Not\u00edcia"],"inLanguage":"pt-BR","potentialAction":[{"@type":"CommentAction","name":"Comment","target":["https:\/\/msconectado.com.br\/?p=21383#respond"]}]},{"@type":"WebPage","@id":"https:\/\/msconectado.com.br\/?p=21383","url":"https:\/\/msconectado.com.br\/?p=21383","name":"Vereador Luciano solicita apoio da Gemutran para otimizar tr\u00e2nsito na sa\u00edda de escolas em Maracaju - MsConectado","isPartOf":{"@id":"https:\/\/msconectado.com.br\/#website"},"primaryImageOfPage":{"@id":"https:\/\/msconectado.com.br\/?p=21383#primaryimage"},"image":{"@id":"https:\/\/msconectado.com.br\/?p=21383#primaryimage"},"thumbnailUrl":"https:\/\/msconectado.com.br\/wp-content\/uploads\/2024\/03\/rdz____IMG_1503_-_Rafael_Mendes-4.jpg","datePublished":"2024-03-05T00:33:25+00:00","dateModified":"2024-03-05T00:33:26+00:00","breadcrumb":{"@id":"https:\/\/msconectado.com.br\/?p=21383#breadcrumb"},"inLanguage":"pt-BR","potentialAction":[{"@type":"ReadAction","target":["https:\/\/msconectado.com.br\/?p=21383"]}]},{"@type":"ImageObject","inLanguage":"pt-BR","@id":"https:\/\/msconectado.com.br\/?p=21383#primaryimage","url":"https:\/\/msconectado.com.br\/wp-content\/uploads\/2024\/03\/rdz____IMG_1503_-_Rafael_Mendes-4.jpg","contentUrl":"https:\/\/msconectado.com.br\/wp-content\/uploads\/2024\/03\/rdz____IMG_1503_-_Rafael_Mendes-4.jpg","width":1600,"height":1200},{"@type":"BreadcrumbList","@id":"https:\/\/msconectado.com.br\/?p=21383#breadcrumb","itemListElement":[{"@type":"ListItem","position":1,"name":"In\u00edcio","item":"https:\/\/msconectado.com.br\/?page_id=105"},{"@type":"ListItem","position":2,"name":"Vereador Luciano solicita apoio da Gemutran para otimizar tr\u00e2nsito na sa\u00edda de escolas em Maracaju"}]},{"@type":"WebSite","@id":"https:\/\/msconectado.com.br\/#website","url":"https:\/\/msconectado.com.br\/","name":"MsConectado","description":"Voc\u00ea Conectado com a Not\u00edcia!","publisher":{"@id":"https:\/\/msconectado.com.br\/#organization"},"potentialAction":[{"@type":"SearchAction","target":{"@type":"EntryPoint","urlTemplate":"https:\/\/msconectado.com.br\/?s={search_term_string}"},"query-input":{"@type":"PropertyValueSpecification","valueRequired":true,"valueName":"search_term_string"}}],"inLanguage":"pt-BR"},{"@type":"Organization","@id":"https:\/\/msconectado.com.br\/#organization","name":"MsConectado","url":"https:\/\/msconectado.com.br\/","logo":{"@type":"ImageObject","inLanguage":"pt-BR","@id":"https:\/\/msconectado.com.br\/#\/schema\/logo\/image\/","url":"https:\/\/msconectado.com.br\/wp-content\/uploads\/2023\/01\/cropped-noticia-2.png","contentUrl":"https:\/\/msconectado.com.br\/wp-content\/uploads\/2023\/01\/cropped-noticia-2.png","width":720,"height":157,"caption":"MsConectado"},"image":{"@id":"https:\/\/msconectado.com.br\/#\/schema\/logo\/image\/"}},{"@type":"Person","@id":"https:\/\/msconectado.com.br\/#\/schema\/person\/e5585545b5687092f1041d350b6e2c16","name":"MsConectado","image":{"@type":"ImageObject","inLanguage":"pt-BR","@id":"https:\/\/secure.gravatar.com\/avatar\/3b4f84a0a8a4380ac4431fa79981d073692380c5da00ae97596e794ab0db5c8c?s=96&d=mm&r=g","url":"https:\/\/secure.gravatar.com\/avatar\/3b4f84a0a8a4380ac4431fa79981d073692380c5da00ae97596e794ab0db5c8c?s=96&d=mm&r=g","contentUrl":"https:\/\/secure.gravatar.com\/avatar\/3b4f84a0a8a4380ac4431fa79981d073692380c5da00ae97596e794ab0db5c8c?s=96&d=mm&r=g","caption":"MsConectado"},"url":"https:\/\/msconectado.com.br\/?author=2"}]}},"_links":{"self":[{"href":"https:\/\/msconectado.com.br\/index.php?rest_route=\/wp\/v2\/posts\/21383","targetHints":{"allow":["GET"]}}],"collection":[{"href":"https:\/\/msconectado.com.br\/index.php?rest_route=\/wp\/v2\/posts"}],"about":[{"href":"https:\/\/msconectado.com.br\/index.php?rest_route=\/wp\/v2\/types\/post"}],"author":[{"embeddable":true,"href":"https:\/\/msconectado.com.br\/index.php?rest_route=\/wp\/v2\/users\/2"}],"replies":[{"embeddable":true,"href":"https:\/\/msconectado.com.br\/index.php?rest_route=%2Fwp%2Fv2%2Fcomments&post=21383"}],"version-history":[{"count":1,"href":"https:\/\/msconectado.com.br\/index.php?rest_route=\/wp\/v2\/posts\/21383\/revisions"}],"predecessor-version":[{"id":21385,"href":"https:\/\/msconectado.com.br\/index.php?rest_route=\/wp\/v2\/posts\/21383\/revisions\/21385"}],"wp:featuredmedia":[{"embeddable":true,"href":"https:\/\/msconectado.com.br\/index.php?rest_route=\/wp\/v2\/media\/21384"}],"wp:attachment":[{"href":"https:\/\/msconectado.com.br\/index.php?rest_route=%2Fwp%2Fv2%2Fmedia&parent=21383"}],"wp:term":[{"taxonomy":"category","embeddable":true,"href":"https:\/\/msconectado.com.br\/index.php?rest_route=%2Fwp%2Fv2%2Fcategories&post=21383"},{"taxonomy":"post_tag","embeddable":true,"href":"https:\/\/msconectado.com.br\/index.php?rest_route=%2Fwp%2Fv2%2Ftags&post=21383"}],"curies":[{"name":"wp","href":"https:\/\/api.w.org\/{rel}","templated":true}]}}