
{"id":21389,"date":"2024-03-05T20:29:59","date_gmt":"2024-03-05T20:29:59","guid":{"rendered":"https:\/\/msconectado.com.br\/?p=21389"},"modified":"2024-03-05T20:30:00","modified_gmt":"2024-03-05T20:30:00","slug":"solenidade-homenageia-cidadas-rio-brilhantenses-em-alusao-ao-dia-internacional-da-mulher","status":"publish","type":"post","link":"https:\/\/msconectado.com.br\/?p=21389","title":{"rendered":"Solenidade homenageia cidad\u00e3s rio-brilhantenses em alus\u00e3o ao Dia Internacional da Mulher"},"content":{"rendered":"\n<p>Na \u00faltima segunda-feira, 4 de mar\u00e7o, a C\u00e2mara de Rio Brilhante promoveu uma Sess\u00e3o Solene em comemora\u00e7\u00e3o ao Dia Internacional da Mulher, homenageando mulheres destacadas do munic\u00edpio. O evento ocorreu ap\u00f3s a 5\u00aa Sess\u00e3o Ordin\u00e1ria, no sal\u00e3o do Conviver, onde cada parlamentar escolheu uma mulher representando diversas classes da comunidade feminina.<\/p>\n\n\n\n<p>A abertura da sess\u00e3o ficou a cargo do presidente Paulo C\u00e9sar Alves (MDB), que passou a condu\u00e7\u00e3o dos trabalhos para a vereadora Rose Giuliani. Destaque tamb\u00e9m para o vereador Gamarra, que cedeu seu lugar na bancada para a vereadora Wandressa Barbosa. A vice-prefeita Juraci de Souza e a secret\u00e1ria municipal de administra\u00e7\u00e3o Tatiana Moura tamb\u00e9m marcaram presen\u00e7a na composi\u00e7\u00e3o da mesa.<\/p>\n\n\n\n<p>A vereadora Rose Giuliani expressou sua honra em presidir a sess\u00e3o especial, destacando a import\u00e2ncia de comemorar o Dia Internacional da Mulher. Segundo ela, \u00e9 uma oportunidade para agradecer \u00e0s mulheres que dedicaram suas vidas em prol das lutas e necessidades da comunidade, al\u00e9m de avaliar os desafios enfrentados pelas mulheres nos dias atuais.<\/p>\n\n\n\n<p>Ap\u00f3s a leitura de breves biografias das homenageadas, os vereadores, no uso da tribuna, condecoraram e presentearam suas indicadas, reconhecendo o m\u00e9rito e a contribui\u00e7\u00e3o de cada uma para a sociedade. Diversas mulheres presentes tamb\u00e9m foram agraciadas durante o evento.<\/p>\n\n\n<div class=\"wp-block-image\">\n<figure class=\"aligncenter size-full\"><img fetchpriority=\"high\" decoding=\"async\" width=\"1000\" height=\"667\" src=\"https:\/\/msconectado.com.br\/wp-content\/uploads\/2024\/03\/image-4.png\" alt=\"\" class=\"wp-image-21391\" srcset=\"https:\/\/msconectado.com.br\/wp-content\/uploads\/2024\/03\/image-4.png 1000w, https:\/\/msconectado.com.br\/wp-content\/uploads\/2024\/03\/image-4-300x200.png 300w, https:\/\/msconectado.com.br\/wp-content\/uploads\/2024\/03\/image-4-768x512.png 768w, https:\/\/msconectado.com.br\/wp-content\/uploads\/2024\/03\/image-4-360x240.png 360w\" sizes=\"(max-width: 1000px) 100vw, 1000px\" \/><\/figure>\n<\/div>\n\n\n<p>Segue a lista das homenageadas e seus respectivos vereadores:<\/p>\n\n\n\n<ul class=\"wp-block-list\">\n<li>Vereador Adailton \u00e0 Sra. S\u00f4nia Aparecida Rosa Nascimento Viana<\/li>\n\n\n\n<li>Vereador Tucura \u00e0 Sra. Sirlei Crestanelo Baldim<\/li>\n\n\n\n<li>Vereador Everton \u00e0 Sra. Val\u00e9ria Pires Pedroso<\/li>\n\n\n\n<li>Vereador Zezinho \u00e0 Sra. Denise Weirich Santana<\/li>\n\n\n\n<li>Vereador N\u00f4 \u00e0 Sra. Denise Beatriz Arnt Sulino Dos Santos<\/li>\n\n\n\n<li>Vereador Juarez \u00e0 Sra. Orac\u00e9lia Trindade<\/li>\n\n\n\n<li>Vereador Gamarra \u00e0 Sra. Maria De Lourdes De Lira Da Silva<\/li>\n\n\n\n<li>Vereador Rodrigo \u00e0 Sra. Avelina De Souza Ramos<\/li>\n\n\n\n<li>Vereador S\u00e9rgio \u00e0 Sra. Rosa Maria Crestanello Cansian<\/li>\n\n\n\n<li>Vereador Venizelos \u00e0 Sra. M\u00e1rcia Solange Rosa Azambuja<\/li>\n\n\n\n<li>Vereadora Wandressa \u00e0 Sra. Jucin\u00e9ia Dos Santos Morais Lago<\/li>\n\n\n\n<li>Vereador PC \u00e0 Sra. Cleovane Godoi Viera<\/li>\n\n\n\n<li>Vereadora Rose \u00e0 Sra. Lucila Morais Rocha<\/li>\n<\/ul>\n\n\n\n<p>O evento evidenciou o reconhecimento da C\u00e2mara de Rio Brilhante \u00e0s mulheres que desempenham pap\u00e9is significativos na comunidade, enaltecendo suas contribui\u00e7\u00f5es em diversas esferas da sociedade.<\/p>\n\n\n<div class=\"wp-block-image\">\n<figure class=\"aligncenter size-full\"><img decoding=\"async\" width=\"1000\" height=\"667\" src=\"https:\/\/msconectado.com.br\/wp-content\/uploads\/2024\/03\/image-3.png\" alt=\"\" class=\"wp-image-21390\" srcset=\"https:\/\/msconectado.com.br\/wp-content\/uploads\/2024\/03\/image-3.png 1000w, https:\/\/msconectado.com.br\/wp-content\/uploads\/2024\/03\/image-3-300x200.png 300w, https:\/\/msconectado.com.br\/wp-content\/uploads\/2024\/03\/image-3-768x512.png 768w, https:\/\/msconectado.com.br\/wp-content\/uploads\/2024\/03\/image-3-360x240.png 360w\" sizes=\"(max-width: 1000px) 100vw, 1000px\" \/><\/figure>\n<\/div>\n\n\n<p>Assessoria<\/p>\n\n\n<div class=\"wp-block-image\">\n<figure class=\"aligncenter size-full\"><img decoding=\"async\" width=\"900\" height=\"430\" src=\"https:\/\/msconectado.com.br\/wp-content\/uploads\/2024\/03\/todos.png\" alt=\"\" class=\"wp-image-21351\" srcset=\"https:\/\/msconectado.com.br\/wp-content\/uploads\/2024\/03\/todos.png 900w, https:\/\/msconectado.com.br\/wp-content\/uploads\/2024\/03\/todos-300x143.png 300w, https:\/\/msconectado.com.br\/wp-content\/uploads\/2024\/03\/todos-768x367.png 768w\" sizes=\"(max-width: 900px) 100vw, 900px\" \/><\/figure>\n<\/div>","protected":false},"excerpt":{"rendered":"<p>Na \u00faltima segunda-feira, 4 de mar\u00e7o, a C\u00e2mara de Rio Brilhante promoveu uma Sess\u00e3o Solene em comemora\u00e7\u00e3o ao Dia Internacional da Mulher, homenageando mulheres destacadas do munic\u00edpio. O evento ocorreu ap\u00f3s a 5\u00aa Sess\u00e3o Ordin\u00e1ria, no sal\u00e3o do Conviver, onde cada parlamentar escolheu uma mulher representando diversas classes da comunidade feminina. A abertura da sess\u00e3o [&hellip;]<\/p>\n","protected":false},"author":2,"featured_media":21392,"comment_status":"open","ping_status":"closed","sticky":false,"template":"","format":"standard","meta":{"footnotes":""},"categories":[35,1,33],"tags":[],"class_list":["post-21389","post","type-post","status-publish","format-standard","has-post-thumbnail","hentry","category-cidades","category-noticia","category-politica"],"yoast_head":"<!-- This site is optimized with the Yoast SEO plugin v27.5 - https:\/\/yoast.com\/product\/yoast-seo-wordpress\/ -->\n<title>Solenidade homenageia cidad\u00e3s rio-brilhantenses em alus\u00e3o ao Dia Internacional da Mulher - MsConectado<\/title>\n<meta name=\"robots\" content=\"index, follow, max-snippet:-1, max-image-preview:large, max-video-preview:-1\" \/>\n<link rel=\"canonical\" href=\"https:\/\/msconectado.com.br\/?p=21389\" \/>\n<meta property=\"og:locale\" content=\"pt_BR\" \/>\n<meta property=\"og:type\" content=\"article\" \/>\n<meta property=\"og:title\" content=\"Solenidade homenageia cidad\u00e3s rio-brilhantenses em alus\u00e3o ao Dia Internacional da Mulher - MsConectado\" \/>\n<meta property=\"og:description\" content=\"Na \u00faltima segunda-feira, 4 de mar\u00e7o, a C\u00e2mara de Rio Brilhante promoveu uma Sess\u00e3o Solene em comemora\u00e7\u00e3o ao Dia Internacional da Mulher, homenageando mulheres destacadas do munic\u00edpio. O evento ocorreu ap\u00f3s a 5\u00aa Sess\u00e3o Ordin\u00e1ria, no sal\u00e3o do Conviver, onde cada parlamentar escolheu uma mulher representando diversas classes da comunidade feminina. A abertura da sess\u00e3o [&hellip;]\" \/>\n<meta property=\"og:url\" content=\"https:\/\/msconectado.com.br\/?p=21389\" \/>\n<meta property=\"og:site_name\" content=\"MsConectado\" \/>\n<meta property=\"article:published_time\" content=\"2024-03-05T20:29:59+00:00\" \/>\n<meta property=\"article:modified_time\" content=\"2024-03-05T20:30:00+00:00\" \/>\n<meta property=\"og:image\" content=\"https:\/\/msconectado.com.br\/wp-content\/uploads\/2024\/03\/ridel-2.jpg\" \/>\n\t<meta property=\"og:image:width\" content=\"1000\" \/>\n\t<meta property=\"og:image:height\" content=\"667\" \/>\n\t<meta property=\"og:image:type\" content=\"image\/jpeg\" \/>\n<meta name=\"author\" content=\"MsConectado\" \/>\n<meta name=\"twitter:card\" content=\"summary_large_image\" \/>\n<meta name=\"twitter:label1\" content=\"Escrito por\" \/>\n\t<meta name=\"twitter:data1\" content=\"MsConectado\" \/>\n\t<meta name=\"twitter:label2\" content=\"Est. tempo de leitura\" \/>\n\t<meta name=\"twitter:data2\" content=\"2 minutos\" \/>\n<script type=\"application\/ld+json\" class=\"yoast-schema-graph\">{\"@context\":\"https:\\\/\\\/schema.org\",\"@graph\":[{\"@type\":\"Article\",\"@id\":\"https:\\\/\\\/msconectado.com.br\\\/?p=21389#article\",\"isPartOf\":{\"@id\":\"https:\\\/\\\/msconectado.com.br\\\/?p=21389\"},\"author\":{\"name\":\"MsConectado\",\"@id\":\"https:\\\/\\\/msconectado.com.br\\\/#\\\/schema\\\/person\\\/e5585545b5687092f1041d350b6e2c16\"},\"headline\":\"Solenidade homenageia cidad\u00e3s rio-brilhantenses em alus\u00e3o ao Dia Internacional da Mulher\",\"datePublished\":\"2024-03-05T20:29:59+00:00\",\"dateModified\":\"2024-03-05T20:30:00+00:00\",\"mainEntityOfPage\":{\"@id\":\"https:\\\/\\\/msconectado.com.br\\\/?p=21389\"},\"wordCount\":377,\"commentCount\":0,\"publisher\":{\"@id\":\"https:\\\/\\\/msconectado.com.br\\\/#organization\"},\"image\":{\"@id\":\"https:\\\/\\\/msconectado.com.br\\\/?p=21389#primaryimage\"},\"thumbnailUrl\":\"https:\\\/\\\/msconectado.com.br\\\/wp-content\\\/uploads\\\/2024\\\/03\\\/ridel-2.jpg\",\"articleSection\":[\"Cidades\",\"Not\u00edcia\",\"Pol\u00edtica\"],\"inLanguage\":\"pt-BR\",\"potentialAction\":[{\"@type\":\"CommentAction\",\"name\":\"Comment\",\"target\":[\"https:\\\/\\\/msconectado.com.br\\\/?p=21389#respond\"]}]},{\"@type\":\"WebPage\",\"@id\":\"https:\\\/\\\/msconectado.com.br\\\/?p=21389\",\"url\":\"https:\\\/\\\/msconectado.com.br\\\/?p=21389\",\"name\":\"Solenidade homenageia cidad\u00e3s rio-brilhantenses em alus\u00e3o ao Dia Internacional da Mulher - MsConectado\",\"isPartOf\":{\"@id\":\"https:\\\/\\\/msconectado.com.br\\\/#website\"},\"primaryImageOfPage\":{\"@id\":\"https:\\\/\\\/msconectado.com.br\\\/?p=21389#primaryimage\"},\"image\":{\"@id\":\"https:\\\/\\\/msconectado.com.br\\\/?p=21389#primaryimage\"},\"thumbnailUrl\":\"https:\\\/\\\/msconectado.com.br\\\/wp-content\\\/uploads\\\/2024\\\/03\\\/ridel-2.jpg\",\"datePublished\":\"2024-03-05T20:29:59+00:00\",\"dateModified\":\"2024-03-05T20:30:00+00:00\",\"breadcrumb\":{\"@id\":\"https:\\\/\\\/msconectado.com.br\\\/?p=21389#breadcrumb\"},\"inLanguage\":\"pt-BR\",\"potentialAction\":[{\"@type\":\"ReadAction\",\"target\":[\"https:\\\/\\\/msconectado.com.br\\\/?p=21389\"]}]},{\"@type\":\"ImageObject\",\"inLanguage\":\"pt-BR\",\"@id\":\"https:\\\/\\\/msconectado.com.br\\\/?p=21389#primaryimage\",\"url\":\"https:\\\/\\\/msconectado.com.br\\\/wp-content\\\/uploads\\\/2024\\\/03\\\/ridel-2.jpg\",\"contentUrl\":\"https:\\\/\\\/msconectado.com.br\\\/wp-content\\\/uploads\\\/2024\\\/03\\\/ridel-2.jpg\",\"width\":1000,\"height\":667},{\"@type\":\"BreadcrumbList\",\"@id\":\"https:\\\/\\\/msconectado.com.br\\\/?p=21389#breadcrumb\",\"itemListElement\":[{\"@type\":\"ListItem\",\"position\":1,\"name\":\"In\u00edcio\",\"item\":\"https:\\\/\\\/msconectado.com.br\\\/?page_id=105\"},{\"@type\":\"ListItem\",\"position\":2,\"name\":\"Solenidade homenageia cidad\u00e3s rio-brilhantenses em alus\u00e3o ao Dia Internacional da Mulher\"}]},{\"@type\":\"WebSite\",\"@id\":\"https:\\\/\\\/msconectado.com.br\\\/#website\",\"url\":\"https:\\\/\\\/msconectado.com.br\\\/\",\"name\":\"MsConectado\",\"description\":\"Voc\u00ea Conectado com a Not\u00edcia!\",\"publisher\":{\"@id\":\"https:\\\/\\\/msconectado.com.br\\\/#organization\"},\"potentialAction\":[{\"@type\":\"SearchAction\",\"target\":{\"@type\":\"EntryPoint\",\"urlTemplate\":\"https:\\\/\\\/msconectado.com.br\\\/?s={search_term_string}\"},\"query-input\":{\"@type\":\"PropertyValueSpecification\",\"valueRequired\":true,\"valueName\":\"search_term_string\"}}],\"inLanguage\":\"pt-BR\"},{\"@type\":\"Organization\",\"@id\":\"https:\\\/\\\/msconectado.com.br\\\/#organization\",\"name\":\"MsConectado\",\"url\":\"https:\\\/\\\/msconectado.com.br\\\/\",\"logo\":{\"@type\":\"ImageObject\",\"inLanguage\":\"pt-BR\",\"@id\":\"https:\\\/\\\/msconectado.com.br\\\/#\\\/schema\\\/logo\\\/image\\\/\",\"url\":\"https:\\\/\\\/msconectado.com.br\\\/wp-content\\\/uploads\\\/2023\\\/01\\\/cropped-noticia-2.png\",\"contentUrl\":\"https:\\\/\\\/msconectado.com.br\\\/wp-content\\\/uploads\\\/2023\\\/01\\\/cropped-noticia-2.png\",\"width\":720,\"height\":157,\"caption\":\"MsConectado\"},\"image\":{\"@id\":\"https:\\\/\\\/msconectado.com.br\\\/#\\\/schema\\\/logo\\\/image\\\/\"}},{\"@type\":\"Person\",\"@id\":\"https:\\\/\\\/msconectado.com.br\\\/#\\\/schema\\\/person\\\/e5585545b5687092f1041d350b6e2c16\",\"name\":\"MsConectado\",\"image\":{\"@type\":\"ImageObject\",\"inLanguage\":\"pt-BR\",\"@id\":\"https:\\\/\\\/secure.gravatar.com\\\/avatar\\\/3b4f84a0a8a4380ac4431fa79981d073692380c5da00ae97596e794ab0db5c8c?s=96&d=mm&r=g\",\"url\":\"https:\\\/\\\/secure.gravatar.com\\\/avatar\\\/3b4f84a0a8a4380ac4431fa79981d073692380c5da00ae97596e794ab0db5c8c?s=96&d=mm&r=g\",\"contentUrl\":\"https:\\\/\\\/secure.gravatar.com\\\/avatar\\\/3b4f84a0a8a4380ac4431fa79981d073692380c5da00ae97596e794ab0db5c8c?s=96&d=mm&r=g\",\"caption\":\"MsConectado\"},\"url\":\"https:\\\/\\\/msconectado.com.br\\\/?author=2\"}]}<\/script>\n<!-- \/ Yoast SEO plugin. -->","yoast_head_json":{"title":"Solenidade homenageia cidad\u00e3s rio-brilhantenses em alus\u00e3o ao Dia Internacional da Mulher - MsConectado","robots":{"index":"index","follow":"follow","max-snippet":"max-snippet:-1","max-image-preview":"max-image-preview:large","max-video-preview":"max-video-preview:-1"},"canonical":"https:\/\/msconectado.com.br\/?p=21389","og_locale":"pt_BR","og_type":"article","og_title":"Solenidade homenageia cidad\u00e3s rio-brilhantenses em alus\u00e3o ao Dia Internacional da Mulher - MsConectado","og_description":"Na \u00faltima segunda-feira, 4 de mar\u00e7o, a C\u00e2mara de Rio Brilhante promoveu uma Sess\u00e3o Solene em comemora\u00e7\u00e3o ao Dia Internacional da Mulher, homenageando mulheres destacadas do munic\u00edpio. O evento ocorreu ap\u00f3s a 5\u00aa Sess\u00e3o Ordin\u00e1ria, no sal\u00e3o do Conviver, onde cada parlamentar escolheu uma mulher representando diversas classes da comunidade feminina. A abertura da sess\u00e3o [&hellip;]","og_url":"https:\/\/msconectado.com.br\/?p=21389","og_site_name":"MsConectado","article_published_time":"2024-03-05T20:29:59+00:00","article_modified_time":"2024-03-05T20:30:00+00:00","og_image":[{"width":1000,"height":667,"url":"https:\/\/msconectado.com.br\/wp-content\/uploads\/2024\/03\/ridel-2.jpg","type":"image\/jpeg"}],"author":"MsConectado","twitter_card":"summary_large_image","twitter_misc":{"Escrito por":"MsConectado","Est. tempo de leitura":"2 minutos"},"schema":{"@context":"https:\/\/schema.org","@graph":[{"@type":"Article","@id":"https:\/\/msconectado.com.br\/?p=21389#article","isPartOf":{"@id":"https:\/\/msconectado.com.br\/?p=21389"},"author":{"name":"MsConectado","@id":"https:\/\/msconectado.com.br\/#\/schema\/person\/e5585545b5687092f1041d350b6e2c16"},"headline":"Solenidade homenageia cidad\u00e3s rio-brilhantenses em alus\u00e3o ao Dia Internacional da Mulher","datePublished":"2024-03-05T20:29:59+00:00","dateModified":"2024-03-05T20:30:00+00:00","mainEntityOfPage":{"@id":"https:\/\/msconectado.com.br\/?p=21389"},"wordCount":377,"commentCount":0,"publisher":{"@id":"https:\/\/msconectado.com.br\/#organization"},"image":{"@id":"https:\/\/msconectado.com.br\/?p=21389#primaryimage"},"thumbnailUrl":"https:\/\/msconectado.com.br\/wp-content\/uploads\/2024\/03\/ridel-2.jpg","articleSection":["Cidades","Not\u00edcia","Pol\u00edtica"],"inLanguage":"pt-BR","potentialAction":[{"@type":"CommentAction","name":"Comment","target":["https:\/\/msconectado.com.br\/?p=21389#respond"]}]},{"@type":"WebPage","@id":"https:\/\/msconectado.com.br\/?p=21389","url":"https:\/\/msconectado.com.br\/?p=21389","name":"Solenidade homenageia cidad\u00e3s rio-brilhantenses em alus\u00e3o ao Dia Internacional da Mulher - MsConectado","isPartOf":{"@id":"https:\/\/msconectado.com.br\/#website"},"primaryImageOfPage":{"@id":"https:\/\/msconectado.com.br\/?p=21389#primaryimage"},"image":{"@id":"https:\/\/msconectado.com.br\/?p=21389#primaryimage"},"thumbnailUrl":"https:\/\/msconectado.com.br\/wp-content\/uploads\/2024\/03\/ridel-2.jpg","datePublished":"2024-03-05T20:29:59+00:00","dateModified":"2024-03-05T20:30:00+00:00","breadcrumb":{"@id":"https:\/\/msconectado.com.br\/?p=21389#breadcrumb"},"inLanguage":"pt-BR","potentialAction":[{"@type":"ReadAction","target":["https:\/\/msconectado.com.br\/?p=21389"]}]},{"@type":"ImageObject","inLanguage":"pt-BR","@id":"https:\/\/msconectado.com.br\/?p=21389#primaryimage","url":"https:\/\/msconectado.com.br\/wp-content\/uploads\/2024\/03\/ridel-2.jpg","contentUrl":"https:\/\/msconectado.com.br\/wp-content\/uploads\/2024\/03\/ridel-2.jpg","width":1000,"height":667},{"@type":"BreadcrumbList","@id":"https:\/\/msconectado.com.br\/?p=21389#breadcrumb","itemListElement":[{"@type":"ListItem","position":1,"name":"In\u00edcio","item":"https:\/\/msconectado.com.br\/?page_id=105"},{"@type":"ListItem","position":2,"name":"Solenidade homenageia cidad\u00e3s rio-brilhantenses em alus\u00e3o ao Dia Internacional da Mulher"}]},{"@type":"WebSite","@id":"https:\/\/msconectado.com.br\/#website","url":"https:\/\/msconectado.com.br\/","name":"MsConectado","description":"Voc\u00ea Conectado com a Not\u00edcia!","publisher":{"@id":"https:\/\/msconectado.com.br\/#organization"},"potentialAction":[{"@type":"SearchAction","target":{"@type":"EntryPoint","urlTemplate":"https:\/\/msconectado.com.br\/?s={search_term_string}"},"query-input":{"@type":"PropertyValueSpecification","valueRequired":true,"valueName":"search_term_string"}}],"inLanguage":"pt-BR"},{"@type":"Organization","@id":"https:\/\/msconectado.com.br\/#organization","name":"MsConectado","url":"https:\/\/msconectado.com.br\/","logo":{"@type":"ImageObject","inLanguage":"pt-BR","@id":"https:\/\/msconectado.com.br\/#\/schema\/logo\/image\/","url":"https:\/\/msconectado.com.br\/wp-content\/uploads\/2023\/01\/cropped-noticia-2.png","contentUrl":"https:\/\/msconectado.com.br\/wp-content\/uploads\/2023\/01\/cropped-noticia-2.png","width":720,"height":157,"caption":"MsConectado"},"image":{"@id":"https:\/\/msconectado.com.br\/#\/schema\/logo\/image\/"}},{"@type":"Person","@id":"https:\/\/msconectado.com.br\/#\/schema\/person\/e5585545b5687092f1041d350b6e2c16","name":"MsConectado","image":{"@type":"ImageObject","inLanguage":"pt-BR","@id":"https:\/\/secure.gravatar.com\/avatar\/3b4f84a0a8a4380ac4431fa79981d073692380c5da00ae97596e794ab0db5c8c?s=96&d=mm&r=g","url":"https:\/\/secure.gravatar.com\/avatar\/3b4f84a0a8a4380ac4431fa79981d073692380c5da00ae97596e794ab0db5c8c?s=96&d=mm&r=g","contentUrl":"https:\/\/secure.gravatar.com\/avatar\/3b4f84a0a8a4380ac4431fa79981d073692380c5da00ae97596e794ab0db5c8c?s=96&d=mm&r=g","caption":"MsConectado"},"url":"https:\/\/msconectado.com.br\/?author=2"}]}},"_links":{"self":[{"href":"https:\/\/msconectado.com.br\/index.php?rest_route=\/wp\/v2\/posts\/21389","targetHints":{"allow":["GET"]}}],"collection":[{"href":"https:\/\/msconectado.com.br\/index.php?rest_route=\/wp\/v2\/posts"}],"about":[{"href":"https:\/\/msconectado.com.br\/index.php?rest_route=\/wp\/v2\/types\/post"}],"author":[{"embeddable":true,"href":"https:\/\/msconectado.com.br\/index.php?rest_route=\/wp\/v2\/users\/2"}],"replies":[{"embeddable":true,"href":"https:\/\/msconectado.com.br\/index.php?rest_route=%2Fwp%2Fv2%2Fcomments&post=21389"}],"version-history":[{"count":1,"href":"https:\/\/msconectado.com.br\/index.php?rest_route=\/wp\/v2\/posts\/21389\/revisions"}],"predecessor-version":[{"id":21393,"href":"https:\/\/msconectado.com.br\/index.php?rest_route=\/wp\/v2\/posts\/21389\/revisions\/21393"}],"wp:featuredmedia":[{"embeddable":true,"href":"https:\/\/msconectado.com.br\/index.php?rest_route=\/wp\/v2\/media\/21392"}],"wp:attachment":[{"href":"https:\/\/msconectado.com.br\/index.php?rest_route=%2Fwp%2Fv2%2Fmedia&parent=21389"}],"wp:term":[{"taxonomy":"category","embeddable":true,"href":"https:\/\/msconectado.com.br\/index.php?rest_route=%2Fwp%2Fv2%2Fcategories&post=21389"},{"taxonomy":"post_tag","embeddable":true,"href":"https:\/\/msconectado.com.br\/index.php?rest_route=%2Fwp%2Fv2%2Ftags&post=21389"}],"curies":[{"name":"wp","href":"https:\/\/api.w.org\/{rel}","templated":true}]}}