
{"id":21400,"date":"2024-03-07T23:29:13","date_gmt":"2024-03-07T23:29:13","guid":{"rendered":"https:\/\/msconectado.com.br\/?p=21400"},"modified":"2024-03-07T23:29:16","modified_gmt":"2024-03-07T23:29:16","slug":"comecam-a-chegar-os-kits-escolares-que-atenderao-alunos-da-rede-municipal","status":"publish","type":"post","link":"https:\/\/msconectado.com.br\/?p=21400","title":{"rendered":"Come\u00e7am a chegar os kits escolares que atender\u00e3o alunos da rede municipal"},"content":{"rendered":"\n<p>Ainda neste m\u00eas, os alunos da rede municipal de ensino receber\u00e3o o kit escolar e o uniforme j\u00e1 adquiridos pela Prefeitura de Sidrol\u00e2ndia. Segundo a prefeita, Vanda Camilo, foram investidos R$ 2,9 milh\u00f5es na compra de 12 mil kits, 900 agendas para os professores e uniformes para 10 mil alunos.<\/p>\n\n\n\n<p>Os kits escolares, que custaram R$ 2.141.144,25, vem com cadernos, caixas de giz de cera, squeeze, apontador, borracha, l\u00e1pis, caneta, cadernos, l\u00e1pis de cor jumbo, cola, tesoura, porta l\u00e1pis, massa de modelar, pincel, tinta guache, r\u00e9guas, esquadro, transferidor e agenda.<\/p>\n\n\n\n<p><strong>Grandes investimentos na Educa\u00e7\u00e3o<\/strong><\/p>\n\n\n\n<p>&#8220;A gest\u00e3o est\u00e1 investindo acima de 25% da receita, como determina a Constitui\u00e7\u00e3o. Ano passado, o investimento passou de R$ 60,7 milh\u00f5es, ou seja, 28,42% da receita&#8221;, lembra a prefeita, destacando a abertura de novas vagas para este ano letivo com a entrada em funcionamento da Escola Sandro Luiz Gonzales, a reforma e amplia\u00e7\u00e3o da Escola Municipal Leonida La Rosa Balbuena no Assentamento Jiboia (onde foram investidos R$ 829 mil), e a inaugura\u00e7\u00e3o ainda neste semestre da Escola Professor Benigno Escobar (onde foram investidos R$ 1,4 milh\u00e3o) no Jardim Para\u00edso.<\/p>\n\n\n\n<p>Para garantir conforto aos alunos, foram adquiridos aparelhos de ar-condicionado para 15 escolas (R$ 400.000,00).\u00a0<\/p>\n\n\n\n<p>Assessoria<\/p>\n\n\n<div class=\"wp-block-image\">\n<figure class=\"aligncenter size-full\"><img fetchpriority=\"high\" decoding=\"async\" width=\"900\" height=\"100\" src=\"https:\/\/msconectado.com.br\/wp-content\/uploads\/2024\/03\/Planos_que_atendem_todos_os_gostos.png\" alt=\"\" class=\"wp-image-21399\" srcset=\"https:\/\/msconectado.com.br\/wp-content\/uploads\/2024\/03\/Planos_que_atendem_todos_os_gostos.png 900w, https:\/\/msconectado.com.br\/wp-content\/uploads\/2024\/03\/Planos_que_atendem_todos_os_gostos-300x33.png 300w, https:\/\/msconectado.com.br\/wp-content\/uploads\/2024\/03\/Planos_que_atendem_todos_os_gostos-768x85.png 768w\" sizes=\"(max-width: 900px) 100vw, 900px\" \/><\/figure>\n<\/div>","protected":false},"excerpt":{"rendered":"<p>Ainda neste m\u00eas, os alunos da rede municipal de ensino receber\u00e3o o kit escolar e o uniforme j\u00e1 adquiridos pela Prefeitura de Sidrol\u00e2ndia. Segundo a prefeita, Vanda Camilo, foram investidos R$ 2,9 milh\u00f5es na compra de 12 mil kits, 900 agendas para os professores e uniformes para 10 mil alunos. Os kits escolares, que custaram [&hellip;]<\/p>\n","protected":false},"author":2,"featured_media":21401,"comment_status":"open","ping_status":"closed","sticky":false,"template":"","format":"standard","meta":{"footnotes":""},"categories":[35,1],"tags":[],"class_list":["post-21400","post","type-post","status-publish","format-standard","has-post-thumbnail","hentry","category-cidades","category-noticia"],"yoast_head":"<!-- This site is optimized with the Yoast SEO plugin v27.5 - https:\/\/yoast.com\/product\/yoast-seo-wordpress\/ -->\n<title>Come\u00e7am a chegar os kits escolares que atender\u00e3o alunos da rede municipal - MsConectado<\/title>\n<meta name=\"robots\" content=\"index, follow, max-snippet:-1, max-image-preview:large, max-video-preview:-1\" \/>\n<link rel=\"canonical\" href=\"https:\/\/msconectado.com.br\/?p=21400\" \/>\n<meta property=\"og:locale\" content=\"pt_BR\" \/>\n<meta property=\"og:type\" content=\"article\" \/>\n<meta property=\"og:title\" content=\"Come\u00e7am a chegar os kits escolares que atender\u00e3o alunos da rede municipal - MsConectado\" \/>\n<meta property=\"og:description\" content=\"Ainda neste m\u00eas, os alunos da rede municipal de ensino receber\u00e3o o kit escolar e o uniforme j\u00e1 adquiridos pela Prefeitura de Sidrol\u00e2ndia. Segundo a prefeita, Vanda Camilo, foram investidos R$ 2,9 milh\u00f5es na compra de 12 mil kits, 900 agendas para os professores e uniformes para 10 mil alunos. Os kits escolares, que custaram [&hellip;]\" \/>\n<meta property=\"og:url\" content=\"https:\/\/msconectado.com.br\/?p=21400\" \/>\n<meta property=\"og:site_name\" content=\"MsConectado\" \/>\n<meta property=\"article:published_time\" content=\"2024-03-07T23:29:13+00:00\" \/>\n<meta property=\"article:modified_time\" content=\"2024-03-07T23:29:16+00:00\" \/>\n<meta property=\"og:image\" content=\"https:\/\/msconectado.com.br\/wp-content\/uploads\/2024\/03\/normal_WhatsApp_Image_2024-02-06_at_10.58.25-1.jpeg\" \/>\n\t<meta property=\"og:image:width\" content=\"900\" \/>\n\t<meta property=\"og:image:height\" content=\"675\" \/>\n\t<meta property=\"og:image:type\" content=\"image\/jpeg\" \/>\n<meta name=\"author\" content=\"MsConectado\" \/>\n<meta name=\"twitter:card\" content=\"summary_large_image\" \/>\n<meta name=\"twitter:label1\" content=\"Escrito por\" \/>\n\t<meta name=\"twitter:data1\" content=\"MsConectado\" \/>\n\t<meta name=\"twitter:label2\" content=\"Est. tempo de leitura\" \/>\n\t<meta name=\"twitter:data2\" content=\"1 minuto\" \/>\n<script type=\"application\/ld+json\" class=\"yoast-schema-graph\">{\"@context\":\"https:\\\/\\\/schema.org\",\"@graph\":[{\"@type\":\"Article\",\"@id\":\"https:\\\/\\\/msconectado.com.br\\\/?p=21400#article\",\"isPartOf\":{\"@id\":\"https:\\\/\\\/msconectado.com.br\\\/?p=21400\"},\"author\":{\"name\":\"MsConectado\",\"@id\":\"https:\\\/\\\/msconectado.com.br\\\/#\\\/schema\\\/person\\\/e5585545b5687092f1041d350b6e2c16\"},\"headline\":\"Come\u00e7am a chegar os kits escolares que atender\u00e3o alunos da rede municipal\",\"datePublished\":\"2024-03-07T23:29:13+00:00\",\"dateModified\":\"2024-03-07T23:29:16+00:00\",\"mainEntityOfPage\":{\"@id\":\"https:\\\/\\\/msconectado.com.br\\\/?p=21400\"},\"wordCount\":218,\"commentCount\":0,\"publisher\":{\"@id\":\"https:\\\/\\\/msconectado.com.br\\\/#organization\"},\"image\":{\"@id\":\"https:\\\/\\\/msconectado.com.br\\\/?p=21400#primaryimage\"},\"thumbnailUrl\":\"https:\\\/\\\/msconectado.com.br\\\/wp-content\\\/uploads\\\/2024\\\/03\\\/normal_WhatsApp_Image_2024-02-06_at_10.58.25-1.jpeg\",\"articleSection\":[\"Cidades\",\"Not\u00edcia\"],\"inLanguage\":\"pt-BR\",\"potentialAction\":[{\"@type\":\"CommentAction\",\"name\":\"Comment\",\"target\":[\"https:\\\/\\\/msconectado.com.br\\\/?p=21400#respond\"]}]},{\"@type\":\"WebPage\",\"@id\":\"https:\\\/\\\/msconectado.com.br\\\/?p=21400\",\"url\":\"https:\\\/\\\/msconectado.com.br\\\/?p=21400\",\"name\":\"Come\u00e7am a chegar os kits escolares que atender\u00e3o alunos da rede municipal - MsConectado\",\"isPartOf\":{\"@id\":\"https:\\\/\\\/msconectado.com.br\\\/#website\"},\"primaryImageOfPage\":{\"@id\":\"https:\\\/\\\/msconectado.com.br\\\/?p=21400#primaryimage\"},\"image\":{\"@id\":\"https:\\\/\\\/msconectado.com.br\\\/?p=21400#primaryimage\"},\"thumbnailUrl\":\"https:\\\/\\\/msconectado.com.br\\\/wp-content\\\/uploads\\\/2024\\\/03\\\/normal_WhatsApp_Image_2024-02-06_at_10.58.25-1.jpeg\",\"datePublished\":\"2024-03-07T23:29:13+00:00\",\"dateModified\":\"2024-03-07T23:29:16+00:00\",\"breadcrumb\":{\"@id\":\"https:\\\/\\\/msconectado.com.br\\\/?p=21400#breadcrumb\"},\"inLanguage\":\"pt-BR\",\"potentialAction\":[{\"@type\":\"ReadAction\",\"target\":[\"https:\\\/\\\/msconectado.com.br\\\/?p=21400\"]}]},{\"@type\":\"ImageObject\",\"inLanguage\":\"pt-BR\",\"@id\":\"https:\\\/\\\/msconectado.com.br\\\/?p=21400#primaryimage\",\"url\":\"https:\\\/\\\/msconectado.com.br\\\/wp-content\\\/uploads\\\/2024\\\/03\\\/normal_WhatsApp_Image_2024-02-06_at_10.58.25-1.jpeg\",\"contentUrl\":\"https:\\\/\\\/msconectado.com.br\\\/wp-content\\\/uploads\\\/2024\\\/03\\\/normal_WhatsApp_Image_2024-02-06_at_10.58.25-1.jpeg\",\"width\":900,\"height\":675},{\"@type\":\"BreadcrumbList\",\"@id\":\"https:\\\/\\\/msconectado.com.br\\\/?p=21400#breadcrumb\",\"itemListElement\":[{\"@type\":\"ListItem\",\"position\":1,\"name\":\"In\u00edcio\",\"item\":\"https:\\\/\\\/msconectado.com.br\\\/?page_id=105\"},{\"@type\":\"ListItem\",\"position\":2,\"name\":\"Come\u00e7am a chegar os kits escolares que atender\u00e3o alunos da rede municipal\"}]},{\"@type\":\"WebSite\",\"@id\":\"https:\\\/\\\/msconectado.com.br\\\/#website\",\"url\":\"https:\\\/\\\/msconectado.com.br\\\/\",\"name\":\"MsConectado\",\"description\":\"Voc\u00ea Conectado com a Not\u00edcia!\",\"publisher\":{\"@id\":\"https:\\\/\\\/msconectado.com.br\\\/#organization\"},\"potentialAction\":[{\"@type\":\"SearchAction\",\"target\":{\"@type\":\"EntryPoint\",\"urlTemplate\":\"https:\\\/\\\/msconectado.com.br\\\/?s={search_term_string}\"},\"query-input\":{\"@type\":\"PropertyValueSpecification\",\"valueRequired\":true,\"valueName\":\"search_term_string\"}}],\"inLanguage\":\"pt-BR\"},{\"@type\":\"Organization\",\"@id\":\"https:\\\/\\\/msconectado.com.br\\\/#organization\",\"name\":\"MsConectado\",\"url\":\"https:\\\/\\\/msconectado.com.br\\\/\",\"logo\":{\"@type\":\"ImageObject\",\"inLanguage\":\"pt-BR\",\"@id\":\"https:\\\/\\\/msconectado.com.br\\\/#\\\/schema\\\/logo\\\/image\\\/\",\"url\":\"https:\\\/\\\/msconectado.com.br\\\/wp-content\\\/uploads\\\/2023\\\/01\\\/cropped-noticia-2.png\",\"contentUrl\":\"https:\\\/\\\/msconectado.com.br\\\/wp-content\\\/uploads\\\/2023\\\/01\\\/cropped-noticia-2.png\",\"width\":720,\"height\":157,\"caption\":\"MsConectado\"},\"image\":{\"@id\":\"https:\\\/\\\/msconectado.com.br\\\/#\\\/schema\\\/logo\\\/image\\\/\"}},{\"@type\":\"Person\",\"@id\":\"https:\\\/\\\/msconectado.com.br\\\/#\\\/schema\\\/person\\\/e5585545b5687092f1041d350b6e2c16\",\"name\":\"MsConectado\",\"image\":{\"@type\":\"ImageObject\",\"inLanguage\":\"pt-BR\",\"@id\":\"https:\\\/\\\/secure.gravatar.com\\\/avatar\\\/3b4f84a0a8a4380ac4431fa79981d073692380c5da00ae97596e794ab0db5c8c?s=96&d=mm&r=g\",\"url\":\"https:\\\/\\\/secure.gravatar.com\\\/avatar\\\/3b4f84a0a8a4380ac4431fa79981d073692380c5da00ae97596e794ab0db5c8c?s=96&d=mm&r=g\",\"contentUrl\":\"https:\\\/\\\/secure.gravatar.com\\\/avatar\\\/3b4f84a0a8a4380ac4431fa79981d073692380c5da00ae97596e794ab0db5c8c?s=96&d=mm&r=g\",\"caption\":\"MsConectado\"},\"url\":\"https:\\\/\\\/msconectado.com.br\\\/?author=2\"}]}<\/script>\n<!-- \/ Yoast SEO plugin. -->","yoast_head_json":{"title":"Come\u00e7am a chegar os kits escolares que atender\u00e3o alunos da rede municipal - MsConectado","robots":{"index":"index","follow":"follow","max-snippet":"max-snippet:-1","max-image-preview":"max-image-preview:large","max-video-preview":"max-video-preview:-1"},"canonical":"https:\/\/msconectado.com.br\/?p=21400","og_locale":"pt_BR","og_type":"article","og_title":"Come\u00e7am a chegar os kits escolares que atender\u00e3o alunos da rede municipal - MsConectado","og_description":"Ainda neste m\u00eas, os alunos da rede municipal de ensino receber\u00e3o o kit escolar e o uniforme j\u00e1 adquiridos pela Prefeitura de Sidrol\u00e2ndia. Segundo a prefeita, Vanda Camilo, foram investidos R$ 2,9 milh\u00f5es na compra de 12 mil kits, 900 agendas para os professores e uniformes para 10 mil alunos. Os kits escolares, que custaram [&hellip;]","og_url":"https:\/\/msconectado.com.br\/?p=21400","og_site_name":"MsConectado","article_published_time":"2024-03-07T23:29:13+00:00","article_modified_time":"2024-03-07T23:29:16+00:00","og_image":[{"width":900,"height":675,"url":"https:\/\/msconectado.com.br\/wp-content\/uploads\/2024\/03\/normal_WhatsApp_Image_2024-02-06_at_10.58.25-1.jpeg","type":"image\/jpeg"}],"author":"MsConectado","twitter_card":"summary_large_image","twitter_misc":{"Escrito por":"MsConectado","Est. tempo de leitura":"1 minuto"},"schema":{"@context":"https:\/\/schema.org","@graph":[{"@type":"Article","@id":"https:\/\/msconectado.com.br\/?p=21400#article","isPartOf":{"@id":"https:\/\/msconectado.com.br\/?p=21400"},"author":{"name":"MsConectado","@id":"https:\/\/msconectado.com.br\/#\/schema\/person\/e5585545b5687092f1041d350b6e2c16"},"headline":"Come\u00e7am a chegar os kits escolares que atender\u00e3o alunos da rede municipal","datePublished":"2024-03-07T23:29:13+00:00","dateModified":"2024-03-07T23:29:16+00:00","mainEntityOfPage":{"@id":"https:\/\/msconectado.com.br\/?p=21400"},"wordCount":218,"commentCount":0,"publisher":{"@id":"https:\/\/msconectado.com.br\/#organization"},"image":{"@id":"https:\/\/msconectado.com.br\/?p=21400#primaryimage"},"thumbnailUrl":"https:\/\/msconectado.com.br\/wp-content\/uploads\/2024\/03\/normal_WhatsApp_Image_2024-02-06_at_10.58.25-1.jpeg","articleSection":["Cidades","Not\u00edcia"],"inLanguage":"pt-BR","potentialAction":[{"@type":"CommentAction","name":"Comment","target":["https:\/\/msconectado.com.br\/?p=21400#respond"]}]},{"@type":"WebPage","@id":"https:\/\/msconectado.com.br\/?p=21400","url":"https:\/\/msconectado.com.br\/?p=21400","name":"Come\u00e7am a chegar os kits escolares que atender\u00e3o alunos da rede municipal - MsConectado","isPartOf":{"@id":"https:\/\/msconectado.com.br\/#website"},"primaryImageOfPage":{"@id":"https:\/\/msconectado.com.br\/?p=21400#primaryimage"},"image":{"@id":"https:\/\/msconectado.com.br\/?p=21400#primaryimage"},"thumbnailUrl":"https:\/\/msconectado.com.br\/wp-content\/uploads\/2024\/03\/normal_WhatsApp_Image_2024-02-06_at_10.58.25-1.jpeg","datePublished":"2024-03-07T23:29:13+00:00","dateModified":"2024-03-07T23:29:16+00:00","breadcrumb":{"@id":"https:\/\/msconectado.com.br\/?p=21400#breadcrumb"},"inLanguage":"pt-BR","potentialAction":[{"@type":"ReadAction","target":["https:\/\/msconectado.com.br\/?p=21400"]}]},{"@type":"ImageObject","inLanguage":"pt-BR","@id":"https:\/\/msconectado.com.br\/?p=21400#primaryimage","url":"https:\/\/msconectado.com.br\/wp-content\/uploads\/2024\/03\/normal_WhatsApp_Image_2024-02-06_at_10.58.25-1.jpeg","contentUrl":"https:\/\/msconectado.com.br\/wp-content\/uploads\/2024\/03\/normal_WhatsApp_Image_2024-02-06_at_10.58.25-1.jpeg","width":900,"height":675},{"@type":"BreadcrumbList","@id":"https:\/\/msconectado.com.br\/?p=21400#breadcrumb","itemListElement":[{"@type":"ListItem","position":1,"name":"In\u00edcio","item":"https:\/\/msconectado.com.br\/?page_id=105"},{"@type":"ListItem","position":2,"name":"Come\u00e7am a chegar os kits escolares que atender\u00e3o alunos da rede municipal"}]},{"@type":"WebSite","@id":"https:\/\/msconectado.com.br\/#website","url":"https:\/\/msconectado.com.br\/","name":"MsConectado","description":"Voc\u00ea Conectado com a Not\u00edcia!","publisher":{"@id":"https:\/\/msconectado.com.br\/#organization"},"potentialAction":[{"@type":"SearchAction","target":{"@type":"EntryPoint","urlTemplate":"https:\/\/msconectado.com.br\/?s={search_term_string}"},"query-input":{"@type":"PropertyValueSpecification","valueRequired":true,"valueName":"search_term_string"}}],"inLanguage":"pt-BR"},{"@type":"Organization","@id":"https:\/\/msconectado.com.br\/#organization","name":"MsConectado","url":"https:\/\/msconectado.com.br\/","logo":{"@type":"ImageObject","inLanguage":"pt-BR","@id":"https:\/\/msconectado.com.br\/#\/schema\/logo\/image\/","url":"https:\/\/msconectado.com.br\/wp-content\/uploads\/2023\/01\/cropped-noticia-2.png","contentUrl":"https:\/\/msconectado.com.br\/wp-content\/uploads\/2023\/01\/cropped-noticia-2.png","width":720,"height":157,"caption":"MsConectado"},"image":{"@id":"https:\/\/msconectado.com.br\/#\/schema\/logo\/image\/"}},{"@type":"Person","@id":"https:\/\/msconectado.com.br\/#\/schema\/person\/e5585545b5687092f1041d350b6e2c16","name":"MsConectado","image":{"@type":"ImageObject","inLanguage":"pt-BR","@id":"https:\/\/secure.gravatar.com\/avatar\/3b4f84a0a8a4380ac4431fa79981d073692380c5da00ae97596e794ab0db5c8c?s=96&d=mm&r=g","url":"https:\/\/secure.gravatar.com\/avatar\/3b4f84a0a8a4380ac4431fa79981d073692380c5da00ae97596e794ab0db5c8c?s=96&d=mm&r=g","contentUrl":"https:\/\/secure.gravatar.com\/avatar\/3b4f84a0a8a4380ac4431fa79981d073692380c5da00ae97596e794ab0db5c8c?s=96&d=mm&r=g","caption":"MsConectado"},"url":"https:\/\/msconectado.com.br\/?author=2"}]}},"_links":{"self":[{"href":"https:\/\/msconectado.com.br\/index.php?rest_route=\/wp\/v2\/posts\/21400","targetHints":{"allow":["GET"]}}],"collection":[{"href":"https:\/\/msconectado.com.br\/index.php?rest_route=\/wp\/v2\/posts"}],"about":[{"href":"https:\/\/msconectado.com.br\/index.php?rest_route=\/wp\/v2\/types\/post"}],"author":[{"embeddable":true,"href":"https:\/\/msconectado.com.br\/index.php?rest_route=\/wp\/v2\/users\/2"}],"replies":[{"embeddable":true,"href":"https:\/\/msconectado.com.br\/index.php?rest_route=%2Fwp%2Fv2%2Fcomments&post=21400"}],"version-history":[{"count":1,"href":"https:\/\/msconectado.com.br\/index.php?rest_route=\/wp\/v2\/posts\/21400\/revisions"}],"predecessor-version":[{"id":21402,"href":"https:\/\/msconectado.com.br\/index.php?rest_route=\/wp\/v2\/posts\/21400\/revisions\/21402"}],"wp:featuredmedia":[{"embeddable":true,"href":"https:\/\/msconectado.com.br\/index.php?rest_route=\/wp\/v2\/media\/21401"}],"wp:attachment":[{"href":"https:\/\/msconectado.com.br\/index.php?rest_route=%2Fwp%2Fv2%2Fmedia&parent=21400"}],"wp:term":[{"taxonomy":"category","embeddable":true,"href":"https:\/\/msconectado.com.br\/index.php?rest_route=%2Fwp%2Fv2%2Fcategories&post=21400"},{"taxonomy":"post_tag","embeddable":true,"href":"https:\/\/msconectado.com.br\/index.php?rest_route=%2Fwp%2Fv2%2Ftags&post=21400"}],"curies":[{"name":"wp","href":"https:\/\/api.w.org\/{rel}","templated":true}]}}