
{"id":21403,"date":"2024-03-09T20:41:41","date_gmt":"2024-03-09T20:41:41","guid":{"rendered":"https:\/\/msconectado.com.br\/?p=21403"},"modified":"2024-03-09T20:41:42","modified_gmt":"2024-03-09T20:41:43","slug":"camara-municipal-de-jardim-homenageia-servidoras-pelo-dia-internacional-das-mulheres","status":"publish","type":"post","link":"https:\/\/msconectado.com.br\/?p=21403","title":{"rendered":"C\u00e2mara Municipal de Jardim homenageia servidoras pelo Dia Internacional das Mulheres"},"content":{"rendered":"\n<p>Em uma cerim\u00f4nia interna realizada na C\u00e2mara Municipal de Jardim, as servidoras da Casa de Leis foram homenageadas em comemora\u00e7\u00e3o ao Dia Internacional das Mulheres. O presidente Gl\u00e1ucio Cabreira fez quest\u00e3o de ressaltar a import\u00e2ncia de valorizar e reconhecer o trabalho das mulheres, destacando que esse ato de apre\u00e7o deve come\u00e7ar em casa.<\/p>\n\n\n\n<p>&#8220;Em nossa Casa de Leis, valorizamos cada colaborador que contribui diariamente para tornar o ambiente da C\u00e2mara Municipal de Jardim um lugar melhor para todos que nos visitam. As mulheres desempenham um papel fundamental nesse processo e \u00e9 essencial reconhecer e celebrar suas contribui\u00e7\u00f5es&#8221;, afirmou o presidente.<\/p>\n\n\n\n<p>A homenagem \u00e0s servidoras foi marcada por gestos de carinho e reconhecimento pela dedica\u00e7\u00e3o e profissionalismo demonstrados por essas mulheres no desempenho de suas fun\u00e7\u00f5es. Parab\u00e9ns a todas as mulheres que fazem a diferen\u00e7a n\u00e3o apenas na C\u00e2mara Municipal, mas em todos os lugares onde atuam. Que este Dia Internacional das Mulheres seja celebrado com a valoriza\u00e7\u00e3o e respeito que todas merecem.<\/p>\n\n\n\n<p>Reda\u00e7\u00e3o<\/p>\n\n\n<div class=\"wp-block-image\">\n<figure class=\"aligncenter size-full\"><img fetchpriority=\"high\" decoding=\"async\" width=\"900\" height=\"100\" src=\"https:\/\/msconectado.com.br\/wp-content\/uploads\/2024\/03\/Planos_que_atendem_todos_os_gostos.png\" alt=\"\" class=\"wp-image-21399\" srcset=\"https:\/\/msconectado.com.br\/wp-content\/uploads\/2024\/03\/Planos_que_atendem_todos_os_gostos.png 900w, https:\/\/msconectado.com.br\/wp-content\/uploads\/2024\/03\/Planos_que_atendem_todos_os_gostos-300x33.png 300w, https:\/\/msconectado.com.br\/wp-content\/uploads\/2024\/03\/Planos_que_atendem_todos_os_gostos-768x85.png 768w\" sizes=\"(max-width: 900px) 100vw, 900px\" \/><\/figure>\n<\/div>","protected":false},"excerpt":{"rendered":"<p>Em uma cerim\u00f4nia interna realizada na C\u00e2mara Municipal de Jardim, as servidoras da Casa de Leis foram homenageadas em comemora\u00e7\u00e3o ao Dia Internacional das Mulheres. O presidente Gl\u00e1ucio Cabreira fez quest\u00e3o de ressaltar a import\u00e2ncia de valorizar e reconhecer o trabalho das mulheres, destacando que esse ato de apre\u00e7o deve come\u00e7ar em casa. &#8220;Em nossa [&hellip;]<\/p>\n","protected":false},"author":2,"featured_media":21404,"comment_status":"open","ping_status":"closed","sticky":false,"template":"","format":"standard","meta":{"footnotes":""},"categories":[35,1,33],"tags":[],"class_list":["post-21403","post","type-post","status-publish","format-standard","has-post-thumbnail","hentry","category-cidades","category-noticia","category-politica"],"yoast_head":"<!-- This site is optimized with the Yoast SEO plugin v27.5 - https:\/\/yoast.com\/product\/yoast-seo-wordpress\/ -->\n<title>C\u00e2mara Municipal de Jardim homenageia servidoras pelo Dia Internacional das Mulheres - MsConectado<\/title>\n<meta name=\"robots\" content=\"index, follow, max-snippet:-1, max-image-preview:large, max-video-preview:-1\" \/>\n<link rel=\"canonical\" href=\"https:\/\/msconectado.com.br\/?p=21403\" \/>\n<meta property=\"og:locale\" content=\"pt_BR\" \/>\n<meta property=\"og:type\" content=\"article\" \/>\n<meta property=\"og:title\" content=\"C\u00e2mara Municipal de Jardim homenageia servidoras pelo Dia Internacional das Mulheres - MsConectado\" \/>\n<meta property=\"og:description\" content=\"Em uma cerim\u00f4nia interna realizada na C\u00e2mara Municipal de Jardim, as servidoras da Casa de Leis foram homenageadas em comemora\u00e7\u00e3o ao Dia Internacional das Mulheres. O presidente Gl\u00e1ucio Cabreira fez quest\u00e3o de ressaltar a import\u00e2ncia de valorizar e reconhecer o trabalho das mulheres, destacando que esse ato de apre\u00e7o deve come\u00e7ar em casa. &#8220;Em nossa [&hellip;]\" \/>\n<meta property=\"og:url\" content=\"https:\/\/msconectado.com.br\/?p=21403\" \/>\n<meta property=\"og:site_name\" content=\"MsConectado\" \/>\n<meta property=\"article:published_time\" content=\"2024-03-09T20:41:41+00:00\" \/>\n<meta property=\"article:modified_time\" content=\"2024-03-09T20:41:43+00:00\" \/>\n<meta property=\"og:image\" content=\"https:\/\/msconectado.com.br\/wp-content\/uploads\/2024\/03\/Snapinsta.app_431802311_925332125662902_1207896993094324512_n_1080.jpg\" \/>\n\t<meta property=\"og:image:width\" content=\"1080\" \/>\n\t<meta property=\"og:image:height\" content=\"639\" \/>\n\t<meta property=\"og:image:type\" content=\"image\/jpeg\" \/>\n<meta name=\"author\" content=\"MsConectado\" \/>\n<meta name=\"twitter:card\" content=\"summary_large_image\" \/>\n<meta name=\"twitter:label1\" content=\"Escrito por\" \/>\n\t<meta name=\"twitter:data1\" content=\"MsConectado\" \/>\n\t<meta name=\"twitter:label2\" content=\"Est. tempo de leitura\" \/>\n\t<meta name=\"twitter:data2\" content=\"1 minuto\" \/>\n<script type=\"application\/ld+json\" class=\"yoast-schema-graph\">{\"@context\":\"https:\\\/\\\/schema.org\",\"@graph\":[{\"@type\":\"Article\",\"@id\":\"https:\\\/\\\/msconectado.com.br\\\/?p=21403#article\",\"isPartOf\":{\"@id\":\"https:\\\/\\\/msconectado.com.br\\\/?p=21403\"},\"author\":{\"name\":\"MsConectado\",\"@id\":\"https:\\\/\\\/msconectado.com.br\\\/#\\\/schema\\\/person\\\/e5585545b5687092f1041d350b6e2c16\"},\"headline\":\"C\u00e2mara Municipal de Jardim homenageia servidoras pelo Dia Internacional das Mulheres\",\"datePublished\":\"2024-03-09T20:41:41+00:00\",\"dateModified\":\"2024-03-09T20:41:43+00:00\",\"mainEntityOfPage\":{\"@id\":\"https:\\\/\\\/msconectado.com.br\\\/?p=21403\"},\"wordCount\":192,\"commentCount\":0,\"publisher\":{\"@id\":\"https:\\\/\\\/msconectado.com.br\\\/#organization\"},\"image\":{\"@id\":\"https:\\\/\\\/msconectado.com.br\\\/?p=21403#primaryimage\"},\"thumbnailUrl\":\"https:\\\/\\\/msconectado.com.br\\\/wp-content\\\/uploads\\\/2024\\\/03\\\/Snapinsta.app_431802311_925332125662902_1207896993094324512_n_1080.jpg\",\"articleSection\":[\"Cidades\",\"Not\u00edcia\",\"Pol\u00edtica\"],\"inLanguage\":\"pt-BR\",\"potentialAction\":[{\"@type\":\"CommentAction\",\"name\":\"Comment\",\"target\":[\"https:\\\/\\\/msconectado.com.br\\\/?p=21403#respond\"]}]},{\"@type\":\"WebPage\",\"@id\":\"https:\\\/\\\/msconectado.com.br\\\/?p=21403\",\"url\":\"https:\\\/\\\/msconectado.com.br\\\/?p=21403\",\"name\":\"C\u00e2mara Municipal de Jardim homenageia servidoras pelo Dia Internacional das Mulheres - MsConectado\",\"isPartOf\":{\"@id\":\"https:\\\/\\\/msconectado.com.br\\\/#website\"},\"primaryImageOfPage\":{\"@id\":\"https:\\\/\\\/msconectado.com.br\\\/?p=21403#primaryimage\"},\"image\":{\"@id\":\"https:\\\/\\\/msconectado.com.br\\\/?p=21403#primaryimage\"},\"thumbnailUrl\":\"https:\\\/\\\/msconectado.com.br\\\/wp-content\\\/uploads\\\/2024\\\/03\\\/Snapinsta.app_431802311_925332125662902_1207896993094324512_n_1080.jpg\",\"datePublished\":\"2024-03-09T20:41:41+00:00\",\"dateModified\":\"2024-03-09T20:41:43+00:00\",\"breadcrumb\":{\"@id\":\"https:\\\/\\\/msconectado.com.br\\\/?p=21403#breadcrumb\"},\"inLanguage\":\"pt-BR\",\"potentialAction\":[{\"@type\":\"ReadAction\",\"target\":[\"https:\\\/\\\/msconectado.com.br\\\/?p=21403\"]}]},{\"@type\":\"ImageObject\",\"inLanguage\":\"pt-BR\",\"@id\":\"https:\\\/\\\/msconectado.com.br\\\/?p=21403#primaryimage\",\"url\":\"https:\\\/\\\/msconectado.com.br\\\/wp-content\\\/uploads\\\/2024\\\/03\\\/Snapinsta.app_431802311_925332125662902_1207896993094324512_n_1080.jpg\",\"contentUrl\":\"https:\\\/\\\/msconectado.com.br\\\/wp-content\\\/uploads\\\/2024\\\/03\\\/Snapinsta.app_431802311_925332125662902_1207896993094324512_n_1080.jpg\",\"width\":1080,\"height\":639},{\"@type\":\"BreadcrumbList\",\"@id\":\"https:\\\/\\\/msconectado.com.br\\\/?p=21403#breadcrumb\",\"itemListElement\":[{\"@type\":\"ListItem\",\"position\":1,\"name\":\"In\u00edcio\",\"item\":\"https:\\\/\\\/msconectado.com.br\\\/\"},{\"@type\":\"ListItem\",\"position\":2,\"name\":\"C\u00e2mara Municipal de Jardim homenageia servidoras pelo Dia Internacional das Mulheres\"}]},{\"@type\":\"WebSite\",\"@id\":\"https:\\\/\\\/msconectado.com.br\\\/#website\",\"url\":\"https:\\\/\\\/msconectado.com.br\\\/\",\"name\":\"MsConectado\",\"description\":\"Voc\u00ea Conectado com a Not\u00edcia!\",\"publisher\":{\"@id\":\"https:\\\/\\\/msconectado.com.br\\\/#organization\"},\"potentialAction\":[{\"@type\":\"SearchAction\",\"target\":{\"@type\":\"EntryPoint\",\"urlTemplate\":\"https:\\\/\\\/msconectado.com.br\\\/?s={search_term_string}\"},\"query-input\":{\"@type\":\"PropertyValueSpecification\",\"valueRequired\":true,\"valueName\":\"search_term_string\"}}],\"inLanguage\":\"pt-BR\"},{\"@type\":\"Organization\",\"@id\":\"https:\\\/\\\/msconectado.com.br\\\/#organization\",\"name\":\"MsConectado\",\"url\":\"https:\\\/\\\/msconectado.com.br\\\/\",\"logo\":{\"@type\":\"ImageObject\",\"inLanguage\":\"pt-BR\",\"@id\":\"https:\\\/\\\/msconectado.com.br\\\/#\\\/schema\\\/logo\\\/image\\\/\",\"url\":\"https:\\\/\\\/msconectado.com.br\\\/wp-content\\\/uploads\\\/2023\\\/01\\\/cropped-noticia-2.png\",\"contentUrl\":\"https:\\\/\\\/msconectado.com.br\\\/wp-content\\\/uploads\\\/2023\\\/01\\\/cropped-noticia-2.png\",\"width\":720,\"height\":157,\"caption\":\"MsConectado\"},\"image\":{\"@id\":\"https:\\\/\\\/msconectado.com.br\\\/#\\\/schema\\\/logo\\\/image\\\/\"}},{\"@type\":\"Person\",\"@id\":\"https:\\\/\\\/msconectado.com.br\\\/#\\\/schema\\\/person\\\/e5585545b5687092f1041d350b6e2c16\",\"name\":\"MsConectado\",\"image\":{\"@type\":\"ImageObject\",\"inLanguage\":\"pt-BR\",\"@id\":\"https:\\\/\\\/secure.gravatar.com\\\/avatar\\\/3b4f84a0a8a4380ac4431fa79981d073692380c5da00ae97596e794ab0db5c8c?s=96&d=mm&r=g\",\"url\":\"https:\\\/\\\/secure.gravatar.com\\\/avatar\\\/3b4f84a0a8a4380ac4431fa79981d073692380c5da00ae97596e794ab0db5c8c?s=96&d=mm&r=g\",\"contentUrl\":\"https:\\\/\\\/secure.gravatar.com\\\/avatar\\\/3b4f84a0a8a4380ac4431fa79981d073692380c5da00ae97596e794ab0db5c8c?s=96&d=mm&r=g\",\"caption\":\"MsConectado\"},\"url\":\"https:\\\/\\\/msconectado.com.br\\\/?author=2\"}]}<\/script>\n<!-- \/ Yoast SEO plugin. -->","yoast_head_json":{"title":"C\u00e2mara Municipal de Jardim homenageia servidoras pelo Dia Internacional das Mulheres - MsConectado","robots":{"index":"index","follow":"follow","max-snippet":"max-snippet:-1","max-image-preview":"max-image-preview:large","max-video-preview":"max-video-preview:-1"},"canonical":"https:\/\/msconectado.com.br\/?p=21403","og_locale":"pt_BR","og_type":"article","og_title":"C\u00e2mara Municipal de Jardim homenageia servidoras pelo Dia Internacional das Mulheres - MsConectado","og_description":"Em uma cerim\u00f4nia interna realizada na C\u00e2mara Municipal de Jardim, as servidoras da Casa de Leis foram homenageadas em comemora\u00e7\u00e3o ao Dia Internacional das Mulheres. O presidente Gl\u00e1ucio Cabreira fez quest\u00e3o de ressaltar a import\u00e2ncia de valorizar e reconhecer o trabalho das mulheres, destacando que esse ato de apre\u00e7o deve come\u00e7ar em casa. &#8220;Em nossa [&hellip;]","og_url":"https:\/\/msconectado.com.br\/?p=21403","og_site_name":"MsConectado","article_published_time":"2024-03-09T20:41:41+00:00","article_modified_time":"2024-03-09T20:41:43+00:00","og_image":[{"width":1080,"height":639,"url":"https:\/\/msconectado.com.br\/wp-content\/uploads\/2024\/03\/Snapinsta.app_431802311_925332125662902_1207896993094324512_n_1080.jpg","type":"image\/jpeg"}],"author":"MsConectado","twitter_card":"summary_large_image","twitter_misc":{"Escrito por":"MsConectado","Est. tempo de leitura":"1 minuto"},"schema":{"@context":"https:\/\/schema.org","@graph":[{"@type":"Article","@id":"https:\/\/msconectado.com.br\/?p=21403#article","isPartOf":{"@id":"https:\/\/msconectado.com.br\/?p=21403"},"author":{"name":"MsConectado","@id":"https:\/\/msconectado.com.br\/#\/schema\/person\/e5585545b5687092f1041d350b6e2c16"},"headline":"C\u00e2mara Municipal de Jardim homenageia servidoras pelo Dia Internacional das Mulheres","datePublished":"2024-03-09T20:41:41+00:00","dateModified":"2024-03-09T20:41:43+00:00","mainEntityOfPage":{"@id":"https:\/\/msconectado.com.br\/?p=21403"},"wordCount":192,"commentCount":0,"publisher":{"@id":"https:\/\/msconectado.com.br\/#organization"},"image":{"@id":"https:\/\/msconectado.com.br\/?p=21403#primaryimage"},"thumbnailUrl":"https:\/\/msconectado.com.br\/wp-content\/uploads\/2024\/03\/Snapinsta.app_431802311_925332125662902_1207896993094324512_n_1080.jpg","articleSection":["Cidades","Not\u00edcia","Pol\u00edtica"],"inLanguage":"pt-BR","potentialAction":[{"@type":"CommentAction","name":"Comment","target":["https:\/\/msconectado.com.br\/?p=21403#respond"]}]},{"@type":"WebPage","@id":"https:\/\/msconectado.com.br\/?p=21403","url":"https:\/\/msconectado.com.br\/?p=21403","name":"C\u00e2mara Municipal de Jardim homenageia servidoras pelo Dia Internacional das Mulheres - MsConectado","isPartOf":{"@id":"https:\/\/msconectado.com.br\/#website"},"primaryImageOfPage":{"@id":"https:\/\/msconectado.com.br\/?p=21403#primaryimage"},"image":{"@id":"https:\/\/msconectado.com.br\/?p=21403#primaryimage"},"thumbnailUrl":"https:\/\/msconectado.com.br\/wp-content\/uploads\/2024\/03\/Snapinsta.app_431802311_925332125662902_1207896993094324512_n_1080.jpg","datePublished":"2024-03-09T20:41:41+00:00","dateModified":"2024-03-09T20:41:43+00:00","breadcrumb":{"@id":"https:\/\/msconectado.com.br\/?p=21403#breadcrumb"},"inLanguage":"pt-BR","potentialAction":[{"@type":"ReadAction","target":["https:\/\/msconectado.com.br\/?p=21403"]}]},{"@type":"ImageObject","inLanguage":"pt-BR","@id":"https:\/\/msconectado.com.br\/?p=21403#primaryimage","url":"https:\/\/msconectado.com.br\/wp-content\/uploads\/2024\/03\/Snapinsta.app_431802311_925332125662902_1207896993094324512_n_1080.jpg","contentUrl":"https:\/\/msconectado.com.br\/wp-content\/uploads\/2024\/03\/Snapinsta.app_431802311_925332125662902_1207896993094324512_n_1080.jpg","width":1080,"height":639},{"@type":"BreadcrumbList","@id":"https:\/\/msconectado.com.br\/?p=21403#breadcrumb","itemListElement":[{"@type":"ListItem","position":1,"name":"In\u00edcio","item":"https:\/\/msconectado.com.br\/"},{"@type":"ListItem","position":2,"name":"C\u00e2mara Municipal de Jardim homenageia servidoras pelo Dia Internacional das Mulheres"}]},{"@type":"WebSite","@id":"https:\/\/msconectado.com.br\/#website","url":"https:\/\/msconectado.com.br\/","name":"MsConectado","description":"Voc\u00ea Conectado com a Not\u00edcia!","publisher":{"@id":"https:\/\/msconectado.com.br\/#organization"},"potentialAction":[{"@type":"SearchAction","target":{"@type":"EntryPoint","urlTemplate":"https:\/\/msconectado.com.br\/?s={search_term_string}"},"query-input":{"@type":"PropertyValueSpecification","valueRequired":true,"valueName":"search_term_string"}}],"inLanguage":"pt-BR"},{"@type":"Organization","@id":"https:\/\/msconectado.com.br\/#organization","name":"MsConectado","url":"https:\/\/msconectado.com.br\/","logo":{"@type":"ImageObject","inLanguage":"pt-BR","@id":"https:\/\/msconectado.com.br\/#\/schema\/logo\/image\/","url":"https:\/\/msconectado.com.br\/wp-content\/uploads\/2023\/01\/cropped-noticia-2.png","contentUrl":"https:\/\/msconectado.com.br\/wp-content\/uploads\/2023\/01\/cropped-noticia-2.png","width":720,"height":157,"caption":"MsConectado"},"image":{"@id":"https:\/\/msconectado.com.br\/#\/schema\/logo\/image\/"}},{"@type":"Person","@id":"https:\/\/msconectado.com.br\/#\/schema\/person\/e5585545b5687092f1041d350b6e2c16","name":"MsConectado","image":{"@type":"ImageObject","inLanguage":"pt-BR","@id":"https:\/\/secure.gravatar.com\/avatar\/3b4f84a0a8a4380ac4431fa79981d073692380c5da00ae97596e794ab0db5c8c?s=96&d=mm&r=g","url":"https:\/\/secure.gravatar.com\/avatar\/3b4f84a0a8a4380ac4431fa79981d073692380c5da00ae97596e794ab0db5c8c?s=96&d=mm&r=g","contentUrl":"https:\/\/secure.gravatar.com\/avatar\/3b4f84a0a8a4380ac4431fa79981d073692380c5da00ae97596e794ab0db5c8c?s=96&d=mm&r=g","caption":"MsConectado"},"url":"https:\/\/msconectado.com.br\/?author=2"}]}},"_links":{"self":[{"href":"https:\/\/msconectado.com.br\/index.php?rest_route=\/wp\/v2\/posts\/21403","targetHints":{"allow":["GET"]}}],"collection":[{"href":"https:\/\/msconectado.com.br\/index.php?rest_route=\/wp\/v2\/posts"}],"about":[{"href":"https:\/\/msconectado.com.br\/index.php?rest_route=\/wp\/v2\/types\/post"}],"author":[{"embeddable":true,"href":"https:\/\/msconectado.com.br\/index.php?rest_route=\/wp\/v2\/users\/2"}],"replies":[{"embeddable":true,"href":"https:\/\/msconectado.com.br\/index.php?rest_route=%2Fwp%2Fv2%2Fcomments&post=21403"}],"version-history":[{"count":1,"href":"https:\/\/msconectado.com.br\/index.php?rest_route=\/wp\/v2\/posts\/21403\/revisions"}],"predecessor-version":[{"id":21405,"href":"https:\/\/msconectado.com.br\/index.php?rest_route=\/wp\/v2\/posts\/21403\/revisions\/21405"}],"wp:featuredmedia":[{"embeddable":true,"href":"https:\/\/msconectado.com.br\/index.php?rest_route=\/wp\/v2\/media\/21404"}],"wp:attachment":[{"href":"https:\/\/msconectado.com.br\/index.php?rest_route=%2Fwp%2Fv2%2Fmedia&parent=21403"}],"wp:term":[{"taxonomy":"category","embeddable":true,"href":"https:\/\/msconectado.com.br\/index.php?rest_route=%2Fwp%2Fv2%2Fcategories&post=21403"},{"taxonomy":"post_tag","embeddable":true,"href":"https:\/\/msconectado.com.br\/index.php?rest_route=%2Fwp%2Fv2%2Ftags&post=21403"}],"curies":[{"name":"wp","href":"https:\/\/api.w.org\/{rel}","templated":true}]}}