
{"id":21406,"date":"2024-03-09T21:28:32","date_gmt":"2024-03-09T21:28:32","guid":{"rendered":"https:\/\/msconectado.com.br\/?p=21406"},"modified":"2024-03-09T21:28:34","modified_gmt":"2024-03-09T21:28:34","slug":"robert-ziemann-destaca-a-importancia-de-profissionais-auxiliares-para-criancas-autistas-nas-salas-de-aula","status":"publish","type":"post","link":"https:\/\/msconectado.com.br\/?p=21406","title":{"rendered":"Robert Ziemann destaca a import\u00e2ncia de profissionais auxiliares para crian\u00e7as autistas nas salas de aula."},"content":{"rendered":"\n<p>Na 4\u00aa sess\u00e3o ordin\u00e1ria da C\u00e2mara Municipal de Maracaju, o vereador Robert Ziemann fez um pedido crucial \u00e0 Secretaria de Educa\u00e7\u00e3o de Maracaju. Robert destacou a necessidade de profissionais auxiliares de disciplinas para o acompanhamento de crian\u00e7as autistas nas salas de aula. Esse pedido visa garantir um ambiente mais inclusivo e de apoio para essas crian\u00e7as, permitindo que recebam toda a aten\u00e7\u00e3o e suporte necess\u00e1rios para seu desenvolvimento educacional e social.<\/p>\n\n\n\n<p>O vereador ressaltou a import\u00e2ncia de contar com profissionais especializados que possam oferecer a assist\u00eancia adequada a cada crian\u00e7a autista, auxiliando n\u00e3o apenas no aprendizado, mas tamb\u00e9m na integra\u00e7\u00e3o com os colegas e no desenvolvimento de habilidades essenciais para seu crescimento.<\/p>\n\n\n\n<p>A iniciativa de Robert Ziemann destaca a conscientiza\u00e7\u00e3o e a sensibilidade com rela\u00e7\u00e3o \u00e0s necessidades espec\u00edficas das crian\u00e7as autistas, buscando promover uma educa\u00e7\u00e3o mais inclusiva e igualit\u00e1ria em Maracaju. Espera-se que esse pedido seja considerado e implementado pela Secretaria de Educa\u00e7\u00e3o, visando o bem-estar e o sucesso educacional de todas as crian\u00e7as do munic\u00edpio.<\/p>\n\n\n\n<p>Reda\u00e7\u00e3o<\/p>\n\n\n<div class=\"wp-block-image\">\n<figure class=\"aligncenter size-full\"><img fetchpriority=\"high\" decoding=\"async\" width=\"900\" height=\"100\" src=\"https:\/\/msconectado.com.br\/wp-content\/uploads\/2024\/03\/Planos_que_atendem_todos_os_gostos.png\" alt=\"\" class=\"wp-image-21399\" srcset=\"https:\/\/msconectado.com.br\/wp-content\/uploads\/2024\/03\/Planos_que_atendem_todos_os_gostos.png 900w, https:\/\/msconectado.com.br\/wp-content\/uploads\/2024\/03\/Planos_que_atendem_todos_os_gostos-300x33.png 300w, https:\/\/msconectado.com.br\/wp-content\/uploads\/2024\/03\/Planos_que_atendem_todos_os_gostos-768x85.png 768w\" sizes=\"(max-width: 900px) 100vw, 900px\" \/><\/figure>\n<\/div>","protected":false},"excerpt":{"rendered":"<p>Na 4\u00aa sess\u00e3o ordin\u00e1ria da C\u00e2mara Municipal de Maracaju, o vereador Robert Ziemann fez um pedido crucial \u00e0 Secretaria de Educa\u00e7\u00e3o de Maracaju. Robert destacou a necessidade de profissionais auxiliares de disciplinas para o acompanhamento de crian\u00e7as autistas nas salas de aula. Esse pedido visa garantir um ambiente mais inclusivo e de apoio para essas [&hellip;]<\/p>\n","protected":false},"author":2,"featured_media":21407,"comment_status":"open","ping_status":"closed","sticky":false,"template":"","format":"standard","meta":{"footnotes":""},"categories":[35,1],"tags":[],"class_list":["post-21406","post","type-post","status-publish","format-standard","has-post-thumbnail","hentry","category-cidades","category-noticia"],"yoast_head":"<!-- This site is optimized with the Yoast SEO plugin v27.5 - https:\/\/yoast.com\/product\/yoast-seo-wordpress\/ -->\n<title>Robert Ziemann destaca a import\u00e2ncia de profissionais auxiliares para crian\u00e7as autistas nas salas de aula. - MsConectado<\/title>\n<meta name=\"robots\" content=\"index, follow, max-snippet:-1, max-image-preview:large, max-video-preview:-1\" \/>\n<link rel=\"canonical\" href=\"https:\/\/msconectado.com.br\/?p=21406\" \/>\n<meta property=\"og:locale\" content=\"pt_BR\" \/>\n<meta property=\"og:type\" content=\"article\" \/>\n<meta property=\"og:title\" content=\"Robert Ziemann destaca a import\u00e2ncia de profissionais auxiliares para crian\u00e7as autistas nas salas de aula. - MsConectado\" \/>\n<meta property=\"og:description\" content=\"Na 4\u00aa sess\u00e3o ordin\u00e1ria da C\u00e2mara Municipal de Maracaju, o vereador Robert Ziemann fez um pedido crucial \u00e0 Secretaria de Educa\u00e7\u00e3o de Maracaju. Robert destacou a necessidade de profissionais auxiliares de disciplinas para o acompanhamento de crian\u00e7as autistas nas salas de aula. Esse pedido visa garantir um ambiente mais inclusivo e de apoio para essas [&hellip;]\" \/>\n<meta property=\"og:url\" content=\"https:\/\/msconectado.com.br\/?p=21406\" \/>\n<meta property=\"og:site_name\" content=\"MsConectado\" \/>\n<meta property=\"article:published_time\" content=\"2024-03-09T21:28:32+00:00\" \/>\n<meta property=\"article:modified_time\" content=\"2024-03-09T21:28:34+00:00\" \/>\n<meta property=\"og:image\" content=\"https:\/\/msconectado.com.br\/wp-content\/uploads\/2024\/03\/e87c581a-fc72-4c54-90bb-60e3f81724a7.jpg\" \/>\n\t<meta property=\"og:image:width\" content=\"1280\" \/>\n\t<meta property=\"og:image:height\" content=\"960\" \/>\n\t<meta property=\"og:image:type\" content=\"image\/jpeg\" \/>\n<meta name=\"author\" content=\"MsConectado\" \/>\n<meta name=\"twitter:card\" content=\"summary_large_image\" \/>\n<meta name=\"twitter:label1\" content=\"Escrito por\" \/>\n\t<meta name=\"twitter:data1\" content=\"MsConectado\" \/>\n\t<meta name=\"twitter:label2\" content=\"Est. tempo de leitura\" \/>\n\t<meta name=\"twitter:data2\" content=\"1 minuto\" \/>\n<script type=\"application\/ld+json\" class=\"yoast-schema-graph\">{\"@context\":\"https:\\\/\\\/schema.org\",\"@graph\":[{\"@type\":\"Article\",\"@id\":\"https:\\\/\\\/msconectado.com.br\\\/?p=21406#article\",\"isPartOf\":{\"@id\":\"https:\\\/\\\/msconectado.com.br\\\/?p=21406\"},\"author\":{\"name\":\"MsConectado\",\"@id\":\"https:\\\/\\\/msconectado.com.br\\\/#\\\/schema\\\/person\\\/e5585545b5687092f1041d350b6e2c16\"},\"headline\":\"Robert Ziemann destaca a import\u00e2ncia de profissionais auxiliares para crian\u00e7as autistas nas salas de aula.\",\"datePublished\":\"2024-03-09T21:28:32+00:00\",\"dateModified\":\"2024-03-09T21:28:34+00:00\",\"mainEntityOfPage\":{\"@id\":\"https:\\\/\\\/msconectado.com.br\\\/?p=21406\"},\"wordCount\":206,\"commentCount\":0,\"publisher\":{\"@id\":\"https:\\\/\\\/msconectado.com.br\\\/#organization\"},\"image\":{\"@id\":\"https:\\\/\\\/msconectado.com.br\\\/?p=21406#primaryimage\"},\"thumbnailUrl\":\"https:\\\/\\\/msconectado.com.br\\\/wp-content\\\/uploads\\\/2024\\\/03\\\/e87c581a-fc72-4c54-90bb-60e3f81724a7.jpg\",\"articleSection\":[\"Cidades\",\"Not\u00edcia\"],\"inLanguage\":\"pt-BR\",\"potentialAction\":[{\"@type\":\"CommentAction\",\"name\":\"Comment\",\"target\":[\"https:\\\/\\\/msconectado.com.br\\\/?p=21406#respond\"]}]},{\"@type\":\"WebPage\",\"@id\":\"https:\\\/\\\/msconectado.com.br\\\/?p=21406\",\"url\":\"https:\\\/\\\/msconectado.com.br\\\/?p=21406\",\"name\":\"Robert Ziemann destaca a import\u00e2ncia de profissionais auxiliares para crian\u00e7as autistas nas salas de aula. - MsConectado\",\"isPartOf\":{\"@id\":\"https:\\\/\\\/msconectado.com.br\\\/#website\"},\"primaryImageOfPage\":{\"@id\":\"https:\\\/\\\/msconectado.com.br\\\/?p=21406#primaryimage\"},\"image\":{\"@id\":\"https:\\\/\\\/msconectado.com.br\\\/?p=21406#primaryimage\"},\"thumbnailUrl\":\"https:\\\/\\\/msconectado.com.br\\\/wp-content\\\/uploads\\\/2024\\\/03\\\/e87c581a-fc72-4c54-90bb-60e3f81724a7.jpg\",\"datePublished\":\"2024-03-09T21:28:32+00:00\",\"dateModified\":\"2024-03-09T21:28:34+00:00\",\"breadcrumb\":{\"@id\":\"https:\\\/\\\/msconectado.com.br\\\/?p=21406#breadcrumb\"},\"inLanguage\":\"pt-BR\",\"potentialAction\":[{\"@type\":\"ReadAction\",\"target\":[\"https:\\\/\\\/msconectado.com.br\\\/?p=21406\"]}]},{\"@type\":\"ImageObject\",\"inLanguage\":\"pt-BR\",\"@id\":\"https:\\\/\\\/msconectado.com.br\\\/?p=21406#primaryimage\",\"url\":\"https:\\\/\\\/msconectado.com.br\\\/wp-content\\\/uploads\\\/2024\\\/03\\\/e87c581a-fc72-4c54-90bb-60e3f81724a7.jpg\",\"contentUrl\":\"https:\\\/\\\/msconectado.com.br\\\/wp-content\\\/uploads\\\/2024\\\/03\\\/e87c581a-fc72-4c54-90bb-60e3f81724a7.jpg\",\"width\":1280,\"height\":960},{\"@type\":\"BreadcrumbList\",\"@id\":\"https:\\\/\\\/msconectado.com.br\\\/?p=21406#breadcrumb\",\"itemListElement\":[{\"@type\":\"ListItem\",\"position\":1,\"name\":\"In\u00edcio\",\"item\":\"https:\\\/\\\/msconectado.com.br\\\/\"},{\"@type\":\"ListItem\",\"position\":2,\"name\":\"Robert Ziemann destaca a import\u00e2ncia de profissionais auxiliares para crian\u00e7as autistas nas salas de aula.\"}]},{\"@type\":\"WebSite\",\"@id\":\"https:\\\/\\\/msconectado.com.br\\\/#website\",\"url\":\"https:\\\/\\\/msconectado.com.br\\\/\",\"name\":\"MsConectado\",\"description\":\"Voc\u00ea Conectado com a Not\u00edcia!\",\"publisher\":{\"@id\":\"https:\\\/\\\/msconectado.com.br\\\/#organization\"},\"potentialAction\":[{\"@type\":\"SearchAction\",\"target\":{\"@type\":\"EntryPoint\",\"urlTemplate\":\"https:\\\/\\\/msconectado.com.br\\\/?s={search_term_string}\"},\"query-input\":{\"@type\":\"PropertyValueSpecification\",\"valueRequired\":true,\"valueName\":\"search_term_string\"}}],\"inLanguage\":\"pt-BR\"},{\"@type\":\"Organization\",\"@id\":\"https:\\\/\\\/msconectado.com.br\\\/#organization\",\"name\":\"MsConectado\",\"url\":\"https:\\\/\\\/msconectado.com.br\\\/\",\"logo\":{\"@type\":\"ImageObject\",\"inLanguage\":\"pt-BR\",\"@id\":\"https:\\\/\\\/msconectado.com.br\\\/#\\\/schema\\\/logo\\\/image\\\/\",\"url\":\"https:\\\/\\\/msconectado.com.br\\\/wp-content\\\/uploads\\\/2023\\\/01\\\/cropped-noticia-2.png\",\"contentUrl\":\"https:\\\/\\\/msconectado.com.br\\\/wp-content\\\/uploads\\\/2023\\\/01\\\/cropped-noticia-2.png\",\"width\":720,\"height\":157,\"caption\":\"MsConectado\"},\"image\":{\"@id\":\"https:\\\/\\\/msconectado.com.br\\\/#\\\/schema\\\/logo\\\/image\\\/\"}},{\"@type\":\"Person\",\"@id\":\"https:\\\/\\\/msconectado.com.br\\\/#\\\/schema\\\/person\\\/e5585545b5687092f1041d350b6e2c16\",\"name\":\"MsConectado\",\"image\":{\"@type\":\"ImageObject\",\"inLanguage\":\"pt-BR\",\"@id\":\"https:\\\/\\\/secure.gravatar.com\\\/avatar\\\/3b4f84a0a8a4380ac4431fa79981d073692380c5da00ae97596e794ab0db5c8c?s=96&d=mm&r=g\",\"url\":\"https:\\\/\\\/secure.gravatar.com\\\/avatar\\\/3b4f84a0a8a4380ac4431fa79981d073692380c5da00ae97596e794ab0db5c8c?s=96&d=mm&r=g\",\"contentUrl\":\"https:\\\/\\\/secure.gravatar.com\\\/avatar\\\/3b4f84a0a8a4380ac4431fa79981d073692380c5da00ae97596e794ab0db5c8c?s=96&d=mm&r=g\",\"caption\":\"MsConectado\"},\"url\":\"https:\\\/\\\/msconectado.com.br\\\/?author=2\"}]}<\/script>\n<!-- \/ Yoast SEO plugin. -->","yoast_head_json":{"title":"Robert Ziemann destaca a import\u00e2ncia de profissionais auxiliares para crian\u00e7as autistas nas salas de aula. - MsConectado","robots":{"index":"index","follow":"follow","max-snippet":"max-snippet:-1","max-image-preview":"max-image-preview:large","max-video-preview":"max-video-preview:-1"},"canonical":"https:\/\/msconectado.com.br\/?p=21406","og_locale":"pt_BR","og_type":"article","og_title":"Robert Ziemann destaca a import\u00e2ncia de profissionais auxiliares para crian\u00e7as autistas nas salas de aula. - MsConectado","og_description":"Na 4\u00aa sess\u00e3o ordin\u00e1ria da C\u00e2mara Municipal de Maracaju, o vereador Robert Ziemann fez um pedido crucial \u00e0 Secretaria de Educa\u00e7\u00e3o de Maracaju. Robert destacou a necessidade de profissionais auxiliares de disciplinas para o acompanhamento de crian\u00e7as autistas nas salas de aula. Esse pedido visa garantir um ambiente mais inclusivo e de apoio para essas [&hellip;]","og_url":"https:\/\/msconectado.com.br\/?p=21406","og_site_name":"MsConectado","article_published_time":"2024-03-09T21:28:32+00:00","article_modified_time":"2024-03-09T21:28:34+00:00","og_image":[{"width":1280,"height":960,"url":"https:\/\/msconectado.com.br\/wp-content\/uploads\/2024\/03\/e87c581a-fc72-4c54-90bb-60e3f81724a7.jpg","type":"image\/jpeg"}],"author":"MsConectado","twitter_card":"summary_large_image","twitter_misc":{"Escrito por":"MsConectado","Est. tempo de leitura":"1 minuto"},"schema":{"@context":"https:\/\/schema.org","@graph":[{"@type":"Article","@id":"https:\/\/msconectado.com.br\/?p=21406#article","isPartOf":{"@id":"https:\/\/msconectado.com.br\/?p=21406"},"author":{"name":"MsConectado","@id":"https:\/\/msconectado.com.br\/#\/schema\/person\/e5585545b5687092f1041d350b6e2c16"},"headline":"Robert Ziemann destaca a import\u00e2ncia de profissionais auxiliares para crian\u00e7as autistas nas salas de aula.","datePublished":"2024-03-09T21:28:32+00:00","dateModified":"2024-03-09T21:28:34+00:00","mainEntityOfPage":{"@id":"https:\/\/msconectado.com.br\/?p=21406"},"wordCount":206,"commentCount":0,"publisher":{"@id":"https:\/\/msconectado.com.br\/#organization"},"image":{"@id":"https:\/\/msconectado.com.br\/?p=21406#primaryimage"},"thumbnailUrl":"https:\/\/msconectado.com.br\/wp-content\/uploads\/2024\/03\/e87c581a-fc72-4c54-90bb-60e3f81724a7.jpg","articleSection":["Cidades","Not\u00edcia"],"inLanguage":"pt-BR","potentialAction":[{"@type":"CommentAction","name":"Comment","target":["https:\/\/msconectado.com.br\/?p=21406#respond"]}]},{"@type":"WebPage","@id":"https:\/\/msconectado.com.br\/?p=21406","url":"https:\/\/msconectado.com.br\/?p=21406","name":"Robert Ziemann destaca a import\u00e2ncia de profissionais auxiliares para crian\u00e7as autistas nas salas de aula. - MsConectado","isPartOf":{"@id":"https:\/\/msconectado.com.br\/#website"},"primaryImageOfPage":{"@id":"https:\/\/msconectado.com.br\/?p=21406#primaryimage"},"image":{"@id":"https:\/\/msconectado.com.br\/?p=21406#primaryimage"},"thumbnailUrl":"https:\/\/msconectado.com.br\/wp-content\/uploads\/2024\/03\/e87c581a-fc72-4c54-90bb-60e3f81724a7.jpg","datePublished":"2024-03-09T21:28:32+00:00","dateModified":"2024-03-09T21:28:34+00:00","breadcrumb":{"@id":"https:\/\/msconectado.com.br\/?p=21406#breadcrumb"},"inLanguage":"pt-BR","potentialAction":[{"@type":"ReadAction","target":["https:\/\/msconectado.com.br\/?p=21406"]}]},{"@type":"ImageObject","inLanguage":"pt-BR","@id":"https:\/\/msconectado.com.br\/?p=21406#primaryimage","url":"https:\/\/msconectado.com.br\/wp-content\/uploads\/2024\/03\/e87c581a-fc72-4c54-90bb-60e3f81724a7.jpg","contentUrl":"https:\/\/msconectado.com.br\/wp-content\/uploads\/2024\/03\/e87c581a-fc72-4c54-90bb-60e3f81724a7.jpg","width":1280,"height":960},{"@type":"BreadcrumbList","@id":"https:\/\/msconectado.com.br\/?p=21406#breadcrumb","itemListElement":[{"@type":"ListItem","position":1,"name":"In\u00edcio","item":"https:\/\/msconectado.com.br\/"},{"@type":"ListItem","position":2,"name":"Robert Ziemann destaca a import\u00e2ncia de profissionais auxiliares para crian\u00e7as autistas nas salas de aula."}]},{"@type":"WebSite","@id":"https:\/\/msconectado.com.br\/#website","url":"https:\/\/msconectado.com.br\/","name":"MsConectado","description":"Voc\u00ea Conectado com a Not\u00edcia!","publisher":{"@id":"https:\/\/msconectado.com.br\/#organization"},"potentialAction":[{"@type":"SearchAction","target":{"@type":"EntryPoint","urlTemplate":"https:\/\/msconectado.com.br\/?s={search_term_string}"},"query-input":{"@type":"PropertyValueSpecification","valueRequired":true,"valueName":"search_term_string"}}],"inLanguage":"pt-BR"},{"@type":"Organization","@id":"https:\/\/msconectado.com.br\/#organization","name":"MsConectado","url":"https:\/\/msconectado.com.br\/","logo":{"@type":"ImageObject","inLanguage":"pt-BR","@id":"https:\/\/msconectado.com.br\/#\/schema\/logo\/image\/","url":"https:\/\/msconectado.com.br\/wp-content\/uploads\/2023\/01\/cropped-noticia-2.png","contentUrl":"https:\/\/msconectado.com.br\/wp-content\/uploads\/2023\/01\/cropped-noticia-2.png","width":720,"height":157,"caption":"MsConectado"},"image":{"@id":"https:\/\/msconectado.com.br\/#\/schema\/logo\/image\/"}},{"@type":"Person","@id":"https:\/\/msconectado.com.br\/#\/schema\/person\/e5585545b5687092f1041d350b6e2c16","name":"MsConectado","image":{"@type":"ImageObject","inLanguage":"pt-BR","@id":"https:\/\/secure.gravatar.com\/avatar\/3b4f84a0a8a4380ac4431fa79981d073692380c5da00ae97596e794ab0db5c8c?s=96&d=mm&r=g","url":"https:\/\/secure.gravatar.com\/avatar\/3b4f84a0a8a4380ac4431fa79981d073692380c5da00ae97596e794ab0db5c8c?s=96&d=mm&r=g","contentUrl":"https:\/\/secure.gravatar.com\/avatar\/3b4f84a0a8a4380ac4431fa79981d073692380c5da00ae97596e794ab0db5c8c?s=96&d=mm&r=g","caption":"MsConectado"},"url":"https:\/\/msconectado.com.br\/?author=2"}]}},"_links":{"self":[{"href":"https:\/\/msconectado.com.br\/index.php?rest_route=\/wp\/v2\/posts\/21406","targetHints":{"allow":["GET"]}}],"collection":[{"href":"https:\/\/msconectado.com.br\/index.php?rest_route=\/wp\/v2\/posts"}],"about":[{"href":"https:\/\/msconectado.com.br\/index.php?rest_route=\/wp\/v2\/types\/post"}],"author":[{"embeddable":true,"href":"https:\/\/msconectado.com.br\/index.php?rest_route=\/wp\/v2\/users\/2"}],"replies":[{"embeddable":true,"href":"https:\/\/msconectado.com.br\/index.php?rest_route=%2Fwp%2Fv2%2Fcomments&post=21406"}],"version-history":[{"count":1,"href":"https:\/\/msconectado.com.br\/index.php?rest_route=\/wp\/v2\/posts\/21406\/revisions"}],"predecessor-version":[{"id":21408,"href":"https:\/\/msconectado.com.br\/index.php?rest_route=\/wp\/v2\/posts\/21406\/revisions\/21408"}],"wp:featuredmedia":[{"embeddable":true,"href":"https:\/\/msconectado.com.br\/index.php?rest_route=\/wp\/v2\/media\/21407"}],"wp:attachment":[{"href":"https:\/\/msconectado.com.br\/index.php?rest_route=%2Fwp%2Fv2%2Fmedia&parent=21406"}],"wp:term":[{"taxonomy":"category","embeddable":true,"href":"https:\/\/msconectado.com.br\/index.php?rest_route=%2Fwp%2Fv2%2Fcategories&post=21406"},{"taxonomy":"post_tag","embeddable":true,"href":"https:\/\/msconectado.com.br\/index.php?rest_route=%2Fwp%2Fv2%2Ftags&post=21406"}],"curies":[{"name":"wp","href":"https:\/\/api.w.org\/{rel}","templated":true}]}}