
{"id":21409,"date":"2024-03-10T12:33:49","date_gmt":"2024-03-10T12:33:49","guid":{"rendered":"https:\/\/msconectado.com.br\/?p=21409"},"modified":"2024-03-10T12:33:51","modified_gmt":"2024-03-10T12:33:51","slug":"produtores-de-alimentos-de-varios-paises-estao-em-ms-para-conhecer-novas-tecnicas-e-trocar-experiencias-com-agricultores-locais","status":"publish","type":"post","link":"https:\/\/msconectado.com.br\/?p=21409","title":{"rendered":"Produtores de alimentos de v\u00e1rios pa\u00edses est\u00e3o em MS para conhecer novas t\u00e9cnicas e trocar experi\u00eancias com agricultores locais"},"content":{"rendered":"\n<p>Mato Grosso do Sul est\u00e1 sediando, a partir deste s\u00e1bado (9) at\u00e9&nbsp; o dia 17 de mar\u00e7o, a Confer\u00eancia da Nuffield, associa\u00e7\u00e3o internacional do agroneg\u00f3cio que promove o aprendizado e troca de experi\u00eancias para um sistema alimentar global sustent\u00e1vel. \u00c9 a primeira vez que o Estado recebe o evento e a segunda participa\u00e7\u00e3o do Brasil como anfitri\u00e3o.&nbsp;<\/p>\n\n\n\n<p>Nesta edi\u00e7\u00e3o, com a abertura realizada nesta tarde no Bioparque Pantanal, o evento re\u00fane mais de 140 l\u00edderes internacionais do agroneg\u00f3cio de todos os seis continentes para algumas semanas de conhecimento e fortalecimento da rede de relacionamento.<\/p>\n\n\n\n<p>E coube ao governador Eduardo Riedel, acompanhado da primeira-dama M\u00f4nica Riedel,&nbsp; ser o anfitri\u00e3o da confer\u00eancia mundial, e se referiu aos chamados&nbsp;<em>scholars<\/em>&nbsp;(estudiosos, em portugu\u00eas) o que v\u00e3o encontrar em terras sul-mato-grossenses. \u201cSejam bem-vindos. Espero que voc\u00eas estejam em casa, e tenho certeza que a experi\u00eancia os deixar\u00e1 melhor. Estou feliz com a presen\u00e7a de voc\u00eas e por virem visitar Mato Grosso do Sul, que&nbsp; \u00e9 um Estado jovem. \u00c9 uma boa hora e quero que voc\u00eas compreendam um pouco sobre o desenvolvimento que acontece aqui&#8221;,&nbsp; relatou.<\/p>\n\n\n\n<p>O chefe do executivo estadual adiantou ainda aos integrantes da Nuffield, que em sua palestra no domingo (10) ir\u00e1 mostrar&nbsp; a hist\u00f3ria do Estado e como \u00e9 importante na participa\u00e7\u00e3o do agroneg\u00f3cio brasileiro e as perspectivas e posicionamento estrat\u00e9gico numa atividade que caminha junto com a sustentabilidade, forma\u00e7\u00e3o e educa\u00e7\u00e3o profissional para inserir todas as tecnologias dentro do campo, por meio de pol\u00edticas p\u00fablicas\u201d, acrescentou.&nbsp;&nbsp;<\/p>\n\n\n\n<p>Ainda na abertura, os participantes foram agraciados com o coral Mita Rory, composto por crian\u00e7as ind\u00edgenas de Amambai, e que cantaram o Hino Nacional e de Mato Grosso do Sul na l\u00edngua guarani.<\/p>\n\n\n<div class=\"wp-block-image\">\n<figure class=\"aligncenter\"><a href=\"https:\/\/agenciadenoticias.ms.gov.br\/wp-content\/uploads\/2024\/03\/Nuffield.jpeg\"><img decoding=\"async\" src=\"https:\/\/agenciadenoticias.ms.gov.br\/wp-content\/uploads\/2024\/03\/Nuffield-1024x656.jpeg\" alt=\"\"\/><\/a><\/figure>\n<\/div>\n\n<div class=\"wp-block-image\">\n<figure class=\"aligncenter\"><a href=\"https:\/\/agenciadenoticias.ms.gov.br\/wp-content\/uploads\/2024\/03\/Nuffield3.jpeg\"><img decoding=\"async\" src=\"https:\/\/agenciadenoticias.ms.gov.br\/wp-content\/uploads\/2024\/03\/Nuffield3-1024x627.jpeg\" alt=\"\"\/><\/a><\/figure>\n<\/div>\n\n\n<p>O secret\u00e1rio executivo de Meio Ambiente da Semadesc (Secretaria de Estado de Meio Ambiente, Desenvolvimento, Ci\u00eancia, Tecnologia e Inova\u00e7\u00e3o), Artur Falcette, tamb\u00e9m desejou que os participantes desfrutem de uma \u00f3tima experi\u00eancia no Estado. \u201cEu tenho certeza que at\u00e9 o final desta semana voc\u00eas ter\u00e3o a mesma impress\u00e3o que n\u00f3s, que esse \u00e9 o peda\u00e7o de terra mais incr\u00edvel que existe\u201d, acrescentou.<\/p>\n\n\n\n<p>O presidente da Nuffield Internacional, Chris Grote, disse que \u00e9 a primeira vez que visita o Brasil e est\u00e1 se sentindo empolgado com a experi\u00eancia do interc\u00e2mbio. \u201cQualquer pessoa no mundo, que trabalha com a agricultura j\u00e1 ouviu falar no Mato Grosso do Sul&#8221;.<\/p>\n\n\n\n<p>Para o presidente da Nuffield no Brasil, Luciano Loman, o Mato Grosso do Sul \u00e9 uma refer\u00eancia na produ\u00e7\u00e3o agr\u00edcola no Brasil. &#8220;A oportunidade de trazer mais de 100 pessoas que trabalham no agroneg\u00f3cio global nos deixa orgulhosos, al\u00e9m do Estado ser um exemplo de produ\u00e7\u00e3o com conserva\u00e7\u00e3o ambiental. Temos 15 pa\u00edses representados aqui. Temos pessoas de um amplo espectro de atividades rurais, desde produtores de frutas e legumes at\u00e9 aqueles na produ\u00e7\u00e3o de grandes culturas extensivas no meio-oeste norte-americano ou um outro produtor irrigante na Austr\u00e1lia, completou.&nbsp;<\/p>\n\n\n\n<p>Para a associa\u00e7\u00e3o internacional Nuffield, a agricultura \u00e9 a base de um futuro sustent\u00e1vel e programas como este de interc\u00e2mbio ajudam indiv\u00edduos a ganhar confian\u00e7a, conhecimento e redes para capacit\u00e1-los a aprimorar suas habilidades de lideran\u00e7a.&nbsp;A experi\u00eancia permite aos&nbsp;<em>scholars<\/em>&nbsp;conhecerem o que \u00e9 feito de mais atual e inovador nas melhores empresas e propriedades rurais do mundo.<\/p>\n\n\n\n<p>Em Campo Grande, participam&nbsp;<em>scholars<\/em>&nbsp;do Chile, Estados Unidos, Brasil, Austr\u00e1lia, Nova Zel\u00e2ndia, Holanda, Canad\u00e1, entre outros.&nbsp;<\/p>\n\n\n\n<p>Leon Kleis \u00e9 da Holanda e acredita que a experi\u00eancia vai ampliar seu conhecimento. &#8220;Eu acho incr\u00edvel que todos estes mesmos agricultores estejam juntos aqui e com todo o conhecimento&#8221;.<\/p>\n\n\n\n<p>Rachel Baker veio da Nova Zel\u00e2ndia. &#8220;Levei quatro dias para chegar aqui. Foi um longo caminho, mas estou realmente entusiasmada por estar em algum lugar completamente diferente da Nova Zel\u00e2ndia, e assim sendo aqui no Brasil, eu espero aprender muito&#8221;, descreve a neozelandesa.&nbsp;<\/p>\n\n\n\n<p>Durante a estadia em Mato Grosso do Sul, os estudiosos ir\u00e3o visitar propriedades nos munic\u00edpios de Sidrol\u00e2ndia, Nioaque e Bonito. O evento conta com o apoio do Governo do Estado e de entidades e empresas nacionais e internacionais.<\/p>\n\n\n\n<p>O evento de abertura ainda contou a presen\u00e7a da secret\u00e1ria da Cidadania, Viviane Luiza, da senadora Tereza Cristina, do secret\u00e1rio de Administra\u00e7\u00e3o, Frederico Felini, e do secret\u00e1rio da Semadesc, Jaime Verruck.<\/p>\n\n\n\n<p><strong>Nuffield<\/strong><\/p>\n\n\n\n<p>Em 1947 a Nuffield teve in\u00edcio no Reino Unido para que produtores rurais viajassem em busca de conhecimento e inova\u00e7\u00e3o a fim de enfrentarem os desafios de alimenta\u00e7\u00e3o e da economia do pa\u00eds p\u00f3s-guerra.&nbsp;<\/p>\n\n\n\n<p>O fundador foi Mr. William Morris, empres\u00e1rio e filantropo, foi quem come\u00e7ou a proporcionar viagens internacionais aos agricultores brit\u00e2nicos com o objetivo de identificar boas pr\u00e1ticas agr\u00edcolas e abrir novos mercados para estimular a produ\u00e7\u00e3o de alimentos e a economia nos tempos dif\u00edceis ap\u00f3s a Segunda Guerra Mundial. Os servi\u00e7os do William Morris para o seu pa\u00eds, focado em agricultura, ind\u00fastria, sa\u00fade e educa\u00e7\u00e3o foram reconhecidos pela rainha da Inglaterra em 1938 com o t\u00edtulo de lord Nuffield.<\/p>\n\n\n\n<p>Ao todo, s\u00e3o cerca de 1800 \u201cnuffieldianos\u201d, com colaboradores presentes em mais de 40 pa\u00edses e 100 investidores de diferentes setores agr\u00edcolas, pa\u00edses, idades;<\/p>\n\n\n\n<p><em>Alexandre Gonzaga, Comunica\u00e7\u00e3o do Governo de MS<\/em><\/p>\n\n\n\n<p><em>Fotos: Saul Schramm<\/em><\/p>\n\n\n<div class=\"wp-block-image\">\n<figure class=\"aligncenter size-full\"><img fetchpriority=\"high\" decoding=\"async\" width=\"900\" height=\"100\" src=\"https:\/\/msconectado.com.br\/wp-content\/uploads\/2024\/03\/Planos_que_atendem_todos_os_gostos.png\" alt=\"\" class=\"wp-image-21399\" srcset=\"https:\/\/msconectado.com.br\/wp-content\/uploads\/2024\/03\/Planos_que_atendem_todos_os_gostos.png 900w, https:\/\/msconectado.com.br\/wp-content\/uploads\/2024\/03\/Planos_que_atendem_todos_os_gostos-300x33.png 300w, https:\/\/msconectado.com.br\/wp-content\/uploads\/2024\/03\/Planos_que_atendem_todos_os_gostos-768x85.png 768w\" sizes=\"(max-width: 900px) 100vw, 900px\" \/><\/figure>\n<\/div>","protected":false},"excerpt":{"rendered":"<p>Mato Grosso do Sul est\u00e1 sediando, a partir deste s\u00e1bado (9) at\u00e9&nbsp; o dia 17 de mar\u00e7o, a Confer\u00eancia da Nuffield, associa\u00e7\u00e3o internacional do agroneg\u00f3cio que promove o aprendizado e troca de experi\u00eancias para um sistema alimentar global sustent\u00e1vel. \u00c9 a primeira vez que o Estado recebe o evento e a segunda participa\u00e7\u00e3o do Brasil [&hellip;]<\/p>\n","protected":false},"author":2,"featured_media":21410,"comment_status":"open","ping_status":"closed","sticky":false,"template":"","format":"standard","meta":{"footnotes":""},"categories":[35,1,33],"tags":[],"class_list":["post-21409","post","type-post","status-publish","format-standard","has-post-thumbnail","hentry","category-cidades","category-noticia","category-politica"],"yoast_head":"<!-- This site is optimized with the Yoast SEO plugin v27.5 - https:\/\/yoast.com\/product\/yoast-seo-wordpress\/ -->\n<title>Produtores de alimentos de v\u00e1rios pa\u00edses est\u00e3o em MS para conhecer novas t\u00e9cnicas e trocar experi\u00eancias com agricultores locais - MsConectado<\/title>\n<meta name=\"robots\" content=\"index, follow, max-snippet:-1, max-image-preview:large, max-video-preview:-1\" \/>\n<link rel=\"canonical\" href=\"https:\/\/msconectado.com.br\/?p=21409\" \/>\n<meta property=\"og:locale\" content=\"pt_BR\" \/>\n<meta property=\"og:type\" content=\"article\" \/>\n<meta property=\"og:title\" content=\"Produtores de alimentos de v\u00e1rios pa\u00edses est\u00e3o em MS para conhecer novas t\u00e9cnicas e trocar experi\u00eancias com agricultores locais - MsConectado\" \/>\n<meta property=\"og:description\" content=\"Mato Grosso do Sul est\u00e1 sediando, a partir deste s\u00e1bado (9) at\u00e9&nbsp; o dia 17 de mar\u00e7o, a Confer\u00eancia da Nuffield, associa\u00e7\u00e3o internacional do agroneg\u00f3cio que promove o aprendizado e troca de experi\u00eancias para um sistema alimentar global sustent\u00e1vel. \u00c9 a primeira vez que o Estado recebe o evento e a segunda participa\u00e7\u00e3o do Brasil [&hellip;]\" \/>\n<meta property=\"og:url\" content=\"https:\/\/msconectado.com.br\/?p=21409\" \/>\n<meta property=\"og:site_name\" content=\"MsConectado\" \/>\n<meta property=\"article:published_time\" content=\"2024-03-10T12:33:49+00:00\" \/>\n<meta property=\"article:modified_time\" content=\"2024-03-10T12:33:51+00:00\" \/>\n<meta property=\"og:image\" content=\"https:\/\/msconectado.com.br\/wp-content\/uploads\/2024\/03\/Foto-Gigio-Neves-1-730x480-1.jpeg\" \/>\n\t<meta property=\"og:image:width\" content=\"1556\" \/>\n\t<meta property=\"og:image:height\" content=\"1073\" \/>\n\t<meta property=\"og:image:type\" content=\"image\/jpeg\" \/>\n<meta name=\"author\" content=\"MsConectado\" \/>\n<meta name=\"twitter:card\" content=\"summary_large_image\" \/>\n<meta name=\"twitter:label1\" content=\"Escrito por\" \/>\n\t<meta name=\"twitter:data1\" content=\"MsConectado\" \/>\n\t<meta name=\"twitter:label2\" content=\"Est. tempo de leitura\" \/>\n\t<meta name=\"twitter:data2\" content=\"5 minutos\" \/>\n<script type=\"application\/ld+json\" class=\"yoast-schema-graph\">{\"@context\":\"https:\\\/\\\/schema.org\",\"@graph\":[{\"@type\":\"Article\",\"@id\":\"https:\\\/\\\/msconectado.com.br\\\/?p=21409#article\",\"isPartOf\":{\"@id\":\"https:\\\/\\\/msconectado.com.br\\\/?p=21409\"},\"author\":{\"name\":\"MsConectado\",\"@id\":\"https:\\\/\\\/msconectado.com.br\\\/#\\\/schema\\\/person\\\/e5585545b5687092f1041d350b6e2c16\"},\"headline\":\"Produtores de alimentos de v\u00e1rios pa\u00edses est\u00e3o em MS para conhecer novas t\u00e9cnicas e trocar experi\u00eancias com agricultores locais\",\"datePublished\":\"2024-03-10T12:33:49+00:00\",\"dateModified\":\"2024-03-10T12:33:51+00:00\",\"mainEntityOfPage\":{\"@id\":\"https:\\\/\\\/msconectado.com.br\\\/?p=21409\"},\"wordCount\":963,\"commentCount\":0,\"publisher\":{\"@id\":\"https:\\\/\\\/msconectado.com.br\\\/#organization\"},\"image\":{\"@id\":\"https:\\\/\\\/msconectado.com.br\\\/?p=21409#primaryimage\"},\"thumbnailUrl\":\"https:\\\/\\\/msconectado.com.br\\\/wp-content\\\/uploads\\\/2024\\\/03\\\/Foto-Gigio-Neves-1-730x480-1.jpeg\",\"articleSection\":[\"Cidades\",\"Not\u00edcia\",\"Pol\u00edtica\"],\"inLanguage\":\"pt-BR\",\"potentialAction\":[{\"@type\":\"CommentAction\",\"name\":\"Comment\",\"target\":[\"https:\\\/\\\/msconectado.com.br\\\/?p=21409#respond\"]}]},{\"@type\":\"WebPage\",\"@id\":\"https:\\\/\\\/msconectado.com.br\\\/?p=21409\",\"url\":\"https:\\\/\\\/msconectado.com.br\\\/?p=21409\",\"name\":\"Produtores de alimentos de v\u00e1rios pa\u00edses est\u00e3o em MS para conhecer novas t\u00e9cnicas e trocar experi\u00eancias com agricultores locais - MsConectado\",\"isPartOf\":{\"@id\":\"https:\\\/\\\/msconectado.com.br\\\/#website\"},\"primaryImageOfPage\":{\"@id\":\"https:\\\/\\\/msconectado.com.br\\\/?p=21409#primaryimage\"},\"image\":{\"@id\":\"https:\\\/\\\/msconectado.com.br\\\/?p=21409#primaryimage\"},\"thumbnailUrl\":\"https:\\\/\\\/msconectado.com.br\\\/wp-content\\\/uploads\\\/2024\\\/03\\\/Foto-Gigio-Neves-1-730x480-1.jpeg\",\"datePublished\":\"2024-03-10T12:33:49+00:00\",\"dateModified\":\"2024-03-10T12:33:51+00:00\",\"breadcrumb\":{\"@id\":\"https:\\\/\\\/msconectado.com.br\\\/?p=21409#breadcrumb\"},\"inLanguage\":\"pt-BR\",\"potentialAction\":[{\"@type\":\"ReadAction\",\"target\":[\"https:\\\/\\\/msconectado.com.br\\\/?p=21409\"]}]},{\"@type\":\"ImageObject\",\"inLanguage\":\"pt-BR\",\"@id\":\"https:\\\/\\\/msconectado.com.br\\\/?p=21409#primaryimage\",\"url\":\"https:\\\/\\\/msconectado.com.br\\\/wp-content\\\/uploads\\\/2024\\\/03\\\/Foto-Gigio-Neves-1-730x480-1.jpeg\",\"contentUrl\":\"https:\\\/\\\/msconectado.com.br\\\/wp-content\\\/uploads\\\/2024\\\/03\\\/Foto-Gigio-Neves-1-730x480-1.jpeg\",\"width\":1556,\"height\":1073},{\"@type\":\"BreadcrumbList\",\"@id\":\"https:\\\/\\\/msconectado.com.br\\\/?p=21409#breadcrumb\",\"itemListElement\":[{\"@type\":\"ListItem\",\"position\":1,\"name\":\"In\u00edcio\",\"item\":\"https:\\\/\\\/msconectado.com.br\\\/?page_id=105\"},{\"@type\":\"ListItem\",\"position\":2,\"name\":\"Produtores de alimentos de v\u00e1rios pa\u00edses est\u00e3o em MS para conhecer novas t\u00e9cnicas e trocar experi\u00eancias com agricultores locais\"}]},{\"@type\":\"WebSite\",\"@id\":\"https:\\\/\\\/msconectado.com.br\\\/#website\",\"url\":\"https:\\\/\\\/msconectado.com.br\\\/\",\"name\":\"MsConectado\",\"description\":\"Voc\u00ea Conectado com a Not\u00edcia!\",\"publisher\":{\"@id\":\"https:\\\/\\\/msconectado.com.br\\\/#organization\"},\"potentialAction\":[{\"@type\":\"SearchAction\",\"target\":{\"@type\":\"EntryPoint\",\"urlTemplate\":\"https:\\\/\\\/msconectado.com.br\\\/?s={search_term_string}\"},\"query-input\":{\"@type\":\"PropertyValueSpecification\",\"valueRequired\":true,\"valueName\":\"search_term_string\"}}],\"inLanguage\":\"pt-BR\"},{\"@type\":\"Organization\",\"@id\":\"https:\\\/\\\/msconectado.com.br\\\/#organization\",\"name\":\"MsConectado\",\"url\":\"https:\\\/\\\/msconectado.com.br\\\/\",\"logo\":{\"@type\":\"ImageObject\",\"inLanguage\":\"pt-BR\",\"@id\":\"https:\\\/\\\/msconectado.com.br\\\/#\\\/schema\\\/logo\\\/image\\\/\",\"url\":\"https:\\\/\\\/msconectado.com.br\\\/wp-content\\\/uploads\\\/2023\\\/01\\\/cropped-noticia-2.png\",\"contentUrl\":\"https:\\\/\\\/msconectado.com.br\\\/wp-content\\\/uploads\\\/2023\\\/01\\\/cropped-noticia-2.png\",\"width\":720,\"height\":157,\"caption\":\"MsConectado\"},\"image\":{\"@id\":\"https:\\\/\\\/msconectado.com.br\\\/#\\\/schema\\\/logo\\\/image\\\/\"}},{\"@type\":\"Person\",\"@id\":\"https:\\\/\\\/msconectado.com.br\\\/#\\\/schema\\\/person\\\/e5585545b5687092f1041d350b6e2c16\",\"name\":\"MsConectado\",\"image\":{\"@type\":\"ImageObject\",\"inLanguage\":\"pt-BR\",\"@id\":\"https:\\\/\\\/secure.gravatar.com\\\/avatar\\\/3b4f84a0a8a4380ac4431fa79981d073692380c5da00ae97596e794ab0db5c8c?s=96&d=mm&r=g\",\"url\":\"https:\\\/\\\/secure.gravatar.com\\\/avatar\\\/3b4f84a0a8a4380ac4431fa79981d073692380c5da00ae97596e794ab0db5c8c?s=96&d=mm&r=g\",\"contentUrl\":\"https:\\\/\\\/secure.gravatar.com\\\/avatar\\\/3b4f84a0a8a4380ac4431fa79981d073692380c5da00ae97596e794ab0db5c8c?s=96&d=mm&r=g\",\"caption\":\"MsConectado\"},\"url\":\"https:\\\/\\\/msconectado.com.br\\\/?author=2\"}]}<\/script>\n<!-- \/ Yoast SEO plugin. -->","yoast_head_json":{"title":"Produtores de alimentos de v\u00e1rios pa\u00edses est\u00e3o em MS para conhecer novas t\u00e9cnicas e trocar experi\u00eancias com agricultores locais - MsConectado","robots":{"index":"index","follow":"follow","max-snippet":"max-snippet:-1","max-image-preview":"max-image-preview:large","max-video-preview":"max-video-preview:-1"},"canonical":"https:\/\/msconectado.com.br\/?p=21409","og_locale":"pt_BR","og_type":"article","og_title":"Produtores de alimentos de v\u00e1rios pa\u00edses est\u00e3o em MS para conhecer novas t\u00e9cnicas e trocar experi\u00eancias com agricultores locais - MsConectado","og_description":"Mato Grosso do Sul est\u00e1 sediando, a partir deste s\u00e1bado (9) at\u00e9&nbsp; o dia 17 de mar\u00e7o, a Confer\u00eancia da Nuffield, associa\u00e7\u00e3o internacional do agroneg\u00f3cio que promove o aprendizado e troca de experi\u00eancias para um sistema alimentar global sustent\u00e1vel. \u00c9 a primeira vez que o Estado recebe o evento e a segunda participa\u00e7\u00e3o do Brasil [&hellip;]","og_url":"https:\/\/msconectado.com.br\/?p=21409","og_site_name":"MsConectado","article_published_time":"2024-03-10T12:33:49+00:00","article_modified_time":"2024-03-10T12:33:51+00:00","og_image":[{"width":1556,"height":1073,"url":"https:\/\/msconectado.com.br\/wp-content\/uploads\/2024\/03\/Foto-Gigio-Neves-1-730x480-1.jpeg","type":"image\/jpeg"}],"author":"MsConectado","twitter_card":"summary_large_image","twitter_misc":{"Escrito por":"MsConectado","Est. tempo de leitura":"5 minutos"},"schema":{"@context":"https:\/\/schema.org","@graph":[{"@type":"Article","@id":"https:\/\/msconectado.com.br\/?p=21409#article","isPartOf":{"@id":"https:\/\/msconectado.com.br\/?p=21409"},"author":{"name":"MsConectado","@id":"https:\/\/msconectado.com.br\/#\/schema\/person\/e5585545b5687092f1041d350b6e2c16"},"headline":"Produtores de alimentos de v\u00e1rios pa\u00edses est\u00e3o em MS para conhecer novas t\u00e9cnicas e trocar experi\u00eancias com agricultores locais","datePublished":"2024-03-10T12:33:49+00:00","dateModified":"2024-03-10T12:33:51+00:00","mainEntityOfPage":{"@id":"https:\/\/msconectado.com.br\/?p=21409"},"wordCount":963,"commentCount":0,"publisher":{"@id":"https:\/\/msconectado.com.br\/#organization"},"image":{"@id":"https:\/\/msconectado.com.br\/?p=21409#primaryimage"},"thumbnailUrl":"https:\/\/msconectado.com.br\/wp-content\/uploads\/2024\/03\/Foto-Gigio-Neves-1-730x480-1.jpeg","articleSection":["Cidades","Not\u00edcia","Pol\u00edtica"],"inLanguage":"pt-BR","potentialAction":[{"@type":"CommentAction","name":"Comment","target":["https:\/\/msconectado.com.br\/?p=21409#respond"]}]},{"@type":"WebPage","@id":"https:\/\/msconectado.com.br\/?p=21409","url":"https:\/\/msconectado.com.br\/?p=21409","name":"Produtores de alimentos de v\u00e1rios pa\u00edses est\u00e3o em MS para conhecer novas t\u00e9cnicas e trocar experi\u00eancias com agricultores locais - MsConectado","isPartOf":{"@id":"https:\/\/msconectado.com.br\/#website"},"primaryImageOfPage":{"@id":"https:\/\/msconectado.com.br\/?p=21409#primaryimage"},"image":{"@id":"https:\/\/msconectado.com.br\/?p=21409#primaryimage"},"thumbnailUrl":"https:\/\/msconectado.com.br\/wp-content\/uploads\/2024\/03\/Foto-Gigio-Neves-1-730x480-1.jpeg","datePublished":"2024-03-10T12:33:49+00:00","dateModified":"2024-03-10T12:33:51+00:00","breadcrumb":{"@id":"https:\/\/msconectado.com.br\/?p=21409#breadcrumb"},"inLanguage":"pt-BR","potentialAction":[{"@type":"ReadAction","target":["https:\/\/msconectado.com.br\/?p=21409"]}]},{"@type":"ImageObject","inLanguage":"pt-BR","@id":"https:\/\/msconectado.com.br\/?p=21409#primaryimage","url":"https:\/\/msconectado.com.br\/wp-content\/uploads\/2024\/03\/Foto-Gigio-Neves-1-730x480-1.jpeg","contentUrl":"https:\/\/msconectado.com.br\/wp-content\/uploads\/2024\/03\/Foto-Gigio-Neves-1-730x480-1.jpeg","width":1556,"height":1073},{"@type":"BreadcrumbList","@id":"https:\/\/msconectado.com.br\/?p=21409#breadcrumb","itemListElement":[{"@type":"ListItem","position":1,"name":"In\u00edcio","item":"https:\/\/msconectado.com.br\/?page_id=105"},{"@type":"ListItem","position":2,"name":"Produtores de alimentos de v\u00e1rios pa\u00edses est\u00e3o em MS para conhecer novas t\u00e9cnicas e trocar experi\u00eancias com agricultores locais"}]},{"@type":"WebSite","@id":"https:\/\/msconectado.com.br\/#website","url":"https:\/\/msconectado.com.br\/","name":"MsConectado","description":"Voc\u00ea Conectado com a Not\u00edcia!","publisher":{"@id":"https:\/\/msconectado.com.br\/#organization"},"potentialAction":[{"@type":"SearchAction","target":{"@type":"EntryPoint","urlTemplate":"https:\/\/msconectado.com.br\/?s={search_term_string}"},"query-input":{"@type":"PropertyValueSpecification","valueRequired":true,"valueName":"search_term_string"}}],"inLanguage":"pt-BR"},{"@type":"Organization","@id":"https:\/\/msconectado.com.br\/#organization","name":"MsConectado","url":"https:\/\/msconectado.com.br\/","logo":{"@type":"ImageObject","inLanguage":"pt-BR","@id":"https:\/\/msconectado.com.br\/#\/schema\/logo\/image\/","url":"https:\/\/msconectado.com.br\/wp-content\/uploads\/2023\/01\/cropped-noticia-2.png","contentUrl":"https:\/\/msconectado.com.br\/wp-content\/uploads\/2023\/01\/cropped-noticia-2.png","width":720,"height":157,"caption":"MsConectado"},"image":{"@id":"https:\/\/msconectado.com.br\/#\/schema\/logo\/image\/"}},{"@type":"Person","@id":"https:\/\/msconectado.com.br\/#\/schema\/person\/e5585545b5687092f1041d350b6e2c16","name":"MsConectado","image":{"@type":"ImageObject","inLanguage":"pt-BR","@id":"https:\/\/secure.gravatar.com\/avatar\/3b4f84a0a8a4380ac4431fa79981d073692380c5da00ae97596e794ab0db5c8c?s=96&d=mm&r=g","url":"https:\/\/secure.gravatar.com\/avatar\/3b4f84a0a8a4380ac4431fa79981d073692380c5da00ae97596e794ab0db5c8c?s=96&d=mm&r=g","contentUrl":"https:\/\/secure.gravatar.com\/avatar\/3b4f84a0a8a4380ac4431fa79981d073692380c5da00ae97596e794ab0db5c8c?s=96&d=mm&r=g","caption":"MsConectado"},"url":"https:\/\/msconectado.com.br\/?author=2"}]}},"_links":{"self":[{"href":"https:\/\/msconectado.com.br\/index.php?rest_route=\/wp\/v2\/posts\/21409","targetHints":{"allow":["GET"]}}],"collection":[{"href":"https:\/\/msconectado.com.br\/index.php?rest_route=\/wp\/v2\/posts"}],"about":[{"href":"https:\/\/msconectado.com.br\/index.php?rest_route=\/wp\/v2\/types\/post"}],"author":[{"embeddable":true,"href":"https:\/\/msconectado.com.br\/index.php?rest_route=\/wp\/v2\/users\/2"}],"replies":[{"embeddable":true,"href":"https:\/\/msconectado.com.br\/index.php?rest_route=%2Fwp%2Fv2%2Fcomments&post=21409"}],"version-history":[{"count":1,"href":"https:\/\/msconectado.com.br\/index.php?rest_route=\/wp\/v2\/posts\/21409\/revisions"}],"predecessor-version":[{"id":21411,"href":"https:\/\/msconectado.com.br\/index.php?rest_route=\/wp\/v2\/posts\/21409\/revisions\/21411"}],"wp:featuredmedia":[{"embeddable":true,"href":"https:\/\/msconectado.com.br\/index.php?rest_route=\/wp\/v2\/media\/21410"}],"wp:attachment":[{"href":"https:\/\/msconectado.com.br\/index.php?rest_route=%2Fwp%2Fv2%2Fmedia&parent=21409"}],"wp:term":[{"taxonomy":"category","embeddable":true,"href":"https:\/\/msconectado.com.br\/index.php?rest_route=%2Fwp%2Fv2%2Fcategories&post=21409"},{"taxonomy":"post_tag","embeddable":true,"href":"https:\/\/msconectado.com.br\/index.php?rest_route=%2Fwp%2Fv2%2Ftags&post=21409"}],"curies":[{"name":"wp","href":"https:\/\/api.w.org\/{rel}","templated":true}]}}