
{"id":21412,"date":"2024-03-12T14:25:54","date_gmt":"2024-03-12T14:25:54","guid":{"rendered":"https:\/\/msconectado.com.br\/?p=21412"},"modified":"2024-03-12T14:25:56","modified_gmt":"2024-03-12T14:25:56","slug":"camara-de-vereadores-realiza-sessao-solene-em-homenagem-as-mulheres","status":"publish","type":"post","link":"https:\/\/msconectado.com.br\/?p=21412","title":{"rendered":"C\u00e2mara de vereadores realiza sess\u00e3o solene em homenagem as mulheres"},"content":{"rendered":"\n<p>A C\u00e2mara de Vereadores de Maracaju, realizou ontem (11) uma sess\u00e3o solene em homenagem as mulheres. Trata-se da Medalha de honra ao M\u00e9rito mulher maracajuense \u2013 Ana Thereza de Lima Alves que homenageou mulheres que contribu\u00edram para nossa comunidade.<\/p>\n\n\n<div class=\"wp-block-image\">\n<figure class=\"aligncenter size-large\"><img fetchpriority=\"high\" decoding=\"async\" width=\"1024\" height=\"682\" src=\"https:\/\/msconectado.com.br\/wp-content\/uploads\/2024\/03\/image-6-1024x682.png\" alt=\"\" class=\"wp-image-21414\" srcset=\"https:\/\/msconectado.com.br\/wp-content\/uploads\/2024\/03\/image-6-1024x682.png 1024w, https:\/\/msconectado.com.br\/wp-content\/uploads\/2024\/03\/image-6-300x200.png 300w, https:\/\/msconectado.com.br\/wp-content\/uploads\/2024\/03\/image-6-768x512.png 768w, https:\/\/msconectado.com.br\/wp-content\/uploads\/2024\/03\/image-6-1536x1023.png 1536w, https:\/\/msconectado.com.br\/wp-content\/uploads\/2024\/03\/image-6-360x240.png 360w, https:\/\/msconectado.com.br\/wp-content\/uploads\/2024\/03\/image-6.png 1600w\" sizes=\"(max-width: 1024px) 100vw, 1024px\" \/><\/figure>\n<\/div>\n\n\n<p><br>A engenheira agr\u00f4noma Claudia Regina Nogueira de Souza recebeu a Medalha de Honra ao M\u00e9rito ela que atua no Sindicato Rural de Maracaju h\u00e1 mais de 18 anos. Tamb\u00e9m foram agraciadas nesta noite: Maria Zenicleide Silva ( Cleide do CAS), Sol\u00eania Lopes Barbosa Garcia, Leiza Karen Barbosa, Juliana Viapiana Baldin dos Santos, Teliane Alvez Bisognin, Jocimar Aparecida Pinheiro dos Reis, Larissa De Carvalho Azambuja Cardoso, Cristinna Spekken, Adelina Gomes Romeiro Azevedo e Eunice Varela.<br>Durante a sess\u00e3o solene foi realizada uma apresenta\u00e7\u00e3o cultural com a cantora Renata Sena e v\u00e1rios v\u00eddeos institucionais em homenagem as mulheres.<\/p>\n\n\n<div class=\"wp-block-image\">\n<figure class=\"aligncenter size-large\"><img decoding=\"async\" width=\"1024\" height=\"682\" src=\"https:\/\/msconectado.com.br\/wp-content\/uploads\/2024\/03\/image-5-1024x682.png\" alt=\"\" class=\"wp-image-21413\" srcset=\"https:\/\/msconectado.com.br\/wp-content\/uploads\/2024\/03\/image-5-1024x682.png 1024w, https:\/\/msconectado.com.br\/wp-content\/uploads\/2024\/03\/image-5-300x200.png 300w, https:\/\/msconectado.com.br\/wp-content\/uploads\/2024\/03\/image-5-768x512.png 768w, https:\/\/msconectado.com.br\/wp-content\/uploads\/2024\/03\/image-5-1536x1023.png 1536w, https:\/\/msconectado.com.br\/wp-content\/uploads\/2024\/03\/image-5-360x240.png 360w, https:\/\/msconectado.com.br\/wp-content\/uploads\/2024\/03\/image-5.png 1600w\" sizes=\"(max-width: 1024px) 100vw, 1024px\" \/><\/figure>\n<\/div>\n\n\n<p><br>O Presidente da C\u00e2mara de Vereadores, Robert Ziemann, parabenizou as mulheres presentes e disse da alegria deste momento: \u201cCada mulher aqui hoje representa muito para nossa sociedade: seja ela dona de casa, faxineira, banc\u00e1ria, empres\u00e1ria dentre outras atividades que na sua grande maioria elas tem ocupado seu lugar em destaque. Um Feliz dia da Mulher \u00e0 todas.\u201d disse Robert.<br>O evento contou tamb\u00e9m com a presen\u00e7a das secret\u00e1rias municipais, diretores, assessora e imprensa.<\/p>\n\n\n<div class=\"wp-block-image\">\n<figure class=\"aligncenter size-large\"><img decoding=\"async\" width=\"1024\" height=\"682\" src=\"https:\/\/msconectado.com.br\/wp-content\/uploads\/2024\/03\/image-7-1024x682.png\" alt=\"\" class=\"wp-image-21415\" srcset=\"https:\/\/msconectado.com.br\/wp-content\/uploads\/2024\/03\/image-7-1024x682.png 1024w, https:\/\/msconectado.com.br\/wp-content\/uploads\/2024\/03\/image-7-300x200.png 300w, https:\/\/msconectado.com.br\/wp-content\/uploads\/2024\/03\/image-7-768x512.png 768w, https:\/\/msconectado.com.br\/wp-content\/uploads\/2024\/03\/image-7-1536x1023.png 1536w, https:\/\/msconectado.com.br\/wp-content\/uploads\/2024\/03\/image-7-360x240.png 360w, https:\/\/msconectado.com.br\/wp-content\/uploads\/2024\/03\/image-7.png 1600w\" sizes=\"(max-width: 1024px) 100vw, 1024px\" \/><\/figure>\n<\/div>\n\n<div class=\"wp-block-image\">\n<figure class=\"aligncenter size-full\"><img loading=\"lazy\" decoding=\"async\" width=\"900\" height=\"100\" src=\"https:\/\/msconectado.com.br\/wp-content\/uploads\/2024\/03\/900x100_CAMARA-MARACAJU_MULHERES.gif\" alt=\"\" class=\"wp-image-21398\"\/><\/figure>\n<\/div>","protected":false},"excerpt":{"rendered":"<p>A C\u00e2mara de Vereadores de Maracaju, realizou ontem (11) uma sess\u00e3o solene em homenagem as mulheres. Trata-se da Medalha de honra ao M\u00e9rito mulher maracajuense \u2013 Ana Thereza de Lima Alves que homenageou mulheres que contribu\u00edram para nossa comunidade. A engenheira agr\u00f4noma Claudia Regina Nogueira de Souza recebeu a Medalha de Honra ao M\u00e9rito ela [&hellip;]<\/p>\n","protected":false},"author":3,"featured_media":21416,"comment_status":"open","ping_status":"closed","sticky":false,"template":"","format":"standard","meta":{"footnotes":""},"categories":[35,1],"tags":[],"class_list":["post-21412","post","type-post","status-publish","format-standard","has-post-thumbnail","hentry","category-cidades","category-noticia"],"yoast_head":"<!-- This site is optimized with the Yoast SEO plugin v27.5 - https:\/\/yoast.com\/product\/yoast-seo-wordpress\/ -->\n<title>C\u00e2mara de vereadores realiza sess\u00e3o solene em homenagem as mulheres - MsConectado<\/title>\n<meta name=\"robots\" content=\"index, follow, max-snippet:-1, max-image-preview:large, max-video-preview:-1\" \/>\n<link rel=\"canonical\" href=\"https:\/\/msconectado.com.br\/?p=21412\" \/>\n<meta property=\"og:locale\" content=\"pt_BR\" \/>\n<meta property=\"og:type\" content=\"article\" \/>\n<meta property=\"og:title\" content=\"C\u00e2mara de vereadores realiza sess\u00e3o solene em homenagem as mulheres - MsConectado\" \/>\n<meta property=\"og:description\" content=\"A C\u00e2mara de Vereadores de Maracaju, realizou ontem (11) uma sess\u00e3o solene em homenagem as mulheres. Trata-se da Medalha de honra ao M\u00e9rito mulher maracajuense \u2013 Ana Thereza de Lima Alves que homenageou mulheres que contribu\u00edram para nossa comunidade. A engenheira agr\u00f4noma Claudia Regina Nogueira de Souza recebeu a Medalha de Honra ao M\u00e9rito ela [&hellip;]\" \/>\n<meta property=\"og:url\" content=\"https:\/\/msconectado.com.br\/?p=21412\" \/>\n<meta property=\"og:site_name\" content=\"MsConectado\" \/>\n<meta property=\"article:published_time\" content=\"2024-03-12T14:25:54+00:00\" \/>\n<meta property=\"article:modified_time\" content=\"2024-03-12T14:25:56+00:00\" \/>\n<meta property=\"og:image\" content=\"https:\/\/msconectado.com.br\/wp-content\/uploads\/2024\/03\/2b083a4b-7b0d-4452-a70a-07010d37dc49.jpg\" \/>\n\t<meta property=\"og:image:width\" content=\"1600\" \/>\n\t<meta property=\"og:image:height\" content=\"1066\" \/>\n\t<meta property=\"og:image:type\" content=\"image\/jpeg\" \/>\n<meta name=\"author\" content=\"Jeferson\" \/>\n<meta name=\"twitter:card\" content=\"summary_large_image\" \/>\n<meta name=\"twitter:label1\" content=\"Escrito por\" \/>\n\t<meta name=\"twitter:data1\" content=\"Jeferson\" \/>\n\t<meta name=\"twitter:label2\" content=\"Est. tempo de leitura\" \/>\n\t<meta name=\"twitter:data2\" content=\"1 minuto\" \/>\n<script type=\"application\/ld+json\" class=\"yoast-schema-graph\">{\"@context\":\"https:\\\/\\\/schema.org\",\"@graph\":[{\"@type\":\"Article\",\"@id\":\"https:\\\/\\\/msconectado.com.br\\\/?p=21412#article\",\"isPartOf\":{\"@id\":\"https:\\\/\\\/msconectado.com.br\\\/?p=21412\"},\"author\":{\"name\":\"Jeferson\",\"@id\":\"https:\\\/\\\/msconectado.com.br\\\/#\\\/schema\\\/person\\\/feb123a95a93eebea36f0ed6a2e5ba48\"},\"headline\":\"C\u00e2mara de vereadores realiza sess\u00e3o solene em homenagem as mulheres\",\"datePublished\":\"2024-03-12T14:25:54+00:00\",\"dateModified\":\"2024-03-12T14:25:56+00:00\",\"mainEntityOfPage\":{\"@id\":\"https:\\\/\\\/msconectado.com.br\\\/?p=21412\"},\"wordCount\":233,\"commentCount\":0,\"publisher\":{\"@id\":\"https:\\\/\\\/msconectado.com.br\\\/#organization\"},\"image\":{\"@id\":\"https:\\\/\\\/msconectado.com.br\\\/?p=21412#primaryimage\"},\"thumbnailUrl\":\"https:\\\/\\\/msconectado.com.br\\\/wp-content\\\/uploads\\\/2024\\\/03\\\/2b083a4b-7b0d-4452-a70a-07010d37dc49.jpg\",\"articleSection\":[\"Cidades\",\"Not\u00edcia\"],\"inLanguage\":\"pt-BR\",\"potentialAction\":[{\"@type\":\"CommentAction\",\"name\":\"Comment\",\"target\":[\"https:\\\/\\\/msconectado.com.br\\\/?p=21412#respond\"]}]},{\"@type\":\"WebPage\",\"@id\":\"https:\\\/\\\/msconectado.com.br\\\/?p=21412\",\"url\":\"https:\\\/\\\/msconectado.com.br\\\/?p=21412\",\"name\":\"C\u00e2mara de vereadores realiza sess\u00e3o solene em homenagem as mulheres - MsConectado\",\"isPartOf\":{\"@id\":\"https:\\\/\\\/msconectado.com.br\\\/#website\"},\"primaryImageOfPage\":{\"@id\":\"https:\\\/\\\/msconectado.com.br\\\/?p=21412#primaryimage\"},\"image\":{\"@id\":\"https:\\\/\\\/msconectado.com.br\\\/?p=21412#primaryimage\"},\"thumbnailUrl\":\"https:\\\/\\\/msconectado.com.br\\\/wp-content\\\/uploads\\\/2024\\\/03\\\/2b083a4b-7b0d-4452-a70a-07010d37dc49.jpg\",\"datePublished\":\"2024-03-12T14:25:54+00:00\",\"dateModified\":\"2024-03-12T14:25:56+00:00\",\"breadcrumb\":{\"@id\":\"https:\\\/\\\/msconectado.com.br\\\/?p=21412#breadcrumb\"},\"inLanguage\":\"pt-BR\",\"potentialAction\":[{\"@type\":\"ReadAction\",\"target\":[\"https:\\\/\\\/msconectado.com.br\\\/?p=21412\"]}]},{\"@type\":\"ImageObject\",\"inLanguage\":\"pt-BR\",\"@id\":\"https:\\\/\\\/msconectado.com.br\\\/?p=21412#primaryimage\",\"url\":\"https:\\\/\\\/msconectado.com.br\\\/wp-content\\\/uploads\\\/2024\\\/03\\\/2b083a4b-7b0d-4452-a70a-07010d37dc49.jpg\",\"contentUrl\":\"https:\\\/\\\/msconectado.com.br\\\/wp-content\\\/uploads\\\/2024\\\/03\\\/2b083a4b-7b0d-4452-a70a-07010d37dc49.jpg\",\"width\":1600,\"height\":1066},{\"@type\":\"BreadcrumbList\",\"@id\":\"https:\\\/\\\/msconectado.com.br\\\/?p=21412#breadcrumb\",\"itemListElement\":[{\"@type\":\"ListItem\",\"position\":1,\"name\":\"In\u00edcio\",\"item\":\"https:\\\/\\\/msconectado.com.br\\\/?page_id=105\"},{\"@type\":\"ListItem\",\"position\":2,\"name\":\"C\u00e2mara de vereadores realiza sess\u00e3o solene em homenagem as mulheres\"}]},{\"@type\":\"WebSite\",\"@id\":\"https:\\\/\\\/msconectado.com.br\\\/#website\",\"url\":\"https:\\\/\\\/msconectado.com.br\\\/\",\"name\":\"MsConectado\",\"description\":\"Voc\u00ea Conectado com a Not\u00edcia!\",\"publisher\":{\"@id\":\"https:\\\/\\\/msconectado.com.br\\\/#organization\"},\"potentialAction\":[{\"@type\":\"SearchAction\",\"target\":{\"@type\":\"EntryPoint\",\"urlTemplate\":\"https:\\\/\\\/msconectado.com.br\\\/?s={search_term_string}\"},\"query-input\":{\"@type\":\"PropertyValueSpecification\",\"valueRequired\":true,\"valueName\":\"search_term_string\"}}],\"inLanguage\":\"pt-BR\"},{\"@type\":\"Organization\",\"@id\":\"https:\\\/\\\/msconectado.com.br\\\/#organization\",\"name\":\"MsConectado\",\"url\":\"https:\\\/\\\/msconectado.com.br\\\/\",\"logo\":{\"@type\":\"ImageObject\",\"inLanguage\":\"pt-BR\",\"@id\":\"https:\\\/\\\/msconectado.com.br\\\/#\\\/schema\\\/logo\\\/image\\\/\",\"url\":\"https:\\\/\\\/msconectado.com.br\\\/wp-content\\\/uploads\\\/2023\\\/01\\\/cropped-noticia-2.png\",\"contentUrl\":\"https:\\\/\\\/msconectado.com.br\\\/wp-content\\\/uploads\\\/2023\\\/01\\\/cropped-noticia-2.png\",\"width\":720,\"height\":157,\"caption\":\"MsConectado\"},\"image\":{\"@id\":\"https:\\\/\\\/msconectado.com.br\\\/#\\\/schema\\\/logo\\\/image\\\/\"}},{\"@type\":\"Person\",\"@id\":\"https:\\\/\\\/msconectado.com.br\\\/#\\\/schema\\\/person\\\/feb123a95a93eebea36f0ed6a2e5ba48\",\"name\":\"Jeferson\",\"image\":{\"@type\":\"ImageObject\",\"inLanguage\":\"pt-BR\",\"@id\":\"https:\\\/\\\/secure.gravatar.com\\\/avatar\\\/e23e8901c88f0cdc0ad479ef7a39bf3e4c806344549c087c00b721a65549a328?s=96&d=mm&r=g\",\"url\":\"https:\\\/\\\/secure.gravatar.com\\\/avatar\\\/e23e8901c88f0cdc0ad479ef7a39bf3e4c806344549c087c00b721a65549a328?s=96&d=mm&r=g\",\"contentUrl\":\"https:\\\/\\\/secure.gravatar.com\\\/avatar\\\/e23e8901c88f0cdc0ad479ef7a39bf3e4c806344549c087c00b721a65549a328?s=96&d=mm&r=g\",\"caption\":\"Jeferson\"},\"url\":\"https:\\\/\\\/msconectado.com.br\\\/?author=3\"}]}<\/script>\n<!-- \/ Yoast SEO plugin. -->","yoast_head_json":{"title":"C\u00e2mara de vereadores realiza sess\u00e3o solene em homenagem as mulheres - MsConectado","robots":{"index":"index","follow":"follow","max-snippet":"max-snippet:-1","max-image-preview":"max-image-preview:large","max-video-preview":"max-video-preview:-1"},"canonical":"https:\/\/msconectado.com.br\/?p=21412","og_locale":"pt_BR","og_type":"article","og_title":"C\u00e2mara de vereadores realiza sess\u00e3o solene em homenagem as mulheres - MsConectado","og_description":"A C\u00e2mara de Vereadores de Maracaju, realizou ontem (11) uma sess\u00e3o solene em homenagem as mulheres. Trata-se da Medalha de honra ao M\u00e9rito mulher maracajuense \u2013 Ana Thereza de Lima Alves que homenageou mulheres que contribu\u00edram para nossa comunidade. A engenheira agr\u00f4noma Claudia Regina Nogueira de Souza recebeu a Medalha de Honra ao M\u00e9rito ela [&hellip;]","og_url":"https:\/\/msconectado.com.br\/?p=21412","og_site_name":"MsConectado","article_published_time":"2024-03-12T14:25:54+00:00","article_modified_time":"2024-03-12T14:25:56+00:00","og_image":[{"width":1600,"height":1066,"url":"https:\/\/msconectado.com.br\/wp-content\/uploads\/2024\/03\/2b083a4b-7b0d-4452-a70a-07010d37dc49.jpg","type":"image\/jpeg"}],"author":"Jeferson","twitter_card":"summary_large_image","twitter_misc":{"Escrito por":"Jeferson","Est. tempo de leitura":"1 minuto"},"schema":{"@context":"https:\/\/schema.org","@graph":[{"@type":"Article","@id":"https:\/\/msconectado.com.br\/?p=21412#article","isPartOf":{"@id":"https:\/\/msconectado.com.br\/?p=21412"},"author":{"name":"Jeferson","@id":"https:\/\/msconectado.com.br\/#\/schema\/person\/feb123a95a93eebea36f0ed6a2e5ba48"},"headline":"C\u00e2mara de vereadores realiza sess\u00e3o solene em homenagem as mulheres","datePublished":"2024-03-12T14:25:54+00:00","dateModified":"2024-03-12T14:25:56+00:00","mainEntityOfPage":{"@id":"https:\/\/msconectado.com.br\/?p=21412"},"wordCount":233,"commentCount":0,"publisher":{"@id":"https:\/\/msconectado.com.br\/#organization"},"image":{"@id":"https:\/\/msconectado.com.br\/?p=21412#primaryimage"},"thumbnailUrl":"https:\/\/msconectado.com.br\/wp-content\/uploads\/2024\/03\/2b083a4b-7b0d-4452-a70a-07010d37dc49.jpg","articleSection":["Cidades","Not\u00edcia"],"inLanguage":"pt-BR","potentialAction":[{"@type":"CommentAction","name":"Comment","target":["https:\/\/msconectado.com.br\/?p=21412#respond"]}]},{"@type":"WebPage","@id":"https:\/\/msconectado.com.br\/?p=21412","url":"https:\/\/msconectado.com.br\/?p=21412","name":"C\u00e2mara de vereadores realiza sess\u00e3o solene em homenagem as mulheres - MsConectado","isPartOf":{"@id":"https:\/\/msconectado.com.br\/#website"},"primaryImageOfPage":{"@id":"https:\/\/msconectado.com.br\/?p=21412#primaryimage"},"image":{"@id":"https:\/\/msconectado.com.br\/?p=21412#primaryimage"},"thumbnailUrl":"https:\/\/msconectado.com.br\/wp-content\/uploads\/2024\/03\/2b083a4b-7b0d-4452-a70a-07010d37dc49.jpg","datePublished":"2024-03-12T14:25:54+00:00","dateModified":"2024-03-12T14:25:56+00:00","breadcrumb":{"@id":"https:\/\/msconectado.com.br\/?p=21412#breadcrumb"},"inLanguage":"pt-BR","potentialAction":[{"@type":"ReadAction","target":["https:\/\/msconectado.com.br\/?p=21412"]}]},{"@type":"ImageObject","inLanguage":"pt-BR","@id":"https:\/\/msconectado.com.br\/?p=21412#primaryimage","url":"https:\/\/msconectado.com.br\/wp-content\/uploads\/2024\/03\/2b083a4b-7b0d-4452-a70a-07010d37dc49.jpg","contentUrl":"https:\/\/msconectado.com.br\/wp-content\/uploads\/2024\/03\/2b083a4b-7b0d-4452-a70a-07010d37dc49.jpg","width":1600,"height":1066},{"@type":"BreadcrumbList","@id":"https:\/\/msconectado.com.br\/?p=21412#breadcrumb","itemListElement":[{"@type":"ListItem","position":1,"name":"In\u00edcio","item":"https:\/\/msconectado.com.br\/?page_id=105"},{"@type":"ListItem","position":2,"name":"C\u00e2mara de vereadores realiza sess\u00e3o solene em homenagem as mulheres"}]},{"@type":"WebSite","@id":"https:\/\/msconectado.com.br\/#website","url":"https:\/\/msconectado.com.br\/","name":"MsConectado","description":"Voc\u00ea Conectado com a Not\u00edcia!","publisher":{"@id":"https:\/\/msconectado.com.br\/#organization"},"potentialAction":[{"@type":"SearchAction","target":{"@type":"EntryPoint","urlTemplate":"https:\/\/msconectado.com.br\/?s={search_term_string}"},"query-input":{"@type":"PropertyValueSpecification","valueRequired":true,"valueName":"search_term_string"}}],"inLanguage":"pt-BR"},{"@type":"Organization","@id":"https:\/\/msconectado.com.br\/#organization","name":"MsConectado","url":"https:\/\/msconectado.com.br\/","logo":{"@type":"ImageObject","inLanguage":"pt-BR","@id":"https:\/\/msconectado.com.br\/#\/schema\/logo\/image\/","url":"https:\/\/msconectado.com.br\/wp-content\/uploads\/2023\/01\/cropped-noticia-2.png","contentUrl":"https:\/\/msconectado.com.br\/wp-content\/uploads\/2023\/01\/cropped-noticia-2.png","width":720,"height":157,"caption":"MsConectado"},"image":{"@id":"https:\/\/msconectado.com.br\/#\/schema\/logo\/image\/"}},{"@type":"Person","@id":"https:\/\/msconectado.com.br\/#\/schema\/person\/feb123a95a93eebea36f0ed6a2e5ba48","name":"Jeferson","image":{"@type":"ImageObject","inLanguage":"pt-BR","@id":"https:\/\/secure.gravatar.com\/avatar\/e23e8901c88f0cdc0ad479ef7a39bf3e4c806344549c087c00b721a65549a328?s=96&d=mm&r=g","url":"https:\/\/secure.gravatar.com\/avatar\/e23e8901c88f0cdc0ad479ef7a39bf3e4c806344549c087c00b721a65549a328?s=96&d=mm&r=g","contentUrl":"https:\/\/secure.gravatar.com\/avatar\/e23e8901c88f0cdc0ad479ef7a39bf3e4c806344549c087c00b721a65549a328?s=96&d=mm&r=g","caption":"Jeferson"},"url":"https:\/\/msconectado.com.br\/?author=3"}]}},"_links":{"self":[{"href":"https:\/\/msconectado.com.br\/index.php?rest_route=\/wp\/v2\/posts\/21412","targetHints":{"allow":["GET"]}}],"collection":[{"href":"https:\/\/msconectado.com.br\/index.php?rest_route=\/wp\/v2\/posts"}],"about":[{"href":"https:\/\/msconectado.com.br\/index.php?rest_route=\/wp\/v2\/types\/post"}],"author":[{"embeddable":true,"href":"https:\/\/msconectado.com.br\/index.php?rest_route=\/wp\/v2\/users\/3"}],"replies":[{"embeddable":true,"href":"https:\/\/msconectado.com.br\/index.php?rest_route=%2Fwp%2Fv2%2Fcomments&post=21412"}],"version-history":[{"count":1,"href":"https:\/\/msconectado.com.br\/index.php?rest_route=\/wp\/v2\/posts\/21412\/revisions"}],"predecessor-version":[{"id":21417,"href":"https:\/\/msconectado.com.br\/index.php?rest_route=\/wp\/v2\/posts\/21412\/revisions\/21417"}],"wp:featuredmedia":[{"embeddable":true,"href":"https:\/\/msconectado.com.br\/index.php?rest_route=\/wp\/v2\/media\/21416"}],"wp:attachment":[{"href":"https:\/\/msconectado.com.br\/index.php?rest_route=%2Fwp%2Fv2%2Fmedia&parent=21412"}],"wp:term":[{"taxonomy":"category","embeddable":true,"href":"https:\/\/msconectado.com.br\/index.php?rest_route=%2Fwp%2Fv2%2Fcategories&post=21412"},{"taxonomy":"post_tag","embeddable":true,"href":"https:\/\/msconectado.com.br\/index.php?rest_route=%2Fwp%2Fv2%2Ftags&post=21412"}],"curies":[{"name":"wp","href":"https:\/\/api.w.org\/{rel}","templated":true}]}}