
{"id":21419,"date":"2024-03-12T19:47:36","date_gmt":"2024-03-12T19:47:36","guid":{"rendered":"https:\/\/msconectado.com.br\/?p=21419"},"modified":"2024-03-12T20:33:23","modified_gmt":"2024-03-12T20:33:23","slug":"camara-de-jardim-reconhece-herois-da-forca-tatica-por-salvar-mulher-em-perigo","status":"publish","type":"post","link":"https:\/\/msconectado.com.br\/?p=21419","title":{"rendered":"C\u00e2mara de Jardim Reconhece Her\u00f3is PMs da For\u00e7a T\u00e1tica por Salvar Mulher em Perigo."},"content":{"rendered":"\n<p>Seis integrantes da For\u00e7a T\u00e1tica do 11\u00ba Batalh\u00e3o de Pol\u00edcia Militar de Jardim\/MS, foram homenageados na manh\u00e3 desta segunda feira (11) pela C\u00e2mara de Vereadores de Jardim, em reconhecimento pela a\u00e7\u00e3o ao salvar uma mulher que sofria amea\u00e7as de morte pelo marido, no munic\u00edpio de Caracol.<\/p>\n\n\n\n<p>Durante a sess\u00e3o ordin\u00e1ria, o presidente do Poder Legislativo, Glaucio Cabreira da Costa (PSDB), apresentou Mo\u00e7\u00e3o de Congratula\u00e7\u00f5es e Aplausos, dirigida aos policiais militares Sargento Robmar Farinha, Sargento Gilcete Zamborsky Guaragni, Sargento Jefferson Vargas Fernandes, Cabo Luiz Gustavo Ibarra Balbuena, Cabo Everton Meireles Garcia e Soldado Matheus Dranka Godoy, que colocaram suas vidas em risco, e lograram \u00eaxito com a corajosa a\u00e7\u00e3o de defesa.<\/p>\n\n\n\n<p>O referido fato ocorreu no dia 06 de fevereiro de 2024, quando os policiais militares receberam um chamado, que se tratava de um homem que atentava contra a vida de sua pr\u00f3pria esposa. Diante dos fatos, os policiais se deslocaram imediatamente para o local, com o objetivo de sanar a grave injusti\u00e7a e prender o meliante, fato agravado, pois quando o homem percebeu a a\u00e7\u00e3o dos agentes da lei, empreendeu fuga afim de se desvencilhar dos policiais.<\/p>\n\n\n\n<p>O mesmo, ainda em fuga, continuava a amea\u00e7ar sua companheira, enviando fotos da arma de fogo e \u00e1udios pelo whats, reafirmando sua inten\u00e7\u00e3o de tirar a vida da v\u00edtima, tudo isso por conta de n\u00e3o aceitar o fim do relacionamento. A esposa ainda alertou os policias sobre o homem estar a seguindo e ficando em campana em lugares que ela frequentava, e ainda ressaltou que o indiv\u00edduo tinha a inten\u00e7\u00e3o de praticar o ato com uma arma que fora furtada de seu local de trabalho.<\/p>\n\n\n\n<p>Foi ent\u00e3o que, cientes dos fatos, os policiais militares foram ao encontro do meliante que havia dito ao seu patr\u00e3o que iria a fazenda, seu local de trabalho, para pegar uma motocicleta e uma quantia em dinheiro, porem o mesmo n\u00e3o contava com a\u00e7\u00e3o dos policiais que j\u00e1 o esperavam de antem\u00e3o para prend\u00ea-lo.<\/p>\n\n\n\n<p>O que se deu posteriormente \u00e9 que o homem ao se deparar com os policiais come\u00e7ou a atirar, em nova tentativa de fuga, fato este que n\u00e3o foi consumado, pois no intuito de repelir a injusta agress\u00e3o, os policiais atingiram o homem, que n\u00e3o resistiu aos ferimentos e veio a \u00f3bito, tendo em seu poder uma carabina calibre 22, uma pistola calibre 32, onze muni\u00e7\u00f5es calibre 22 intactas e duas deflagradas, cinco muni\u00e7\u00f5es calibre 32 intactas, al\u00e9m de uma faca modelo artesanal.<\/p>\n\n\n\n<p>\u201cAos Policiais Militares citados acima, registramos nossos cumprimentos pela a\u00e7\u00e3o corajosa e arriscada em salvar a vida de uma mulher, apresentando esta Honrosa Mo\u00e7\u00e3o de Aplausos\u201d, disse o parlamentar, enfatizando o trabalho da institui\u00e7\u00e3o de seguran\u00e7a, que sempre tem feito a diferen\u00e7a no munic\u00edpio, assim como na regi\u00e3o sudoeste, onde o 11\u00ba BPM atua com seus quart\u00e9is.<\/p>\n\n\n\n<p>Assessoria<\/p>\n\n\n<div class=\"wp-block-image\">\n<figure class=\"aligncenter size-full\"><img fetchpriority=\"high\" decoding=\"async\" width=\"900\" height=\"430\" src=\"https:\/\/msconectado.com.br\/wp-content\/uploads\/2024\/03\/todos.png\" alt=\"\" class=\"wp-image-21351\" srcset=\"https:\/\/msconectado.com.br\/wp-content\/uploads\/2024\/03\/todos.png 900w, https:\/\/msconectado.com.br\/wp-content\/uploads\/2024\/03\/todos-300x143.png 300w, https:\/\/msconectado.com.br\/wp-content\/uploads\/2024\/03\/todos-768x367.png 768w\" sizes=\"(max-width: 900px) 100vw, 900px\" \/><\/figure>\n<\/div>","protected":false},"excerpt":{"rendered":"<p>Seis integrantes da For\u00e7a T\u00e1tica do 11\u00ba Batalh\u00e3o de Pol\u00edcia Militar de Jardim\/MS, foram homenageados na manh\u00e3 desta segunda feira (11) pela C\u00e2mara de Vereadores de Jardim, em reconhecimento pela a\u00e7\u00e3o ao salvar uma mulher que sofria amea\u00e7as de morte pelo marido, no munic\u00edpio de Caracol. Durante a sess\u00e3o ordin\u00e1ria, o presidente do Poder Legislativo, [&hellip;]<\/p>\n","protected":false},"author":2,"featured_media":21420,"comment_status":"open","ping_status":"closed","sticky":false,"template":"","format":"standard","meta":{"footnotes":""},"categories":[35,1],"tags":[],"class_list":["post-21419","post","type-post","status-publish","format-standard","has-post-thumbnail","hentry","category-cidades","category-noticia"],"yoast_head":"<!-- This site is optimized with the Yoast SEO plugin v27.5 - https:\/\/yoast.com\/product\/yoast-seo-wordpress\/ -->\n<title>C\u00e2mara de Jardim Reconhece Her\u00f3is PMs da For\u00e7a T\u00e1tica por Salvar Mulher em Perigo. - MsConectado<\/title>\n<meta name=\"robots\" content=\"index, follow, max-snippet:-1, max-image-preview:large, max-video-preview:-1\" \/>\n<link rel=\"canonical\" href=\"https:\/\/msconectado.com.br\/?p=21419\" \/>\n<meta property=\"og:locale\" content=\"pt_BR\" \/>\n<meta property=\"og:type\" content=\"article\" \/>\n<meta property=\"og:title\" content=\"C\u00e2mara de Jardim Reconhece Her\u00f3is PMs da For\u00e7a T\u00e1tica por Salvar Mulher em Perigo. - MsConectado\" \/>\n<meta property=\"og:description\" content=\"Seis integrantes da For\u00e7a T\u00e1tica do 11\u00ba Batalh\u00e3o de Pol\u00edcia Militar de Jardim\/MS, foram homenageados na manh\u00e3 desta segunda feira (11) pela C\u00e2mara de Vereadores de Jardim, em reconhecimento pela a\u00e7\u00e3o ao salvar uma mulher que sofria amea\u00e7as de morte pelo marido, no munic\u00edpio de Caracol. Durante a sess\u00e3o ordin\u00e1ria, o presidente do Poder Legislativo, [&hellip;]\" \/>\n<meta property=\"og:url\" content=\"https:\/\/msconectado.com.br\/?p=21419\" \/>\n<meta property=\"og:site_name\" content=\"MsConectado\" \/>\n<meta property=\"article:published_time\" content=\"2024-03-12T19:47:36+00:00\" \/>\n<meta property=\"article:modified_time\" content=\"2024-03-12T20:33:23+00:00\" \/>\n<meta property=\"og:image\" content=\"https:\/\/msconectado.com.br\/wp-content\/uploads\/2024\/03\/Snapinsta.app_432598448_676457704488550_1685796998937310277_n_1080.jpg\" \/>\n\t<meta property=\"og:image:width\" content=\"1080\" \/>\n\t<meta property=\"og:image:height\" content=\"769\" \/>\n\t<meta property=\"og:image:type\" content=\"image\/jpeg\" \/>\n<meta name=\"author\" content=\"MsConectado\" \/>\n<meta name=\"twitter:card\" content=\"summary_large_image\" \/>\n<meta name=\"twitter:label1\" content=\"Escrito por\" \/>\n\t<meta name=\"twitter:data1\" content=\"MsConectado\" \/>\n\t<meta name=\"twitter:label2\" content=\"Est. tempo de leitura\" \/>\n\t<meta name=\"twitter:data2\" content=\"3 minutos\" \/>\n<script type=\"application\/ld+json\" class=\"yoast-schema-graph\">{\"@context\":\"https:\\\/\\\/schema.org\",\"@graph\":[{\"@type\":\"Article\",\"@id\":\"https:\\\/\\\/msconectado.com.br\\\/?p=21419#article\",\"isPartOf\":{\"@id\":\"https:\\\/\\\/msconectado.com.br\\\/?p=21419\"},\"author\":{\"name\":\"MsConectado\",\"@id\":\"https:\\\/\\\/msconectado.com.br\\\/#\\\/schema\\\/person\\\/e5585545b5687092f1041d350b6e2c16\"},\"headline\":\"C\u00e2mara de Jardim Reconhece Her\u00f3is PMs da For\u00e7a T\u00e1tica por Salvar Mulher em Perigo.\",\"datePublished\":\"2024-03-12T19:47:36+00:00\",\"dateModified\":\"2024-03-12T20:33:23+00:00\",\"mainEntityOfPage\":{\"@id\":\"https:\\\/\\\/msconectado.com.br\\\/?p=21419\"},\"wordCount\":518,\"commentCount\":0,\"publisher\":{\"@id\":\"https:\\\/\\\/msconectado.com.br\\\/#organization\"},\"image\":{\"@id\":\"https:\\\/\\\/msconectado.com.br\\\/?p=21419#primaryimage\"},\"thumbnailUrl\":\"https:\\\/\\\/msconectado.com.br\\\/wp-content\\\/uploads\\\/2024\\\/03\\\/Snapinsta.app_432598448_676457704488550_1685796998937310277_n_1080.jpg\",\"articleSection\":[\"Cidades\",\"Not\u00edcia\"],\"inLanguage\":\"pt-BR\",\"potentialAction\":[{\"@type\":\"CommentAction\",\"name\":\"Comment\",\"target\":[\"https:\\\/\\\/msconectado.com.br\\\/?p=21419#respond\"]}]},{\"@type\":\"WebPage\",\"@id\":\"https:\\\/\\\/msconectado.com.br\\\/?p=21419\",\"url\":\"https:\\\/\\\/msconectado.com.br\\\/?p=21419\",\"name\":\"C\u00e2mara de Jardim Reconhece Her\u00f3is PMs da For\u00e7a T\u00e1tica por Salvar Mulher em Perigo. - MsConectado\",\"isPartOf\":{\"@id\":\"https:\\\/\\\/msconectado.com.br\\\/#website\"},\"primaryImageOfPage\":{\"@id\":\"https:\\\/\\\/msconectado.com.br\\\/?p=21419#primaryimage\"},\"image\":{\"@id\":\"https:\\\/\\\/msconectado.com.br\\\/?p=21419#primaryimage\"},\"thumbnailUrl\":\"https:\\\/\\\/msconectado.com.br\\\/wp-content\\\/uploads\\\/2024\\\/03\\\/Snapinsta.app_432598448_676457704488550_1685796998937310277_n_1080.jpg\",\"datePublished\":\"2024-03-12T19:47:36+00:00\",\"dateModified\":\"2024-03-12T20:33:23+00:00\",\"breadcrumb\":{\"@id\":\"https:\\\/\\\/msconectado.com.br\\\/?p=21419#breadcrumb\"},\"inLanguage\":\"pt-BR\",\"potentialAction\":[{\"@type\":\"ReadAction\",\"target\":[\"https:\\\/\\\/msconectado.com.br\\\/?p=21419\"]}]},{\"@type\":\"ImageObject\",\"inLanguage\":\"pt-BR\",\"@id\":\"https:\\\/\\\/msconectado.com.br\\\/?p=21419#primaryimage\",\"url\":\"https:\\\/\\\/msconectado.com.br\\\/wp-content\\\/uploads\\\/2024\\\/03\\\/Snapinsta.app_432598448_676457704488550_1685796998937310277_n_1080.jpg\",\"contentUrl\":\"https:\\\/\\\/msconectado.com.br\\\/wp-content\\\/uploads\\\/2024\\\/03\\\/Snapinsta.app_432598448_676457704488550_1685796998937310277_n_1080.jpg\",\"width\":1080,\"height\":769},{\"@type\":\"BreadcrumbList\",\"@id\":\"https:\\\/\\\/msconectado.com.br\\\/?p=21419#breadcrumb\",\"itemListElement\":[{\"@type\":\"ListItem\",\"position\":1,\"name\":\"In\u00edcio\",\"item\":\"https:\\\/\\\/msconectado.com.br\\\/?page_id=105\"},{\"@type\":\"ListItem\",\"position\":2,\"name\":\"C\u00e2mara de Jardim Reconhece Her\u00f3is PMs da For\u00e7a T\u00e1tica por Salvar Mulher em Perigo.\"}]},{\"@type\":\"WebSite\",\"@id\":\"https:\\\/\\\/msconectado.com.br\\\/#website\",\"url\":\"https:\\\/\\\/msconectado.com.br\\\/\",\"name\":\"MsConectado\",\"description\":\"Voc\u00ea Conectado com a Not\u00edcia!\",\"publisher\":{\"@id\":\"https:\\\/\\\/msconectado.com.br\\\/#organization\"},\"potentialAction\":[{\"@type\":\"SearchAction\",\"target\":{\"@type\":\"EntryPoint\",\"urlTemplate\":\"https:\\\/\\\/msconectado.com.br\\\/?s={search_term_string}\"},\"query-input\":{\"@type\":\"PropertyValueSpecification\",\"valueRequired\":true,\"valueName\":\"search_term_string\"}}],\"inLanguage\":\"pt-BR\"},{\"@type\":\"Organization\",\"@id\":\"https:\\\/\\\/msconectado.com.br\\\/#organization\",\"name\":\"MsConectado\",\"url\":\"https:\\\/\\\/msconectado.com.br\\\/\",\"logo\":{\"@type\":\"ImageObject\",\"inLanguage\":\"pt-BR\",\"@id\":\"https:\\\/\\\/msconectado.com.br\\\/#\\\/schema\\\/logo\\\/image\\\/\",\"url\":\"https:\\\/\\\/msconectado.com.br\\\/wp-content\\\/uploads\\\/2023\\\/01\\\/cropped-noticia-2.png\",\"contentUrl\":\"https:\\\/\\\/msconectado.com.br\\\/wp-content\\\/uploads\\\/2023\\\/01\\\/cropped-noticia-2.png\",\"width\":720,\"height\":157,\"caption\":\"MsConectado\"},\"image\":{\"@id\":\"https:\\\/\\\/msconectado.com.br\\\/#\\\/schema\\\/logo\\\/image\\\/\"}},{\"@type\":\"Person\",\"@id\":\"https:\\\/\\\/msconectado.com.br\\\/#\\\/schema\\\/person\\\/e5585545b5687092f1041d350b6e2c16\",\"name\":\"MsConectado\",\"image\":{\"@type\":\"ImageObject\",\"inLanguage\":\"pt-BR\",\"@id\":\"https:\\\/\\\/secure.gravatar.com\\\/avatar\\\/3b4f84a0a8a4380ac4431fa79981d073692380c5da00ae97596e794ab0db5c8c?s=96&d=mm&r=g\",\"url\":\"https:\\\/\\\/secure.gravatar.com\\\/avatar\\\/3b4f84a0a8a4380ac4431fa79981d073692380c5da00ae97596e794ab0db5c8c?s=96&d=mm&r=g\",\"contentUrl\":\"https:\\\/\\\/secure.gravatar.com\\\/avatar\\\/3b4f84a0a8a4380ac4431fa79981d073692380c5da00ae97596e794ab0db5c8c?s=96&d=mm&r=g\",\"caption\":\"MsConectado\"},\"url\":\"https:\\\/\\\/msconectado.com.br\\\/?author=2\"}]}<\/script>\n<!-- \/ Yoast SEO plugin. -->","yoast_head_json":{"title":"C\u00e2mara de Jardim Reconhece Her\u00f3is PMs da For\u00e7a T\u00e1tica por Salvar Mulher em Perigo. - MsConectado","robots":{"index":"index","follow":"follow","max-snippet":"max-snippet:-1","max-image-preview":"max-image-preview:large","max-video-preview":"max-video-preview:-1"},"canonical":"https:\/\/msconectado.com.br\/?p=21419","og_locale":"pt_BR","og_type":"article","og_title":"C\u00e2mara de Jardim Reconhece Her\u00f3is PMs da For\u00e7a T\u00e1tica por Salvar Mulher em Perigo. - MsConectado","og_description":"Seis integrantes da For\u00e7a T\u00e1tica do 11\u00ba Batalh\u00e3o de Pol\u00edcia Militar de Jardim\/MS, foram homenageados na manh\u00e3 desta segunda feira (11) pela C\u00e2mara de Vereadores de Jardim, em reconhecimento pela a\u00e7\u00e3o ao salvar uma mulher que sofria amea\u00e7as de morte pelo marido, no munic\u00edpio de Caracol. Durante a sess\u00e3o ordin\u00e1ria, o presidente do Poder Legislativo, [&hellip;]","og_url":"https:\/\/msconectado.com.br\/?p=21419","og_site_name":"MsConectado","article_published_time":"2024-03-12T19:47:36+00:00","article_modified_time":"2024-03-12T20:33:23+00:00","og_image":[{"width":1080,"height":769,"url":"https:\/\/msconectado.com.br\/wp-content\/uploads\/2024\/03\/Snapinsta.app_432598448_676457704488550_1685796998937310277_n_1080.jpg","type":"image\/jpeg"}],"author":"MsConectado","twitter_card":"summary_large_image","twitter_misc":{"Escrito por":"MsConectado","Est. tempo de leitura":"3 minutos"},"schema":{"@context":"https:\/\/schema.org","@graph":[{"@type":"Article","@id":"https:\/\/msconectado.com.br\/?p=21419#article","isPartOf":{"@id":"https:\/\/msconectado.com.br\/?p=21419"},"author":{"name":"MsConectado","@id":"https:\/\/msconectado.com.br\/#\/schema\/person\/e5585545b5687092f1041d350b6e2c16"},"headline":"C\u00e2mara de Jardim Reconhece Her\u00f3is PMs da For\u00e7a T\u00e1tica por Salvar Mulher em Perigo.","datePublished":"2024-03-12T19:47:36+00:00","dateModified":"2024-03-12T20:33:23+00:00","mainEntityOfPage":{"@id":"https:\/\/msconectado.com.br\/?p=21419"},"wordCount":518,"commentCount":0,"publisher":{"@id":"https:\/\/msconectado.com.br\/#organization"},"image":{"@id":"https:\/\/msconectado.com.br\/?p=21419#primaryimage"},"thumbnailUrl":"https:\/\/msconectado.com.br\/wp-content\/uploads\/2024\/03\/Snapinsta.app_432598448_676457704488550_1685796998937310277_n_1080.jpg","articleSection":["Cidades","Not\u00edcia"],"inLanguage":"pt-BR","potentialAction":[{"@type":"CommentAction","name":"Comment","target":["https:\/\/msconectado.com.br\/?p=21419#respond"]}]},{"@type":"WebPage","@id":"https:\/\/msconectado.com.br\/?p=21419","url":"https:\/\/msconectado.com.br\/?p=21419","name":"C\u00e2mara de Jardim Reconhece Her\u00f3is PMs da For\u00e7a T\u00e1tica por Salvar Mulher em Perigo. - MsConectado","isPartOf":{"@id":"https:\/\/msconectado.com.br\/#website"},"primaryImageOfPage":{"@id":"https:\/\/msconectado.com.br\/?p=21419#primaryimage"},"image":{"@id":"https:\/\/msconectado.com.br\/?p=21419#primaryimage"},"thumbnailUrl":"https:\/\/msconectado.com.br\/wp-content\/uploads\/2024\/03\/Snapinsta.app_432598448_676457704488550_1685796998937310277_n_1080.jpg","datePublished":"2024-03-12T19:47:36+00:00","dateModified":"2024-03-12T20:33:23+00:00","breadcrumb":{"@id":"https:\/\/msconectado.com.br\/?p=21419#breadcrumb"},"inLanguage":"pt-BR","potentialAction":[{"@type":"ReadAction","target":["https:\/\/msconectado.com.br\/?p=21419"]}]},{"@type":"ImageObject","inLanguage":"pt-BR","@id":"https:\/\/msconectado.com.br\/?p=21419#primaryimage","url":"https:\/\/msconectado.com.br\/wp-content\/uploads\/2024\/03\/Snapinsta.app_432598448_676457704488550_1685796998937310277_n_1080.jpg","contentUrl":"https:\/\/msconectado.com.br\/wp-content\/uploads\/2024\/03\/Snapinsta.app_432598448_676457704488550_1685796998937310277_n_1080.jpg","width":1080,"height":769},{"@type":"BreadcrumbList","@id":"https:\/\/msconectado.com.br\/?p=21419#breadcrumb","itemListElement":[{"@type":"ListItem","position":1,"name":"In\u00edcio","item":"https:\/\/msconectado.com.br\/?page_id=105"},{"@type":"ListItem","position":2,"name":"C\u00e2mara de Jardim Reconhece Her\u00f3is PMs da For\u00e7a T\u00e1tica por Salvar Mulher em Perigo."}]},{"@type":"WebSite","@id":"https:\/\/msconectado.com.br\/#website","url":"https:\/\/msconectado.com.br\/","name":"MsConectado","description":"Voc\u00ea Conectado com a Not\u00edcia!","publisher":{"@id":"https:\/\/msconectado.com.br\/#organization"},"potentialAction":[{"@type":"SearchAction","target":{"@type":"EntryPoint","urlTemplate":"https:\/\/msconectado.com.br\/?s={search_term_string}"},"query-input":{"@type":"PropertyValueSpecification","valueRequired":true,"valueName":"search_term_string"}}],"inLanguage":"pt-BR"},{"@type":"Organization","@id":"https:\/\/msconectado.com.br\/#organization","name":"MsConectado","url":"https:\/\/msconectado.com.br\/","logo":{"@type":"ImageObject","inLanguage":"pt-BR","@id":"https:\/\/msconectado.com.br\/#\/schema\/logo\/image\/","url":"https:\/\/msconectado.com.br\/wp-content\/uploads\/2023\/01\/cropped-noticia-2.png","contentUrl":"https:\/\/msconectado.com.br\/wp-content\/uploads\/2023\/01\/cropped-noticia-2.png","width":720,"height":157,"caption":"MsConectado"},"image":{"@id":"https:\/\/msconectado.com.br\/#\/schema\/logo\/image\/"}},{"@type":"Person","@id":"https:\/\/msconectado.com.br\/#\/schema\/person\/e5585545b5687092f1041d350b6e2c16","name":"MsConectado","image":{"@type":"ImageObject","inLanguage":"pt-BR","@id":"https:\/\/secure.gravatar.com\/avatar\/3b4f84a0a8a4380ac4431fa79981d073692380c5da00ae97596e794ab0db5c8c?s=96&d=mm&r=g","url":"https:\/\/secure.gravatar.com\/avatar\/3b4f84a0a8a4380ac4431fa79981d073692380c5da00ae97596e794ab0db5c8c?s=96&d=mm&r=g","contentUrl":"https:\/\/secure.gravatar.com\/avatar\/3b4f84a0a8a4380ac4431fa79981d073692380c5da00ae97596e794ab0db5c8c?s=96&d=mm&r=g","caption":"MsConectado"},"url":"https:\/\/msconectado.com.br\/?author=2"}]}},"_links":{"self":[{"href":"https:\/\/msconectado.com.br\/index.php?rest_route=\/wp\/v2\/posts\/21419","targetHints":{"allow":["GET"]}}],"collection":[{"href":"https:\/\/msconectado.com.br\/index.php?rest_route=\/wp\/v2\/posts"}],"about":[{"href":"https:\/\/msconectado.com.br\/index.php?rest_route=\/wp\/v2\/types\/post"}],"author":[{"embeddable":true,"href":"https:\/\/msconectado.com.br\/index.php?rest_route=\/wp\/v2\/users\/2"}],"replies":[{"embeddable":true,"href":"https:\/\/msconectado.com.br\/index.php?rest_route=%2Fwp%2Fv2%2Fcomments&post=21419"}],"version-history":[{"count":3,"href":"https:\/\/msconectado.com.br\/index.php?rest_route=\/wp\/v2\/posts\/21419\/revisions"}],"predecessor-version":[{"id":21430,"href":"https:\/\/msconectado.com.br\/index.php?rest_route=\/wp\/v2\/posts\/21419\/revisions\/21430"}],"wp:featuredmedia":[{"embeddable":true,"href":"https:\/\/msconectado.com.br\/index.php?rest_route=\/wp\/v2\/media\/21420"}],"wp:attachment":[{"href":"https:\/\/msconectado.com.br\/index.php?rest_route=%2Fwp%2Fv2%2Fmedia&parent=21419"}],"wp:term":[{"taxonomy":"category","embeddable":true,"href":"https:\/\/msconectado.com.br\/index.php?rest_route=%2Fwp%2Fv2%2Fcategories&post=21419"},{"taxonomy":"post_tag","embeddable":true,"href":"https:\/\/msconectado.com.br\/index.php?rest_route=%2Fwp%2Fv2%2Ftags&post=21419"}],"curies":[{"name":"wp","href":"https:\/\/api.w.org\/{rel}","templated":true}]}}