
{"id":21422,"date":"2024-03-12T20:03:30","date_gmt":"2024-03-12T20:03:30","guid":{"rendered":"https:\/\/msconectado.com.br\/?p=21422"},"modified":"2024-03-12T20:03:47","modified_gmt":"2024-03-12T20:03:47","slug":"vereador-juninho-cacho-solicita-revisao-urgente-nos-aparelhos-de-ar-condicionado-do-esf-dra-maria-de-lourdes-dos-reis","status":"publish","type":"post","link":"https:\/\/msconectado.com.br\/?p=21422","title":{"rendered":"Vereador Juninho Cacho solicita revis\u00e3o urgente nos aparelhos de ar condicionado do ESF Dra. Maria de Lourdes dos Reis"},"content":{"rendered":"\n<p>Durante a sess\u00e3o ordin\u00e1ria realizada nesta segunda-feira (11), o 1\u00ba vice-presidente da C\u00e2mara Municipal, Juninho Cacho (PP), dirigiu-se \u00e0 Prefeita Municipal Dra. Clediane Areco Matzembacher, com c\u00f3pia \u00e0 Secret\u00e1ria de Sa\u00fade, Rosineide Maciel, com um pedido urgente de revis\u00e3o nos aparelhos de ar condicionado da sala dos agentes comunit\u00e1rios de sa\u00fade no ESF Dra. Maria de Lourdes dos Reis, localizado na Vila Brasil.<\/p>\n\n\n\n<p>A solicita\u00e7\u00e3o do vereador foi motivada pela informa\u00e7\u00e3o de que os aparelhos de ar condicionado nesta \u00e1rea de atendimento de sa\u00fade est\u00e3o inoperantes h\u00e1 mais de um m\u00eas. Juninho Cacho enfatizou a necessidade de uma a\u00e7\u00e3o r\u00e1pida, especialmente devido ao clima quente da regi\u00e3o, que tem causado desconforto aos agentes comunit\u00e1rios que trabalham no local.<\/p>\n\n\n\n<p>&#8220;Recebemos relatos de que os aparelhos de ar condicionado na sala dos agentes comunit\u00e1rios de sa\u00fade est\u00e3o fora de funcionamento h\u00e1 mais de um m\u00eas. Com as altas temperaturas que enfrentamos, \u00e9 crucial garantir um ambiente de trabalho adequado para esses profissionais, que desempenham um papel fundamental na nossa comunidade&#8221;, justificou o vereador Juninho Cacho.<\/p>\n\n\n\n<p>A proposta do vereador foi encaminhada \u00e0 Prefeita Municipal Dra. Clediane Areco Matzembacher e \u00e0 Secret\u00e1ria de Sa\u00fade, Rosineide Maciel, com a expectativa de uma pronta resposta e a\u00e7\u00e3o para resolver a situa\u00e7\u00e3o e proporcionar condi\u00e7\u00f5es de trabalho mais confort\u00e1veis aos agentes comunit\u00e1rios de sa\u00fade.<\/p>\n\n\n\n<p>Diante do pedido apresentado pelo vereador Juninho Cacho, aguarda-se agora a an\u00e1lise e resposta por parte das autoridades competentes, visando atender \u00e0s necessidades dos profissionais de sa\u00fade e garantir o bem-estar da comunidade atendida pelo ESF Dra. Maria de Lourdes dos Reis, na Vila Brasil.<\/p>\n\n\n\n<p>Reda\u00e7\u00e3o<\/p>\n\n\n\n<p>Fotos: Assessoria<\/p>\n\n\n<div class=\"wp-block-image\">\n<figure class=\"aligncenter size-full\"><img fetchpriority=\"high\" decoding=\"async\" width=\"900\" height=\"100\" src=\"https:\/\/msconectado.com.br\/wp-content\/uploads\/2024\/03\/Planos_que_atendem_todos_os_gostos.png\" alt=\"\" class=\"wp-image-21399\" srcset=\"https:\/\/msconectado.com.br\/wp-content\/uploads\/2024\/03\/Planos_que_atendem_todos_os_gostos.png 900w, https:\/\/msconectado.com.br\/wp-content\/uploads\/2024\/03\/Planos_que_atendem_todos_os_gostos-300x33.png 300w, https:\/\/msconectado.com.br\/wp-content\/uploads\/2024\/03\/Planos_que_atendem_todos_os_gostos-768x85.png 768w\" sizes=\"(max-width: 900px) 100vw, 900px\" \/><\/figure>\n<\/div>","protected":false},"excerpt":{"rendered":"<p>Durante a sess\u00e3o ordin\u00e1ria realizada nesta segunda-feira (11), o 1\u00ba vice-presidente da C\u00e2mara Municipal, Juninho Cacho (PP), dirigiu-se \u00e0 Prefeita Municipal Dra. Clediane Areco Matzembacher, com c\u00f3pia \u00e0 Secret\u00e1ria de Sa\u00fade, Rosineide Maciel, com um pedido urgente de revis\u00e3o nos aparelhos de ar condicionado da sala dos agentes comunit\u00e1rios de sa\u00fade no ESF Dra. Maria [&hellip;]<\/p>\n","protected":false},"author":2,"featured_media":21423,"comment_status":"open","ping_status":"closed","sticky":false,"template":"","format":"standard","meta":{"footnotes":""},"categories":[35,1,33],"tags":[],"class_list":["post-21422","post","type-post","status-publish","format-standard","has-post-thumbnail","hentry","category-cidades","category-noticia","category-politica"],"yoast_head":"<!-- This site is optimized with the Yoast SEO plugin v27.5 - https:\/\/yoast.com\/product\/yoast-seo-wordpress\/ -->\n<title>Vereador Juninho Cacho solicita revis\u00e3o urgente nos aparelhos de ar condicionado do ESF Dra. Maria de Lourdes dos Reis - MsConectado<\/title>\n<meta name=\"robots\" content=\"index, follow, max-snippet:-1, max-image-preview:large, max-video-preview:-1\" \/>\n<link rel=\"canonical\" href=\"https:\/\/msconectado.com.br\/?p=21422\" \/>\n<meta property=\"og:locale\" content=\"pt_BR\" \/>\n<meta property=\"og:type\" content=\"article\" \/>\n<meta property=\"og:title\" content=\"Vereador Juninho Cacho solicita revis\u00e3o urgente nos aparelhos de ar condicionado do ESF Dra. Maria de Lourdes dos Reis - MsConectado\" \/>\n<meta property=\"og:description\" content=\"Durante a sess\u00e3o ordin\u00e1ria realizada nesta segunda-feira (11), o 1\u00ba vice-presidente da C\u00e2mara Municipal, Juninho Cacho (PP), dirigiu-se \u00e0 Prefeita Municipal Dra. Clediane Areco Matzembacher, com c\u00f3pia \u00e0 Secret\u00e1ria de Sa\u00fade, Rosineide Maciel, com um pedido urgente de revis\u00e3o nos aparelhos de ar condicionado da sala dos agentes comunit\u00e1rios de sa\u00fade no ESF Dra. Maria [&hellip;]\" \/>\n<meta property=\"og:url\" content=\"https:\/\/msconectado.com.br\/?p=21422\" \/>\n<meta property=\"og:site_name\" content=\"MsConectado\" \/>\n<meta property=\"article:published_time\" content=\"2024-03-12T20:03:30+00:00\" \/>\n<meta property=\"article:modified_time\" content=\"2024-03-12T20:03:47+00:00\" \/>\n<meta property=\"og:image\" content=\"https:\/\/msconectado.com.br\/wp-content\/uploads\/2024\/03\/ipc1.jpg\" \/>\n\t<meta property=\"og:image:width\" content=\"1080\" \/>\n\t<meta property=\"og:image:height\" content=\"595\" \/>\n\t<meta property=\"og:image:type\" content=\"image\/jpeg\" \/>\n<meta name=\"author\" content=\"MsConectado\" \/>\n<meta name=\"twitter:card\" content=\"summary_large_image\" \/>\n<meta name=\"twitter:label1\" content=\"Escrito por\" \/>\n\t<meta name=\"twitter:data1\" content=\"MsConectado\" \/>\n\t<meta name=\"twitter:label2\" content=\"Est. tempo de leitura\" \/>\n\t<meta name=\"twitter:data2\" content=\"1 minuto\" \/>\n<script type=\"application\/ld+json\" class=\"yoast-schema-graph\">{\"@context\":\"https:\\\/\\\/schema.org\",\"@graph\":[{\"@type\":\"Article\",\"@id\":\"https:\\\/\\\/msconectado.com.br\\\/?p=21422#article\",\"isPartOf\":{\"@id\":\"https:\\\/\\\/msconectado.com.br\\\/?p=21422\"},\"author\":{\"name\":\"MsConectado\",\"@id\":\"https:\\\/\\\/msconectado.com.br\\\/#\\\/schema\\\/person\\\/e5585545b5687092f1041d350b6e2c16\"},\"headline\":\"Vereador Juninho Cacho solicita revis\u00e3o urgente nos aparelhos de ar condicionado do ESF Dra. Maria de Lourdes dos Reis\",\"datePublished\":\"2024-03-12T20:03:30+00:00\",\"dateModified\":\"2024-03-12T20:03:47+00:00\",\"mainEntityOfPage\":{\"@id\":\"https:\\\/\\\/msconectado.com.br\\\/?p=21422\"},\"wordCount\":312,\"commentCount\":0,\"publisher\":{\"@id\":\"https:\\\/\\\/msconectado.com.br\\\/#organization\"},\"image\":{\"@id\":\"https:\\\/\\\/msconectado.com.br\\\/?p=21422#primaryimage\"},\"thumbnailUrl\":\"https:\\\/\\\/msconectado.com.br\\\/wp-content\\\/uploads\\\/2024\\\/03\\\/ipc1.jpg\",\"articleSection\":[\"Cidades\",\"Not\u00edcia\",\"Pol\u00edtica\"],\"inLanguage\":\"pt-BR\",\"potentialAction\":[{\"@type\":\"CommentAction\",\"name\":\"Comment\",\"target\":[\"https:\\\/\\\/msconectado.com.br\\\/?p=21422#respond\"]}]},{\"@type\":\"WebPage\",\"@id\":\"https:\\\/\\\/msconectado.com.br\\\/?p=21422\",\"url\":\"https:\\\/\\\/msconectado.com.br\\\/?p=21422\",\"name\":\"Vereador Juninho Cacho solicita revis\u00e3o urgente nos aparelhos de ar condicionado do ESF Dra. Maria de Lourdes dos Reis - MsConectado\",\"isPartOf\":{\"@id\":\"https:\\\/\\\/msconectado.com.br\\\/#website\"},\"primaryImageOfPage\":{\"@id\":\"https:\\\/\\\/msconectado.com.br\\\/?p=21422#primaryimage\"},\"image\":{\"@id\":\"https:\\\/\\\/msconectado.com.br\\\/?p=21422#primaryimage\"},\"thumbnailUrl\":\"https:\\\/\\\/msconectado.com.br\\\/wp-content\\\/uploads\\\/2024\\\/03\\\/ipc1.jpg\",\"datePublished\":\"2024-03-12T20:03:30+00:00\",\"dateModified\":\"2024-03-12T20:03:47+00:00\",\"breadcrumb\":{\"@id\":\"https:\\\/\\\/msconectado.com.br\\\/?p=21422#breadcrumb\"},\"inLanguage\":\"pt-BR\",\"potentialAction\":[{\"@type\":\"ReadAction\",\"target\":[\"https:\\\/\\\/msconectado.com.br\\\/?p=21422\"]}]},{\"@type\":\"ImageObject\",\"inLanguage\":\"pt-BR\",\"@id\":\"https:\\\/\\\/msconectado.com.br\\\/?p=21422#primaryimage\",\"url\":\"https:\\\/\\\/msconectado.com.br\\\/wp-content\\\/uploads\\\/2024\\\/03\\\/ipc1.jpg\",\"contentUrl\":\"https:\\\/\\\/msconectado.com.br\\\/wp-content\\\/uploads\\\/2024\\\/03\\\/ipc1.jpg\",\"width\":1080,\"height\":595},{\"@type\":\"BreadcrumbList\",\"@id\":\"https:\\\/\\\/msconectado.com.br\\\/?p=21422#breadcrumb\",\"itemListElement\":[{\"@type\":\"ListItem\",\"position\":1,\"name\":\"In\u00edcio\",\"item\":\"https:\\\/\\\/msconectado.com.br\\\/\"},{\"@type\":\"ListItem\",\"position\":2,\"name\":\"Vereador Juninho Cacho solicita revis\u00e3o urgente nos aparelhos de ar condicionado do ESF Dra. Maria de Lourdes dos Reis\"}]},{\"@type\":\"WebSite\",\"@id\":\"https:\\\/\\\/msconectado.com.br\\\/#website\",\"url\":\"https:\\\/\\\/msconectado.com.br\\\/\",\"name\":\"MsConectado\",\"description\":\"Voc\u00ea Conectado com a Not\u00edcia!\",\"publisher\":{\"@id\":\"https:\\\/\\\/msconectado.com.br\\\/#organization\"},\"potentialAction\":[{\"@type\":\"SearchAction\",\"target\":{\"@type\":\"EntryPoint\",\"urlTemplate\":\"https:\\\/\\\/msconectado.com.br\\\/?s={search_term_string}\"},\"query-input\":{\"@type\":\"PropertyValueSpecification\",\"valueRequired\":true,\"valueName\":\"search_term_string\"}}],\"inLanguage\":\"pt-BR\"},{\"@type\":\"Organization\",\"@id\":\"https:\\\/\\\/msconectado.com.br\\\/#organization\",\"name\":\"MsConectado\",\"url\":\"https:\\\/\\\/msconectado.com.br\\\/\",\"logo\":{\"@type\":\"ImageObject\",\"inLanguage\":\"pt-BR\",\"@id\":\"https:\\\/\\\/msconectado.com.br\\\/#\\\/schema\\\/logo\\\/image\\\/\",\"url\":\"https:\\\/\\\/msconectado.com.br\\\/wp-content\\\/uploads\\\/2023\\\/01\\\/cropped-noticia-2.png\",\"contentUrl\":\"https:\\\/\\\/msconectado.com.br\\\/wp-content\\\/uploads\\\/2023\\\/01\\\/cropped-noticia-2.png\",\"width\":720,\"height\":157,\"caption\":\"MsConectado\"},\"image\":{\"@id\":\"https:\\\/\\\/msconectado.com.br\\\/#\\\/schema\\\/logo\\\/image\\\/\"}},{\"@type\":\"Person\",\"@id\":\"https:\\\/\\\/msconectado.com.br\\\/#\\\/schema\\\/person\\\/e5585545b5687092f1041d350b6e2c16\",\"name\":\"MsConectado\",\"image\":{\"@type\":\"ImageObject\",\"inLanguage\":\"pt-BR\",\"@id\":\"https:\\\/\\\/secure.gravatar.com\\\/avatar\\\/3b4f84a0a8a4380ac4431fa79981d073692380c5da00ae97596e794ab0db5c8c?s=96&d=mm&r=g\",\"url\":\"https:\\\/\\\/secure.gravatar.com\\\/avatar\\\/3b4f84a0a8a4380ac4431fa79981d073692380c5da00ae97596e794ab0db5c8c?s=96&d=mm&r=g\",\"contentUrl\":\"https:\\\/\\\/secure.gravatar.com\\\/avatar\\\/3b4f84a0a8a4380ac4431fa79981d073692380c5da00ae97596e794ab0db5c8c?s=96&d=mm&r=g\",\"caption\":\"MsConectado\"},\"url\":\"https:\\\/\\\/msconectado.com.br\\\/?author=2\"}]}<\/script>\n<!-- \/ Yoast SEO plugin. -->","yoast_head_json":{"title":"Vereador Juninho Cacho solicita revis\u00e3o urgente nos aparelhos de ar condicionado do ESF Dra. Maria de Lourdes dos Reis - MsConectado","robots":{"index":"index","follow":"follow","max-snippet":"max-snippet:-1","max-image-preview":"max-image-preview:large","max-video-preview":"max-video-preview:-1"},"canonical":"https:\/\/msconectado.com.br\/?p=21422","og_locale":"pt_BR","og_type":"article","og_title":"Vereador Juninho Cacho solicita revis\u00e3o urgente nos aparelhos de ar condicionado do ESF Dra. Maria de Lourdes dos Reis - MsConectado","og_description":"Durante a sess\u00e3o ordin\u00e1ria realizada nesta segunda-feira (11), o 1\u00ba vice-presidente da C\u00e2mara Municipal, Juninho Cacho (PP), dirigiu-se \u00e0 Prefeita Municipal Dra. Clediane Areco Matzembacher, com c\u00f3pia \u00e0 Secret\u00e1ria de Sa\u00fade, Rosineide Maciel, com um pedido urgente de revis\u00e3o nos aparelhos de ar condicionado da sala dos agentes comunit\u00e1rios de sa\u00fade no ESF Dra. Maria [&hellip;]","og_url":"https:\/\/msconectado.com.br\/?p=21422","og_site_name":"MsConectado","article_published_time":"2024-03-12T20:03:30+00:00","article_modified_time":"2024-03-12T20:03:47+00:00","og_image":[{"width":1080,"height":595,"url":"https:\/\/msconectado.com.br\/wp-content\/uploads\/2024\/03\/ipc1.jpg","type":"image\/jpeg"}],"author":"MsConectado","twitter_card":"summary_large_image","twitter_misc":{"Escrito por":"MsConectado","Est. tempo de leitura":"1 minuto"},"schema":{"@context":"https:\/\/schema.org","@graph":[{"@type":"Article","@id":"https:\/\/msconectado.com.br\/?p=21422#article","isPartOf":{"@id":"https:\/\/msconectado.com.br\/?p=21422"},"author":{"name":"MsConectado","@id":"https:\/\/msconectado.com.br\/#\/schema\/person\/e5585545b5687092f1041d350b6e2c16"},"headline":"Vereador Juninho Cacho solicita revis\u00e3o urgente nos aparelhos de ar condicionado do ESF Dra. Maria de Lourdes dos Reis","datePublished":"2024-03-12T20:03:30+00:00","dateModified":"2024-03-12T20:03:47+00:00","mainEntityOfPage":{"@id":"https:\/\/msconectado.com.br\/?p=21422"},"wordCount":312,"commentCount":0,"publisher":{"@id":"https:\/\/msconectado.com.br\/#organization"},"image":{"@id":"https:\/\/msconectado.com.br\/?p=21422#primaryimage"},"thumbnailUrl":"https:\/\/msconectado.com.br\/wp-content\/uploads\/2024\/03\/ipc1.jpg","articleSection":["Cidades","Not\u00edcia","Pol\u00edtica"],"inLanguage":"pt-BR","potentialAction":[{"@type":"CommentAction","name":"Comment","target":["https:\/\/msconectado.com.br\/?p=21422#respond"]}]},{"@type":"WebPage","@id":"https:\/\/msconectado.com.br\/?p=21422","url":"https:\/\/msconectado.com.br\/?p=21422","name":"Vereador Juninho Cacho solicita revis\u00e3o urgente nos aparelhos de ar condicionado do ESF Dra. Maria de Lourdes dos Reis - MsConectado","isPartOf":{"@id":"https:\/\/msconectado.com.br\/#website"},"primaryImageOfPage":{"@id":"https:\/\/msconectado.com.br\/?p=21422#primaryimage"},"image":{"@id":"https:\/\/msconectado.com.br\/?p=21422#primaryimage"},"thumbnailUrl":"https:\/\/msconectado.com.br\/wp-content\/uploads\/2024\/03\/ipc1.jpg","datePublished":"2024-03-12T20:03:30+00:00","dateModified":"2024-03-12T20:03:47+00:00","breadcrumb":{"@id":"https:\/\/msconectado.com.br\/?p=21422#breadcrumb"},"inLanguage":"pt-BR","potentialAction":[{"@type":"ReadAction","target":["https:\/\/msconectado.com.br\/?p=21422"]}]},{"@type":"ImageObject","inLanguage":"pt-BR","@id":"https:\/\/msconectado.com.br\/?p=21422#primaryimage","url":"https:\/\/msconectado.com.br\/wp-content\/uploads\/2024\/03\/ipc1.jpg","contentUrl":"https:\/\/msconectado.com.br\/wp-content\/uploads\/2024\/03\/ipc1.jpg","width":1080,"height":595},{"@type":"BreadcrumbList","@id":"https:\/\/msconectado.com.br\/?p=21422#breadcrumb","itemListElement":[{"@type":"ListItem","position":1,"name":"In\u00edcio","item":"https:\/\/msconectado.com.br\/"},{"@type":"ListItem","position":2,"name":"Vereador Juninho Cacho solicita revis\u00e3o urgente nos aparelhos de ar condicionado do ESF Dra. Maria de Lourdes dos Reis"}]},{"@type":"WebSite","@id":"https:\/\/msconectado.com.br\/#website","url":"https:\/\/msconectado.com.br\/","name":"MsConectado","description":"Voc\u00ea Conectado com a Not\u00edcia!","publisher":{"@id":"https:\/\/msconectado.com.br\/#organization"},"potentialAction":[{"@type":"SearchAction","target":{"@type":"EntryPoint","urlTemplate":"https:\/\/msconectado.com.br\/?s={search_term_string}"},"query-input":{"@type":"PropertyValueSpecification","valueRequired":true,"valueName":"search_term_string"}}],"inLanguage":"pt-BR"},{"@type":"Organization","@id":"https:\/\/msconectado.com.br\/#organization","name":"MsConectado","url":"https:\/\/msconectado.com.br\/","logo":{"@type":"ImageObject","inLanguage":"pt-BR","@id":"https:\/\/msconectado.com.br\/#\/schema\/logo\/image\/","url":"https:\/\/msconectado.com.br\/wp-content\/uploads\/2023\/01\/cropped-noticia-2.png","contentUrl":"https:\/\/msconectado.com.br\/wp-content\/uploads\/2023\/01\/cropped-noticia-2.png","width":720,"height":157,"caption":"MsConectado"},"image":{"@id":"https:\/\/msconectado.com.br\/#\/schema\/logo\/image\/"}},{"@type":"Person","@id":"https:\/\/msconectado.com.br\/#\/schema\/person\/e5585545b5687092f1041d350b6e2c16","name":"MsConectado","image":{"@type":"ImageObject","inLanguage":"pt-BR","@id":"https:\/\/secure.gravatar.com\/avatar\/3b4f84a0a8a4380ac4431fa79981d073692380c5da00ae97596e794ab0db5c8c?s=96&d=mm&r=g","url":"https:\/\/secure.gravatar.com\/avatar\/3b4f84a0a8a4380ac4431fa79981d073692380c5da00ae97596e794ab0db5c8c?s=96&d=mm&r=g","contentUrl":"https:\/\/secure.gravatar.com\/avatar\/3b4f84a0a8a4380ac4431fa79981d073692380c5da00ae97596e794ab0db5c8c?s=96&d=mm&r=g","caption":"MsConectado"},"url":"https:\/\/msconectado.com.br\/?author=2"}]}},"_links":{"self":[{"href":"https:\/\/msconectado.com.br\/index.php?rest_route=\/wp\/v2\/posts\/21422","targetHints":{"allow":["GET"]}}],"collection":[{"href":"https:\/\/msconectado.com.br\/index.php?rest_route=\/wp\/v2\/posts"}],"about":[{"href":"https:\/\/msconectado.com.br\/index.php?rest_route=\/wp\/v2\/types\/post"}],"author":[{"embeddable":true,"href":"https:\/\/msconectado.com.br\/index.php?rest_route=\/wp\/v2\/users\/2"}],"replies":[{"embeddable":true,"href":"https:\/\/msconectado.com.br\/index.php?rest_route=%2Fwp%2Fv2%2Fcomments&post=21422"}],"version-history":[{"count":2,"href":"https:\/\/msconectado.com.br\/index.php?rest_route=\/wp\/v2\/posts\/21422\/revisions"}],"predecessor-version":[{"id":21425,"href":"https:\/\/msconectado.com.br\/index.php?rest_route=\/wp\/v2\/posts\/21422\/revisions\/21425"}],"wp:featuredmedia":[{"embeddable":true,"href":"https:\/\/msconectado.com.br\/index.php?rest_route=\/wp\/v2\/media\/21423"}],"wp:attachment":[{"href":"https:\/\/msconectado.com.br\/index.php?rest_route=%2Fwp%2Fv2%2Fmedia&parent=21422"}],"wp:term":[{"taxonomy":"category","embeddable":true,"href":"https:\/\/msconectado.com.br\/index.php?rest_route=%2Fwp%2Fv2%2Fcategories&post=21422"},{"taxonomy":"post_tag","embeddable":true,"href":"https:\/\/msconectado.com.br\/index.php?rest_route=%2Fwp%2Fv2%2Ftags&post=21422"}],"curies":[{"name":"wp","href":"https:\/\/api.w.org\/{rel}","templated":true}]}}