
{"id":21439,"date":"2024-03-14T18:43:17","date_gmt":"2024-03-14T18:43:17","guid":{"rendered":"https:\/\/msconectado.com.br\/?p=21439"},"modified":"2024-03-14T18:43:19","modified_gmt":"2024-03-14T18:43:19","slug":"cleber-dias-deixa-ninho-tucano-e-fortalece-pre-candidatura-a-prefeitura-de-vicentina","status":"publish","type":"post","link":"https:\/\/msconectado.com.br\/?p=21439","title":{"rendered":"Cl\u00e9ber Dias deixa ninho tucano e fortalece pr\u00e9-candidatura \u00e0 prefeitura de Vicentina."},"content":{"rendered":"\n<p>Ap\u00f3s um per\u00edodo de fortes press\u00f5es internas dentro do PSDB de Vicentina, o advogado Cl\u00e9ber Dias da Silva tomou uma decis\u00e3o significativa: oficializou sua sa\u00edda do partido, juntamente com sua inten\u00e7\u00e3o de disputar a Prefeitura nas pr\u00f3ximas elei\u00e7\u00f5es. Reconhecido como o principal respons\u00e1vel pela estrutura\u00e7\u00e3o do partido no munic\u00edpio nos \u00faltimos anos, Cl\u00e9ber Dias da Silva expressou sua gratid\u00e3o \u00e0 c\u00fapula estadual tucana pelo apoio e confian\u00e7a durante sua gest\u00e3o.<\/p>\n\n\n<div class=\"wp-block-image\">\n<figure class=\"aligncenter size-full\"><img fetchpriority=\"high\" decoding=\"async\" width=\"768\" height=\"491\" src=\"https:\/\/msconectado.com.br\/wp-content\/uploads\/2024\/03\/ec5d84e7-8985-46bd-bd79-feca31b533cb.jpg\" alt=\"\" class=\"wp-image-21444\" srcset=\"https:\/\/msconectado.com.br\/wp-content\/uploads\/2024\/03\/ec5d84e7-8985-46bd-bd79-feca31b533cb.jpg 768w, https:\/\/msconectado.com.br\/wp-content\/uploads\/2024\/03\/ec5d84e7-8985-46bd-bd79-feca31b533cb-300x192.jpg 300w\" sizes=\"(max-width: 768px) 100vw, 768px\" \/><\/figure>\n<\/div>\n\n\n<p>A decis\u00e3o de deixar o PSDB foi motivada pela falta de apoio interno \u00e0 sua poss\u00edvel pr\u00e9 &#8211; candidatura, apesar de sua dedica\u00e7\u00e3o e trabalho em prol do partido. Cl\u00e9ber, que j\u00e1 disputou duas elei\u00e7\u00f5es desde 2012 e havia aberto m\u00e3o da disputa em 2020 em nome da unifica\u00e7\u00e3o partid\u00e1ria, sentiu-se desconsiderado quando seu gesto n\u00e3o foi retribu\u00eddo para as elei\u00e7\u00f5es de 2024, onde deveria ser o candidato natural do partido.<\/p>\n\n\n\n<p>Antes de oficializar sua desfilia\u00e7\u00e3o, Cl\u00e9ber Dias comunicou sua decis\u00e3o \u00e0s principais lideran\u00e7as tucanas do estado, incluindo o secret\u00e1rio estadual S\u00e9rgio de Paula e o ex-governador Reinaldo Azambuja, reafirmando sua gratid\u00e3o pelo apoio e companheirismo ao longo dos anos. O advogado vicentinense foi respons\u00e1vel por estruturar o PSDB na regi\u00e3o em 2014, apoiando a candidatura do governador Reinaldo Azambuja em sua primeira elei\u00e7\u00e3o para o governo estadual.<\/p>\n\n\n<div class=\"wp-block-image\">\n<figure class=\"aligncenter size-full\"><img decoding=\"async\" width=\"960\" height=\"629\" src=\"https:\/\/msconectado.com.br\/wp-content\/uploads\/2024\/03\/image-9.png\" alt=\"\" class=\"wp-image-21441\" srcset=\"https:\/\/msconectado.com.br\/wp-content\/uploads\/2024\/03\/image-9.png 960w, https:\/\/msconectado.com.br\/wp-content\/uploads\/2024\/03\/image-9-300x197.png 300w, https:\/\/msconectado.com.br\/wp-content\/uploads\/2024\/03\/image-9-768x503.png 768w\" sizes=\"(max-width: 960px) 100vw, 960px\" \/><\/figure>\n<\/div>\n\n\n<p>Mesmo fora do PSDB, Cl\u00e9ber Dias mant\u00e9m sua rela\u00e7\u00e3o de afeto com as lideran\u00e7as estaduais do partido. Ele afirmou que ainda n\u00e3o definiu seu pr\u00f3ximo destino partid\u00e1rio, mas sua prioridade \u00e9 encontrar um partido que acolha seus ideais e projetos coletivos para Vicentina.<\/p>\n\n\n\n<p>&#8220;O que \u00e9 certo neste momento \u00e9 a minha pr\u00e9-candidatura \u00e0 Prefeitura de Vicentina neste ano. Ainda temos prazo para decidir o partido, mas ser\u00e1 aquele que acolher a mim e meus companheiros neste projeto, que n\u00e3o \u00e9 pessoal e sim coletivo. \u00c9 um compromisso de aten\u00e7\u00e3o \u00e0s pessoas e respeito \u00e0 dignidade humana&#8221;, destacou Cl\u00e9ber Dias.<\/p>\n\n\n\n<p>Com sua sa\u00edda do PSDB e an\u00fancio de pr\u00e9-candidatura, Cl\u00e9ber Dias da Silva se posiciona como uma figura pol\u00edtica em busca de novos horizontes e oportunidades para representar os interesses da comunidade de Vicentina.<\/p>\n\n\n<div class=\"wp-block-image\">\n<figure class=\"aligncenter size-full\"><img decoding=\"async\" width=\"959\" height=\"651\" src=\"https:\/\/msconectado.com.br\/wp-content\/uploads\/2024\/03\/image-10.png\" alt=\"\" class=\"wp-image-21442\" srcset=\"https:\/\/msconectado.com.br\/wp-content\/uploads\/2024\/03\/image-10.png 959w, https:\/\/msconectado.com.br\/wp-content\/uploads\/2024\/03\/image-10-300x204.png 300w, https:\/\/msconectado.com.br\/wp-content\/uploads\/2024\/03\/image-10-768x521.png 768w\" sizes=\"(max-width: 959px) 100vw, 959px\" \/><\/figure>\n<\/div>\n\n\n<p>Reda\u00e7\u00e3o<\/p>\n\n\n<div class=\"wp-block-image\">\n<figure class=\"aligncenter size-full\"><img loading=\"lazy\" decoding=\"async\" width=\"900\" height=\"100\" src=\"https:\/\/msconectado.com.br\/wp-content\/uploads\/2024\/03\/Planos_que_atendem_todos_os_gostos.png\" alt=\"\" class=\"wp-image-21399\" srcset=\"https:\/\/msconectado.com.br\/wp-content\/uploads\/2024\/03\/Planos_que_atendem_todos_os_gostos.png 900w, https:\/\/msconectado.com.br\/wp-content\/uploads\/2024\/03\/Planos_que_atendem_todos_os_gostos-300x33.png 300w, https:\/\/msconectado.com.br\/wp-content\/uploads\/2024\/03\/Planos_que_atendem_todos_os_gostos-768x85.png 768w\" sizes=\"(max-width: 900px) 100vw, 900px\" \/><\/figure>\n<\/div>","protected":false},"excerpt":{"rendered":"<p>Ap\u00f3s um per\u00edodo de fortes press\u00f5es internas dentro do PSDB de Vicentina, o advogado Cl\u00e9ber Dias da Silva tomou uma decis\u00e3o significativa: oficializou sua sa\u00edda do partido, juntamente com sua inten\u00e7\u00e3o de disputar a Prefeitura nas pr\u00f3ximas elei\u00e7\u00f5es. Reconhecido como o principal respons\u00e1vel pela estrutura\u00e7\u00e3o do partido no munic\u00edpio nos \u00faltimos anos, Cl\u00e9ber Dias da [&hellip;]<\/p>\n","protected":false},"author":2,"featured_media":21445,"comment_status":"open","ping_status":"closed","sticky":false,"template":"","format":"standard","meta":{"footnotes":""},"categories":[35,1,33],"tags":[],"class_list":["post-21439","post","type-post","status-publish","format-standard","has-post-thumbnail","hentry","category-cidades","category-noticia","category-politica"],"yoast_head":"<!-- This site is optimized with the Yoast SEO plugin v27.5 - https:\/\/yoast.com\/product\/yoast-seo-wordpress\/ -->\n<title>Cl\u00e9ber Dias deixa ninho tucano e fortalece pr\u00e9-candidatura \u00e0 prefeitura de Vicentina. - MsConectado<\/title>\n<meta name=\"robots\" content=\"index, follow, max-snippet:-1, max-image-preview:large, max-video-preview:-1\" \/>\n<link rel=\"canonical\" href=\"https:\/\/msconectado.com.br\/?p=21439\" \/>\n<meta property=\"og:locale\" content=\"pt_BR\" \/>\n<meta property=\"og:type\" content=\"article\" \/>\n<meta property=\"og:title\" content=\"Cl\u00e9ber Dias deixa ninho tucano e fortalece pr\u00e9-candidatura \u00e0 prefeitura de Vicentina. - MsConectado\" \/>\n<meta property=\"og:description\" content=\"Ap\u00f3s um per\u00edodo de fortes press\u00f5es internas dentro do PSDB de Vicentina, o advogado Cl\u00e9ber Dias da Silva tomou uma decis\u00e3o significativa: oficializou sua sa\u00edda do partido, juntamente com sua inten\u00e7\u00e3o de disputar a Prefeitura nas pr\u00f3ximas elei\u00e7\u00f5es. Reconhecido como o principal respons\u00e1vel pela estrutura\u00e7\u00e3o do partido no munic\u00edpio nos \u00faltimos anos, Cl\u00e9ber Dias da [&hellip;]\" \/>\n<meta property=\"og:url\" content=\"https:\/\/msconectado.com.br\/?p=21439\" \/>\n<meta property=\"og:site_name\" content=\"MsConectado\" \/>\n<meta property=\"article:published_time\" content=\"2024-03-14T18:43:17+00:00\" \/>\n<meta property=\"article:modified_time\" content=\"2024-03-14T18:43:19+00:00\" \/>\n<meta property=\"og:image\" content=\"https:\/\/msconectado.com.br\/wp-content\/uploads\/2024\/03\/39c784a0-5c0a-4226-9edb-b64844b3a16d.jpg\" \/>\n\t<meta property=\"og:image:width\" content=\"1079\" \/>\n\t<meta property=\"og:image:height\" content=\"696\" \/>\n\t<meta property=\"og:image:type\" content=\"image\/jpeg\" \/>\n<meta name=\"author\" content=\"MsConectado\" \/>\n<meta name=\"twitter:card\" content=\"summary_large_image\" \/>\n<meta name=\"twitter:label1\" content=\"Escrito por\" \/>\n\t<meta name=\"twitter:data1\" content=\"MsConectado\" \/>\n\t<meta name=\"twitter:label2\" content=\"Est. tempo de leitura\" \/>\n\t<meta name=\"twitter:data2\" content=\"2 minutos\" \/>\n<script type=\"application\/ld+json\" class=\"yoast-schema-graph\">{\"@context\":\"https:\\\/\\\/schema.org\",\"@graph\":[{\"@type\":\"Article\",\"@id\":\"https:\\\/\\\/msconectado.com.br\\\/?p=21439#article\",\"isPartOf\":{\"@id\":\"https:\\\/\\\/msconectado.com.br\\\/?p=21439\"},\"author\":{\"name\":\"MsConectado\",\"@id\":\"https:\\\/\\\/msconectado.com.br\\\/#\\\/schema\\\/person\\\/e5585545b5687092f1041d350b6e2c16\"},\"headline\":\"Cl\u00e9ber Dias deixa ninho tucano e fortalece pr\u00e9-candidatura \u00e0 prefeitura de Vicentina.\",\"datePublished\":\"2024-03-14T18:43:17+00:00\",\"dateModified\":\"2024-03-14T18:43:19+00:00\",\"mainEntityOfPage\":{\"@id\":\"https:\\\/\\\/msconectado.com.br\\\/?p=21439\"},\"wordCount\":398,\"commentCount\":0,\"publisher\":{\"@id\":\"https:\\\/\\\/msconectado.com.br\\\/#organization\"},\"image\":{\"@id\":\"https:\\\/\\\/msconectado.com.br\\\/?p=21439#primaryimage\"},\"thumbnailUrl\":\"https:\\\/\\\/msconectado.com.br\\\/wp-content\\\/uploads\\\/2024\\\/03\\\/39c784a0-5c0a-4226-9edb-b64844b3a16d.jpg\",\"articleSection\":[\"Cidades\",\"Not\u00edcia\",\"Pol\u00edtica\"],\"inLanguage\":\"pt-BR\",\"potentialAction\":[{\"@type\":\"CommentAction\",\"name\":\"Comment\",\"target\":[\"https:\\\/\\\/msconectado.com.br\\\/?p=21439#respond\"]}]},{\"@type\":\"WebPage\",\"@id\":\"https:\\\/\\\/msconectado.com.br\\\/?p=21439\",\"url\":\"https:\\\/\\\/msconectado.com.br\\\/?p=21439\",\"name\":\"Cl\u00e9ber Dias deixa ninho tucano e fortalece pr\u00e9-candidatura \u00e0 prefeitura de Vicentina. - MsConectado\",\"isPartOf\":{\"@id\":\"https:\\\/\\\/msconectado.com.br\\\/#website\"},\"primaryImageOfPage\":{\"@id\":\"https:\\\/\\\/msconectado.com.br\\\/?p=21439#primaryimage\"},\"image\":{\"@id\":\"https:\\\/\\\/msconectado.com.br\\\/?p=21439#primaryimage\"},\"thumbnailUrl\":\"https:\\\/\\\/msconectado.com.br\\\/wp-content\\\/uploads\\\/2024\\\/03\\\/39c784a0-5c0a-4226-9edb-b64844b3a16d.jpg\",\"datePublished\":\"2024-03-14T18:43:17+00:00\",\"dateModified\":\"2024-03-14T18:43:19+00:00\",\"breadcrumb\":{\"@id\":\"https:\\\/\\\/msconectado.com.br\\\/?p=21439#breadcrumb\"},\"inLanguage\":\"pt-BR\",\"potentialAction\":[{\"@type\":\"ReadAction\",\"target\":[\"https:\\\/\\\/msconectado.com.br\\\/?p=21439\"]}]},{\"@type\":\"ImageObject\",\"inLanguage\":\"pt-BR\",\"@id\":\"https:\\\/\\\/msconectado.com.br\\\/?p=21439#primaryimage\",\"url\":\"https:\\\/\\\/msconectado.com.br\\\/wp-content\\\/uploads\\\/2024\\\/03\\\/39c784a0-5c0a-4226-9edb-b64844b3a16d.jpg\",\"contentUrl\":\"https:\\\/\\\/msconectado.com.br\\\/wp-content\\\/uploads\\\/2024\\\/03\\\/39c784a0-5c0a-4226-9edb-b64844b3a16d.jpg\",\"width\":1079,\"height\":696},{\"@type\":\"BreadcrumbList\",\"@id\":\"https:\\\/\\\/msconectado.com.br\\\/?p=21439#breadcrumb\",\"itemListElement\":[{\"@type\":\"ListItem\",\"position\":1,\"name\":\"In\u00edcio\",\"item\":\"https:\\\/\\\/msconectado.com.br\\\/?page_id=105\"},{\"@type\":\"ListItem\",\"position\":2,\"name\":\"Cl\u00e9ber Dias deixa ninho tucano e fortalece pr\u00e9-candidatura \u00e0 prefeitura de Vicentina.\"}]},{\"@type\":\"WebSite\",\"@id\":\"https:\\\/\\\/msconectado.com.br\\\/#website\",\"url\":\"https:\\\/\\\/msconectado.com.br\\\/\",\"name\":\"MsConectado\",\"description\":\"Voc\u00ea Conectado com a Not\u00edcia!\",\"publisher\":{\"@id\":\"https:\\\/\\\/msconectado.com.br\\\/#organization\"},\"potentialAction\":[{\"@type\":\"SearchAction\",\"target\":{\"@type\":\"EntryPoint\",\"urlTemplate\":\"https:\\\/\\\/msconectado.com.br\\\/?s={search_term_string}\"},\"query-input\":{\"@type\":\"PropertyValueSpecification\",\"valueRequired\":true,\"valueName\":\"search_term_string\"}}],\"inLanguage\":\"pt-BR\"},{\"@type\":\"Organization\",\"@id\":\"https:\\\/\\\/msconectado.com.br\\\/#organization\",\"name\":\"MsConectado\",\"url\":\"https:\\\/\\\/msconectado.com.br\\\/\",\"logo\":{\"@type\":\"ImageObject\",\"inLanguage\":\"pt-BR\",\"@id\":\"https:\\\/\\\/msconectado.com.br\\\/#\\\/schema\\\/logo\\\/image\\\/\",\"url\":\"https:\\\/\\\/msconectado.com.br\\\/wp-content\\\/uploads\\\/2023\\\/01\\\/cropped-noticia-2.png\",\"contentUrl\":\"https:\\\/\\\/msconectado.com.br\\\/wp-content\\\/uploads\\\/2023\\\/01\\\/cropped-noticia-2.png\",\"width\":720,\"height\":157,\"caption\":\"MsConectado\"},\"image\":{\"@id\":\"https:\\\/\\\/msconectado.com.br\\\/#\\\/schema\\\/logo\\\/image\\\/\"}},{\"@type\":\"Person\",\"@id\":\"https:\\\/\\\/msconectado.com.br\\\/#\\\/schema\\\/person\\\/e5585545b5687092f1041d350b6e2c16\",\"name\":\"MsConectado\",\"image\":{\"@type\":\"ImageObject\",\"inLanguage\":\"pt-BR\",\"@id\":\"https:\\\/\\\/secure.gravatar.com\\\/avatar\\\/3b4f84a0a8a4380ac4431fa79981d073692380c5da00ae97596e794ab0db5c8c?s=96&d=mm&r=g\",\"url\":\"https:\\\/\\\/secure.gravatar.com\\\/avatar\\\/3b4f84a0a8a4380ac4431fa79981d073692380c5da00ae97596e794ab0db5c8c?s=96&d=mm&r=g\",\"contentUrl\":\"https:\\\/\\\/secure.gravatar.com\\\/avatar\\\/3b4f84a0a8a4380ac4431fa79981d073692380c5da00ae97596e794ab0db5c8c?s=96&d=mm&r=g\",\"caption\":\"MsConectado\"},\"url\":\"https:\\\/\\\/msconectado.com.br\\\/?author=2\"}]}<\/script>\n<!-- \/ Yoast SEO plugin. -->","yoast_head_json":{"title":"Cl\u00e9ber Dias deixa ninho tucano e fortalece pr\u00e9-candidatura \u00e0 prefeitura de Vicentina. - MsConectado","robots":{"index":"index","follow":"follow","max-snippet":"max-snippet:-1","max-image-preview":"max-image-preview:large","max-video-preview":"max-video-preview:-1"},"canonical":"https:\/\/msconectado.com.br\/?p=21439","og_locale":"pt_BR","og_type":"article","og_title":"Cl\u00e9ber Dias deixa ninho tucano e fortalece pr\u00e9-candidatura \u00e0 prefeitura de Vicentina. - MsConectado","og_description":"Ap\u00f3s um per\u00edodo de fortes press\u00f5es internas dentro do PSDB de Vicentina, o advogado Cl\u00e9ber Dias da Silva tomou uma decis\u00e3o significativa: oficializou sua sa\u00edda do partido, juntamente com sua inten\u00e7\u00e3o de disputar a Prefeitura nas pr\u00f3ximas elei\u00e7\u00f5es. Reconhecido como o principal respons\u00e1vel pela estrutura\u00e7\u00e3o do partido no munic\u00edpio nos \u00faltimos anos, Cl\u00e9ber Dias da [&hellip;]","og_url":"https:\/\/msconectado.com.br\/?p=21439","og_site_name":"MsConectado","article_published_time":"2024-03-14T18:43:17+00:00","article_modified_time":"2024-03-14T18:43:19+00:00","og_image":[{"width":1079,"height":696,"url":"https:\/\/msconectado.com.br\/wp-content\/uploads\/2024\/03\/39c784a0-5c0a-4226-9edb-b64844b3a16d.jpg","type":"image\/jpeg"}],"author":"MsConectado","twitter_card":"summary_large_image","twitter_misc":{"Escrito por":"MsConectado","Est. tempo de leitura":"2 minutos"},"schema":{"@context":"https:\/\/schema.org","@graph":[{"@type":"Article","@id":"https:\/\/msconectado.com.br\/?p=21439#article","isPartOf":{"@id":"https:\/\/msconectado.com.br\/?p=21439"},"author":{"name":"MsConectado","@id":"https:\/\/msconectado.com.br\/#\/schema\/person\/e5585545b5687092f1041d350b6e2c16"},"headline":"Cl\u00e9ber Dias deixa ninho tucano e fortalece pr\u00e9-candidatura \u00e0 prefeitura de Vicentina.","datePublished":"2024-03-14T18:43:17+00:00","dateModified":"2024-03-14T18:43:19+00:00","mainEntityOfPage":{"@id":"https:\/\/msconectado.com.br\/?p=21439"},"wordCount":398,"commentCount":0,"publisher":{"@id":"https:\/\/msconectado.com.br\/#organization"},"image":{"@id":"https:\/\/msconectado.com.br\/?p=21439#primaryimage"},"thumbnailUrl":"https:\/\/msconectado.com.br\/wp-content\/uploads\/2024\/03\/39c784a0-5c0a-4226-9edb-b64844b3a16d.jpg","articleSection":["Cidades","Not\u00edcia","Pol\u00edtica"],"inLanguage":"pt-BR","potentialAction":[{"@type":"CommentAction","name":"Comment","target":["https:\/\/msconectado.com.br\/?p=21439#respond"]}]},{"@type":"WebPage","@id":"https:\/\/msconectado.com.br\/?p=21439","url":"https:\/\/msconectado.com.br\/?p=21439","name":"Cl\u00e9ber Dias deixa ninho tucano e fortalece pr\u00e9-candidatura \u00e0 prefeitura de Vicentina. - MsConectado","isPartOf":{"@id":"https:\/\/msconectado.com.br\/#website"},"primaryImageOfPage":{"@id":"https:\/\/msconectado.com.br\/?p=21439#primaryimage"},"image":{"@id":"https:\/\/msconectado.com.br\/?p=21439#primaryimage"},"thumbnailUrl":"https:\/\/msconectado.com.br\/wp-content\/uploads\/2024\/03\/39c784a0-5c0a-4226-9edb-b64844b3a16d.jpg","datePublished":"2024-03-14T18:43:17+00:00","dateModified":"2024-03-14T18:43:19+00:00","breadcrumb":{"@id":"https:\/\/msconectado.com.br\/?p=21439#breadcrumb"},"inLanguage":"pt-BR","potentialAction":[{"@type":"ReadAction","target":["https:\/\/msconectado.com.br\/?p=21439"]}]},{"@type":"ImageObject","inLanguage":"pt-BR","@id":"https:\/\/msconectado.com.br\/?p=21439#primaryimage","url":"https:\/\/msconectado.com.br\/wp-content\/uploads\/2024\/03\/39c784a0-5c0a-4226-9edb-b64844b3a16d.jpg","contentUrl":"https:\/\/msconectado.com.br\/wp-content\/uploads\/2024\/03\/39c784a0-5c0a-4226-9edb-b64844b3a16d.jpg","width":1079,"height":696},{"@type":"BreadcrumbList","@id":"https:\/\/msconectado.com.br\/?p=21439#breadcrumb","itemListElement":[{"@type":"ListItem","position":1,"name":"In\u00edcio","item":"https:\/\/msconectado.com.br\/?page_id=105"},{"@type":"ListItem","position":2,"name":"Cl\u00e9ber Dias deixa ninho tucano e fortalece pr\u00e9-candidatura \u00e0 prefeitura de Vicentina."}]},{"@type":"WebSite","@id":"https:\/\/msconectado.com.br\/#website","url":"https:\/\/msconectado.com.br\/","name":"MsConectado","description":"Voc\u00ea Conectado com a Not\u00edcia!","publisher":{"@id":"https:\/\/msconectado.com.br\/#organization"},"potentialAction":[{"@type":"SearchAction","target":{"@type":"EntryPoint","urlTemplate":"https:\/\/msconectado.com.br\/?s={search_term_string}"},"query-input":{"@type":"PropertyValueSpecification","valueRequired":true,"valueName":"search_term_string"}}],"inLanguage":"pt-BR"},{"@type":"Organization","@id":"https:\/\/msconectado.com.br\/#organization","name":"MsConectado","url":"https:\/\/msconectado.com.br\/","logo":{"@type":"ImageObject","inLanguage":"pt-BR","@id":"https:\/\/msconectado.com.br\/#\/schema\/logo\/image\/","url":"https:\/\/msconectado.com.br\/wp-content\/uploads\/2023\/01\/cropped-noticia-2.png","contentUrl":"https:\/\/msconectado.com.br\/wp-content\/uploads\/2023\/01\/cropped-noticia-2.png","width":720,"height":157,"caption":"MsConectado"},"image":{"@id":"https:\/\/msconectado.com.br\/#\/schema\/logo\/image\/"}},{"@type":"Person","@id":"https:\/\/msconectado.com.br\/#\/schema\/person\/e5585545b5687092f1041d350b6e2c16","name":"MsConectado","image":{"@type":"ImageObject","inLanguage":"pt-BR","@id":"https:\/\/secure.gravatar.com\/avatar\/3b4f84a0a8a4380ac4431fa79981d073692380c5da00ae97596e794ab0db5c8c?s=96&d=mm&r=g","url":"https:\/\/secure.gravatar.com\/avatar\/3b4f84a0a8a4380ac4431fa79981d073692380c5da00ae97596e794ab0db5c8c?s=96&d=mm&r=g","contentUrl":"https:\/\/secure.gravatar.com\/avatar\/3b4f84a0a8a4380ac4431fa79981d073692380c5da00ae97596e794ab0db5c8c?s=96&d=mm&r=g","caption":"MsConectado"},"url":"https:\/\/msconectado.com.br\/?author=2"}]}},"_links":{"self":[{"href":"https:\/\/msconectado.com.br\/index.php?rest_route=\/wp\/v2\/posts\/21439","targetHints":{"allow":["GET"]}}],"collection":[{"href":"https:\/\/msconectado.com.br\/index.php?rest_route=\/wp\/v2\/posts"}],"about":[{"href":"https:\/\/msconectado.com.br\/index.php?rest_route=\/wp\/v2\/types\/post"}],"author":[{"embeddable":true,"href":"https:\/\/msconectado.com.br\/index.php?rest_route=\/wp\/v2\/users\/2"}],"replies":[{"embeddable":true,"href":"https:\/\/msconectado.com.br\/index.php?rest_route=%2Fwp%2Fv2%2Fcomments&post=21439"}],"version-history":[{"count":1,"href":"https:\/\/msconectado.com.br\/index.php?rest_route=\/wp\/v2\/posts\/21439\/revisions"}],"predecessor-version":[{"id":21446,"href":"https:\/\/msconectado.com.br\/index.php?rest_route=\/wp\/v2\/posts\/21439\/revisions\/21446"}],"wp:featuredmedia":[{"embeddable":true,"href":"https:\/\/msconectado.com.br\/index.php?rest_route=\/wp\/v2\/media\/21445"}],"wp:attachment":[{"href":"https:\/\/msconectado.com.br\/index.php?rest_route=%2Fwp%2Fv2%2Fmedia&parent=21439"}],"wp:term":[{"taxonomy":"category","embeddable":true,"href":"https:\/\/msconectado.com.br\/index.php?rest_route=%2Fwp%2Fv2%2Fcategories&post=21439"},{"taxonomy":"post_tag","embeddable":true,"href":"https:\/\/msconectado.com.br\/index.php?rest_route=%2Fwp%2Fv2%2Ftags&post=21439"}],"curies":[{"name":"wp","href":"https:\/\/api.w.org\/{rel}","templated":true}]}}