
{"id":21480,"date":"2024-03-16T18:43:30","date_gmt":"2024-03-16T18:43:30","guid":{"rendered":"https:\/\/msconectado.com.br\/?p=21480"},"modified":"2024-03-16T19:15:45","modified_gmt":"2024-03-16T19:15:45","slug":"prefeitura-de-sidrolandia-celebra-a-3a-edicao-da-cavalgada-especialmente-mulher","status":"publish","type":"post","link":"https:\/\/msconectado.com.br\/?p=21480","title":{"rendered":"Prefeitura de Sidrol\u00e2ndia celebra a 3\u00aa edi\u00e7\u00e3o da Cavalgada Especialmente Mulher."},"content":{"rendered":"\n<p>A terceira edi\u00e7\u00e3o da Cavalgada Especialmente Mulher, promovida pela Prefeitura de Sidrol\u00e2ndia, marcou o dia de hoje com uma celebra\u00e7\u00e3o vibrante e emocionante. O evento, j\u00e1 consagrado como uma tradi\u00e7\u00e3o no munic\u00edpio, reuniu centenas de mulheres para celebrar suas conquistas, suas hist\u00f3rias e sua resili\u00eancia.<\/p>\n\n\n<div class=\"wp-block-image\">\n<figure class=\"aligncenter size-large\"><img fetchpriority=\"high\" decoding=\"async\" width=\"1024\" height=\"768\" src=\"https:\/\/msconectado.com.br\/wp-content\/uploads\/2024\/03\/image-19-1024x768.png\" alt=\"\" class=\"wp-image-21481\" srcset=\"https:\/\/msconectado.com.br\/wp-content\/uploads\/2024\/03\/image-19-1024x768.png 1024w, https:\/\/msconectado.com.br\/wp-content\/uploads\/2024\/03\/image-19-300x225.png 300w, https:\/\/msconectado.com.br\/wp-content\/uploads\/2024\/03\/image-19-768x576.png 768w, https:\/\/msconectado.com.br\/wp-content\/uploads\/2024\/03\/image-19.png 1280w\" sizes=\"(max-width: 1024px) 100vw, 1024px\" \/><\/figure>\n<\/div>\n\n\n<p>Uma das surpresas que encantou as participantes foi a presen\u00e7a da renomada locutora e berranteira Ana Carla Jacob, diretamente de Goi\u00e2nia. Sua energia contagiante e seu talento trouxeram uma atmosfera especial para a cavalgada, enchendo o evento de alegria e entusiasmo.<\/p>\n\n\n<div class=\"wp-block-image\">\n<figure class=\"aligncenter size-large\"><img decoding=\"async\" width=\"1024\" height=\"768\" src=\"https:\/\/msconectado.com.br\/wp-content\/uploads\/2024\/03\/image-20-1024x768.png\" alt=\"\" class=\"wp-image-21482\" srcset=\"https:\/\/msconectado.com.br\/wp-content\/uploads\/2024\/03\/image-20-1024x768.png 1024w, https:\/\/msconectado.com.br\/wp-content\/uploads\/2024\/03\/image-20-300x225.png 300w, https:\/\/msconectado.com.br\/wp-content\/uploads\/2024\/03\/image-20-768x576.png 768w, https:\/\/msconectado.com.br\/wp-content\/uploads\/2024\/03\/image-20.png 1280w\" sizes=\"(max-width: 1024px) 100vw, 1024px\" \/><\/figure>\n<\/div>\n\n\n<p><\/p>\n\n\n<div class=\"wp-block-image\">\n<figure class=\"aligncenter size-large\"><img decoding=\"async\" width=\"1024\" height=\"683\" src=\"https:\/\/msconectado.com.br\/wp-content\/uploads\/2024\/03\/IMG_8604-1024x683.jpg\" alt=\"\" class=\"wp-image-21489\" srcset=\"https:\/\/msconectado.com.br\/wp-content\/uploads\/2024\/03\/IMG_8604-1024x683.jpg 1024w, https:\/\/msconectado.com.br\/wp-content\/uploads\/2024\/03\/IMG_8604-300x200.jpg 300w, https:\/\/msconectado.com.br\/wp-content\/uploads\/2024\/03\/IMG_8604-768x512.jpg 768w, https:\/\/msconectado.com.br\/wp-content\/uploads\/2024\/03\/IMG_8604-1536x1024.jpg 1536w, https:\/\/msconectado.com.br\/wp-content\/uploads\/2024\/03\/IMG_8604-2048x1365.jpg 2048w, https:\/\/msconectado.com.br\/wp-content\/uploads\/2024\/03\/IMG_8604-360x240.jpg 360w\" sizes=\"(max-width: 1024px) 100vw, 1024px\" \/><\/figure>\n<\/div>\n\n\n<p>Inserida no calend\u00e1rio anual de eventos de Sidrol\u00e2ndia atrav\u00e9s do Projeto de Lei 2\/2022, de autoria da vereadora Joana Michalski, a Cavalgada Especialmente Mulher ganha cada vez mais relev\u00e2ncia como uma forma de celebrar n\u00e3o apenas o Dia Internacional da Mulher, mas todo o m\u00eas dedicado \u00e0s mulheres.<\/p>\n\n\n<div class=\"wp-block-image\">\n<figure class=\"aligncenter size-large\"><img loading=\"lazy\" decoding=\"async\" width=\"1024\" height=\"768\" src=\"https:\/\/msconectado.com.br\/wp-content\/uploads\/2024\/03\/DJI_0982-1024x768.jpg\" alt=\"\" class=\"wp-image-21487\" srcset=\"https:\/\/msconectado.com.br\/wp-content\/uploads\/2024\/03\/DJI_0982-1024x768.jpg 1024w, https:\/\/msconectado.com.br\/wp-content\/uploads\/2024\/03\/DJI_0982-300x225.jpg 300w, https:\/\/msconectado.com.br\/wp-content\/uploads\/2024\/03\/DJI_0982-768x576.jpg 768w, https:\/\/msconectado.com.br\/wp-content\/uploads\/2024\/03\/DJI_0982-1536x1152.jpg 1536w, https:\/\/msconectado.com.br\/wp-content\/uploads\/2024\/03\/DJI_0982-2048x1536.jpg 2048w\" sizes=\"(max-width: 1024px) 100vw, 1024px\" \/><\/figure>\n<\/div>\n\n\n<p>A iniciativa contou com o apoio crucial da Secretaria Municipal de Assist\u00eancia Social (Seas), da Segov (Secretaria Municipal de Governo e Desburocratiza\u00e7\u00e3o), da Coordenadoria de Pol\u00edticas P\u00fablicas para a Mulher, al\u00e9m de diversos outros setores da administra\u00e7\u00e3o e importantes entidades locais, como a Escolinha La\u00e7ador do Bem e o CTG Campos da Vacaria.<\/p>\n\n\n\n<p><\/p>\n\n\n<div class=\"wp-block-image\">\n<figure class=\"aligncenter size-large\"><img loading=\"lazy\" decoding=\"async\" width=\"1024\" height=\"682\" src=\"https:\/\/msconectado.com.br\/wp-content\/uploads\/2024\/03\/image-22-1024x682.png\" alt=\"\" class=\"wp-image-21491\" srcset=\"https:\/\/msconectado.com.br\/wp-content\/uploads\/2024\/03\/image-22-1024x682.png 1024w, https:\/\/msconectado.com.br\/wp-content\/uploads\/2024\/03\/image-22-300x200.png 300w, https:\/\/msconectado.com.br\/wp-content\/uploads\/2024\/03\/image-22-768x512.png 768w, https:\/\/msconectado.com.br\/wp-content\/uploads\/2024\/03\/image-22-1536x1023.png 1536w, https:\/\/msconectado.com.br\/wp-content\/uploads\/2024\/03\/image-22-360x240.png 360w, https:\/\/msconectado.com.br\/wp-content\/uploads\/2024\/03\/image-22.png 1600w\" sizes=\"(max-width: 1024px) 100vw, 1024px\" \/><\/figure>\n<\/div>\n\n<div class=\"wp-block-image\">\n<figure class=\"aligncenter size-large\"><img loading=\"lazy\" decoding=\"async\" width=\"1024\" height=\"768\" src=\"https:\/\/msconectado.com.br\/wp-content\/uploads\/2024\/03\/image-21-1024x768.png\" alt=\"\" class=\"wp-image-21483\" srcset=\"https:\/\/msconectado.com.br\/wp-content\/uploads\/2024\/03\/image-21-1024x768.png 1024w, https:\/\/msconectado.com.br\/wp-content\/uploads\/2024\/03\/image-21-300x225.png 300w, https:\/\/msconectado.com.br\/wp-content\/uploads\/2024\/03\/image-21-768x576.png 768w, https:\/\/msconectado.com.br\/wp-content\/uploads\/2024\/03\/image-21.png 1280w\" sizes=\"(max-width: 1024px) 100vw, 1024px\" \/><\/figure>\n<\/div>\n\n\n<p>&#8220;A cada ano que passa, a Cavalgada Especialmente Mulher cresce em import\u00e2ncia e em participa\u00e7\u00e3o. \u00c9 uma honra ver essa tradi\u00e7\u00e3o solidificada em nossa cidade, reconhecendo e valorizando o papel fundamental das mulheres em nossa sociedade&#8221;, declarou emocionada a vereadora Joana Michalski, mentora do projeto.<\/p>\n\n\n\n<p>A prefeita Vanda tamb\u00e9m ressaltou a relev\u00e2ncia do evento: &#8220;A Cavalgada Especialmente Mulher \u00e9 uma oportunidade \u00edmpar de homenagear e enaltecer as mulheres de Sidrol\u00e2ndia. Estamos imensamente felizes em proporcionar este momento de celebra\u00e7\u00e3o e reconhecimento.&#8221;<\/p>\n\n\n<div class=\"wp-block-image\">\n<figure class=\"aligncenter size-large\"><img loading=\"lazy\" decoding=\"async\" width=\"1024\" height=\"768\" src=\"https:\/\/msconectado.com.br\/wp-content\/uploads\/2024\/03\/DJI_0963-1024x768.jpg\" alt=\"\" class=\"wp-image-21485\" srcset=\"https:\/\/msconectado.com.br\/wp-content\/uploads\/2024\/03\/DJI_0963-1024x768.jpg 1024w, https:\/\/msconectado.com.br\/wp-content\/uploads\/2024\/03\/DJI_0963-300x225.jpg 300w, https:\/\/msconectado.com.br\/wp-content\/uploads\/2024\/03\/DJI_0963-768x576.jpg 768w, https:\/\/msconectado.com.br\/wp-content\/uploads\/2024\/03\/DJI_0963-1536x1152.jpg 1536w, https:\/\/msconectado.com.br\/wp-content\/uploads\/2024\/03\/DJI_0963-2048x1536.jpg 2048w\" sizes=\"(max-width: 1024px) 100vw, 1024px\" \/><\/figure>\n<\/div>\n\n\n<p>Mulheres de todas as idades participaram do evento, percorrendo as ruas da cidade em seus cavalos, demonstrando com orgulho sua for\u00e7a, determina\u00e7\u00e3o e uni\u00e3o. A presen\u00e7a cativante de Ana Carla Jacob elevou ainda mais a energia do evento, tornando esta edi\u00e7\u00e3o da cavalgada verdadeiramente inesquec\u00edvel para todas as participantes.<\/p>\n\n\n<div class=\"wp-block-image\">\n<figure class=\"aligncenter size-large is-resized\"><img loading=\"lazy\" decoding=\"async\" width=\"1024\" height=\"768\" src=\"https:\/\/msconectado.com.br\/wp-content\/uploads\/2024\/03\/DJI_0976-1024x768.jpg\" alt=\"\" class=\"wp-image-21486\" style=\"width:660px;height:auto\" srcset=\"https:\/\/msconectado.com.br\/wp-content\/uploads\/2024\/03\/DJI_0976-1024x768.jpg 1024w, https:\/\/msconectado.com.br\/wp-content\/uploads\/2024\/03\/DJI_0976-300x225.jpg 300w, https:\/\/msconectado.com.br\/wp-content\/uploads\/2024\/03\/DJI_0976-768x576.jpg 768w, https:\/\/msconectado.com.br\/wp-content\/uploads\/2024\/03\/DJI_0976-1536x1152.jpg 1536w, https:\/\/msconectado.com.br\/wp-content\/uploads\/2024\/03\/DJI_0976-2048x1536.jpg 2048w\" sizes=\"(max-width: 1024px) 100vw, 1024px\" \/><\/figure>\n<\/div>\n\n\n<p><\/p>\n\n\n<div class=\"wp-block-image\">\n<figure class=\"aligncenter size-large\"><img loading=\"lazy\" decoding=\"async\" width=\"1024\" height=\"682\" src=\"https:\/\/msconectado.com.br\/wp-content\/uploads\/2024\/03\/image-23-1024x682.png\" alt=\"\" class=\"wp-image-21492\" srcset=\"https:\/\/msconectado.com.br\/wp-content\/uploads\/2024\/03\/image-23-1024x682.png 1024w, https:\/\/msconectado.com.br\/wp-content\/uploads\/2024\/03\/image-23-300x200.png 300w, https:\/\/msconectado.com.br\/wp-content\/uploads\/2024\/03\/image-23-768x512.png 768w, https:\/\/msconectado.com.br\/wp-content\/uploads\/2024\/03\/image-23-1536x1023.png 1536w, https:\/\/msconectado.com.br\/wp-content\/uploads\/2024\/03\/image-23-360x240.png 360w, https:\/\/msconectado.com.br\/wp-content\/uploads\/2024\/03\/image-23.png 1600w\" sizes=\"(max-width: 1024px) 100vw, 1024px\" \/><\/figure>\n<\/div>\n\n\n<p>Reda\u00e7\u00e3o<\/p>\n\n\n\n<p><\/p>\n\n\n<div class=\"wp-block-image\">\n<figure class=\"aligncenter size-full\"><img loading=\"lazy\" decoding=\"async\" width=\"900\" height=\"100\" src=\"https:\/\/msconectado.com.br\/wp-content\/uploads\/2024\/03\/Planos_que_atendem_todos_os_gostos.png\" alt=\"\" class=\"wp-image-21399\" srcset=\"https:\/\/msconectado.com.br\/wp-content\/uploads\/2024\/03\/Planos_que_atendem_todos_os_gostos.png 900w, https:\/\/msconectado.com.br\/wp-content\/uploads\/2024\/03\/Planos_que_atendem_todos_os_gostos-300x33.png 300w, https:\/\/msconectado.com.br\/wp-content\/uploads\/2024\/03\/Planos_que_atendem_todos_os_gostos-768x85.png 768w\" sizes=\"(max-width: 900px) 100vw, 900px\" \/><\/figure>\n<\/div>","protected":false},"excerpt":{"rendered":"<p>A terceira edi\u00e7\u00e3o da Cavalgada Especialmente Mulher, promovida pela Prefeitura de Sidrol\u00e2ndia, marcou o dia de hoje com uma celebra\u00e7\u00e3o vibrante e emocionante. O evento, j\u00e1 consagrado como uma tradi\u00e7\u00e3o no munic\u00edpio, reuniu centenas de mulheres para celebrar suas conquistas, suas hist\u00f3rias e sua resili\u00eancia. Uma das surpresas que encantou as participantes foi a presen\u00e7a [&hellip;]<\/p>\n","protected":false},"author":3,"featured_media":21484,"comment_status":"open","ping_status":"closed","sticky":false,"template":"","format":"standard","meta":{"footnotes":""},"categories":[35,1],"tags":[],"class_list":["post-21480","post","type-post","status-publish","format-standard","has-post-thumbnail","hentry","category-cidades","category-noticia"],"yoast_head":"<!-- This site is optimized with the Yoast SEO plugin v27.5 - https:\/\/yoast.com\/product\/yoast-seo-wordpress\/ -->\n<title>Prefeitura de Sidrol\u00e2ndia celebra a 3\u00aa edi\u00e7\u00e3o da Cavalgada Especialmente Mulher. - MsConectado<\/title>\n<meta name=\"robots\" content=\"index, follow, max-snippet:-1, max-image-preview:large, max-video-preview:-1\" \/>\n<link rel=\"canonical\" href=\"https:\/\/msconectado.com.br\/?p=21480\" \/>\n<meta property=\"og:locale\" content=\"pt_BR\" \/>\n<meta property=\"og:type\" content=\"article\" \/>\n<meta property=\"og:title\" content=\"Prefeitura de Sidrol\u00e2ndia celebra a 3\u00aa edi\u00e7\u00e3o da Cavalgada Especialmente Mulher. - MsConectado\" \/>\n<meta property=\"og:description\" content=\"A terceira edi\u00e7\u00e3o da Cavalgada Especialmente Mulher, promovida pela Prefeitura de Sidrol\u00e2ndia, marcou o dia de hoje com uma celebra\u00e7\u00e3o vibrante e emocionante. O evento, j\u00e1 consagrado como uma tradi\u00e7\u00e3o no munic\u00edpio, reuniu centenas de mulheres para celebrar suas conquistas, suas hist\u00f3rias e sua resili\u00eancia. Uma das surpresas que encantou as participantes foi a presen\u00e7a [&hellip;]\" \/>\n<meta property=\"og:url\" content=\"https:\/\/msconectado.com.br\/?p=21480\" \/>\n<meta property=\"og:site_name\" content=\"MsConectado\" \/>\n<meta property=\"article:published_time\" content=\"2024-03-16T18:43:30+00:00\" \/>\n<meta property=\"article:modified_time\" content=\"2024-03-16T19:15:45+00:00\" \/>\n<meta property=\"og:image\" content=\"https:\/\/msconectado.com.br\/wp-content\/uploads\/2024\/03\/sdfdsfdsf.jpg\" \/>\n\t<meta property=\"og:image:width\" content=\"1280\" \/>\n\t<meta property=\"og:image:height\" content=\"960\" \/>\n\t<meta property=\"og:image:type\" content=\"image\/jpeg\" \/>\n<meta name=\"author\" content=\"Jeferson\" \/>\n<meta name=\"twitter:card\" content=\"summary_large_image\" \/>\n<meta name=\"twitter:label1\" content=\"Escrito por\" \/>\n\t<meta name=\"twitter:data1\" content=\"Jeferson\" \/>\n\t<meta name=\"twitter:label2\" content=\"Est. tempo de leitura\" \/>\n\t<meta name=\"twitter:data2\" content=\"2 minutos\" \/>\n<script type=\"application\/ld+json\" class=\"yoast-schema-graph\">{\"@context\":\"https:\\\/\\\/schema.org\",\"@graph\":[{\"@type\":\"Article\",\"@id\":\"https:\\\/\\\/msconectado.com.br\\\/?p=21480#article\",\"isPartOf\":{\"@id\":\"https:\\\/\\\/msconectado.com.br\\\/?p=21480\"},\"author\":{\"name\":\"Jeferson\",\"@id\":\"https:\\\/\\\/msconectado.com.br\\\/#\\\/schema\\\/person\\\/feb123a95a93eebea36f0ed6a2e5ba48\"},\"headline\":\"Prefeitura de Sidrol\u00e2ndia celebra a 3\u00aa edi\u00e7\u00e3o da Cavalgada Especialmente Mulher.\",\"datePublished\":\"2024-03-16T18:43:30+00:00\",\"dateModified\":\"2024-03-16T19:15:45+00:00\",\"mainEntityOfPage\":{\"@id\":\"https:\\\/\\\/msconectado.com.br\\\/?p=21480\"},\"wordCount\":363,\"commentCount\":0,\"publisher\":{\"@id\":\"https:\\\/\\\/msconectado.com.br\\\/#organization\"},\"image\":{\"@id\":\"https:\\\/\\\/msconectado.com.br\\\/?p=21480#primaryimage\"},\"thumbnailUrl\":\"https:\\\/\\\/msconectado.com.br\\\/wp-content\\\/uploads\\\/2024\\\/03\\\/sdfdsfdsf.jpg\",\"articleSection\":[\"Cidades\",\"Not\u00edcia\"],\"inLanguage\":\"pt-BR\",\"potentialAction\":[{\"@type\":\"CommentAction\",\"name\":\"Comment\",\"target\":[\"https:\\\/\\\/msconectado.com.br\\\/?p=21480#respond\"]}]},{\"@type\":\"WebPage\",\"@id\":\"https:\\\/\\\/msconectado.com.br\\\/?p=21480\",\"url\":\"https:\\\/\\\/msconectado.com.br\\\/?p=21480\",\"name\":\"Prefeitura de Sidrol\u00e2ndia celebra a 3\u00aa edi\u00e7\u00e3o da Cavalgada Especialmente Mulher. - MsConectado\",\"isPartOf\":{\"@id\":\"https:\\\/\\\/msconectado.com.br\\\/#website\"},\"primaryImageOfPage\":{\"@id\":\"https:\\\/\\\/msconectado.com.br\\\/?p=21480#primaryimage\"},\"image\":{\"@id\":\"https:\\\/\\\/msconectado.com.br\\\/?p=21480#primaryimage\"},\"thumbnailUrl\":\"https:\\\/\\\/msconectado.com.br\\\/wp-content\\\/uploads\\\/2024\\\/03\\\/sdfdsfdsf.jpg\",\"datePublished\":\"2024-03-16T18:43:30+00:00\",\"dateModified\":\"2024-03-16T19:15:45+00:00\",\"breadcrumb\":{\"@id\":\"https:\\\/\\\/msconectado.com.br\\\/?p=21480#breadcrumb\"},\"inLanguage\":\"pt-BR\",\"potentialAction\":[{\"@type\":\"ReadAction\",\"target\":[\"https:\\\/\\\/msconectado.com.br\\\/?p=21480\"]}]},{\"@type\":\"ImageObject\",\"inLanguage\":\"pt-BR\",\"@id\":\"https:\\\/\\\/msconectado.com.br\\\/?p=21480#primaryimage\",\"url\":\"https:\\\/\\\/msconectado.com.br\\\/wp-content\\\/uploads\\\/2024\\\/03\\\/sdfdsfdsf.jpg\",\"contentUrl\":\"https:\\\/\\\/msconectado.com.br\\\/wp-content\\\/uploads\\\/2024\\\/03\\\/sdfdsfdsf.jpg\",\"width\":1280,\"height\":960},{\"@type\":\"BreadcrumbList\",\"@id\":\"https:\\\/\\\/msconectado.com.br\\\/?p=21480#breadcrumb\",\"itemListElement\":[{\"@type\":\"ListItem\",\"position\":1,\"name\":\"In\u00edcio\",\"item\":\"https:\\\/\\\/msconectado.com.br\\\/?page_id=105\"},{\"@type\":\"ListItem\",\"position\":2,\"name\":\"Prefeitura de Sidrol\u00e2ndia celebra a 3\u00aa edi\u00e7\u00e3o da Cavalgada Especialmente Mulher.\"}]},{\"@type\":\"WebSite\",\"@id\":\"https:\\\/\\\/msconectado.com.br\\\/#website\",\"url\":\"https:\\\/\\\/msconectado.com.br\\\/\",\"name\":\"MsConectado\",\"description\":\"Voc\u00ea Conectado com a Not\u00edcia!\",\"publisher\":{\"@id\":\"https:\\\/\\\/msconectado.com.br\\\/#organization\"},\"potentialAction\":[{\"@type\":\"SearchAction\",\"target\":{\"@type\":\"EntryPoint\",\"urlTemplate\":\"https:\\\/\\\/msconectado.com.br\\\/?s={search_term_string}\"},\"query-input\":{\"@type\":\"PropertyValueSpecification\",\"valueRequired\":true,\"valueName\":\"search_term_string\"}}],\"inLanguage\":\"pt-BR\"},{\"@type\":\"Organization\",\"@id\":\"https:\\\/\\\/msconectado.com.br\\\/#organization\",\"name\":\"MsConectado\",\"url\":\"https:\\\/\\\/msconectado.com.br\\\/\",\"logo\":{\"@type\":\"ImageObject\",\"inLanguage\":\"pt-BR\",\"@id\":\"https:\\\/\\\/msconectado.com.br\\\/#\\\/schema\\\/logo\\\/image\\\/\",\"url\":\"https:\\\/\\\/msconectado.com.br\\\/wp-content\\\/uploads\\\/2023\\\/01\\\/cropped-noticia-2.png\",\"contentUrl\":\"https:\\\/\\\/msconectado.com.br\\\/wp-content\\\/uploads\\\/2023\\\/01\\\/cropped-noticia-2.png\",\"width\":720,\"height\":157,\"caption\":\"MsConectado\"},\"image\":{\"@id\":\"https:\\\/\\\/msconectado.com.br\\\/#\\\/schema\\\/logo\\\/image\\\/\"}},{\"@type\":\"Person\",\"@id\":\"https:\\\/\\\/msconectado.com.br\\\/#\\\/schema\\\/person\\\/feb123a95a93eebea36f0ed6a2e5ba48\",\"name\":\"Jeferson\",\"image\":{\"@type\":\"ImageObject\",\"inLanguage\":\"pt-BR\",\"@id\":\"https:\\\/\\\/secure.gravatar.com\\\/avatar\\\/e23e8901c88f0cdc0ad479ef7a39bf3e4c806344549c087c00b721a65549a328?s=96&d=mm&r=g\",\"url\":\"https:\\\/\\\/secure.gravatar.com\\\/avatar\\\/e23e8901c88f0cdc0ad479ef7a39bf3e4c806344549c087c00b721a65549a328?s=96&d=mm&r=g\",\"contentUrl\":\"https:\\\/\\\/secure.gravatar.com\\\/avatar\\\/e23e8901c88f0cdc0ad479ef7a39bf3e4c806344549c087c00b721a65549a328?s=96&d=mm&r=g\",\"caption\":\"Jeferson\"},\"url\":\"https:\\\/\\\/msconectado.com.br\\\/?author=3\"}]}<\/script>\n<!-- \/ Yoast SEO plugin. -->","yoast_head_json":{"title":"Prefeitura de Sidrol\u00e2ndia celebra a 3\u00aa edi\u00e7\u00e3o da Cavalgada Especialmente Mulher. - MsConectado","robots":{"index":"index","follow":"follow","max-snippet":"max-snippet:-1","max-image-preview":"max-image-preview:large","max-video-preview":"max-video-preview:-1"},"canonical":"https:\/\/msconectado.com.br\/?p=21480","og_locale":"pt_BR","og_type":"article","og_title":"Prefeitura de Sidrol\u00e2ndia celebra a 3\u00aa edi\u00e7\u00e3o da Cavalgada Especialmente Mulher. - MsConectado","og_description":"A terceira edi\u00e7\u00e3o da Cavalgada Especialmente Mulher, promovida pela Prefeitura de Sidrol\u00e2ndia, marcou o dia de hoje com uma celebra\u00e7\u00e3o vibrante e emocionante. O evento, j\u00e1 consagrado como uma tradi\u00e7\u00e3o no munic\u00edpio, reuniu centenas de mulheres para celebrar suas conquistas, suas hist\u00f3rias e sua resili\u00eancia. Uma das surpresas que encantou as participantes foi a presen\u00e7a [&hellip;]","og_url":"https:\/\/msconectado.com.br\/?p=21480","og_site_name":"MsConectado","article_published_time":"2024-03-16T18:43:30+00:00","article_modified_time":"2024-03-16T19:15:45+00:00","og_image":[{"width":1280,"height":960,"url":"https:\/\/msconectado.com.br\/wp-content\/uploads\/2024\/03\/sdfdsfdsf.jpg","type":"image\/jpeg"}],"author":"Jeferson","twitter_card":"summary_large_image","twitter_misc":{"Escrito por":"Jeferson","Est. tempo de leitura":"2 minutos"},"schema":{"@context":"https:\/\/schema.org","@graph":[{"@type":"Article","@id":"https:\/\/msconectado.com.br\/?p=21480#article","isPartOf":{"@id":"https:\/\/msconectado.com.br\/?p=21480"},"author":{"name":"Jeferson","@id":"https:\/\/msconectado.com.br\/#\/schema\/person\/feb123a95a93eebea36f0ed6a2e5ba48"},"headline":"Prefeitura de Sidrol\u00e2ndia celebra a 3\u00aa edi\u00e7\u00e3o da Cavalgada Especialmente Mulher.","datePublished":"2024-03-16T18:43:30+00:00","dateModified":"2024-03-16T19:15:45+00:00","mainEntityOfPage":{"@id":"https:\/\/msconectado.com.br\/?p=21480"},"wordCount":363,"commentCount":0,"publisher":{"@id":"https:\/\/msconectado.com.br\/#organization"},"image":{"@id":"https:\/\/msconectado.com.br\/?p=21480#primaryimage"},"thumbnailUrl":"https:\/\/msconectado.com.br\/wp-content\/uploads\/2024\/03\/sdfdsfdsf.jpg","articleSection":["Cidades","Not\u00edcia"],"inLanguage":"pt-BR","potentialAction":[{"@type":"CommentAction","name":"Comment","target":["https:\/\/msconectado.com.br\/?p=21480#respond"]}]},{"@type":"WebPage","@id":"https:\/\/msconectado.com.br\/?p=21480","url":"https:\/\/msconectado.com.br\/?p=21480","name":"Prefeitura de Sidrol\u00e2ndia celebra a 3\u00aa edi\u00e7\u00e3o da Cavalgada Especialmente Mulher. - MsConectado","isPartOf":{"@id":"https:\/\/msconectado.com.br\/#website"},"primaryImageOfPage":{"@id":"https:\/\/msconectado.com.br\/?p=21480#primaryimage"},"image":{"@id":"https:\/\/msconectado.com.br\/?p=21480#primaryimage"},"thumbnailUrl":"https:\/\/msconectado.com.br\/wp-content\/uploads\/2024\/03\/sdfdsfdsf.jpg","datePublished":"2024-03-16T18:43:30+00:00","dateModified":"2024-03-16T19:15:45+00:00","breadcrumb":{"@id":"https:\/\/msconectado.com.br\/?p=21480#breadcrumb"},"inLanguage":"pt-BR","potentialAction":[{"@type":"ReadAction","target":["https:\/\/msconectado.com.br\/?p=21480"]}]},{"@type":"ImageObject","inLanguage":"pt-BR","@id":"https:\/\/msconectado.com.br\/?p=21480#primaryimage","url":"https:\/\/msconectado.com.br\/wp-content\/uploads\/2024\/03\/sdfdsfdsf.jpg","contentUrl":"https:\/\/msconectado.com.br\/wp-content\/uploads\/2024\/03\/sdfdsfdsf.jpg","width":1280,"height":960},{"@type":"BreadcrumbList","@id":"https:\/\/msconectado.com.br\/?p=21480#breadcrumb","itemListElement":[{"@type":"ListItem","position":1,"name":"In\u00edcio","item":"https:\/\/msconectado.com.br\/?page_id=105"},{"@type":"ListItem","position":2,"name":"Prefeitura de Sidrol\u00e2ndia celebra a 3\u00aa edi\u00e7\u00e3o da Cavalgada Especialmente Mulher."}]},{"@type":"WebSite","@id":"https:\/\/msconectado.com.br\/#website","url":"https:\/\/msconectado.com.br\/","name":"MsConectado","description":"Voc\u00ea Conectado com a Not\u00edcia!","publisher":{"@id":"https:\/\/msconectado.com.br\/#organization"},"potentialAction":[{"@type":"SearchAction","target":{"@type":"EntryPoint","urlTemplate":"https:\/\/msconectado.com.br\/?s={search_term_string}"},"query-input":{"@type":"PropertyValueSpecification","valueRequired":true,"valueName":"search_term_string"}}],"inLanguage":"pt-BR"},{"@type":"Organization","@id":"https:\/\/msconectado.com.br\/#organization","name":"MsConectado","url":"https:\/\/msconectado.com.br\/","logo":{"@type":"ImageObject","inLanguage":"pt-BR","@id":"https:\/\/msconectado.com.br\/#\/schema\/logo\/image\/","url":"https:\/\/msconectado.com.br\/wp-content\/uploads\/2023\/01\/cropped-noticia-2.png","contentUrl":"https:\/\/msconectado.com.br\/wp-content\/uploads\/2023\/01\/cropped-noticia-2.png","width":720,"height":157,"caption":"MsConectado"},"image":{"@id":"https:\/\/msconectado.com.br\/#\/schema\/logo\/image\/"}},{"@type":"Person","@id":"https:\/\/msconectado.com.br\/#\/schema\/person\/feb123a95a93eebea36f0ed6a2e5ba48","name":"Jeferson","image":{"@type":"ImageObject","inLanguage":"pt-BR","@id":"https:\/\/secure.gravatar.com\/avatar\/e23e8901c88f0cdc0ad479ef7a39bf3e4c806344549c087c00b721a65549a328?s=96&d=mm&r=g","url":"https:\/\/secure.gravatar.com\/avatar\/e23e8901c88f0cdc0ad479ef7a39bf3e4c806344549c087c00b721a65549a328?s=96&d=mm&r=g","contentUrl":"https:\/\/secure.gravatar.com\/avatar\/e23e8901c88f0cdc0ad479ef7a39bf3e4c806344549c087c00b721a65549a328?s=96&d=mm&r=g","caption":"Jeferson"},"url":"https:\/\/msconectado.com.br\/?author=3"}]}},"_links":{"self":[{"href":"https:\/\/msconectado.com.br\/index.php?rest_route=\/wp\/v2\/posts\/21480","targetHints":{"allow":["GET"]}}],"collection":[{"href":"https:\/\/msconectado.com.br\/index.php?rest_route=\/wp\/v2\/posts"}],"about":[{"href":"https:\/\/msconectado.com.br\/index.php?rest_route=\/wp\/v2\/types\/post"}],"author":[{"embeddable":true,"href":"https:\/\/msconectado.com.br\/index.php?rest_route=\/wp\/v2\/users\/3"}],"replies":[{"embeddable":true,"href":"https:\/\/msconectado.com.br\/index.php?rest_route=%2Fwp%2Fv2%2Fcomments&post=21480"}],"version-history":[{"count":3,"href":"https:\/\/msconectado.com.br\/index.php?rest_route=\/wp\/v2\/posts\/21480\/revisions"}],"predecessor-version":[{"id":21495,"href":"https:\/\/msconectado.com.br\/index.php?rest_route=\/wp\/v2\/posts\/21480\/revisions\/21495"}],"wp:featuredmedia":[{"embeddable":true,"href":"https:\/\/msconectado.com.br\/index.php?rest_route=\/wp\/v2\/media\/21484"}],"wp:attachment":[{"href":"https:\/\/msconectado.com.br\/index.php?rest_route=%2Fwp%2Fv2%2Fmedia&parent=21480"}],"wp:term":[{"taxonomy":"category","embeddable":true,"href":"https:\/\/msconectado.com.br\/index.php?rest_route=%2Fwp%2Fv2%2Fcategories&post=21480"},{"taxonomy":"post_tag","embeddable":true,"href":"https:\/\/msconectado.com.br\/index.php?rest_route=%2Fwp%2Fv2%2Ftags&post=21480"}],"curies":[{"name":"wp","href":"https:\/\/api.w.org\/{rel}","templated":true}]}}