
{"id":21528,"date":"2024-03-18T18:01:36","date_gmt":"2024-03-18T18:01:36","guid":{"rendered":"https:\/\/msconectado.com.br\/?p=21528"},"modified":"2024-03-18T18:01:38","modified_gmt":"2024-03-18T18:01:38","slug":"vereador-solicita-acao-urgente-para-identificar-vazamento-de-agua-em-maracaju","status":"publish","type":"post","link":"https:\/\/msconectado.com.br\/?p=21528","title":{"rendered":"Vereador solicita a\u00e7\u00e3o urgente para identificar vazamento de \u00e1gua em Maracaju"},"content":{"rendered":"\n<p>Na 6\u00aa sess\u00e3o ordin\u00e1ria da C\u00e2mara Municipal de Maracaju que aconteceu nesta segunda-feira, o vereador Vilmar da Era do Gelo protagonizou um pedido de urg\u00eancia em prol dos moradores da Vila Prateada. Em uma solicita\u00e7\u00e3o direta ao diretor da Sanesul, Senhor Agnaldo Lopes, e com c\u00f3pia ao prefeito Marcos Calderan, Vilmar requeriu uma a\u00e7\u00e3o imediata para identificar e solucionar um poss\u00edvel vazamento de \u00e1gua pot\u00e1vel na Rua Circular, pr\u00f3ximo ao n\u00famero 1051.<\/p>\n\n\n\n<p>O vereador justificou sua interven\u00e7\u00e3o ressaltando que j\u00e1 se passaram 20 dias desde que o pedido foi inicialmente feito ao diretor da Sanesul, por\u00e9m, at\u00e9 o momento, nenhuma medida efetiva foi tomada. O vazamento, conforme afirmou Vilmar, vem causando transtornos crescentes aos residentes da regi\u00e3o da Vila Prateada, afetando n\u00e3o s\u00f3 o abastecimento de \u00e1gua, mas tamb\u00e9m acarretando desperd\u00edcio de um recurso t\u00e3o essencial.<\/p>\n\n\n\n<p>Em sua fala na sess\u00e3o, o vereador destacou a import\u00e2ncia de uma resposta r\u00e1pida e eficiente por parte das autoridades competentes, visando n\u00e3o apenas minimizar os preju\u00edzos aos cidad\u00e3os, mas tamb\u00e9m evitar um poss\u00edvel agravamento da situa\u00e7\u00e3o que poderia comprometer ainda mais o fornecimento de \u00e1gua na localidade.<\/p>\n\n\n\n<p>A atua\u00e7\u00e3o incisiva do vereador Vilmar da Era do Gelo evidencia a preocupa\u00e7\u00e3o e o compromisso com o bem-estar da popula\u00e7\u00e3o maracajuense. Sua iniciativa na C\u00e2mara Municipal destaca a import\u00e2ncia do papel dos representantes eleitos em buscar solu\u00e7\u00f5es para as demandas emergenciais da comunidade.<\/p>\n\n\n\n<p>Diante desse cen\u00e1rio, aguarda-se uma resposta imediata por parte das autoridades respons\u00e1veis, a fim de garantir o restabelecimento da normalidade no abastecimento de \u00e1gua na regi\u00e3o da Vila Prateada e assegurar o bem-estar dos seus moradores.<\/p>\n\n\n<div class=\"wp-block-image\">\n<figure class=\"aligncenter size-full\"><img fetchpriority=\"high\" decoding=\"async\" width=\"900\" height=\"100\" src=\"https:\/\/msconectado.com.br\/wp-content\/uploads\/2024\/03\/Planos_que_atendem_todos_os_gostos.png\" alt=\"\" class=\"wp-image-21399\" srcset=\"https:\/\/msconectado.com.br\/wp-content\/uploads\/2024\/03\/Planos_que_atendem_todos_os_gostos.png 900w, https:\/\/msconectado.com.br\/wp-content\/uploads\/2024\/03\/Planos_que_atendem_todos_os_gostos-300x33.png 300w, https:\/\/msconectado.com.br\/wp-content\/uploads\/2024\/03\/Planos_que_atendem_todos_os_gostos-768x85.png 768w\" sizes=\"(max-width: 900px) 100vw, 900px\" \/><\/figure>\n<\/div>","protected":false},"excerpt":{"rendered":"<p>Na 6\u00aa sess\u00e3o ordin\u00e1ria da C\u00e2mara Municipal de Maracaju que aconteceu nesta segunda-feira, o vereador Vilmar da Era do Gelo protagonizou um pedido de urg\u00eancia em prol dos moradores da Vila Prateada. Em uma solicita\u00e7\u00e3o direta ao diretor da Sanesul, Senhor Agnaldo Lopes, e com c\u00f3pia ao prefeito Marcos Calderan, Vilmar requeriu uma a\u00e7\u00e3o imediata [&hellip;]<\/p>\n","protected":false},"author":2,"featured_media":21529,"comment_status":"open","ping_status":"closed","sticky":false,"template":"","format":"standard","meta":{"footnotes":""},"categories":[35,1,33],"tags":[],"class_list":["post-21528","post","type-post","status-publish","format-standard","has-post-thumbnail","hentry","category-cidades","category-noticia","category-politica"],"yoast_head":"<!-- This site is optimized with the Yoast SEO plugin v27.5 - https:\/\/yoast.com\/product\/yoast-seo-wordpress\/ -->\n<title>Vereador solicita a\u00e7\u00e3o urgente para identificar vazamento de \u00e1gua em Maracaju - MsConectado<\/title>\n<meta name=\"robots\" content=\"index, follow, max-snippet:-1, max-image-preview:large, max-video-preview:-1\" \/>\n<link rel=\"canonical\" href=\"https:\/\/msconectado.com.br\/?p=21528\" \/>\n<meta property=\"og:locale\" content=\"pt_BR\" \/>\n<meta property=\"og:type\" content=\"article\" \/>\n<meta property=\"og:title\" content=\"Vereador solicita a\u00e7\u00e3o urgente para identificar vazamento de \u00e1gua em Maracaju - MsConectado\" \/>\n<meta property=\"og:description\" content=\"Na 6\u00aa sess\u00e3o ordin\u00e1ria da C\u00e2mara Municipal de Maracaju que aconteceu nesta segunda-feira, o vereador Vilmar da Era do Gelo protagonizou um pedido de urg\u00eancia em prol dos moradores da Vila Prateada. Em uma solicita\u00e7\u00e3o direta ao diretor da Sanesul, Senhor Agnaldo Lopes, e com c\u00f3pia ao prefeito Marcos Calderan, Vilmar requeriu uma a\u00e7\u00e3o imediata [&hellip;]\" \/>\n<meta property=\"og:url\" content=\"https:\/\/msconectado.com.br\/?p=21528\" \/>\n<meta property=\"og:site_name\" content=\"MsConectado\" \/>\n<meta property=\"article:published_time\" content=\"2024-03-18T18:01:36+00:00\" \/>\n<meta property=\"article:modified_time\" content=\"2024-03-18T18:01:38+00:00\" \/>\n<meta property=\"og:image\" content=\"https:\/\/msconectado.com.br\/wp-content\/uploads\/2024\/03\/f5b3cca0-1082-41f5-a8c4-eab3b7e8ba93-2.jpg\" \/>\n\t<meta property=\"og:image:width\" content=\"1200\" \/>\n\t<meta property=\"og:image:height\" content=\"810\" \/>\n\t<meta property=\"og:image:type\" content=\"image\/jpeg\" \/>\n<meta name=\"author\" content=\"MsConectado\" \/>\n<meta name=\"twitter:card\" content=\"summary_large_image\" \/>\n<meta name=\"twitter:label1\" content=\"Escrito por\" \/>\n\t<meta name=\"twitter:data1\" content=\"MsConectado\" \/>\n\t<meta name=\"twitter:label2\" content=\"Est. tempo de leitura\" \/>\n\t<meta name=\"twitter:data2\" content=\"1 minuto\" \/>\n<script type=\"application\/ld+json\" class=\"yoast-schema-graph\">{\"@context\":\"https:\\\/\\\/schema.org\",\"@graph\":[{\"@type\":\"Article\",\"@id\":\"https:\\\/\\\/msconectado.com.br\\\/?p=21528#article\",\"isPartOf\":{\"@id\":\"https:\\\/\\\/msconectado.com.br\\\/?p=21528\"},\"author\":{\"name\":\"MsConectado\",\"@id\":\"https:\\\/\\\/msconectado.com.br\\\/#\\\/schema\\\/person\\\/e5585545b5687092f1041d350b6e2c16\"},\"headline\":\"Vereador solicita a\u00e7\u00e3o urgente para identificar vazamento de \u00e1gua em Maracaju\",\"datePublished\":\"2024-03-18T18:01:36+00:00\",\"dateModified\":\"2024-03-18T18:01:38+00:00\",\"mainEntityOfPage\":{\"@id\":\"https:\\\/\\\/msconectado.com.br\\\/?p=21528\"},\"wordCount\":309,\"commentCount\":0,\"publisher\":{\"@id\":\"https:\\\/\\\/msconectado.com.br\\\/#organization\"},\"image\":{\"@id\":\"https:\\\/\\\/msconectado.com.br\\\/?p=21528#primaryimage\"},\"thumbnailUrl\":\"https:\\\/\\\/msconectado.com.br\\\/wp-content\\\/uploads\\\/2024\\\/03\\\/f5b3cca0-1082-41f5-a8c4-eab3b7e8ba93-2.jpg\",\"articleSection\":[\"Cidades\",\"Not\u00edcia\",\"Pol\u00edtica\"],\"inLanguage\":\"pt-BR\",\"potentialAction\":[{\"@type\":\"CommentAction\",\"name\":\"Comment\",\"target\":[\"https:\\\/\\\/msconectado.com.br\\\/?p=21528#respond\"]}]},{\"@type\":\"WebPage\",\"@id\":\"https:\\\/\\\/msconectado.com.br\\\/?p=21528\",\"url\":\"https:\\\/\\\/msconectado.com.br\\\/?p=21528\",\"name\":\"Vereador solicita a\u00e7\u00e3o urgente para identificar vazamento de \u00e1gua em Maracaju - MsConectado\",\"isPartOf\":{\"@id\":\"https:\\\/\\\/msconectado.com.br\\\/#website\"},\"primaryImageOfPage\":{\"@id\":\"https:\\\/\\\/msconectado.com.br\\\/?p=21528#primaryimage\"},\"image\":{\"@id\":\"https:\\\/\\\/msconectado.com.br\\\/?p=21528#primaryimage\"},\"thumbnailUrl\":\"https:\\\/\\\/msconectado.com.br\\\/wp-content\\\/uploads\\\/2024\\\/03\\\/f5b3cca0-1082-41f5-a8c4-eab3b7e8ba93-2.jpg\",\"datePublished\":\"2024-03-18T18:01:36+00:00\",\"dateModified\":\"2024-03-18T18:01:38+00:00\",\"breadcrumb\":{\"@id\":\"https:\\\/\\\/msconectado.com.br\\\/?p=21528#breadcrumb\"},\"inLanguage\":\"pt-BR\",\"potentialAction\":[{\"@type\":\"ReadAction\",\"target\":[\"https:\\\/\\\/msconectado.com.br\\\/?p=21528\"]}]},{\"@type\":\"ImageObject\",\"inLanguage\":\"pt-BR\",\"@id\":\"https:\\\/\\\/msconectado.com.br\\\/?p=21528#primaryimage\",\"url\":\"https:\\\/\\\/msconectado.com.br\\\/wp-content\\\/uploads\\\/2024\\\/03\\\/f5b3cca0-1082-41f5-a8c4-eab3b7e8ba93-2.jpg\",\"contentUrl\":\"https:\\\/\\\/msconectado.com.br\\\/wp-content\\\/uploads\\\/2024\\\/03\\\/f5b3cca0-1082-41f5-a8c4-eab3b7e8ba93-2.jpg\",\"width\":1200,\"height\":810},{\"@type\":\"BreadcrumbList\",\"@id\":\"https:\\\/\\\/msconectado.com.br\\\/?p=21528#breadcrumb\",\"itemListElement\":[{\"@type\":\"ListItem\",\"position\":1,\"name\":\"In\u00edcio\",\"item\":\"https:\\\/\\\/msconectado.com.br\\\/?page_id=105\"},{\"@type\":\"ListItem\",\"position\":2,\"name\":\"Vereador solicita a\u00e7\u00e3o urgente para identificar vazamento de \u00e1gua em Maracaju\"}]},{\"@type\":\"WebSite\",\"@id\":\"https:\\\/\\\/msconectado.com.br\\\/#website\",\"url\":\"https:\\\/\\\/msconectado.com.br\\\/\",\"name\":\"MsConectado\",\"description\":\"Voc\u00ea Conectado com a Not\u00edcia!\",\"publisher\":{\"@id\":\"https:\\\/\\\/msconectado.com.br\\\/#organization\"},\"potentialAction\":[{\"@type\":\"SearchAction\",\"target\":{\"@type\":\"EntryPoint\",\"urlTemplate\":\"https:\\\/\\\/msconectado.com.br\\\/?s={search_term_string}\"},\"query-input\":{\"@type\":\"PropertyValueSpecification\",\"valueRequired\":true,\"valueName\":\"search_term_string\"}}],\"inLanguage\":\"pt-BR\"},{\"@type\":\"Organization\",\"@id\":\"https:\\\/\\\/msconectado.com.br\\\/#organization\",\"name\":\"MsConectado\",\"url\":\"https:\\\/\\\/msconectado.com.br\\\/\",\"logo\":{\"@type\":\"ImageObject\",\"inLanguage\":\"pt-BR\",\"@id\":\"https:\\\/\\\/msconectado.com.br\\\/#\\\/schema\\\/logo\\\/image\\\/\",\"url\":\"https:\\\/\\\/msconectado.com.br\\\/wp-content\\\/uploads\\\/2023\\\/01\\\/cropped-noticia-2.png\",\"contentUrl\":\"https:\\\/\\\/msconectado.com.br\\\/wp-content\\\/uploads\\\/2023\\\/01\\\/cropped-noticia-2.png\",\"width\":720,\"height\":157,\"caption\":\"MsConectado\"},\"image\":{\"@id\":\"https:\\\/\\\/msconectado.com.br\\\/#\\\/schema\\\/logo\\\/image\\\/\"}},{\"@type\":\"Person\",\"@id\":\"https:\\\/\\\/msconectado.com.br\\\/#\\\/schema\\\/person\\\/e5585545b5687092f1041d350b6e2c16\",\"name\":\"MsConectado\",\"image\":{\"@type\":\"ImageObject\",\"inLanguage\":\"pt-BR\",\"@id\":\"https:\\\/\\\/secure.gravatar.com\\\/avatar\\\/3b4f84a0a8a4380ac4431fa79981d073692380c5da00ae97596e794ab0db5c8c?s=96&d=mm&r=g\",\"url\":\"https:\\\/\\\/secure.gravatar.com\\\/avatar\\\/3b4f84a0a8a4380ac4431fa79981d073692380c5da00ae97596e794ab0db5c8c?s=96&d=mm&r=g\",\"contentUrl\":\"https:\\\/\\\/secure.gravatar.com\\\/avatar\\\/3b4f84a0a8a4380ac4431fa79981d073692380c5da00ae97596e794ab0db5c8c?s=96&d=mm&r=g\",\"caption\":\"MsConectado\"},\"url\":\"https:\\\/\\\/msconectado.com.br\\\/?author=2\"}]}<\/script>\n<!-- \/ Yoast SEO plugin. -->","yoast_head_json":{"title":"Vereador solicita a\u00e7\u00e3o urgente para identificar vazamento de \u00e1gua em Maracaju - MsConectado","robots":{"index":"index","follow":"follow","max-snippet":"max-snippet:-1","max-image-preview":"max-image-preview:large","max-video-preview":"max-video-preview:-1"},"canonical":"https:\/\/msconectado.com.br\/?p=21528","og_locale":"pt_BR","og_type":"article","og_title":"Vereador solicita a\u00e7\u00e3o urgente para identificar vazamento de \u00e1gua em Maracaju - MsConectado","og_description":"Na 6\u00aa sess\u00e3o ordin\u00e1ria da C\u00e2mara Municipal de Maracaju que aconteceu nesta segunda-feira, o vereador Vilmar da Era do Gelo protagonizou um pedido de urg\u00eancia em prol dos moradores da Vila Prateada. Em uma solicita\u00e7\u00e3o direta ao diretor da Sanesul, Senhor Agnaldo Lopes, e com c\u00f3pia ao prefeito Marcos Calderan, Vilmar requeriu uma a\u00e7\u00e3o imediata [&hellip;]","og_url":"https:\/\/msconectado.com.br\/?p=21528","og_site_name":"MsConectado","article_published_time":"2024-03-18T18:01:36+00:00","article_modified_time":"2024-03-18T18:01:38+00:00","og_image":[{"width":1200,"height":810,"url":"https:\/\/msconectado.com.br\/wp-content\/uploads\/2024\/03\/f5b3cca0-1082-41f5-a8c4-eab3b7e8ba93-2.jpg","type":"image\/jpeg"}],"author":"MsConectado","twitter_card":"summary_large_image","twitter_misc":{"Escrito por":"MsConectado","Est. tempo de leitura":"1 minuto"},"schema":{"@context":"https:\/\/schema.org","@graph":[{"@type":"Article","@id":"https:\/\/msconectado.com.br\/?p=21528#article","isPartOf":{"@id":"https:\/\/msconectado.com.br\/?p=21528"},"author":{"name":"MsConectado","@id":"https:\/\/msconectado.com.br\/#\/schema\/person\/e5585545b5687092f1041d350b6e2c16"},"headline":"Vereador solicita a\u00e7\u00e3o urgente para identificar vazamento de \u00e1gua em Maracaju","datePublished":"2024-03-18T18:01:36+00:00","dateModified":"2024-03-18T18:01:38+00:00","mainEntityOfPage":{"@id":"https:\/\/msconectado.com.br\/?p=21528"},"wordCount":309,"commentCount":0,"publisher":{"@id":"https:\/\/msconectado.com.br\/#organization"},"image":{"@id":"https:\/\/msconectado.com.br\/?p=21528#primaryimage"},"thumbnailUrl":"https:\/\/msconectado.com.br\/wp-content\/uploads\/2024\/03\/f5b3cca0-1082-41f5-a8c4-eab3b7e8ba93-2.jpg","articleSection":["Cidades","Not\u00edcia","Pol\u00edtica"],"inLanguage":"pt-BR","potentialAction":[{"@type":"CommentAction","name":"Comment","target":["https:\/\/msconectado.com.br\/?p=21528#respond"]}]},{"@type":"WebPage","@id":"https:\/\/msconectado.com.br\/?p=21528","url":"https:\/\/msconectado.com.br\/?p=21528","name":"Vereador solicita a\u00e7\u00e3o urgente para identificar vazamento de \u00e1gua em Maracaju - MsConectado","isPartOf":{"@id":"https:\/\/msconectado.com.br\/#website"},"primaryImageOfPage":{"@id":"https:\/\/msconectado.com.br\/?p=21528#primaryimage"},"image":{"@id":"https:\/\/msconectado.com.br\/?p=21528#primaryimage"},"thumbnailUrl":"https:\/\/msconectado.com.br\/wp-content\/uploads\/2024\/03\/f5b3cca0-1082-41f5-a8c4-eab3b7e8ba93-2.jpg","datePublished":"2024-03-18T18:01:36+00:00","dateModified":"2024-03-18T18:01:38+00:00","breadcrumb":{"@id":"https:\/\/msconectado.com.br\/?p=21528#breadcrumb"},"inLanguage":"pt-BR","potentialAction":[{"@type":"ReadAction","target":["https:\/\/msconectado.com.br\/?p=21528"]}]},{"@type":"ImageObject","inLanguage":"pt-BR","@id":"https:\/\/msconectado.com.br\/?p=21528#primaryimage","url":"https:\/\/msconectado.com.br\/wp-content\/uploads\/2024\/03\/f5b3cca0-1082-41f5-a8c4-eab3b7e8ba93-2.jpg","contentUrl":"https:\/\/msconectado.com.br\/wp-content\/uploads\/2024\/03\/f5b3cca0-1082-41f5-a8c4-eab3b7e8ba93-2.jpg","width":1200,"height":810},{"@type":"BreadcrumbList","@id":"https:\/\/msconectado.com.br\/?p=21528#breadcrumb","itemListElement":[{"@type":"ListItem","position":1,"name":"In\u00edcio","item":"https:\/\/msconectado.com.br\/?page_id=105"},{"@type":"ListItem","position":2,"name":"Vereador solicita a\u00e7\u00e3o urgente para identificar vazamento de \u00e1gua em Maracaju"}]},{"@type":"WebSite","@id":"https:\/\/msconectado.com.br\/#website","url":"https:\/\/msconectado.com.br\/","name":"MsConectado","description":"Voc\u00ea Conectado com a Not\u00edcia!","publisher":{"@id":"https:\/\/msconectado.com.br\/#organization"},"potentialAction":[{"@type":"SearchAction","target":{"@type":"EntryPoint","urlTemplate":"https:\/\/msconectado.com.br\/?s={search_term_string}"},"query-input":{"@type":"PropertyValueSpecification","valueRequired":true,"valueName":"search_term_string"}}],"inLanguage":"pt-BR"},{"@type":"Organization","@id":"https:\/\/msconectado.com.br\/#organization","name":"MsConectado","url":"https:\/\/msconectado.com.br\/","logo":{"@type":"ImageObject","inLanguage":"pt-BR","@id":"https:\/\/msconectado.com.br\/#\/schema\/logo\/image\/","url":"https:\/\/msconectado.com.br\/wp-content\/uploads\/2023\/01\/cropped-noticia-2.png","contentUrl":"https:\/\/msconectado.com.br\/wp-content\/uploads\/2023\/01\/cropped-noticia-2.png","width":720,"height":157,"caption":"MsConectado"},"image":{"@id":"https:\/\/msconectado.com.br\/#\/schema\/logo\/image\/"}},{"@type":"Person","@id":"https:\/\/msconectado.com.br\/#\/schema\/person\/e5585545b5687092f1041d350b6e2c16","name":"MsConectado","image":{"@type":"ImageObject","inLanguage":"pt-BR","@id":"https:\/\/secure.gravatar.com\/avatar\/3b4f84a0a8a4380ac4431fa79981d073692380c5da00ae97596e794ab0db5c8c?s=96&d=mm&r=g","url":"https:\/\/secure.gravatar.com\/avatar\/3b4f84a0a8a4380ac4431fa79981d073692380c5da00ae97596e794ab0db5c8c?s=96&d=mm&r=g","contentUrl":"https:\/\/secure.gravatar.com\/avatar\/3b4f84a0a8a4380ac4431fa79981d073692380c5da00ae97596e794ab0db5c8c?s=96&d=mm&r=g","caption":"MsConectado"},"url":"https:\/\/msconectado.com.br\/?author=2"}]}},"_links":{"self":[{"href":"https:\/\/msconectado.com.br\/index.php?rest_route=\/wp\/v2\/posts\/21528","targetHints":{"allow":["GET"]}}],"collection":[{"href":"https:\/\/msconectado.com.br\/index.php?rest_route=\/wp\/v2\/posts"}],"about":[{"href":"https:\/\/msconectado.com.br\/index.php?rest_route=\/wp\/v2\/types\/post"}],"author":[{"embeddable":true,"href":"https:\/\/msconectado.com.br\/index.php?rest_route=\/wp\/v2\/users\/2"}],"replies":[{"embeddable":true,"href":"https:\/\/msconectado.com.br\/index.php?rest_route=%2Fwp%2Fv2%2Fcomments&post=21528"}],"version-history":[{"count":1,"href":"https:\/\/msconectado.com.br\/index.php?rest_route=\/wp\/v2\/posts\/21528\/revisions"}],"predecessor-version":[{"id":21530,"href":"https:\/\/msconectado.com.br\/index.php?rest_route=\/wp\/v2\/posts\/21528\/revisions\/21530"}],"wp:featuredmedia":[{"embeddable":true,"href":"https:\/\/msconectado.com.br\/index.php?rest_route=\/wp\/v2\/media\/21529"}],"wp:attachment":[{"href":"https:\/\/msconectado.com.br\/index.php?rest_route=%2Fwp%2Fv2%2Fmedia&parent=21528"}],"wp:term":[{"taxonomy":"category","embeddable":true,"href":"https:\/\/msconectado.com.br\/index.php?rest_route=%2Fwp%2Fv2%2Fcategories&post=21528"},{"taxonomy":"post_tag","embeddable":true,"href":"https:\/\/msconectado.com.br\/index.php?rest_route=%2Fwp%2Fv2%2Ftags&post=21528"}],"curies":[{"name":"wp","href":"https:\/\/api.w.org\/{rel}","templated":true}]}}