
{"id":21531,"date":"2024-03-18T18:20:26","date_gmt":"2024-03-18T18:20:26","guid":{"rendered":"https:\/\/msconectado.com.br\/?p=21531"},"modified":"2024-03-18T18:20:27","modified_gmt":"2024-03-18T18:20:27","slug":"mara-caseiro-trabalha-pelo-transporte-de-agentes-de-saude-de-rio-brilhante","status":"publish","type":"post","link":"https:\/\/msconectado.com.br\/?p=21531","title":{"rendered":"Mara Caseiro trabalha pelo transporte de agentes de sa\u00fade de Rio Brilhante."},"content":{"rendered":"\n<p>A deputada estadual Mara Caseiro (PSDB) solicitou ao governo estadual, a disponibiliza\u00e7\u00e3o de motocicletas para a realiza\u00e7\u00e3o do trabalho dos agentes de sa\u00fade e agentes de vetores do munic\u00edpio de Rio Brilhante. A indica\u00e7\u00e3o atende pedido do vereador Zezinho.<\/p>\n\n\n\n<p>Conforme a deputada, os agentes t\u00eam dificuldades nas visitas domiciliares realizadas diariamente, haja vista a falta de pavimenta\u00e7\u00e3o asf\u00e1ltica e a grande dist\u00e2ncia entre as resid\u00eancias. \u201cEste contexto torna clara a necessidade de disponibiliza\u00e7\u00e3o de ve\u00edculos para auxiliar os agentes de sa\u00fade e agente de vetores do munic\u00edpio de Rio Brilhante, j\u00e1 que isto possibilitar\u00e1 uma melhor gest\u00e3o p\u00fablica e, consequente bem-estar aos rio-brilhantenses\u201d, afirmou ela.<\/p>\n\n\n\n<p>Ainda segundo ela, a sa\u00fade e suas demandas s\u00e3o imprescind\u00edveis para a administra\u00e7\u00e3o p\u00fablica. \u201cEm decorr\u00eancia de sua import\u00e2ncia, \u00e9 necess\u00e1rio que os \u00f3rg\u00e3os de sa\u00fade estejam equipados com a estrutura correta para tanto, como por exemplo, ve\u00edculos que permitam o acesso ao cidad\u00e3o onde quer que ele resida\u201d, explicou.<\/p>\n\n\n\n<p>ALEMS<\/p>\n\n\n<div class=\"wp-block-image\">\n<figure class=\"aligncenter size-full\"><img fetchpriority=\"high\" decoding=\"async\" width=\"900\" height=\"100\" src=\"https:\/\/msconectado.com.br\/wp-content\/uploads\/2024\/03\/Planos_que_atendem_todos_os_gostos.png\" alt=\"\" class=\"wp-image-21399\" srcset=\"https:\/\/msconectado.com.br\/wp-content\/uploads\/2024\/03\/Planos_que_atendem_todos_os_gostos.png 900w, https:\/\/msconectado.com.br\/wp-content\/uploads\/2024\/03\/Planos_que_atendem_todos_os_gostos-300x33.png 300w, https:\/\/msconectado.com.br\/wp-content\/uploads\/2024\/03\/Planos_que_atendem_todos_os_gostos-768x85.png 768w\" sizes=\"(max-width: 900px) 100vw, 900px\" \/><\/figure>\n<\/div>","protected":false},"excerpt":{"rendered":"<p>A deputada estadual Mara Caseiro (PSDB) solicitou ao governo estadual, a disponibiliza\u00e7\u00e3o de motocicletas para a realiza\u00e7\u00e3o do trabalho dos agentes de sa\u00fade e agentes de vetores do munic\u00edpio de Rio Brilhante. A indica\u00e7\u00e3o atende pedido do vereador Zezinho. Conforme a deputada, os agentes t\u00eam dificuldades nas visitas domiciliares realizadas diariamente, haja vista a falta [&hellip;]<\/p>\n","protected":false},"author":2,"featured_media":21532,"comment_status":"open","ping_status":"closed","sticky":false,"template":"","format":"standard","meta":{"footnotes":""},"categories":[38,35,33],"tags":[],"class_list":["post-21531","post","type-post","status-publish","format-standard","has-post-thumbnail","hentry","category-assembleia-legislativa","category-cidades","category-politica"],"yoast_head":"<!-- This site is optimized with the Yoast SEO plugin v27.5 - https:\/\/yoast.com\/product\/yoast-seo-wordpress\/ -->\n<title>Mara Caseiro trabalha pelo transporte de agentes de sa\u00fade de Rio Brilhante. - MsConectado<\/title>\n<meta name=\"robots\" content=\"index, follow, max-snippet:-1, max-image-preview:large, max-video-preview:-1\" \/>\n<link rel=\"canonical\" href=\"https:\/\/msconectado.com.br\/?p=21531\" \/>\n<meta property=\"og:locale\" content=\"pt_BR\" \/>\n<meta property=\"og:type\" content=\"article\" \/>\n<meta property=\"og:title\" content=\"Mara Caseiro trabalha pelo transporte de agentes de sa\u00fade de Rio Brilhante. - MsConectado\" \/>\n<meta property=\"og:description\" content=\"A deputada estadual Mara Caseiro (PSDB) solicitou ao governo estadual, a disponibiliza\u00e7\u00e3o de motocicletas para a realiza\u00e7\u00e3o do trabalho dos agentes de sa\u00fade e agentes de vetores do munic\u00edpio de Rio Brilhante. A indica\u00e7\u00e3o atende pedido do vereador Zezinho. Conforme a deputada, os agentes t\u00eam dificuldades nas visitas domiciliares realizadas diariamente, haja vista a falta [&hellip;]\" \/>\n<meta property=\"og:url\" content=\"https:\/\/msconectado.com.br\/?p=21531\" \/>\n<meta property=\"og:site_name\" content=\"MsConectado\" \/>\n<meta property=\"article:published_time\" content=\"2024-03-18T18:20:26+00:00\" \/>\n<meta property=\"article:modified_time\" content=\"2024-03-18T18:20:27+00:00\" \/>\n<meta property=\"og:image\" content=\"https:\/\/msconectado.com.br\/wp-content\/uploads\/2024\/03\/f5b3cca0-1082-41f5-a8c4-eab3b7e8ba93-3.jpg\" \/>\n\t<meta property=\"og:image:width\" content=\"740\" \/>\n\t<meta property=\"og:image:height\" content=\"493\" \/>\n\t<meta property=\"og:image:type\" content=\"image\/jpeg\" \/>\n<meta name=\"author\" content=\"MsConectado\" \/>\n<meta name=\"twitter:card\" content=\"summary_large_image\" \/>\n<meta name=\"twitter:label1\" content=\"Escrito por\" \/>\n\t<meta name=\"twitter:data1\" content=\"MsConectado\" \/>\n\t<meta name=\"twitter:label2\" content=\"Est. tempo de leitura\" \/>\n\t<meta name=\"twitter:data2\" content=\"1 minuto\" \/>\n<script type=\"application\/ld+json\" class=\"yoast-schema-graph\">{\"@context\":\"https:\\\/\\\/schema.org\",\"@graph\":[{\"@type\":\"Article\",\"@id\":\"https:\\\/\\\/msconectado.com.br\\\/?p=21531#article\",\"isPartOf\":{\"@id\":\"https:\\\/\\\/msconectado.com.br\\\/?p=21531\"},\"author\":{\"name\":\"MsConectado\",\"@id\":\"https:\\\/\\\/msconectado.com.br\\\/#\\\/schema\\\/person\\\/e5585545b5687092f1041d350b6e2c16\"},\"headline\":\"Mara Caseiro trabalha pelo transporte de agentes de sa\u00fade de Rio Brilhante.\",\"datePublished\":\"2024-03-18T18:20:26+00:00\",\"dateModified\":\"2024-03-18T18:20:27+00:00\",\"mainEntityOfPage\":{\"@id\":\"https:\\\/\\\/msconectado.com.br\\\/?p=21531\"},\"wordCount\":196,\"commentCount\":0,\"publisher\":{\"@id\":\"https:\\\/\\\/msconectado.com.br\\\/#organization\"},\"image\":{\"@id\":\"https:\\\/\\\/msconectado.com.br\\\/?p=21531#primaryimage\"},\"thumbnailUrl\":\"https:\\\/\\\/msconectado.com.br\\\/wp-content\\\/uploads\\\/2024\\\/03\\\/f5b3cca0-1082-41f5-a8c4-eab3b7e8ba93-3.jpg\",\"articleSection\":[\"Assembleia Legislativa\",\"Cidades\",\"Pol\u00edtica\"],\"inLanguage\":\"pt-BR\",\"potentialAction\":[{\"@type\":\"CommentAction\",\"name\":\"Comment\",\"target\":[\"https:\\\/\\\/msconectado.com.br\\\/?p=21531#respond\"]}]},{\"@type\":\"WebPage\",\"@id\":\"https:\\\/\\\/msconectado.com.br\\\/?p=21531\",\"url\":\"https:\\\/\\\/msconectado.com.br\\\/?p=21531\",\"name\":\"Mara Caseiro trabalha pelo transporte de agentes de sa\u00fade de Rio Brilhante. - MsConectado\",\"isPartOf\":{\"@id\":\"https:\\\/\\\/msconectado.com.br\\\/#website\"},\"primaryImageOfPage\":{\"@id\":\"https:\\\/\\\/msconectado.com.br\\\/?p=21531#primaryimage\"},\"image\":{\"@id\":\"https:\\\/\\\/msconectado.com.br\\\/?p=21531#primaryimage\"},\"thumbnailUrl\":\"https:\\\/\\\/msconectado.com.br\\\/wp-content\\\/uploads\\\/2024\\\/03\\\/f5b3cca0-1082-41f5-a8c4-eab3b7e8ba93-3.jpg\",\"datePublished\":\"2024-03-18T18:20:26+00:00\",\"dateModified\":\"2024-03-18T18:20:27+00:00\",\"breadcrumb\":{\"@id\":\"https:\\\/\\\/msconectado.com.br\\\/?p=21531#breadcrumb\"},\"inLanguage\":\"pt-BR\",\"potentialAction\":[{\"@type\":\"ReadAction\",\"target\":[\"https:\\\/\\\/msconectado.com.br\\\/?p=21531\"]}]},{\"@type\":\"ImageObject\",\"inLanguage\":\"pt-BR\",\"@id\":\"https:\\\/\\\/msconectado.com.br\\\/?p=21531#primaryimage\",\"url\":\"https:\\\/\\\/msconectado.com.br\\\/wp-content\\\/uploads\\\/2024\\\/03\\\/f5b3cca0-1082-41f5-a8c4-eab3b7e8ba93-3.jpg\",\"contentUrl\":\"https:\\\/\\\/msconectado.com.br\\\/wp-content\\\/uploads\\\/2024\\\/03\\\/f5b3cca0-1082-41f5-a8c4-eab3b7e8ba93-3.jpg\",\"width\":740,\"height\":493},{\"@type\":\"BreadcrumbList\",\"@id\":\"https:\\\/\\\/msconectado.com.br\\\/?p=21531#breadcrumb\",\"itemListElement\":[{\"@type\":\"ListItem\",\"position\":1,\"name\":\"In\u00edcio\",\"item\":\"https:\\\/\\\/msconectado.com.br\\\/\"},{\"@type\":\"ListItem\",\"position\":2,\"name\":\"Mara Caseiro trabalha pelo transporte de agentes de sa\u00fade de Rio Brilhante.\"}]},{\"@type\":\"WebSite\",\"@id\":\"https:\\\/\\\/msconectado.com.br\\\/#website\",\"url\":\"https:\\\/\\\/msconectado.com.br\\\/\",\"name\":\"MsConectado\",\"description\":\"Voc\u00ea Conectado com a Not\u00edcia!\",\"publisher\":{\"@id\":\"https:\\\/\\\/msconectado.com.br\\\/#organization\"},\"potentialAction\":[{\"@type\":\"SearchAction\",\"target\":{\"@type\":\"EntryPoint\",\"urlTemplate\":\"https:\\\/\\\/msconectado.com.br\\\/?s={search_term_string}\"},\"query-input\":{\"@type\":\"PropertyValueSpecification\",\"valueRequired\":true,\"valueName\":\"search_term_string\"}}],\"inLanguage\":\"pt-BR\"},{\"@type\":\"Organization\",\"@id\":\"https:\\\/\\\/msconectado.com.br\\\/#organization\",\"name\":\"MsConectado\",\"url\":\"https:\\\/\\\/msconectado.com.br\\\/\",\"logo\":{\"@type\":\"ImageObject\",\"inLanguage\":\"pt-BR\",\"@id\":\"https:\\\/\\\/msconectado.com.br\\\/#\\\/schema\\\/logo\\\/image\\\/\",\"url\":\"https:\\\/\\\/msconectado.com.br\\\/wp-content\\\/uploads\\\/2023\\\/01\\\/cropped-noticia-2.png\",\"contentUrl\":\"https:\\\/\\\/msconectado.com.br\\\/wp-content\\\/uploads\\\/2023\\\/01\\\/cropped-noticia-2.png\",\"width\":720,\"height\":157,\"caption\":\"MsConectado\"},\"image\":{\"@id\":\"https:\\\/\\\/msconectado.com.br\\\/#\\\/schema\\\/logo\\\/image\\\/\"}},{\"@type\":\"Person\",\"@id\":\"https:\\\/\\\/msconectado.com.br\\\/#\\\/schema\\\/person\\\/e5585545b5687092f1041d350b6e2c16\",\"name\":\"MsConectado\",\"image\":{\"@type\":\"ImageObject\",\"inLanguage\":\"pt-BR\",\"@id\":\"https:\\\/\\\/secure.gravatar.com\\\/avatar\\\/3b4f84a0a8a4380ac4431fa79981d073692380c5da00ae97596e794ab0db5c8c?s=96&d=mm&r=g\",\"url\":\"https:\\\/\\\/secure.gravatar.com\\\/avatar\\\/3b4f84a0a8a4380ac4431fa79981d073692380c5da00ae97596e794ab0db5c8c?s=96&d=mm&r=g\",\"contentUrl\":\"https:\\\/\\\/secure.gravatar.com\\\/avatar\\\/3b4f84a0a8a4380ac4431fa79981d073692380c5da00ae97596e794ab0db5c8c?s=96&d=mm&r=g\",\"caption\":\"MsConectado\"},\"url\":\"https:\\\/\\\/msconectado.com.br\\\/?author=2\"}]}<\/script>\n<!-- \/ Yoast SEO plugin. -->","yoast_head_json":{"title":"Mara Caseiro trabalha pelo transporte de agentes de sa\u00fade de Rio Brilhante. - MsConectado","robots":{"index":"index","follow":"follow","max-snippet":"max-snippet:-1","max-image-preview":"max-image-preview:large","max-video-preview":"max-video-preview:-1"},"canonical":"https:\/\/msconectado.com.br\/?p=21531","og_locale":"pt_BR","og_type":"article","og_title":"Mara Caseiro trabalha pelo transporte de agentes de sa\u00fade de Rio Brilhante. - MsConectado","og_description":"A deputada estadual Mara Caseiro (PSDB) solicitou ao governo estadual, a disponibiliza\u00e7\u00e3o de motocicletas para a realiza\u00e7\u00e3o do trabalho dos agentes de sa\u00fade e agentes de vetores do munic\u00edpio de Rio Brilhante. A indica\u00e7\u00e3o atende pedido do vereador Zezinho. Conforme a deputada, os agentes t\u00eam dificuldades nas visitas domiciliares realizadas diariamente, haja vista a falta [&hellip;]","og_url":"https:\/\/msconectado.com.br\/?p=21531","og_site_name":"MsConectado","article_published_time":"2024-03-18T18:20:26+00:00","article_modified_time":"2024-03-18T18:20:27+00:00","og_image":[{"width":740,"height":493,"url":"https:\/\/msconectado.com.br\/wp-content\/uploads\/2024\/03\/f5b3cca0-1082-41f5-a8c4-eab3b7e8ba93-3.jpg","type":"image\/jpeg"}],"author":"MsConectado","twitter_card":"summary_large_image","twitter_misc":{"Escrito por":"MsConectado","Est. tempo de leitura":"1 minuto"},"schema":{"@context":"https:\/\/schema.org","@graph":[{"@type":"Article","@id":"https:\/\/msconectado.com.br\/?p=21531#article","isPartOf":{"@id":"https:\/\/msconectado.com.br\/?p=21531"},"author":{"name":"MsConectado","@id":"https:\/\/msconectado.com.br\/#\/schema\/person\/e5585545b5687092f1041d350b6e2c16"},"headline":"Mara Caseiro trabalha pelo transporte de agentes de sa\u00fade de Rio Brilhante.","datePublished":"2024-03-18T18:20:26+00:00","dateModified":"2024-03-18T18:20:27+00:00","mainEntityOfPage":{"@id":"https:\/\/msconectado.com.br\/?p=21531"},"wordCount":196,"commentCount":0,"publisher":{"@id":"https:\/\/msconectado.com.br\/#organization"},"image":{"@id":"https:\/\/msconectado.com.br\/?p=21531#primaryimage"},"thumbnailUrl":"https:\/\/msconectado.com.br\/wp-content\/uploads\/2024\/03\/f5b3cca0-1082-41f5-a8c4-eab3b7e8ba93-3.jpg","articleSection":["Assembleia Legislativa","Cidades","Pol\u00edtica"],"inLanguage":"pt-BR","potentialAction":[{"@type":"CommentAction","name":"Comment","target":["https:\/\/msconectado.com.br\/?p=21531#respond"]}]},{"@type":"WebPage","@id":"https:\/\/msconectado.com.br\/?p=21531","url":"https:\/\/msconectado.com.br\/?p=21531","name":"Mara Caseiro trabalha pelo transporte de agentes de sa\u00fade de Rio Brilhante. - MsConectado","isPartOf":{"@id":"https:\/\/msconectado.com.br\/#website"},"primaryImageOfPage":{"@id":"https:\/\/msconectado.com.br\/?p=21531#primaryimage"},"image":{"@id":"https:\/\/msconectado.com.br\/?p=21531#primaryimage"},"thumbnailUrl":"https:\/\/msconectado.com.br\/wp-content\/uploads\/2024\/03\/f5b3cca0-1082-41f5-a8c4-eab3b7e8ba93-3.jpg","datePublished":"2024-03-18T18:20:26+00:00","dateModified":"2024-03-18T18:20:27+00:00","breadcrumb":{"@id":"https:\/\/msconectado.com.br\/?p=21531#breadcrumb"},"inLanguage":"pt-BR","potentialAction":[{"@type":"ReadAction","target":["https:\/\/msconectado.com.br\/?p=21531"]}]},{"@type":"ImageObject","inLanguage":"pt-BR","@id":"https:\/\/msconectado.com.br\/?p=21531#primaryimage","url":"https:\/\/msconectado.com.br\/wp-content\/uploads\/2024\/03\/f5b3cca0-1082-41f5-a8c4-eab3b7e8ba93-3.jpg","contentUrl":"https:\/\/msconectado.com.br\/wp-content\/uploads\/2024\/03\/f5b3cca0-1082-41f5-a8c4-eab3b7e8ba93-3.jpg","width":740,"height":493},{"@type":"BreadcrumbList","@id":"https:\/\/msconectado.com.br\/?p=21531#breadcrumb","itemListElement":[{"@type":"ListItem","position":1,"name":"In\u00edcio","item":"https:\/\/msconectado.com.br\/"},{"@type":"ListItem","position":2,"name":"Mara Caseiro trabalha pelo transporte de agentes de sa\u00fade de Rio Brilhante."}]},{"@type":"WebSite","@id":"https:\/\/msconectado.com.br\/#website","url":"https:\/\/msconectado.com.br\/","name":"MsConectado","description":"Voc\u00ea Conectado com a Not\u00edcia!","publisher":{"@id":"https:\/\/msconectado.com.br\/#organization"},"potentialAction":[{"@type":"SearchAction","target":{"@type":"EntryPoint","urlTemplate":"https:\/\/msconectado.com.br\/?s={search_term_string}"},"query-input":{"@type":"PropertyValueSpecification","valueRequired":true,"valueName":"search_term_string"}}],"inLanguage":"pt-BR"},{"@type":"Organization","@id":"https:\/\/msconectado.com.br\/#organization","name":"MsConectado","url":"https:\/\/msconectado.com.br\/","logo":{"@type":"ImageObject","inLanguage":"pt-BR","@id":"https:\/\/msconectado.com.br\/#\/schema\/logo\/image\/","url":"https:\/\/msconectado.com.br\/wp-content\/uploads\/2023\/01\/cropped-noticia-2.png","contentUrl":"https:\/\/msconectado.com.br\/wp-content\/uploads\/2023\/01\/cropped-noticia-2.png","width":720,"height":157,"caption":"MsConectado"},"image":{"@id":"https:\/\/msconectado.com.br\/#\/schema\/logo\/image\/"}},{"@type":"Person","@id":"https:\/\/msconectado.com.br\/#\/schema\/person\/e5585545b5687092f1041d350b6e2c16","name":"MsConectado","image":{"@type":"ImageObject","inLanguage":"pt-BR","@id":"https:\/\/secure.gravatar.com\/avatar\/3b4f84a0a8a4380ac4431fa79981d073692380c5da00ae97596e794ab0db5c8c?s=96&d=mm&r=g","url":"https:\/\/secure.gravatar.com\/avatar\/3b4f84a0a8a4380ac4431fa79981d073692380c5da00ae97596e794ab0db5c8c?s=96&d=mm&r=g","contentUrl":"https:\/\/secure.gravatar.com\/avatar\/3b4f84a0a8a4380ac4431fa79981d073692380c5da00ae97596e794ab0db5c8c?s=96&d=mm&r=g","caption":"MsConectado"},"url":"https:\/\/msconectado.com.br\/?author=2"}]}},"_links":{"self":[{"href":"https:\/\/msconectado.com.br\/index.php?rest_route=\/wp\/v2\/posts\/21531","targetHints":{"allow":["GET"]}}],"collection":[{"href":"https:\/\/msconectado.com.br\/index.php?rest_route=\/wp\/v2\/posts"}],"about":[{"href":"https:\/\/msconectado.com.br\/index.php?rest_route=\/wp\/v2\/types\/post"}],"author":[{"embeddable":true,"href":"https:\/\/msconectado.com.br\/index.php?rest_route=\/wp\/v2\/users\/2"}],"replies":[{"embeddable":true,"href":"https:\/\/msconectado.com.br\/index.php?rest_route=%2Fwp%2Fv2%2Fcomments&post=21531"}],"version-history":[{"count":1,"href":"https:\/\/msconectado.com.br\/index.php?rest_route=\/wp\/v2\/posts\/21531\/revisions"}],"predecessor-version":[{"id":21533,"href":"https:\/\/msconectado.com.br\/index.php?rest_route=\/wp\/v2\/posts\/21531\/revisions\/21533"}],"wp:featuredmedia":[{"embeddable":true,"href":"https:\/\/msconectado.com.br\/index.php?rest_route=\/wp\/v2\/media\/21532"}],"wp:attachment":[{"href":"https:\/\/msconectado.com.br\/index.php?rest_route=%2Fwp%2Fv2%2Fmedia&parent=21531"}],"wp:term":[{"taxonomy":"category","embeddable":true,"href":"https:\/\/msconectado.com.br\/index.php?rest_route=%2Fwp%2Fv2%2Fcategories&post=21531"},{"taxonomy":"post_tag","embeddable":true,"href":"https:\/\/msconectado.com.br\/index.php?rest_route=%2Fwp%2Fv2%2Ftags&post=21531"}],"curies":[{"name":"wp","href":"https:\/\/api.w.org\/{rel}","templated":true}]}}