
{"id":21537,"date":"2024-03-18T21:55:52","date_gmt":"2024-03-18T21:55:52","guid":{"rendered":"https:\/\/msconectado.com.br\/?p=21537"},"modified":"2024-03-18T22:31:50","modified_gmt":"2024-03-18T22:31:50","slug":"vereador-claesio-lechner-lidera-encontro-com-prefeita-vanda-camilo-e-autoridades-de-seguranca-para-discutir-acoes-comunitarias","status":"publish","type":"post","link":"https:\/\/msconectado.com.br\/?p=21537","title":{"rendered":"Vereador Cla\u00e9sio Lechner lidera encontro com prefeita Vanda Camilo e autoridades de seguran\u00e7a para discutir a\u00e7\u00f5es comunit\u00e1rias."},"content":{"rendered":"\n<p><\/p>\n\n\n\n<p>Na manh\u00e3 desta segunda-feira, dia 18<strong>,<\/strong> o cen\u00e1rio pol\u00edtico e de seguran\u00e7a de nossa cidade ganhou destaque com a lideran\u00e7a do vereador Cla\u00e9sio Lechner em uma reuni\u00e3o de extrema import\u00e2ncia. Acompanhado da prefeita Vanda Camilo e ilustres representantes do Corpo de Bombeiros, o Comandante Peter e o Subcomandante Cl\u00e1udio, o encontro foi marcado por discuss\u00f5es e propostas visando a seguran\u00e7a e o bem-estar da comunidade.<\/p>\n\n\n\n<p>Durante a reuni\u00e3o, uma ampla gama de assuntos relevantes foi abordada, com foco especial na seguran\u00e7a de eventos e iniciativas que promovam melhorias no tr\u00e2nsito local foram pautadas, visando n\u00e3o apenas a fluidez das vias, mas tamb\u00e9m a seguran\u00e7a dos pedestres e condutores.<\/p>\n\n\n\n<p>O vereador Cla\u00e9sio Lechner expressou sua satisfa\u00e7\u00e3o com os resultados da reuni\u00e3o, enfatizando o compromisso conjunto em encontrar solu\u00e7\u00f5es eficazes para os desafios enfrentados pela comunidade. &#8220;Estamos unidos em nosso objetivo de garantir um ambiente seguro e acolhedor para todos os cidad\u00e3os. Essa reuni\u00e3o representa um passo significativo em dire\u00e7\u00e3o a esse objetivo comum&#8221;, afirmou Lechner.<\/p>\n\n\n\n<p>A expectativa \u00e9 que essa uni\u00e3o de esfor\u00e7os entre os poderes p\u00fablicos e as autoridades de seguran\u00e7a resulte em uma comunidade mais segura, integrada e resiliente.<\/p>\n\n\n<div class=\"wp-block-image\">\n<figure class=\"aligncenter size-large\"><img fetchpriority=\"high\" decoding=\"async\" width=\"1024\" height=\"677\" src=\"https:\/\/msconectado.com.br\/wp-content\/uploads\/2024\/03\/sdfdsfdsf-2-1024x677.jpg\" alt=\"\" class=\"wp-image-21538\" srcset=\"https:\/\/msconectado.com.br\/wp-content\/uploads\/2024\/03\/sdfdsfdsf-2-1024x677.jpg 1024w, https:\/\/msconectado.com.br\/wp-content\/uploads\/2024\/03\/sdfdsfdsf-2-300x198.jpg 300w, https:\/\/msconectado.com.br\/wp-content\/uploads\/2024\/03\/sdfdsfdsf-2-768x508.jpg 768w, https:\/\/msconectado.com.br\/wp-content\/uploads\/2024\/03\/sdfdsfdsf-2-1536x1016.jpg 1536w, https:\/\/msconectado.com.br\/wp-content\/uploads\/2024\/03\/sdfdsfdsf-2.jpg 1600w\" sizes=\"(max-width: 1024px) 100vw, 1024px\" \/><\/figure>\n<\/div>\n\n\n<p>Reda\u00e7\u00e3o<\/p>\n\n\n<div class=\"wp-block-image\">\n<figure class=\"aligncenter size-full\"><img decoding=\"async\" width=\"900\" height=\"100\" src=\"https:\/\/msconectado.com.br\/wp-content\/uploads\/2024\/03\/Planos_que_atendem_todos_os_gostos.png\" alt=\"\" class=\"wp-image-21399\" srcset=\"https:\/\/msconectado.com.br\/wp-content\/uploads\/2024\/03\/Planos_que_atendem_todos_os_gostos.png 900w, https:\/\/msconectado.com.br\/wp-content\/uploads\/2024\/03\/Planos_que_atendem_todos_os_gostos-300x33.png 300w, https:\/\/msconectado.com.br\/wp-content\/uploads\/2024\/03\/Planos_que_atendem_todos_os_gostos-768x85.png 768w\" sizes=\"(max-width: 900px) 100vw, 900px\" \/><\/figure>\n<\/div>","protected":false},"excerpt":{"rendered":"<p>Na manh\u00e3 desta segunda-feira, dia 18, o cen\u00e1rio pol\u00edtico e de seguran\u00e7a de nossa cidade ganhou destaque com a lideran\u00e7a do vereador Cla\u00e9sio Lechner em uma reuni\u00e3o de extrema import\u00e2ncia. Acompanhado da prefeita Vanda Camilo e ilustres representantes do Corpo de Bombeiros, o Comandante Peter e o Subcomandante Cl\u00e1udio, o encontro foi marcado por discuss\u00f5es [&hellip;]<\/p>\n","protected":false},"author":2,"featured_media":21538,"comment_status":"open","ping_status":"closed","sticky":false,"template":"","format":"standard","meta":{"footnotes":""},"categories":[35,1,33],"tags":[],"class_list":["post-21537","post","type-post","status-publish","format-standard","has-post-thumbnail","hentry","category-cidades","category-noticia","category-politica"],"yoast_head":"<!-- This site is optimized with the Yoast SEO plugin v27.5 - https:\/\/yoast.com\/product\/yoast-seo-wordpress\/ -->\n<title>Vereador Cla\u00e9sio Lechner lidera encontro com prefeita Vanda Camilo e autoridades de seguran\u00e7a para discutir a\u00e7\u00f5es comunit\u00e1rias. - MsConectado<\/title>\n<meta name=\"robots\" content=\"index, follow, max-snippet:-1, max-image-preview:large, max-video-preview:-1\" \/>\n<link rel=\"canonical\" href=\"https:\/\/msconectado.com.br\/?p=21537\" \/>\n<meta property=\"og:locale\" content=\"pt_BR\" \/>\n<meta property=\"og:type\" content=\"article\" \/>\n<meta property=\"og:title\" content=\"Vereador Cla\u00e9sio Lechner lidera encontro com prefeita Vanda Camilo e autoridades de seguran\u00e7a para discutir a\u00e7\u00f5es comunit\u00e1rias. - MsConectado\" \/>\n<meta property=\"og:description\" content=\"Na manh\u00e3 desta segunda-feira, dia 18, o cen\u00e1rio pol\u00edtico e de seguran\u00e7a de nossa cidade ganhou destaque com a lideran\u00e7a do vereador Cla\u00e9sio Lechner em uma reuni\u00e3o de extrema import\u00e2ncia. Acompanhado da prefeita Vanda Camilo e ilustres representantes do Corpo de Bombeiros, o Comandante Peter e o Subcomandante Cl\u00e1udio, o encontro foi marcado por discuss\u00f5es [&hellip;]\" \/>\n<meta property=\"og:url\" content=\"https:\/\/msconectado.com.br\/?p=21537\" \/>\n<meta property=\"og:site_name\" content=\"MsConectado\" \/>\n<meta property=\"article:published_time\" content=\"2024-03-18T21:55:52+00:00\" \/>\n<meta property=\"article:modified_time\" content=\"2024-03-18T22:31:50+00:00\" \/>\n<meta property=\"og:image\" content=\"https:\/\/msconectado.com.br\/wp-content\/uploads\/2024\/03\/sdfdsfdsf-2.jpg\" \/>\n\t<meta property=\"og:image:width\" content=\"1600\" \/>\n\t<meta property=\"og:image:height\" content=\"1058\" \/>\n\t<meta property=\"og:image:type\" content=\"image\/jpeg\" \/>\n<meta name=\"author\" content=\"MsConectado\" \/>\n<meta name=\"twitter:card\" content=\"summary_large_image\" \/>\n<meta name=\"twitter:label1\" content=\"Escrito por\" \/>\n\t<meta name=\"twitter:data1\" content=\"MsConectado\" \/>\n\t<meta name=\"twitter:label2\" content=\"Est. tempo de leitura\" \/>\n\t<meta name=\"twitter:data2\" content=\"1 minuto\" \/>\n<script type=\"application\/ld+json\" class=\"yoast-schema-graph\">{\"@context\":\"https:\\\/\\\/schema.org\",\"@graph\":[{\"@type\":\"Article\",\"@id\":\"https:\\\/\\\/msconectado.com.br\\\/?p=21537#article\",\"isPartOf\":{\"@id\":\"https:\\\/\\\/msconectado.com.br\\\/?p=21537\"},\"author\":{\"name\":\"MsConectado\",\"@id\":\"https:\\\/\\\/msconectado.com.br\\\/#\\\/schema\\\/person\\\/e5585545b5687092f1041d350b6e2c16\"},\"headline\":\"Vereador Cla\u00e9sio Lechner lidera encontro com prefeita Vanda Camilo e autoridades de seguran\u00e7a para discutir a\u00e7\u00f5es comunit\u00e1rias.\",\"datePublished\":\"2024-03-18T21:55:52+00:00\",\"dateModified\":\"2024-03-18T22:31:50+00:00\",\"mainEntityOfPage\":{\"@id\":\"https:\\\/\\\/msconectado.com.br\\\/?p=21537\"},\"wordCount\":238,\"commentCount\":0,\"publisher\":{\"@id\":\"https:\\\/\\\/msconectado.com.br\\\/#organization\"},\"image\":{\"@id\":\"https:\\\/\\\/msconectado.com.br\\\/?p=21537#primaryimage\"},\"thumbnailUrl\":\"https:\\\/\\\/msconectado.com.br\\\/wp-content\\\/uploads\\\/2024\\\/03\\\/sdfdsfdsf-2.jpg\",\"articleSection\":[\"Cidades\",\"Not\u00edcia\",\"Pol\u00edtica\"],\"inLanguage\":\"pt-BR\",\"potentialAction\":[{\"@type\":\"CommentAction\",\"name\":\"Comment\",\"target\":[\"https:\\\/\\\/msconectado.com.br\\\/?p=21537#respond\"]}]},{\"@type\":\"WebPage\",\"@id\":\"https:\\\/\\\/msconectado.com.br\\\/?p=21537\",\"url\":\"https:\\\/\\\/msconectado.com.br\\\/?p=21537\",\"name\":\"Vereador Cla\u00e9sio Lechner lidera encontro com prefeita Vanda Camilo e autoridades de seguran\u00e7a para discutir a\u00e7\u00f5es comunit\u00e1rias. - MsConectado\",\"isPartOf\":{\"@id\":\"https:\\\/\\\/msconectado.com.br\\\/#website\"},\"primaryImageOfPage\":{\"@id\":\"https:\\\/\\\/msconectado.com.br\\\/?p=21537#primaryimage\"},\"image\":{\"@id\":\"https:\\\/\\\/msconectado.com.br\\\/?p=21537#primaryimage\"},\"thumbnailUrl\":\"https:\\\/\\\/msconectado.com.br\\\/wp-content\\\/uploads\\\/2024\\\/03\\\/sdfdsfdsf-2.jpg\",\"datePublished\":\"2024-03-18T21:55:52+00:00\",\"dateModified\":\"2024-03-18T22:31:50+00:00\",\"breadcrumb\":{\"@id\":\"https:\\\/\\\/msconectado.com.br\\\/?p=21537#breadcrumb\"},\"inLanguage\":\"pt-BR\",\"potentialAction\":[{\"@type\":\"ReadAction\",\"target\":[\"https:\\\/\\\/msconectado.com.br\\\/?p=21537\"]}]},{\"@type\":\"ImageObject\",\"inLanguage\":\"pt-BR\",\"@id\":\"https:\\\/\\\/msconectado.com.br\\\/?p=21537#primaryimage\",\"url\":\"https:\\\/\\\/msconectado.com.br\\\/wp-content\\\/uploads\\\/2024\\\/03\\\/sdfdsfdsf-2.jpg\",\"contentUrl\":\"https:\\\/\\\/msconectado.com.br\\\/wp-content\\\/uploads\\\/2024\\\/03\\\/sdfdsfdsf-2.jpg\",\"width\":1600,\"height\":1058},{\"@type\":\"BreadcrumbList\",\"@id\":\"https:\\\/\\\/msconectado.com.br\\\/?p=21537#breadcrumb\",\"itemListElement\":[{\"@type\":\"ListItem\",\"position\":1,\"name\":\"In\u00edcio\",\"item\":\"https:\\\/\\\/msconectado.com.br\\\/?page_id=105\"},{\"@type\":\"ListItem\",\"position\":2,\"name\":\"Vereador Cla\u00e9sio Lechner lidera encontro com prefeita Vanda Camilo e autoridades de seguran\u00e7a para discutir a\u00e7\u00f5es comunit\u00e1rias.\"}]},{\"@type\":\"WebSite\",\"@id\":\"https:\\\/\\\/msconectado.com.br\\\/#website\",\"url\":\"https:\\\/\\\/msconectado.com.br\\\/\",\"name\":\"MsConectado\",\"description\":\"Voc\u00ea Conectado com a Not\u00edcia!\",\"publisher\":{\"@id\":\"https:\\\/\\\/msconectado.com.br\\\/#organization\"},\"potentialAction\":[{\"@type\":\"SearchAction\",\"target\":{\"@type\":\"EntryPoint\",\"urlTemplate\":\"https:\\\/\\\/msconectado.com.br\\\/?s={search_term_string}\"},\"query-input\":{\"@type\":\"PropertyValueSpecification\",\"valueRequired\":true,\"valueName\":\"search_term_string\"}}],\"inLanguage\":\"pt-BR\"},{\"@type\":\"Organization\",\"@id\":\"https:\\\/\\\/msconectado.com.br\\\/#organization\",\"name\":\"MsConectado\",\"url\":\"https:\\\/\\\/msconectado.com.br\\\/\",\"logo\":{\"@type\":\"ImageObject\",\"inLanguage\":\"pt-BR\",\"@id\":\"https:\\\/\\\/msconectado.com.br\\\/#\\\/schema\\\/logo\\\/image\\\/\",\"url\":\"https:\\\/\\\/msconectado.com.br\\\/wp-content\\\/uploads\\\/2023\\\/01\\\/cropped-noticia-2.png\",\"contentUrl\":\"https:\\\/\\\/msconectado.com.br\\\/wp-content\\\/uploads\\\/2023\\\/01\\\/cropped-noticia-2.png\",\"width\":720,\"height\":157,\"caption\":\"MsConectado\"},\"image\":{\"@id\":\"https:\\\/\\\/msconectado.com.br\\\/#\\\/schema\\\/logo\\\/image\\\/\"}},{\"@type\":\"Person\",\"@id\":\"https:\\\/\\\/msconectado.com.br\\\/#\\\/schema\\\/person\\\/e5585545b5687092f1041d350b6e2c16\",\"name\":\"MsConectado\",\"image\":{\"@type\":\"ImageObject\",\"inLanguage\":\"pt-BR\",\"@id\":\"https:\\\/\\\/secure.gravatar.com\\\/avatar\\\/3b4f84a0a8a4380ac4431fa79981d073692380c5da00ae97596e794ab0db5c8c?s=96&d=mm&r=g\",\"url\":\"https:\\\/\\\/secure.gravatar.com\\\/avatar\\\/3b4f84a0a8a4380ac4431fa79981d073692380c5da00ae97596e794ab0db5c8c?s=96&d=mm&r=g\",\"contentUrl\":\"https:\\\/\\\/secure.gravatar.com\\\/avatar\\\/3b4f84a0a8a4380ac4431fa79981d073692380c5da00ae97596e794ab0db5c8c?s=96&d=mm&r=g\",\"caption\":\"MsConectado\"},\"url\":\"https:\\\/\\\/msconectado.com.br\\\/?author=2\"}]}<\/script>\n<!-- \/ Yoast SEO plugin. -->","yoast_head_json":{"title":"Vereador Cla\u00e9sio Lechner lidera encontro com prefeita Vanda Camilo e autoridades de seguran\u00e7a para discutir a\u00e7\u00f5es comunit\u00e1rias. - MsConectado","robots":{"index":"index","follow":"follow","max-snippet":"max-snippet:-1","max-image-preview":"max-image-preview:large","max-video-preview":"max-video-preview:-1"},"canonical":"https:\/\/msconectado.com.br\/?p=21537","og_locale":"pt_BR","og_type":"article","og_title":"Vereador Cla\u00e9sio Lechner lidera encontro com prefeita Vanda Camilo e autoridades de seguran\u00e7a para discutir a\u00e7\u00f5es comunit\u00e1rias. - MsConectado","og_description":"Na manh\u00e3 desta segunda-feira, dia 18, o cen\u00e1rio pol\u00edtico e de seguran\u00e7a de nossa cidade ganhou destaque com a lideran\u00e7a do vereador Cla\u00e9sio Lechner em uma reuni\u00e3o de extrema import\u00e2ncia. Acompanhado da prefeita Vanda Camilo e ilustres representantes do Corpo de Bombeiros, o Comandante Peter e o Subcomandante Cl\u00e1udio, o encontro foi marcado por discuss\u00f5es [&hellip;]","og_url":"https:\/\/msconectado.com.br\/?p=21537","og_site_name":"MsConectado","article_published_time":"2024-03-18T21:55:52+00:00","article_modified_time":"2024-03-18T22:31:50+00:00","og_image":[{"width":1600,"height":1058,"url":"https:\/\/msconectado.com.br\/wp-content\/uploads\/2024\/03\/sdfdsfdsf-2.jpg","type":"image\/jpeg"}],"author":"MsConectado","twitter_card":"summary_large_image","twitter_misc":{"Escrito por":"MsConectado","Est. tempo de leitura":"1 minuto"},"schema":{"@context":"https:\/\/schema.org","@graph":[{"@type":"Article","@id":"https:\/\/msconectado.com.br\/?p=21537#article","isPartOf":{"@id":"https:\/\/msconectado.com.br\/?p=21537"},"author":{"name":"MsConectado","@id":"https:\/\/msconectado.com.br\/#\/schema\/person\/e5585545b5687092f1041d350b6e2c16"},"headline":"Vereador Cla\u00e9sio Lechner lidera encontro com prefeita Vanda Camilo e autoridades de seguran\u00e7a para discutir a\u00e7\u00f5es comunit\u00e1rias.","datePublished":"2024-03-18T21:55:52+00:00","dateModified":"2024-03-18T22:31:50+00:00","mainEntityOfPage":{"@id":"https:\/\/msconectado.com.br\/?p=21537"},"wordCount":238,"commentCount":0,"publisher":{"@id":"https:\/\/msconectado.com.br\/#organization"},"image":{"@id":"https:\/\/msconectado.com.br\/?p=21537#primaryimage"},"thumbnailUrl":"https:\/\/msconectado.com.br\/wp-content\/uploads\/2024\/03\/sdfdsfdsf-2.jpg","articleSection":["Cidades","Not\u00edcia","Pol\u00edtica"],"inLanguage":"pt-BR","potentialAction":[{"@type":"CommentAction","name":"Comment","target":["https:\/\/msconectado.com.br\/?p=21537#respond"]}]},{"@type":"WebPage","@id":"https:\/\/msconectado.com.br\/?p=21537","url":"https:\/\/msconectado.com.br\/?p=21537","name":"Vereador Cla\u00e9sio Lechner lidera encontro com prefeita Vanda Camilo e autoridades de seguran\u00e7a para discutir a\u00e7\u00f5es comunit\u00e1rias. - MsConectado","isPartOf":{"@id":"https:\/\/msconectado.com.br\/#website"},"primaryImageOfPage":{"@id":"https:\/\/msconectado.com.br\/?p=21537#primaryimage"},"image":{"@id":"https:\/\/msconectado.com.br\/?p=21537#primaryimage"},"thumbnailUrl":"https:\/\/msconectado.com.br\/wp-content\/uploads\/2024\/03\/sdfdsfdsf-2.jpg","datePublished":"2024-03-18T21:55:52+00:00","dateModified":"2024-03-18T22:31:50+00:00","breadcrumb":{"@id":"https:\/\/msconectado.com.br\/?p=21537#breadcrumb"},"inLanguage":"pt-BR","potentialAction":[{"@type":"ReadAction","target":["https:\/\/msconectado.com.br\/?p=21537"]}]},{"@type":"ImageObject","inLanguage":"pt-BR","@id":"https:\/\/msconectado.com.br\/?p=21537#primaryimage","url":"https:\/\/msconectado.com.br\/wp-content\/uploads\/2024\/03\/sdfdsfdsf-2.jpg","contentUrl":"https:\/\/msconectado.com.br\/wp-content\/uploads\/2024\/03\/sdfdsfdsf-2.jpg","width":1600,"height":1058},{"@type":"BreadcrumbList","@id":"https:\/\/msconectado.com.br\/?p=21537#breadcrumb","itemListElement":[{"@type":"ListItem","position":1,"name":"In\u00edcio","item":"https:\/\/msconectado.com.br\/?page_id=105"},{"@type":"ListItem","position":2,"name":"Vereador Cla\u00e9sio Lechner lidera encontro com prefeita Vanda Camilo e autoridades de seguran\u00e7a para discutir a\u00e7\u00f5es comunit\u00e1rias."}]},{"@type":"WebSite","@id":"https:\/\/msconectado.com.br\/#website","url":"https:\/\/msconectado.com.br\/","name":"MsConectado","description":"Voc\u00ea Conectado com a Not\u00edcia!","publisher":{"@id":"https:\/\/msconectado.com.br\/#organization"},"potentialAction":[{"@type":"SearchAction","target":{"@type":"EntryPoint","urlTemplate":"https:\/\/msconectado.com.br\/?s={search_term_string}"},"query-input":{"@type":"PropertyValueSpecification","valueRequired":true,"valueName":"search_term_string"}}],"inLanguage":"pt-BR"},{"@type":"Organization","@id":"https:\/\/msconectado.com.br\/#organization","name":"MsConectado","url":"https:\/\/msconectado.com.br\/","logo":{"@type":"ImageObject","inLanguage":"pt-BR","@id":"https:\/\/msconectado.com.br\/#\/schema\/logo\/image\/","url":"https:\/\/msconectado.com.br\/wp-content\/uploads\/2023\/01\/cropped-noticia-2.png","contentUrl":"https:\/\/msconectado.com.br\/wp-content\/uploads\/2023\/01\/cropped-noticia-2.png","width":720,"height":157,"caption":"MsConectado"},"image":{"@id":"https:\/\/msconectado.com.br\/#\/schema\/logo\/image\/"}},{"@type":"Person","@id":"https:\/\/msconectado.com.br\/#\/schema\/person\/e5585545b5687092f1041d350b6e2c16","name":"MsConectado","image":{"@type":"ImageObject","inLanguage":"pt-BR","@id":"https:\/\/secure.gravatar.com\/avatar\/3b4f84a0a8a4380ac4431fa79981d073692380c5da00ae97596e794ab0db5c8c?s=96&d=mm&r=g","url":"https:\/\/secure.gravatar.com\/avatar\/3b4f84a0a8a4380ac4431fa79981d073692380c5da00ae97596e794ab0db5c8c?s=96&d=mm&r=g","contentUrl":"https:\/\/secure.gravatar.com\/avatar\/3b4f84a0a8a4380ac4431fa79981d073692380c5da00ae97596e794ab0db5c8c?s=96&d=mm&r=g","caption":"MsConectado"},"url":"https:\/\/msconectado.com.br\/?author=2"}]}},"_links":{"self":[{"href":"https:\/\/msconectado.com.br\/index.php?rest_route=\/wp\/v2\/posts\/21537","targetHints":{"allow":["GET"]}}],"collection":[{"href":"https:\/\/msconectado.com.br\/index.php?rest_route=\/wp\/v2\/posts"}],"about":[{"href":"https:\/\/msconectado.com.br\/index.php?rest_route=\/wp\/v2\/types\/post"}],"author":[{"embeddable":true,"href":"https:\/\/msconectado.com.br\/index.php?rest_route=\/wp\/v2\/users\/2"}],"replies":[{"embeddable":true,"href":"https:\/\/msconectado.com.br\/index.php?rest_route=%2Fwp%2Fv2%2Fcomments&post=21537"}],"version-history":[{"count":3,"href":"https:\/\/msconectado.com.br\/index.php?rest_route=\/wp\/v2\/posts\/21537\/revisions"}],"predecessor-version":[{"id":21542,"href":"https:\/\/msconectado.com.br\/index.php?rest_route=\/wp\/v2\/posts\/21537\/revisions\/21542"}],"wp:featuredmedia":[{"embeddable":true,"href":"https:\/\/msconectado.com.br\/index.php?rest_route=\/wp\/v2\/media\/21538"}],"wp:attachment":[{"href":"https:\/\/msconectado.com.br\/index.php?rest_route=%2Fwp%2Fv2%2Fmedia&parent=21537"}],"wp:term":[{"taxonomy":"category","embeddable":true,"href":"https:\/\/msconectado.com.br\/index.php?rest_route=%2Fwp%2Fv2%2Fcategories&post=21537"},{"taxonomy":"post_tag","embeddable":true,"href":"https:\/\/msconectado.com.br\/index.php?rest_route=%2Fwp%2Fv2%2Ftags&post=21537"}],"curies":[{"name":"wp","href":"https:\/\/api.w.org\/{rel}","templated":true}]}}