
{"id":21543,"date":"2024-03-19T11:31:42","date_gmt":"2024-03-19T11:31:42","guid":{"rendered":"https:\/\/msconectado.com.br\/?p=21543"},"modified":"2024-03-19T11:31:43","modified_gmt":"2024-03-19T11:31:43","slug":"presidente-do-legislativo-de-jardim-solicita-ao-governo-do-estado-pavimentacao-asfaltica-para-vila-previsul","status":"publish","type":"post","link":"https:\/\/msconectado.com.br\/?p=21543","title":{"rendered":"Presidente do Legislativo de Jardim solicita ao governo do estado pavimenta\u00e7\u00e3o asf\u00e1ltica para Vila Previsul."},"content":{"rendered":"\n<p>Na \u00faltima segunda-feira (18), durante a sess\u00e3o ordin\u00e1ria, o presidente do Poder Legislativo de Jardim\/MS, Glaucio Cabreira da Costa (PSDB), fez um requerimento direcionado ao Governador do Estado, Eduardo Riedel, com c\u00f3pia ao Secret\u00e1rio Estadual de Infraestrutura, H\u00e9lio Peluffo. O pedido visa estudar a viabilidade de realizar a pavimenta\u00e7\u00e3o asf\u00e1ltica nas ruas da Vila Previsul, popularmente conhecido como um dos bairros mais antigos da cidade.<\/p>\n\n\n\n<p>Essa demanda \u00e9 antiga e vem sendo reivindicada pelos moradores da regi\u00e3o h\u00e1 muitos anos. O presidente justificou a necessidade destacando os problemas enfrentados pela comunidade, principalmente durante o ver\u00e3o, quando fortes ventos e intensas poeiras afetam a qualidade de vida dos residentes. Al\u00e9m disso, nas \u00e9pocas de chuvas, as ruas se tornam intransit\u00e1veis devido \u00e0 forma\u00e7\u00e3o de lama, em raz\u00e3o da umidade do local.<\/p>\n\n\n\n<p>&#8220;A nossa justificativa para este pedido \u00e9 de que existe um problema grande no ver\u00e3o, com ventos e poeiras intensos, e nas \u00e9pocas de chuvas, \u00e9 imposs\u00edvel transitar devido as lamas que se formam, j\u00e1 que a \u00e1rea \u00e9 bastante \u00famida. Ainda em tempo, lembramos que a Vila Previsul j\u00e1 conta com um sistema de rede de esgoto, prioridade para a sa\u00fade p\u00fablica. Em anexo, estamos enviando c\u00f3pias do mapa com as ruas marcadas a serem pavimentadas, bem como uma foto de sat\u00e9lite google&#8221;, explicou o vereador.<\/p>\n\n\n\n<p>A infraestrutura adequada nas vias do bairro n\u00e3o s\u00f3 melhoraria as condi\u00e7\u00f5es de tr\u00e1fego, mas tamb\u00e9m traria benef\u00edcios para a sa\u00fade p\u00fablica, considerando que a Vila Previsul j\u00e1 possui sistema de rede de esgoto, o que refor\u00e7a a import\u00e2ncia da pavimenta\u00e7\u00e3o asf\u00e1ltica.<\/p>\n\n\n\n<p>O requerimento incluiu tamb\u00e9m o envio de mapas com as ruas a serem pavimentadas, al\u00e9m de uma foto de sat\u00e9lite do Google para facilitar a localiza\u00e7\u00e3o das \u00e1reas em quest\u00e3o.<\/p>\n\n\n\n<p>Agora, aguarda-se a resposta por parte do Governo do Estado e da Secretaria Estadual de Infraestrutura quanto \u00e0 viabilidade e prazos para a realiza\u00e7\u00e3o da pavimenta\u00e7\u00e3o, visando atender a uma necessidade antiga da comunidade da Vila Previsul.<\/p>\n\n\n\n<p>Reda\u00e7\u00e3o<\/p>\n\n\n<div class=\"wp-block-image\">\n<figure class=\"aligncenter size-full\"><img fetchpriority=\"high\" decoding=\"async\" width=\"900\" height=\"100\" src=\"https:\/\/msconectado.com.br\/wp-content\/uploads\/2024\/03\/Planos_que_atendem_todos_os_gostos.png\" alt=\"\" class=\"wp-image-21399\" srcset=\"https:\/\/msconectado.com.br\/wp-content\/uploads\/2024\/03\/Planos_que_atendem_todos_os_gostos.png 900w, https:\/\/msconectado.com.br\/wp-content\/uploads\/2024\/03\/Planos_que_atendem_todos_os_gostos-300x33.png 300w, https:\/\/msconectado.com.br\/wp-content\/uploads\/2024\/03\/Planos_que_atendem_todos_os_gostos-768x85.png 768w\" sizes=\"(max-width: 900px) 100vw, 900px\" \/><\/figure>\n<\/div>","protected":false},"excerpt":{"rendered":"<p>Na \u00faltima segunda-feira (18), durante a sess\u00e3o ordin\u00e1ria, o presidente do Poder Legislativo de Jardim\/MS, Glaucio Cabreira da Costa (PSDB), fez um requerimento direcionado ao Governador do Estado, Eduardo Riedel, com c\u00f3pia ao Secret\u00e1rio Estadual de Infraestrutura, H\u00e9lio Peluffo. O pedido visa estudar a viabilidade de realizar a pavimenta\u00e7\u00e3o asf\u00e1ltica nas ruas da Vila Previsul, [&hellip;]<\/p>\n","protected":false},"author":2,"featured_media":21544,"comment_status":"open","ping_status":"closed","sticky":false,"template":"","format":"standard","meta":{"footnotes":""},"categories":[35,1,33],"tags":[],"class_list":["post-21543","post","type-post","status-publish","format-standard","has-post-thumbnail","hentry","category-cidades","category-noticia","category-politica"],"yoast_head":"<!-- This site is optimized with the Yoast SEO plugin v27.5 - https:\/\/yoast.com\/product\/yoast-seo-wordpress\/ -->\n<title>Presidente do Legislativo de Jardim solicita ao governo do estado pavimenta\u00e7\u00e3o asf\u00e1ltica para Vila Previsul. - MsConectado<\/title>\n<meta name=\"robots\" content=\"index, follow, max-snippet:-1, max-image-preview:large, max-video-preview:-1\" \/>\n<link rel=\"canonical\" href=\"https:\/\/msconectado.com.br\/?p=21543\" \/>\n<meta property=\"og:locale\" content=\"pt_BR\" \/>\n<meta property=\"og:type\" content=\"article\" \/>\n<meta property=\"og:title\" content=\"Presidente do Legislativo de Jardim solicita ao governo do estado pavimenta\u00e7\u00e3o asf\u00e1ltica para Vila Previsul. - MsConectado\" \/>\n<meta property=\"og:description\" content=\"Na \u00faltima segunda-feira (18), durante a sess\u00e3o ordin\u00e1ria, o presidente do Poder Legislativo de Jardim\/MS, Glaucio Cabreira da Costa (PSDB), fez um requerimento direcionado ao Governador do Estado, Eduardo Riedel, com c\u00f3pia ao Secret\u00e1rio Estadual de Infraestrutura, H\u00e9lio Peluffo. O pedido visa estudar a viabilidade de realizar a pavimenta\u00e7\u00e3o asf\u00e1ltica nas ruas da Vila Previsul, [&hellip;]\" \/>\n<meta property=\"og:url\" content=\"https:\/\/msconectado.com.br\/?p=21543\" \/>\n<meta property=\"og:site_name\" content=\"MsConectado\" \/>\n<meta property=\"article:published_time\" content=\"2024-03-19T11:31:42+00:00\" \/>\n<meta property=\"article:modified_time\" content=\"2024-03-19T11:31:43+00:00\" \/>\n<meta property=\"og:image\" content=\"https:\/\/msconectado.com.br\/wp-content\/uploads\/2024\/03\/f5b3cca0-1082-41f5-a8c4-eab3b7e8ba93-4.jpg\" \/>\n\t<meta property=\"og:image:width\" content=\"1095\" \/>\n\t<meta property=\"og:image:height\" content=\"736\" \/>\n\t<meta property=\"og:image:type\" content=\"image\/jpeg\" \/>\n<meta name=\"author\" content=\"MsConectado\" \/>\n<meta name=\"twitter:card\" content=\"summary_large_image\" \/>\n<meta name=\"twitter:label1\" content=\"Escrito por\" \/>\n\t<meta name=\"twitter:data1\" content=\"MsConectado\" \/>\n\t<meta name=\"twitter:label2\" content=\"Est. tempo de leitura\" \/>\n\t<meta name=\"twitter:data2\" content=\"2 minutos\" \/>\n<script type=\"application\/ld+json\" class=\"yoast-schema-graph\">{\"@context\":\"https:\\\/\\\/schema.org\",\"@graph\":[{\"@type\":\"Article\",\"@id\":\"https:\\\/\\\/msconectado.com.br\\\/?p=21543#article\",\"isPartOf\":{\"@id\":\"https:\\\/\\\/msconectado.com.br\\\/?p=21543\"},\"author\":{\"name\":\"MsConectado\",\"@id\":\"https:\\\/\\\/msconectado.com.br\\\/#\\\/schema\\\/person\\\/e5585545b5687092f1041d350b6e2c16\"},\"headline\":\"Presidente do Legislativo de Jardim solicita ao governo do estado pavimenta\u00e7\u00e3o asf\u00e1ltica para Vila Previsul.\",\"datePublished\":\"2024-03-19T11:31:42+00:00\",\"dateModified\":\"2024-03-19T11:31:43+00:00\",\"mainEntityOfPage\":{\"@id\":\"https:\\\/\\\/msconectado.com.br\\\/?p=21543\"},\"wordCount\":376,\"commentCount\":0,\"publisher\":{\"@id\":\"https:\\\/\\\/msconectado.com.br\\\/#organization\"},\"image\":{\"@id\":\"https:\\\/\\\/msconectado.com.br\\\/?p=21543#primaryimage\"},\"thumbnailUrl\":\"https:\\\/\\\/msconectado.com.br\\\/wp-content\\\/uploads\\\/2024\\\/03\\\/f5b3cca0-1082-41f5-a8c4-eab3b7e8ba93-4.jpg\",\"articleSection\":[\"Cidades\",\"Not\u00edcia\",\"Pol\u00edtica\"],\"inLanguage\":\"pt-BR\",\"potentialAction\":[{\"@type\":\"CommentAction\",\"name\":\"Comment\",\"target\":[\"https:\\\/\\\/msconectado.com.br\\\/?p=21543#respond\"]}]},{\"@type\":\"WebPage\",\"@id\":\"https:\\\/\\\/msconectado.com.br\\\/?p=21543\",\"url\":\"https:\\\/\\\/msconectado.com.br\\\/?p=21543\",\"name\":\"Presidente do Legislativo de Jardim solicita ao governo do estado pavimenta\u00e7\u00e3o asf\u00e1ltica para Vila Previsul. - MsConectado\",\"isPartOf\":{\"@id\":\"https:\\\/\\\/msconectado.com.br\\\/#website\"},\"primaryImageOfPage\":{\"@id\":\"https:\\\/\\\/msconectado.com.br\\\/?p=21543#primaryimage\"},\"image\":{\"@id\":\"https:\\\/\\\/msconectado.com.br\\\/?p=21543#primaryimage\"},\"thumbnailUrl\":\"https:\\\/\\\/msconectado.com.br\\\/wp-content\\\/uploads\\\/2024\\\/03\\\/f5b3cca0-1082-41f5-a8c4-eab3b7e8ba93-4.jpg\",\"datePublished\":\"2024-03-19T11:31:42+00:00\",\"dateModified\":\"2024-03-19T11:31:43+00:00\",\"breadcrumb\":{\"@id\":\"https:\\\/\\\/msconectado.com.br\\\/?p=21543#breadcrumb\"},\"inLanguage\":\"pt-BR\",\"potentialAction\":[{\"@type\":\"ReadAction\",\"target\":[\"https:\\\/\\\/msconectado.com.br\\\/?p=21543\"]}]},{\"@type\":\"ImageObject\",\"inLanguage\":\"pt-BR\",\"@id\":\"https:\\\/\\\/msconectado.com.br\\\/?p=21543#primaryimage\",\"url\":\"https:\\\/\\\/msconectado.com.br\\\/wp-content\\\/uploads\\\/2024\\\/03\\\/f5b3cca0-1082-41f5-a8c4-eab3b7e8ba93-4.jpg\",\"contentUrl\":\"https:\\\/\\\/msconectado.com.br\\\/wp-content\\\/uploads\\\/2024\\\/03\\\/f5b3cca0-1082-41f5-a8c4-eab3b7e8ba93-4.jpg\",\"width\":1095,\"height\":736},{\"@type\":\"BreadcrumbList\",\"@id\":\"https:\\\/\\\/msconectado.com.br\\\/?p=21543#breadcrumb\",\"itemListElement\":[{\"@type\":\"ListItem\",\"position\":1,\"name\":\"In\u00edcio\",\"item\":\"https:\\\/\\\/msconectado.com.br\\\/?page_id=105\"},{\"@type\":\"ListItem\",\"position\":2,\"name\":\"Presidente do Legislativo de Jardim solicita ao governo do estado pavimenta\u00e7\u00e3o asf\u00e1ltica para Vila Previsul.\"}]},{\"@type\":\"WebSite\",\"@id\":\"https:\\\/\\\/msconectado.com.br\\\/#website\",\"url\":\"https:\\\/\\\/msconectado.com.br\\\/\",\"name\":\"MsConectado\",\"description\":\"Voc\u00ea Conectado com a Not\u00edcia!\",\"publisher\":{\"@id\":\"https:\\\/\\\/msconectado.com.br\\\/#organization\"},\"potentialAction\":[{\"@type\":\"SearchAction\",\"target\":{\"@type\":\"EntryPoint\",\"urlTemplate\":\"https:\\\/\\\/msconectado.com.br\\\/?s={search_term_string}\"},\"query-input\":{\"@type\":\"PropertyValueSpecification\",\"valueRequired\":true,\"valueName\":\"search_term_string\"}}],\"inLanguage\":\"pt-BR\"},{\"@type\":\"Organization\",\"@id\":\"https:\\\/\\\/msconectado.com.br\\\/#organization\",\"name\":\"MsConectado\",\"url\":\"https:\\\/\\\/msconectado.com.br\\\/\",\"logo\":{\"@type\":\"ImageObject\",\"inLanguage\":\"pt-BR\",\"@id\":\"https:\\\/\\\/msconectado.com.br\\\/#\\\/schema\\\/logo\\\/image\\\/\",\"url\":\"https:\\\/\\\/msconectado.com.br\\\/wp-content\\\/uploads\\\/2023\\\/01\\\/cropped-noticia-2.png\",\"contentUrl\":\"https:\\\/\\\/msconectado.com.br\\\/wp-content\\\/uploads\\\/2023\\\/01\\\/cropped-noticia-2.png\",\"width\":720,\"height\":157,\"caption\":\"MsConectado\"},\"image\":{\"@id\":\"https:\\\/\\\/msconectado.com.br\\\/#\\\/schema\\\/logo\\\/image\\\/\"}},{\"@type\":\"Person\",\"@id\":\"https:\\\/\\\/msconectado.com.br\\\/#\\\/schema\\\/person\\\/e5585545b5687092f1041d350b6e2c16\",\"name\":\"MsConectado\",\"image\":{\"@type\":\"ImageObject\",\"inLanguage\":\"pt-BR\",\"@id\":\"https:\\\/\\\/secure.gravatar.com\\\/avatar\\\/3b4f84a0a8a4380ac4431fa79981d073692380c5da00ae97596e794ab0db5c8c?s=96&d=mm&r=g\",\"url\":\"https:\\\/\\\/secure.gravatar.com\\\/avatar\\\/3b4f84a0a8a4380ac4431fa79981d073692380c5da00ae97596e794ab0db5c8c?s=96&d=mm&r=g\",\"contentUrl\":\"https:\\\/\\\/secure.gravatar.com\\\/avatar\\\/3b4f84a0a8a4380ac4431fa79981d073692380c5da00ae97596e794ab0db5c8c?s=96&d=mm&r=g\",\"caption\":\"MsConectado\"},\"url\":\"https:\\\/\\\/msconectado.com.br\\\/?author=2\"}]}<\/script>\n<!-- \/ Yoast SEO plugin. -->","yoast_head_json":{"title":"Presidente do Legislativo de Jardim solicita ao governo do estado pavimenta\u00e7\u00e3o asf\u00e1ltica para Vila Previsul. - MsConectado","robots":{"index":"index","follow":"follow","max-snippet":"max-snippet:-1","max-image-preview":"max-image-preview:large","max-video-preview":"max-video-preview:-1"},"canonical":"https:\/\/msconectado.com.br\/?p=21543","og_locale":"pt_BR","og_type":"article","og_title":"Presidente do Legislativo de Jardim solicita ao governo do estado pavimenta\u00e7\u00e3o asf\u00e1ltica para Vila Previsul. - MsConectado","og_description":"Na \u00faltima segunda-feira (18), durante a sess\u00e3o ordin\u00e1ria, o presidente do Poder Legislativo de Jardim\/MS, Glaucio Cabreira da Costa (PSDB), fez um requerimento direcionado ao Governador do Estado, Eduardo Riedel, com c\u00f3pia ao Secret\u00e1rio Estadual de Infraestrutura, H\u00e9lio Peluffo. O pedido visa estudar a viabilidade de realizar a pavimenta\u00e7\u00e3o asf\u00e1ltica nas ruas da Vila Previsul, [&hellip;]","og_url":"https:\/\/msconectado.com.br\/?p=21543","og_site_name":"MsConectado","article_published_time":"2024-03-19T11:31:42+00:00","article_modified_time":"2024-03-19T11:31:43+00:00","og_image":[{"width":1095,"height":736,"url":"https:\/\/msconectado.com.br\/wp-content\/uploads\/2024\/03\/f5b3cca0-1082-41f5-a8c4-eab3b7e8ba93-4.jpg","type":"image\/jpeg"}],"author":"MsConectado","twitter_card":"summary_large_image","twitter_misc":{"Escrito por":"MsConectado","Est. tempo de leitura":"2 minutos"},"schema":{"@context":"https:\/\/schema.org","@graph":[{"@type":"Article","@id":"https:\/\/msconectado.com.br\/?p=21543#article","isPartOf":{"@id":"https:\/\/msconectado.com.br\/?p=21543"},"author":{"name":"MsConectado","@id":"https:\/\/msconectado.com.br\/#\/schema\/person\/e5585545b5687092f1041d350b6e2c16"},"headline":"Presidente do Legislativo de Jardim solicita ao governo do estado pavimenta\u00e7\u00e3o asf\u00e1ltica para Vila Previsul.","datePublished":"2024-03-19T11:31:42+00:00","dateModified":"2024-03-19T11:31:43+00:00","mainEntityOfPage":{"@id":"https:\/\/msconectado.com.br\/?p=21543"},"wordCount":376,"commentCount":0,"publisher":{"@id":"https:\/\/msconectado.com.br\/#organization"},"image":{"@id":"https:\/\/msconectado.com.br\/?p=21543#primaryimage"},"thumbnailUrl":"https:\/\/msconectado.com.br\/wp-content\/uploads\/2024\/03\/f5b3cca0-1082-41f5-a8c4-eab3b7e8ba93-4.jpg","articleSection":["Cidades","Not\u00edcia","Pol\u00edtica"],"inLanguage":"pt-BR","potentialAction":[{"@type":"CommentAction","name":"Comment","target":["https:\/\/msconectado.com.br\/?p=21543#respond"]}]},{"@type":"WebPage","@id":"https:\/\/msconectado.com.br\/?p=21543","url":"https:\/\/msconectado.com.br\/?p=21543","name":"Presidente do Legislativo de Jardim solicita ao governo do estado pavimenta\u00e7\u00e3o asf\u00e1ltica para Vila Previsul. - MsConectado","isPartOf":{"@id":"https:\/\/msconectado.com.br\/#website"},"primaryImageOfPage":{"@id":"https:\/\/msconectado.com.br\/?p=21543#primaryimage"},"image":{"@id":"https:\/\/msconectado.com.br\/?p=21543#primaryimage"},"thumbnailUrl":"https:\/\/msconectado.com.br\/wp-content\/uploads\/2024\/03\/f5b3cca0-1082-41f5-a8c4-eab3b7e8ba93-4.jpg","datePublished":"2024-03-19T11:31:42+00:00","dateModified":"2024-03-19T11:31:43+00:00","breadcrumb":{"@id":"https:\/\/msconectado.com.br\/?p=21543#breadcrumb"},"inLanguage":"pt-BR","potentialAction":[{"@type":"ReadAction","target":["https:\/\/msconectado.com.br\/?p=21543"]}]},{"@type":"ImageObject","inLanguage":"pt-BR","@id":"https:\/\/msconectado.com.br\/?p=21543#primaryimage","url":"https:\/\/msconectado.com.br\/wp-content\/uploads\/2024\/03\/f5b3cca0-1082-41f5-a8c4-eab3b7e8ba93-4.jpg","contentUrl":"https:\/\/msconectado.com.br\/wp-content\/uploads\/2024\/03\/f5b3cca0-1082-41f5-a8c4-eab3b7e8ba93-4.jpg","width":1095,"height":736},{"@type":"BreadcrumbList","@id":"https:\/\/msconectado.com.br\/?p=21543#breadcrumb","itemListElement":[{"@type":"ListItem","position":1,"name":"In\u00edcio","item":"https:\/\/msconectado.com.br\/?page_id=105"},{"@type":"ListItem","position":2,"name":"Presidente do Legislativo de Jardim solicita ao governo do estado pavimenta\u00e7\u00e3o asf\u00e1ltica para Vila Previsul."}]},{"@type":"WebSite","@id":"https:\/\/msconectado.com.br\/#website","url":"https:\/\/msconectado.com.br\/","name":"MsConectado","description":"Voc\u00ea Conectado com a Not\u00edcia!","publisher":{"@id":"https:\/\/msconectado.com.br\/#organization"},"potentialAction":[{"@type":"SearchAction","target":{"@type":"EntryPoint","urlTemplate":"https:\/\/msconectado.com.br\/?s={search_term_string}"},"query-input":{"@type":"PropertyValueSpecification","valueRequired":true,"valueName":"search_term_string"}}],"inLanguage":"pt-BR"},{"@type":"Organization","@id":"https:\/\/msconectado.com.br\/#organization","name":"MsConectado","url":"https:\/\/msconectado.com.br\/","logo":{"@type":"ImageObject","inLanguage":"pt-BR","@id":"https:\/\/msconectado.com.br\/#\/schema\/logo\/image\/","url":"https:\/\/msconectado.com.br\/wp-content\/uploads\/2023\/01\/cropped-noticia-2.png","contentUrl":"https:\/\/msconectado.com.br\/wp-content\/uploads\/2023\/01\/cropped-noticia-2.png","width":720,"height":157,"caption":"MsConectado"},"image":{"@id":"https:\/\/msconectado.com.br\/#\/schema\/logo\/image\/"}},{"@type":"Person","@id":"https:\/\/msconectado.com.br\/#\/schema\/person\/e5585545b5687092f1041d350b6e2c16","name":"MsConectado","image":{"@type":"ImageObject","inLanguage":"pt-BR","@id":"https:\/\/secure.gravatar.com\/avatar\/3b4f84a0a8a4380ac4431fa79981d073692380c5da00ae97596e794ab0db5c8c?s=96&d=mm&r=g","url":"https:\/\/secure.gravatar.com\/avatar\/3b4f84a0a8a4380ac4431fa79981d073692380c5da00ae97596e794ab0db5c8c?s=96&d=mm&r=g","contentUrl":"https:\/\/secure.gravatar.com\/avatar\/3b4f84a0a8a4380ac4431fa79981d073692380c5da00ae97596e794ab0db5c8c?s=96&d=mm&r=g","caption":"MsConectado"},"url":"https:\/\/msconectado.com.br\/?author=2"}]}},"_links":{"self":[{"href":"https:\/\/msconectado.com.br\/index.php?rest_route=\/wp\/v2\/posts\/21543","targetHints":{"allow":["GET"]}}],"collection":[{"href":"https:\/\/msconectado.com.br\/index.php?rest_route=\/wp\/v2\/posts"}],"about":[{"href":"https:\/\/msconectado.com.br\/index.php?rest_route=\/wp\/v2\/types\/post"}],"author":[{"embeddable":true,"href":"https:\/\/msconectado.com.br\/index.php?rest_route=\/wp\/v2\/users\/2"}],"replies":[{"embeddable":true,"href":"https:\/\/msconectado.com.br\/index.php?rest_route=%2Fwp%2Fv2%2Fcomments&post=21543"}],"version-history":[{"count":1,"href":"https:\/\/msconectado.com.br\/index.php?rest_route=\/wp\/v2\/posts\/21543\/revisions"}],"predecessor-version":[{"id":21545,"href":"https:\/\/msconectado.com.br\/index.php?rest_route=\/wp\/v2\/posts\/21543\/revisions\/21545"}],"wp:featuredmedia":[{"embeddable":true,"href":"https:\/\/msconectado.com.br\/index.php?rest_route=\/wp\/v2\/media\/21544"}],"wp:attachment":[{"href":"https:\/\/msconectado.com.br\/index.php?rest_route=%2Fwp%2Fv2%2Fmedia&parent=21543"}],"wp:term":[{"taxonomy":"category","embeddable":true,"href":"https:\/\/msconectado.com.br\/index.php?rest_route=%2Fwp%2Fv2%2Fcategories&post=21543"},{"taxonomy":"post_tag","embeddable":true,"href":"https:\/\/msconectado.com.br\/index.php?rest_route=%2Fwp%2Fv2%2Ftags&post=21543"}],"curies":[{"name":"wp","href":"https:\/\/api.w.org\/{rel}","templated":true}]}}