
{"id":21546,"date":"2024-03-19T20:22:07","date_gmt":"2024-03-19T20:22:07","guid":{"rendered":"https:\/\/msconectado.com.br\/?p=21546"},"modified":"2024-03-19T20:33:10","modified_gmt":"2024-03-19T20:33:10","slug":"assinada-a-os-para-obras-de-drenagem-e-asfalto-do-altos-da-figueira","status":"publish","type":"post","link":"https:\/\/msconectado.com.br\/?p=21546","title":{"rendered":"Prefeita Vanda assina ordem de servi\u00e7o para obras de drenagem e asfaltamento no Altos da Figueira"},"content":{"rendered":"\n<p>Em ato realizado na manh\u00e3 desta ter\u00e7a-feira (19\/03) no Pa\u00e7o Municipal, a prefeita Vanda Camilo assinou a ordem de servi\u00e7o para as obras de drenagem e pavimenta\u00e7\u00e3o do Bairro Altos da Figueira, que ser\u00e3o realizadas pela Prefeitura de Sidrol\u00e2ndia.<\/p>\n\n\n\n<p>Ser\u00e3o investidos no projeto, R$ 5.659.566,08, recursos contratados junto \u00e0 Caixa Econ\u00f4mica Federal, linha de cr\u00e9dito do Finisa. Est\u00e1 programada a execu\u00e7\u00e3o de 2,2 km de asfalto e 2.927 metros de drenagem, al\u00e9m de meio-fio e sinaliza\u00e7\u00e3o vi\u00e1ria.<\/p>\n\n\n\n<p>&#8220;Nossa gest\u00e3o tem compromisso em perseguir a meta de asfaltar 100% do per\u00edmetro urbano. Levar o asfalto ao Altos da Figueira faz parte deste planejamento que responde ao anseio da popula\u00e7\u00e3o&#8221;, destacou a prefeita.<\/p>\n\n\n\n<p>O in\u00edcio das obras no Altos da Figueira \u00e9 comemorado pelo empres\u00e1rio Marco Aur\u00e9lio, que h\u00e1 10 anos lan\u00e7ou e vendeu o empreendimento. &#8220;O bairro est\u00e1 em processo de expans\u00e3o com a chegada de novos moradores. O asfalto certamente melhora a qualidade de vida e valoriza os im\u00f3veis&#8221;, destaca.<\/p>\n\n\n\n<p><a href=\"https:\/\/www.sidrolandia.ms.gov.br\/noticias\/gabinete\/assinada-a-os-para-obras-de-drenagem-e-asfalto-do-altos-da-figueira#\"><\/a><a href=\"https:\/\/www.sidrolandia.ms.gov.br\/noticias\/gabinete\/assinada-a-os-para-obras-de-drenagem-e-asfalto-do-altos-da-figueira#_3rkw87hwk\"><\/a><\/p>\n\n\n<div class=\"wp-block-image\">\n<figure class=\"aligncenter\"><a href=\"https:\/\/www.sidrolandia.ms.gov.br\/noticias\/gabinete\/assinada-a-os-para-obras-de-drenagem-e-asfalto-do-altos-da-figueira#_3rkw87hwk\"><img decoding=\"async\" src=\"https:\/\/cdn1.sidrolandia.ms.gov.br\/\/uploads\/rails_admin_content_builder\/content_builder_image\/image\/12172\/left_or_right_WhatsApp_Image_2024-03-19_at_10.15.18.jpeg\" alt=\"Cb image default\"\/><\/a><figcaption class=\"wp-element-caption\">Projeto foi apresentado aos moradores<\/figcaption><\/figure>\n<\/div>\n\n\n<p>A moradora Celimar de Castro, que foi prestigiar a assinatura da ordem de servi\u00e7o, disse que a chegada da pavimenta\u00e7\u00e3o acaba com uma d\u00e9cada de conviv\u00eancia com o barro e a poeira.<\/p>\n\n\n\n<p>O respons\u00e1vel pela empresa vencedora da licita\u00e7\u00e3o, Enpav, Everson Marques, disse que o canteiro de obras come\u00e7a a ser montado nos pr\u00f3ximos dias. Segundo ele, no bairro ser\u00e1 executado um projeto de drenagem que vai assegurar o escoamento das \u00e1guas pluviais.<\/p>\n\n\n\n<p><strong>Todas as ruas do bairro ser\u00e3o contempladas, sendo elas:<\/strong>&nbsp;Marino de Oliveira Nolasco, Adol\u00edcio Pereira da Silva, Rosa Franco da Silva, Elisa Moura de Olindo, Antenor Gon\u00e7alves dos Santos, Rio Grande do Norte, Projetada 1, Sebasti\u00e3o Inoc\u00eancio, Prefeito Jaime Ferreira Barbosa, Juliana Borges Stefanello e Sidnei Ribeiro.<\/p>\n\n\n\n<p><a href=\"https:\/\/www.sidrolandia.ms.gov.br\/noticias\/gabinete\/assinada-a-os-para-obras-de-drenagem-e-asfalto-do-altos-da-figueira#\"><\/a><a href=\"https:\/\/www.sidrolandia.ms.gov.br\/noticias\/gabinete\/assinada-a-os-para-obras-de-drenagem-e-asfalto-do-altos-da-figueira#_vf7m9qiya\"><\/a><\/p>\n\n\n<div class=\"wp-block-image\">\n<figure class=\"aligncenter\"><a href=\"https:\/\/www.sidrolandia.ms.gov.br\/noticias\/gabinete\/assinada-a-os-para-obras-de-drenagem-e-asfalto-do-altos-da-figueira#_vf7m9qiya\"><img decoding=\"async\" src=\"https:\/\/cdn1.sidrolandia.ms.gov.br\/\/uploads\/rails_admin_content_builder\/content_builder_image\/image\/12173\/left_or_right_WhatsApp_Image_2024-03-19_at_10.15.54.jpeg\" alt=\"Cb image default\"\/><\/a><figcaption class=\"wp-element-caption\">Todas as ruas do Altos da Figueira ser\u00e3o asfaltadas pela Prefeitura<\/figcaption><\/figure>\n<\/div>\n\n\n<p><strong>Muitos projetos de infraestrutura<\/strong><\/p>\n\n\n\n<p>A administra\u00e7\u00e3o municipal pretende entregar ainda neste semestre mais 7,6 km de drenagem e pavimenta\u00e7\u00e3o executados nos bairros Campina Ipacaray, Jardim Petr\u00f3polis, Nova Era e Cascatinha I, al\u00e9m de retomar a frente de servi\u00e7o no Jardim do Sul\/Santa Marta (2 km de asfalto e 2,2 km de drenagem).<\/p>\n\n\n\n<p>J\u00e1 foram conclu\u00eddas obras no Pindorama (Grande S\u00e3o Bento), Jardim Para\u00edso, Cascatinha II, P\u00e9 de Cedro, Vila Carinhosa, Olenka, Rua Hugo Yule no Morada da Serra, Distrito de Quebra Coco e Agrovila do Assentamento Cap\u00e3o Bonito I.<\/p>\n\n\n\n<p>Assessoria<\/p>\n\n\n<div class=\"wp-block-image\">\n<figure class=\"aligncenter size-full\"><img fetchpriority=\"high\" decoding=\"async\" width=\"900\" height=\"100\" src=\"https:\/\/msconectado.com.br\/wp-content\/uploads\/2024\/03\/Planos_que_atendem_todos_os_gostos.png\" alt=\"\" class=\"wp-image-21399\" srcset=\"https:\/\/msconectado.com.br\/wp-content\/uploads\/2024\/03\/Planos_que_atendem_todos_os_gostos.png 900w, https:\/\/msconectado.com.br\/wp-content\/uploads\/2024\/03\/Planos_que_atendem_todos_os_gostos-300x33.png 300w, https:\/\/msconectado.com.br\/wp-content\/uploads\/2024\/03\/Planos_que_atendem_todos_os_gostos-768x85.png 768w\" sizes=\"(max-width: 900px) 100vw, 900px\" \/><\/figure>\n<\/div>","protected":false},"excerpt":{"rendered":"<p>Em ato realizado na manh\u00e3 desta ter\u00e7a-feira (19\/03) no Pa\u00e7o Municipal, a prefeita Vanda Camilo assinou a ordem de servi\u00e7o para as obras de drenagem e pavimenta\u00e7\u00e3o do Bairro Altos da Figueira, que ser\u00e3o realizadas pela Prefeitura de Sidrol\u00e2ndia. Ser\u00e3o investidos no projeto, R$ 5.659.566,08, recursos contratados junto \u00e0 Caixa Econ\u00f4mica Federal, linha de cr\u00e9dito [&hellip;]<\/p>\n","protected":false},"author":2,"featured_media":21547,"comment_status":"open","ping_status":"closed","sticky":false,"template":"","format":"standard","meta":{"footnotes":""},"categories":[35,1],"tags":[],"class_list":["post-21546","post","type-post","status-publish","format-standard","has-post-thumbnail","hentry","category-cidades","category-noticia"],"yoast_head":"<!-- This site is optimized with the Yoast SEO plugin v27.5 - https:\/\/yoast.com\/product\/yoast-seo-wordpress\/ -->\n<title>Prefeita Vanda assina ordem de servi\u00e7o para obras de drenagem e asfaltamento no Altos da Figueira - MsConectado<\/title>\n<meta name=\"robots\" content=\"index, follow, max-snippet:-1, max-image-preview:large, max-video-preview:-1\" \/>\n<link rel=\"canonical\" href=\"https:\/\/msconectado.com.br\/?p=21546\" \/>\n<meta property=\"og:locale\" content=\"pt_BR\" \/>\n<meta property=\"og:type\" content=\"article\" \/>\n<meta property=\"og:title\" content=\"Prefeita Vanda assina ordem de servi\u00e7o para obras de drenagem e asfaltamento no Altos da Figueira - MsConectado\" \/>\n<meta property=\"og:description\" content=\"Em ato realizado na manh\u00e3 desta ter\u00e7a-feira (19\/03) no Pa\u00e7o Municipal, a prefeita Vanda Camilo assinou a ordem de servi\u00e7o para as obras de drenagem e pavimenta\u00e7\u00e3o do Bairro Altos da Figueira, que ser\u00e3o realizadas pela Prefeitura de Sidrol\u00e2ndia. Ser\u00e3o investidos no projeto, R$ 5.659.566,08, recursos contratados junto \u00e0 Caixa Econ\u00f4mica Federal, linha de cr\u00e9dito [&hellip;]\" \/>\n<meta property=\"og:url\" content=\"https:\/\/msconectado.com.br\/?p=21546\" \/>\n<meta property=\"og:site_name\" content=\"MsConectado\" \/>\n<meta property=\"article:published_time\" content=\"2024-03-19T20:22:07+00:00\" \/>\n<meta property=\"article:modified_time\" content=\"2024-03-19T20:33:10+00:00\" \/>\n<meta property=\"og:image\" content=\"https:\/\/msconectado.com.br\/wp-content\/uploads\/2024\/03\/left_or_right_WhatsApp_Image_2024-03-12_at_11.27.04_AM-2.jpeg\" \/>\n\t<meta property=\"og:image:width\" content=\"900\" \/>\n\t<meta property=\"og:image:height\" content=\"506\" \/>\n\t<meta property=\"og:image:type\" content=\"image\/jpeg\" \/>\n<meta name=\"author\" content=\"MsConectado\" \/>\n<meta name=\"twitter:card\" content=\"summary_large_image\" \/>\n<meta name=\"twitter:label1\" content=\"Escrito por\" \/>\n\t<meta name=\"twitter:data1\" content=\"MsConectado\" \/>\n\t<meta name=\"twitter:label2\" content=\"Est. tempo de leitura\" \/>\n\t<meta name=\"twitter:data2\" content=\"2 minutos\" \/>\n<script type=\"application\/ld+json\" class=\"yoast-schema-graph\">{\"@context\":\"https:\\\/\\\/schema.org\",\"@graph\":[{\"@type\":\"Article\",\"@id\":\"https:\\\/\\\/msconectado.com.br\\\/?p=21546#article\",\"isPartOf\":{\"@id\":\"https:\\\/\\\/msconectado.com.br\\\/?p=21546\"},\"author\":{\"name\":\"MsConectado\",\"@id\":\"https:\\\/\\\/msconectado.com.br\\\/#\\\/schema\\\/person\\\/e5585545b5687092f1041d350b6e2c16\"},\"headline\":\"Prefeita Vanda assina ordem de servi\u00e7o para obras de drenagem e asfaltamento no Altos da Figueira\",\"datePublished\":\"2024-03-19T20:22:07+00:00\",\"dateModified\":\"2024-03-19T20:33:10+00:00\",\"mainEntityOfPage\":{\"@id\":\"https:\\\/\\\/msconectado.com.br\\\/?p=21546\"},\"wordCount\":438,\"commentCount\":0,\"publisher\":{\"@id\":\"https:\\\/\\\/msconectado.com.br\\\/#organization\"},\"image\":{\"@id\":\"https:\\\/\\\/msconectado.com.br\\\/?p=21546#primaryimage\"},\"thumbnailUrl\":\"https:\\\/\\\/msconectado.com.br\\\/wp-content\\\/uploads\\\/2024\\\/03\\\/left_or_right_WhatsApp_Image_2024-03-12_at_11.27.04_AM-2.jpeg\",\"articleSection\":[\"Cidades\",\"Not\u00edcia\"],\"inLanguage\":\"pt-BR\",\"potentialAction\":[{\"@type\":\"CommentAction\",\"name\":\"Comment\",\"target\":[\"https:\\\/\\\/msconectado.com.br\\\/?p=21546#respond\"]}]},{\"@type\":\"WebPage\",\"@id\":\"https:\\\/\\\/msconectado.com.br\\\/?p=21546\",\"url\":\"https:\\\/\\\/msconectado.com.br\\\/?p=21546\",\"name\":\"Prefeita Vanda assina ordem de servi\u00e7o para obras de drenagem e asfaltamento no Altos da Figueira - MsConectado\",\"isPartOf\":{\"@id\":\"https:\\\/\\\/msconectado.com.br\\\/#website\"},\"primaryImageOfPage\":{\"@id\":\"https:\\\/\\\/msconectado.com.br\\\/?p=21546#primaryimage\"},\"image\":{\"@id\":\"https:\\\/\\\/msconectado.com.br\\\/?p=21546#primaryimage\"},\"thumbnailUrl\":\"https:\\\/\\\/msconectado.com.br\\\/wp-content\\\/uploads\\\/2024\\\/03\\\/left_or_right_WhatsApp_Image_2024-03-12_at_11.27.04_AM-2.jpeg\",\"datePublished\":\"2024-03-19T20:22:07+00:00\",\"dateModified\":\"2024-03-19T20:33:10+00:00\",\"breadcrumb\":{\"@id\":\"https:\\\/\\\/msconectado.com.br\\\/?p=21546#breadcrumb\"},\"inLanguage\":\"pt-BR\",\"potentialAction\":[{\"@type\":\"ReadAction\",\"target\":[\"https:\\\/\\\/msconectado.com.br\\\/?p=21546\"]}]},{\"@type\":\"ImageObject\",\"inLanguage\":\"pt-BR\",\"@id\":\"https:\\\/\\\/msconectado.com.br\\\/?p=21546#primaryimage\",\"url\":\"https:\\\/\\\/msconectado.com.br\\\/wp-content\\\/uploads\\\/2024\\\/03\\\/left_or_right_WhatsApp_Image_2024-03-12_at_11.27.04_AM-2.jpeg\",\"contentUrl\":\"https:\\\/\\\/msconectado.com.br\\\/wp-content\\\/uploads\\\/2024\\\/03\\\/left_or_right_WhatsApp_Image_2024-03-12_at_11.27.04_AM-2.jpeg\",\"width\":900,\"height\":506},{\"@type\":\"BreadcrumbList\",\"@id\":\"https:\\\/\\\/msconectado.com.br\\\/?p=21546#breadcrumb\",\"itemListElement\":[{\"@type\":\"ListItem\",\"position\":1,\"name\":\"In\u00edcio\",\"item\":\"https:\\\/\\\/msconectado.com.br\\\/?page_id=105\"},{\"@type\":\"ListItem\",\"position\":2,\"name\":\"Prefeita Vanda assina ordem de servi\u00e7o para obras de drenagem e asfaltamento no Altos da Figueira\"}]},{\"@type\":\"WebSite\",\"@id\":\"https:\\\/\\\/msconectado.com.br\\\/#website\",\"url\":\"https:\\\/\\\/msconectado.com.br\\\/\",\"name\":\"MsConectado\",\"description\":\"Voc\u00ea Conectado com a Not\u00edcia!\",\"publisher\":{\"@id\":\"https:\\\/\\\/msconectado.com.br\\\/#organization\"},\"potentialAction\":[{\"@type\":\"SearchAction\",\"target\":{\"@type\":\"EntryPoint\",\"urlTemplate\":\"https:\\\/\\\/msconectado.com.br\\\/?s={search_term_string}\"},\"query-input\":{\"@type\":\"PropertyValueSpecification\",\"valueRequired\":true,\"valueName\":\"search_term_string\"}}],\"inLanguage\":\"pt-BR\"},{\"@type\":\"Organization\",\"@id\":\"https:\\\/\\\/msconectado.com.br\\\/#organization\",\"name\":\"MsConectado\",\"url\":\"https:\\\/\\\/msconectado.com.br\\\/\",\"logo\":{\"@type\":\"ImageObject\",\"inLanguage\":\"pt-BR\",\"@id\":\"https:\\\/\\\/msconectado.com.br\\\/#\\\/schema\\\/logo\\\/image\\\/\",\"url\":\"https:\\\/\\\/msconectado.com.br\\\/wp-content\\\/uploads\\\/2023\\\/01\\\/cropped-noticia-2.png\",\"contentUrl\":\"https:\\\/\\\/msconectado.com.br\\\/wp-content\\\/uploads\\\/2023\\\/01\\\/cropped-noticia-2.png\",\"width\":720,\"height\":157,\"caption\":\"MsConectado\"},\"image\":{\"@id\":\"https:\\\/\\\/msconectado.com.br\\\/#\\\/schema\\\/logo\\\/image\\\/\"}},{\"@type\":\"Person\",\"@id\":\"https:\\\/\\\/msconectado.com.br\\\/#\\\/schema\\\/person\\\/e5585545b5687092f1041d350b6e2c16\",\"name\":\"MsConectado\",\"image\":{\"@type\":\"ImageObject\",\"inLanguage\":\"pt-BR\",\"@id\":\"https:\\\/\\\/secure.gravatar.com\\\/avatar\\\/3b4f84a0a8a4380ac4431fa79981d073692380c5da00ae97596e794ab0db5c8c?s=96&d=mm&r=g\",\"url\":\"https:\\\/\\\/secure.gravatar.com\\\/avatar\\\/3b4f84a0a8a4380ac4431fa79981d073692380c5da00ae97596e794ab0db5c8c?s=96&d=mm&r=g\",\"contentUrl\":\"https:\\\/\\\/secure.gravatar.com\\\/avatar\\\/3b4f84a0a8a4380ac4431fa79981d073692380c5da00ae97596e794ab0db5c8c?s=96&d=mm&r=g\",\"caption\":\"MsConectado\"},\"url\":\"https:\\\/\\\/msconectado.com.br\\\/?author=2\"}]}<\/script>\n<!-- \/ Yoast SEO plugin. -->","yoast_head_json":{"title":"Prefeita Vanda assina ordem de servi\u00e7o para obras de drenagem e asfaltamento no Altos da Figueira - MsConectado","robots":{"index":"index","follow":"follow","max-snippet":"max-snippet:-1","max-image-preview":"max-image-preview:large","max-video-preview":"max-video-preview:-1"},"canonical":"https:\/\/msconectado.com.br\/?p=21546","og_locale":"pt_BR","og_type":"article","og_title":"Prefeita Vanda assina ordem de servi\u00e7o para obras de drenagem e asfaltamento no Altos da Figueira - MsConectado","og_description":"Em ato realizado na manh\u00e3 desta ter\u00e7a-feira (19\/03) no Pa\u00e7o Municipal, a prefeita Vanda Camilo assinou a ordem de servi\u00e7o para as obras de drenagem e pavimenta\u00e7\u00e3o do Bairro Altos da Figueira, que ser\u00e3o realizadas pela Prefeitura de Sidrol\u00e2ndia. Ser\u00e3o investidos no projeto, R$ 5.659.566,08, recursos contratados junto \u00e0 Caixa Econ\u00f4mica Federal, linha de cr\u00e9dito [&hellip;]","og_url":"https:\/\/msconectado.com.br\/?p=21546","og_site_name":"MsConectado","article_published_time":"2024-03-19T20:22:07+00:00","article_modified_time":"2024-03-19T20:33:10+00:00","og_image":[{"width":900,"height":506,"url":"https:\/\/msconectado.com.br\/wp-content\/uploads\/2024\/03\/left_or_right_WhatsApp_Image_2024-03-12_at_11.27.04_AM-2.jpeg","type":"image\/jpeg"}],"author":"MsConectado","twitter_card":"summary_large_image","twitter_misc":{"Escrito por":"MsConectado","Est. tempo de leitura":"2 minutos"},"schema":{"@context":"https:\/\/schema.org","@graph":[{"@type":"Article","@id":"https:\/\/msconectado.com.br\/?p=21546#article","isPartOf":{"@id":"https:\/\/msconectado.com.br\/?p=21546"},"author":{"name":"MsConectado","@id":"https:\/\/msconectado.com.br\/#\/schema\/person\/e5585545b5687092f1041d350b6e2c16"},"headline":"Prefeita Vanda assina ordem de servi\u00e7o para obras de drenagem e asfaltamento no Altos da Figueira","datePublished":"2024-03-19T20:22:07+00:00","dateModified":"2024-03-19T20:33:10+00:00","mainEntityOfPage":{"@id":"https:\/\/msconectado.com.br\/?p=21546"},"wordCount":438,"commentCount":0,"publisher":{"@id":"https:\/\/msconectado.com.br\/#organization"},"image":{"@id":"https:\/\/msconectado.com.br\/?p=21546#primaryimage"},"thumbnailUrl":"https:\/\/msconectado.com.br\/wp-content\/uploads\/2024\/03\/left_or_right_WhatsApp_Image_2024-03-12_at_11.27.04_AM-2.jpeg","articleSection":["Cidades","Not\u00edcia"],"inLanguage":"pt-BR","potentialAction":[{"@type":"CommentAction","name":"Comment","target":["https:\/\/msconectado.com.br\/?p=21546#respond"]}]},{"@type":"WebPage","@id":"https:\/\/msconectado.com.br\/?p=21546","url":"https:\/\/msconectado.com.br\/?p=21546","name":"Prefeita Vanda assina ordem de servi\u00e7o para obras de drenagem e asfaltamento no Altos da Figueira - MsConectado","isPartOf":{"@id":"https:\/\/msconectado.com.br\/#website"},"primaryImageOfPage":{"@id":"https:\/\/msconectado.com.br\/?p=21546#primaryimage"},"image":{"@id":"https:\/\/msconectado.com.br\/?p=21546#primaryimage"},"thumbnailUrl":"https:\/\/msconectado.com.br\/wp-content\/uploads\/2024\/03\/left_or_right_WhatsApp_Image_2024-03-12_at_11.27.04_AM-2.jpeg","datePublished":"2024-03-19T20:22:07+00:00","dateModified":"2024-03-19T20:33:10+00:00","breadcrumb":{"@id":"https:\/\/msconectado.com.br\/?p=21546#breadcrumb"},"inLanguage":"pt-BR","potentialAction":[{"@type":"ReadAction","target":["https:\/\/msconectado.com.br\/?p=21546"]}]},{"@type":"ImageObject","inLanguage":"pt-BR","@id":"https:\/\/msconectado.com.br\/?p=21546#primaryimage","url":"https:\/\/msconectado.com.br\/wp-content\/uploads\/2024\/03\/left_or_right_WhatsApp_Image_2024-03-12_at_11.27.04_AM-2.jpeg","contentUrl":"https:\/\/msconectado.com.br\/wp-content\/uploads\/2024\/03\/left_or_right_WhatsApp_Image_2024-03-12_at_11.27.04_AM-2.jpeg","width":900,"height":506},{"@type":"BreadcrumbList","@id":"https:\/\/msconectado.com.br\/?p=21546#breadcrumb","itemListElement":[{"@type":"ListItem","position":1,"name":"In\u00edcio","item":"https:\/\/msconectado.com.br\/?page_id=105"},{"@type":"ListItem","position":2,"name":"Prefeita Vanda assina ordem de servi\u00e7o para obras de drenagem e asfaltamento no Altos da Figueira"}]},{"@type":"WebSite","@id":"https:\/\/msconectado.com.br\/#website","url":"https:\/\/msconectado.com.br\/","name":"MsConectado","description":"Voc\u00ea Conectado com a Not\u00edcia!","publisher":{"@id":"https:\/\/msconectado.com.br\/#organization"},"potentialAction":[{"@type":"SearchAction","target":{"@type":"EntryPoint","urlTemplate":"https:\/\/msconectado.com.br\/?s={search_term_string}"},"query-input":{"@type":"PropertyValueSpecification","valueRequired":true,"valueName":"search_term_string"}}],"inLanguage":"pt-BR"},{"@type":"Organization","@id":"https:\/\/msconectado.com.br\/#organization","name":"MsConectado","url":"https:\/\/msconectado.com.br\/","logo":{"@type":"ImageObject","inLanguage":"pt-BR","@id":"https:\/\/msconectado.com.br\/#\/schema\/logo\/image\/","url":"https:\/\/msconectado.com.br\/wp-content\/uploads\/2023\/01\/cropped-noticia-2.png","contentUrl":"https:\/\/msconectado.com.br\/wp-content\/uploads\/2023\/01\/cropped-noticia-2.png","width":720,"height":157,"caption":"MsConectado"},"image":{"@id":"https:\/\/msconectado.com.br\/#\/schema\/logo\/image\/"}},{"@type":"Person","@id":"https:\/\/msconectado.com.br\/#\/schema\/person\/e5585545b5687092f1041d350b6e2c16","name":"MsConectado","image":{"@type":"ImageObject","inLanguage":"pt-BR","@id":"https:\/\/secure.gravatar.com\/avatar\/3b4f84a0a8a4380ac4431fa79981d073692380c5da00ae97596e794ab0db5c8c?s=96&d=mm&r=g","url":"https:\/\/secure.gravatar.com\/avatar\/3b4f84a0a8a4380ac4431fa79981d073692380c5da00ae97596e794ab0db5c8c?s=96&d=mm&r=g","contentUrl":"https:\/\/secure.gravatar.com\/avatar\/3b4f84a0a8a4380ac4431fa79981d073692380c5da00ae97596e794ab0db5c8c?s=96&d=mm&r=g","caption":"MsConectado"},"url":"https:\/\/msconectado.com.br\/?author=2"}]}},"_links":{"self":[{"href":"https:\/\/msconectado.com.br\/index.php?rest_route=\/wp\/v2\/posts\/21546","targetHints":{"allow":["GET"]}}],"collection":[{"href":"https:\/\/msconectado.com.br\/index.php?rest_route=\/wp\/v2\/posts"}],"about":[{"href":"https:\/\/msconectado.com.br\/index.php?rest_route=\/wp\/v2\/types\/post"}],"author":[{"embeddable":true,"href":"https:\/\/msconectado.com.br\/index.php?rest_route=\/wp\/v2\/users\/2"}],"replies":[{"embeddable":true,"href":"https:\/\/msconectado.com.br\/index.php?rest_route=%2Fwp%2Fv2%2Fcomments&post=21546"}],"version-history":[{"count":2,"href":"https:\/\/msconectado.com.br\/index.php?rest_route=\/wp\/v2\/posts\/21546\/revisions"}],"predecessor-version":[{"id":21550,"href":"https:\/\/msconectado.com.br\/index.php?rest_route=\/wp\/v2\/posts\/21546\/revisions\/21550"}],"wp:featuredmedia":[{"embeddable":true,"href":"https:\/\/msconectado.com.br\/index.php?rest_route=\/wp\/v2\/media\/21547"}],"wp:attachment":[{"href":"https:\/\/msconectado.com.br\/index.php?rest_route=%2Fwp%2Fv2%2Fmedia&parent=21546"}],"wp:term":[{"taxonomy":"category","embeddable":true,"href":"https:\/\/msconectado.com.br\/index.php?rest_route=%2Fwp%2Fv2%2Fcategories&post=21546"},{"taxonomy":"post_tag","embeddable":true,"href":"https:\/\/msconectado.com.br\/index.php?rest_route=%2Fwp%2Fv2%2Ftags&post=21546"}],"curies":[{"name":"wp","href":"https:\/\/api.w.org\/{rel}","templated":true}]}}