
{"id":21581,"date":"2024-03-22T18:03:52","date_gmt":"2024-03-22T18:03:52","guid":{"rendered":"https:\/\/msconectado.com.br\/?p=21581"},"modified":"2024-03-22T18:03:54","modified_gmt":"2024-03-22T18:03:54","slug":"instituto-guarda-mirim-ambiental-de-jardim-realiza-operacao-de-limpeza-no-rio-miranda-em-comemoracao-ao-dia-mundial-da-agua","status":"publish","type":"post","link":"https:\/\/msconectado.com.br\/?p=21581","title":{"rendered":"Instituto Guarda Mirim Ambiental de Jardim realiza opera\u00e7\u00e3o de limpeza no Rio Miranda em comemora\u00e7\u00e3o ao Dia Mundial da \u00c1gua."},"content":{"rendered":"\n<p>Em comemora\u00e7\u00e3o ao Dia Mundial da \u00c1gua, celebrado em 22 de mar\u00e7o, o Instituto Guarda Mirim Ambiental de Jardim refor\u00e7ou seu compromisso com a preserva\u00e7\u00e3o dos recursos h\u00eddricos ao conduzir uma opera\u00e7\u00e3o de limpeza e retirada de lixo do Rio Miranda. A iniciativa n\u00e3o apenas buscou conscientizar sobre a import\u00e2ncia da \u00e1gua, mas tamb\u00e9m se empenhou em agir efetivamente para proteger esse recurso vital.<\/p>\n\n\n\n<p>O presidente da C\u00e2mara, vereador Gl\u00e1ucio, expressou seus sinceros parab\u00e9ns ao Instituto Guarda Mirim Ambiental de Jardim pela dilig\u00eancia e dedica\u00e7\u00e3o demonstradas durante a opera\u00e7\u00e3o de limpeza. Reconhecendo a signific\u00e2ncia desse trabalho na promo\u00e7\u00e3o da sa\u00fade do Rio Miranda, o vereador ressaltou a import\u00e2ncia de iniciativas locais na preserva\u00e7\u00e3o ambiental.<\/p>\n\n\n\n<p>&#8220;\u00c9 com grande satisfa\u00e7\u00e3o que parabenizo o Instituto Guarda Mirim Ambiental de Jardim pelo louv\u00e1vel esfor\u00e7o realizado em prol da limpeza e prote\u00e7\u00e3o do Rio Miranda. Suas a\u00e7\u00f5es n\u00e3o s\u00f3 contribuem para a preserva\u00e7\u00e3o dos nossos recursos h\u00eddricos, mas tamb\u00e9m inspiram nossa comunidade a se envolver ativamente na conserva\u00e7\u00e3o do meio ambiente&#8221;, declarou o presidente da C\u00e2mara, vereador Gl\u00e1ucio.<\/p>\n\n\n<div class=\"wp-block-image\">\n<figure class=\"aligncenter size-full\"><img fetchpriority=\"high\" decoding=\"async\" width=\"720\" height=\"463\" src=\"https:\/\/msconectado.com.br\/wp-content\/uploads\/2024\/03\/image-32.png\" alt=\"\" class=\"wp-image-21584\" srcset=\"https:\/\/msconectado.com.br\/wp-content\/uploads\/2024\/03\/image-32.png 720w, https:\/\/msconectado.com.br\/wp-content\/uploads\/2024\/03\/image-32-300x193.png 300w\" sizes=\"(max-width: 720px) 100vw, 720px\" \/><\/figure>\n<\/div>\n\n\n<p>A opera\u00e7\u00e3o de limpeza conduzida pelo Instituto Guarda Mirim Ambiental de Jardim reflete n\u00e3o apenas um compromisso pontual, mas uma postura cont\u00ednua em dire\u00e7\u00e3o \u00e0 sustentabilidade ambiental. Ao retirar res\u00edduos e materiais poluentes do Rio Miranda, a organiza\u00e7\u00e3o demonstra um exemplo concreto de responsabilidade e cuidado com o meio ambiente local.<\/p>\n\n\n\n<p>Neste Dia Mundial da \u00c1gua, a mensagem \u00e9 clara: cada a\u00e7\u00e3o conta na preserva\u00e7\u00e3o do meio ambiente. O trabalho incans\u00e1vel do Instituto Guarda Mirim Ambiental de Jardim e o reconhecimento da comunidade atrav\u00e9s das palavras do presidente da C\u00e2mara, vereador Gl\u00e1ucio, refor\u00e7am a necessidade de um compromisso conjunto em prol de um futuro sustent\u00e1vel para todos.<\/p>\n\n\n\n<p>Reda\u00e7\u00e3o<\/p>\n\n\n<div class=\"wp-block-image\">\n<figure class=\"aligncenter size-full\"><img decoding=\"async\" width=\"900\" height=\"100\" src=\"https:\/\/msconectado.com.br\/wp-content\/uploads\/2024\/03\/Planos_que_atendem_todos_os_gostos.png\" alt=\"\" class=\"wp-image-21399\" srcset=\"https:\/\/msconectado.com.br\/wp-content\/uploads\/2024\/03\/Planos_que_atendem_todos_os_gostos.png 900w, https:\/\/msconectado.com.br\/wp-content\/uploads\/2024\/03\/Planos_que_atendem_todos_os_gostos-300x33.png 300w, https:\/\/msconectado.com.br\/wp-content\/uploads\/2024\/03\/Planos_que_atendem_todos_os_gostos-768x85.png 768w\" sizes=\"(max-width: 900px) 100vw, 900px\" \/><\/figure>\n<\/div>","protected":false},"excerpt":{"rendered":"<p>Em comemora\u00e7\u00e3o ao Dia Mundial da \u00c1gua, celebrado em 22 de mar\u00e7o, o Instituto Guarda Mirim Ambiental de Jardim refor\u00e7ou seu compromisso com a preserva\u00e7\u00e3o dos recursos h\u00eddricos ao conduzir uma opera\u00e7\u00e3o de limpeza e retirada de lixo do Rio Miranda. A iniciativa n\u00e3o apenas buscou conscientizar sobre a import\u00e2ncia da \u00e1gua, mas tamb\u00e9m se [&hellip;]<\/p>\n","protected":false},"author":2,"featured_media":21583,"comment_status":"open","ping_status":"closed","sticky":false,"template":"","format":"standard","meta":{"footnotes":""},"categories":[35,1],"tags":[],"class_list":["post-21581","post","type-post","status-publish","format-standard","has-post-thumbnail","hentry","category-cidades","category-noticia"],"yoast_head":"<!-- This site is optimized with the Yoast SEO plugin v27.5 - https:\/\/yoast.com\/product\/yoast-seo-wordpress\/ -->\n<title>Instituto Guarda Mirim Ambiental de Jardim realiza opera\u00e7\u00e3o de limpeza no Rio Miranda em comemora\u00e7\u00e3o ao Dia Mundial da \u00c1gua. - MsConectado<\/title>\n<meta name=\"robots\" content=\"index, follow, max-snippet:-1, max-image-preview:large, max-video-preview:-1\" \/>\n<link rel=\"canonical\" href=\"https:\/\/msconectado.com.br\/?p=21581\" \/>\n<meta property=\"og:locale\" content=\"pt_BR\" \/>\n<meta property=\"og:type\" content=\"article\" \/>\n<meta property=\"og:title\" content=\"Instituto Guarda Mirim Ambiental de Jardim realiza opera\u00e7\u00e3o de limpeza no Rio Miranda em comemora\u00e7\u00e3o ao Dia Mundial da \u00c1gua. - MsConectado\" \/>\n<meta property=\"og:description\" content=\"Em comemora\u00e7\u00e3o ao Dia Mundial da \u00c1gua, celebrado em 22 de mar\u00e7o, o Instituto Guarda Mirim Ambiental de Jardim refor\u00e7ou seu compromisso com a preserva\u00e7\u00e3o dos recursos h\u00eddricos ao conduzir uma opera\u00e7\u00e3o de limpeza e retirada de lixo do Rio Miranda. A iniciativa n\u00e3o apenas buscou conscientizar sobre a import\u00e2ncia da \u00e1gua, mas tamb\u00e9m se [&hellip;]\" \/>\n<meta property=\"og:url\" content=\"https:\/\/msconectado.com.br\/?p=21581\" \/>\n<meta property=\"og:site_name\" content=\"MsConectado\" \/>\n<meta property=\"article:published_time\" content=\"2024-03-22T18:03:52+00:00\" \/>\n<meta property=\"article:modified_time\" content=\"2024-03-22T18:03:54+00:00\" \/>\n<meta property=\"og:image\" content=\"https:\/\/msconectado.com.br\/wp-content\/uploads\/2024\/03\/434101404_1470713587131125_2931235266587793667_n.jpg\" \/>\n\t<meta property=\"og:image:width\" content=\"1080\" \/>\n\t<meta property=\"og:image:height\" content=\"826\" \/>\n\t<meta property=\"og:image:type\" content=\"image\/jpeg\" \/>\n<meta name=\"author\" content=\"MsConectado\" \/>\n<meta name=\"twitter:card\" content=\"summary_large_image\" \/>\n<meta name=\"twitter:label1\" content=\"Escrito por\" \/>\n\t<meta name=\"twitter:data1\" content=\"MsConectado\" \/>\n\t<meta name=\"twitter:label2\" content=\"Est. tempo de leitura\" \/>\n\t<meta name=\"twitter:data2\" content=\"2 minutos\" \/>\n<script type=\"application\/ld+json\" class=\"yoast-schema-graph\">{\"@context\":\"https:\\\/\\\/schema.org\",\"@graph\":[{\"@type\":\"Article\",\"@id\":\"https:\\\/\\\/msconectado.com.br\\\/?p=21581#article\",\"isPartOf\":{\"@id\":\"https:\\\/\\\/msconectado.com.br\\\/?p=21581\"},\"author\":{\"name\":\"MsConectado\",\"@id\":\"https:\\\/\\\/msconectado.com.br\\\/#\\\/schema\\\/person\\\/e5585545b5687092f1041d350b6e2c16\"},\"headline\":\"Instituto Guarda Mirim Ambiental de Jardim realiza opera\u00e7\u00e3o de limpeza no Rio Miranda em comemora\u00e7\u00e3o ao Dia Mundial da \u00c1gua.\",\"datePublished\":\"2024-03-22T18:03:52+00:00\",\"dateModified\":\"2024-03-22T18:03:54+00:00\",\"mainEntityOfPage\":{\"@id\":\"https:\\\/\\\/msconectado.com.br\\\/?p=21581\"},\"wordCount\":346,\"commentCount\":0,\"publisher\":{\"@id\":\"https:\\\/\\\/msconectado.com.br\\\/#organization\"},\"image\":{\"@id\":\"https:\\\/\\\/msconectado.com.br\\\/?p=21581#primaryimage\"},\"thumbnailUrl\":\"https:\\\/\\\/msconectado.com.br\\\/wp-content\\\/uploads\\\/2024\\\/03\\\/434101404_1470713587131125_2931235266587793667_n.jpg\",\"articleSection\":[\"Cidades\",\"Not\u00edcia\"],\"inLanguage\":\"pt-BR\",\"potentialAction\":[{\"@type\":\"CommentAction\",\"name\":\"Comment\",\"target\":[\"https:\\\/\\\/msconectado.com.br\\\/?p=21581#respond\"]}]},{\"@type\":\"WebPage\",\"@id\":\"https:\\\/\\\/msconectado.com.br\\\/?p=21581\",\"url\":\"https:\\\/\\\/msconectado.com.br\\\/?p=21581\",\"name\":\"Instituto Guarda Mirim Ambiental de Jardim realiza opera\u00e7\u00e3o de limpeza no Rio Miranda em comemora\u00e7\u00e3o ao Dia Mundial da \u00c1gua. - MsConectado\",\"isPartOf\":{\"@id\":\"https:\\\/\\\/msconectado.com.br\\\/#website\"},\"primaryImageOfPage\":{\"@id\":\"https:\\\/\\\/msconectado.com.br\\\/?p=21581#primaryimage\"},\"image\":{\"@id\":\"https:\\\/\\\/msconectado.com.br\\\/?p=21581#primaryimage\"},\"thumbnailUrl\":\"https:\\\/\\\/msconectado.com.br\\\/wp-content\\\/uploads\\\/2024\\\/03\\\/434101404_1470713587131125_2931235266587793667_n.jpg\",\"datePublished\":\"2024-03-22T18:03:52+00:00\",\"dateModified\":\"2024-03-22T18:03:54+00:00\",\"breadcrumb\":{\"@id\":\"https:\\\/\\\/msconectado.com.br\\\/?p=21581#breadcrumb\"},\"inLanguage\":\"pt-BR\",\"potentialAction\":[{\"@type\":\"ReadAction\",\"target\":[\"https:\\\/\\\/msconectado.com.br\\\/?p=21581\"]}]},{\"@type\":\"ImageObject\",\"inLanguage\":\"pt-BR\",\"@id\":\"https:\\\/\\\/msconectado.com.br\\\/?p=21581#primaryimage\",\"url\":\"https:\\\/\\\/msconectado.com.br\\\/wp-content\\\/uploads\\\/2024\\\/03\\\/434101404_1470713587131125_2931235266587793667_n.jpg\",\"contentUrl\":\"https:\\\/\\\/msconectado.com.br\\\/wp-content\\\/uploads\\\/2024\\\/03\\\/434101404_1470713587131125_2931235266587793667_n.jpg\",\"width\":1080,\"height\":826},{\"@type\":\"BreadcrumbList\",\"@id\":\"https:\\\/\\\/msconectado.com.br\\\/?p=21581#breadcrumb\",\"itemListElement\":[{\"@type\":\"ListItem\",\"position\":1,\"name\":\"In\u00edcio\",\"item\":\"https:\\\/\\\/msconectado.com.br\\\/?page_id=105\"},{\"@type\":\"ListItem\",\"position\":2,\"name\":\"Instituto Guarda Mirim Ambiental de Jardim realiza opera\u00e7\u00e3o de limpeza no Rio Miranda em comemora\u00e7\u00e3o ao Dia Mundial da \u00c1gua.\"}]},{\"@type\":\"WebSite\",\"@id\":\"https:\\\/\\\/msconectado.com.br\\\/#website\",\"url\":\"https:\\\/\\\/msconectado.com.br\\\/\",\"name\":\"MsConectado\",\"description\":\"Voc\u00ea Conectado com a Not\u00edcia!\",\"publisher\":{\"@id\":\"https:\\\/\\\/msconectado.com.br\\\/#organization\"},\"potentialAction\":[{\"@type\":\"SearchAction\",\"target\":{\"@type\":\"EntryPoint\",\"urlTemplate\":\"https:\\\/\\\/msconectado.com.br\\\/?s={search_term_string}\"},\"query-input\":{\"@type\":\"PropertyValueSpecification\",\"valueRequired\":true,\"valueName\":\"search_term_string\"}}],\"inLanguage\":\"pt-BR\"},{\"@type\":\"Organization\",\"@id\":\"https:\\\/\\\/msconectado.com.br\\\/#organization\",\"name\":\"MsConectado\",\"url\":\"https:\\\/\\\/msconectado.com.br\\\/\",\"logo\":{\"@type\":\"ImageObject\",\"inLanguage\":\"pt-BR\",\"@id\":\"https:\\\/\\\/msconectado.com.br\\\/#\\\/schema\\\/logo\\\/image\\\/\",\"url\":\"https:\\\/\\\/msconectado.com.br\\\/wp-content\\\/uploads\\\/2023\\\/01\\\/cropped-noticia-2.png\",\"contentUrl\":\"https:\\\/\\\/msconectado.com.br\\\/wp-content\\\/uploads\\\/2023\\\/01\\\/cropped-noticia-2.png\",\"width\":720,\"height\":157,\"caption\":\"MsConectado\"},\"image\":{\"@id\":\"https:\\\/\\\/msconectado.com.br\\\/#\\\/schema\\\/logo\\\/image\\\/\"}},{\"@type\":\"Person\",\"@id\":\"https:\\\/\\\/msconectado.com.br\\\/#\\\/schema\\\/person\\\/e5585545b5687092f1041d350b6e2c16\",\"name\":\"MsConectado\",\"image\":{\"@type\":\"ImageObject\",\"inLanguage\":\"pt-BR\",\"@id\":\"https:\\\/\\\/secure.gravatar.com\\\/avatar\\\/3b4f84a0a8a4380ac4431fa79981d073692380c5da00ae97596e794ab0db5c8c?s=96&d=mm&r=g\",\"url\":\"https:\\\/\\\/secure.gravatar.com\\\/avatar\\\/3b4f84a0a8a4380ac4431fa79981d073692380c5da00ae97596e794ab0db5c8c?s=96&d=mm&r=g\",\"contentUrl\":\"https:\\\/\\\/secure.gravatar.com\\\/avatar\\\/3b4f84a0a8a4380ac4431fa79981d073692380c5da00ae97596e794ab0db5c8c?s=96&d=mm&r=g\",\"caption\":\"MsConectado\"},\"url\":\"https:\\\/\\\/msconectado.com.br\\\/?author=2\"}]}<\/script>\n<!-- \/ Yoast SEO plugin. -->","yoast_head_json":{"title":"Instituto Guarda Mirim Ambiental de Jardim realiza opera\u00e7\u00e3o de limpeza no Rio Miranda em comemora\u00e7\u00e3o ao Dia Mundial da \u00c1gua. - MsConectado","robots":{"index":"index","follow":"follow","max-snippet":"max-snippet:-1","max-image-preview":"max-image-preview:large","max-video-preview":"max-video-preview:-1"},"canonical":"https:\/\/msconectado.com.br\/?p=21581","og_locale":"pt_BR","og_type":"article","og_title":"Instituto Guarda Mirim Ambiental de Jardim realiza opera\u00e7\u00e3o de limpeza no Rio Miranda em comemora\u00e7\u00e3o ao Dia Mundial da \u00c1gua. - MsConectado","og_description":"Em comemora\u00e7\u00e3o ao Dia Mundial da \u00c1gua, celebrado em 22 de mar\u00e7o, o Instituto Guarda Mirim Ambiental de Jardim refor\u00e7ou seu compromisso com a preserva\u00e7\u00e3o dos recursos h\u00eddricos ao conduzir uma opera\u00e7\u00e3o de limpeza e retirada de lixo do Rio Miranda. A iniciativa n\u00e3o apenas buscou conscientizar sobre a import\u00e2ncia da \u00e1gua, mas tamb\u00e9m se [&hellip;]","og_url":"https:\/\/msconectado.com.br\/?p=21581","og_site_name":"MsConectado","article_published_time":"2024-03-22T18:03:52+00:00","article_modified_time":"2024-03-22T18:03:54+00:00","og_image":[{"width":1080,"height":826,"url":"https:\/\/msconectado.com.br\/wp-content\/uploads\/2024\/03\/434101404_1470713587131125_2931235266587793667_n.jpg","type":"image\/jpeg"}],"author":"MsConectado","twitter_card":"summary_large_image","twitter_misc":{"Escrito por":"MsConectado","Est. tempo de leitura":"2 minutos"},"schema":{"@context":"https:\/\/schema.org","@graph":[{"@type":"Article","@id":"https:\/\/msconectado.com.br\/?p=21581#article","isPartOf":{"@id":"https:\/\/msconectado.com.br\/?p=21581"},"author":{"name":"MsConectado","@id":"https:\/\/msconectado.com.br\/#\/schema\/person\/e5585545b5687092f1041d350b6e2c16"},"headline":"Instituto Guarda Mirim Ambiental de Jardim realiza opera\u00e7\u00e3o de limpeza no Rio Miranda em comemora\u00e7\u00e3o ao Dia Mundial da \u00c1gua.","datePublished":"2024-03-22T18:03:52+00:00","dateModified":"2024-03-22T18:03:54+00:00","mainEntityOfPage":{"@id":"https:\/\/msconectado.com.br\/?p=21581"},"wordCount":346,"commentCount":0,"publisher":{"@id":"https:\/\/msconectado.com.br\/#organization"},"image":{"@id":"https:\/\/msconectado.com.br\/?p=21581#primaryimage"},"thumbnailUrl":"https:\/\/msconectado.com.br\/wp-content\/uploads\/2024\/03\/434101404_1470713587131125_2931235266587793667_n.jpg","articleSection":["Cidades","Not\u00edcia"],"inLanguage":"pt-BR","potentialAction":[{"@type":"CommentAction","name":"Comment","target":["https:\/\/msconectado.com.br\/?p=21581#respond"]}]},{"@type":"WebPage","@id":"https:\/\/msconectado.com.br\/?p=21581","url":"https:\/\/msconectado.com.br\/?p=21581","name":"Instituto Guarda Mirim Ambiental de Jardim realiza opera\u00e7\u00e3o de limpeza no Rio Miranda em comemora\u00e7\u00e3o ao Dia Mundial da \u00c1gua. - MsConectado","isPartOf":{"@id":"https:\/\/msconectado.com.br\/#website"},"primaryImageOfPage":{"@id":"https:\/\/msconectado.com.br\/?p=21581#primaryimage"},"image":{"@id":"https:\/\/msconectado.com.br\/?p=21581#primaryimage"},"thumbnailUrl":"https:\/\/msconectado.com.br\/wp-content\/uploads\/2024\/03\/434101404_1470713587131125_2931235266587793667_n.jpg","datePublished":"2024-03-22T18:03:52+00:00","dateModified":"2024-03-22T18:03:54+00:00","breadcrumb":{"@id":"https:\/\/msconectado.com.br\/?p=21581#breadcrumb"},"inLanguage":"pt-BR","potentialAction":[{"@type":"ReadAction","target":["https:\/\/msconectado.com.br\/?p=21581"]}]},{"@type":"ImageObject","inLanguage":"pt-BR","@id":"https:\/\/msconectado.com.br\/?p=21581#primaryimage","url":"https:\/\/msconectado.com.br\/wp-content\/uploads\/2024\/03\/434101404_1470713587131125_2931235266587793667_n.jpg","contentUrl":"https:\/\/msconectado.com.br\/wp-content\/uploads\/2024\/03\/434101404_1470713587131125_2931235266587793667_n.jpg","width":1080,"height":826},{"@type":"BreadcrumbList","@id":"https:\/\/msconectado.com.br\/?p=21581#breadcrumb","itemListElement":[{"@type":"ListItem","position":1,"name":"In\u00edcio","item":"https:\/\/msconectado.com.br\/?page_id=105"},{"@type":"ListItem","position":2,"name":"Instituto Guarda Mirim Ambiental de Jardim realiza opera\u00e7\u00e3o de limpeza no Rio Miranda em comemora\u00e7\u00e3o ao Dia Mundial da \u00c1gua."}]},{"@type":"WebSite","@id":"https:\/\/msconectado.com.br\/#website","url":"https:\/\/msconectado.com.br\/","name":"MsConectado","description":"Voc\u00ea Conectado com a Not\u00edcia!","publisher":{"@id":"https:\/\/msconectado.com.br\/#organization"},"potentialAction":[{"@type":"SearchAction","target":{"@type":"EntryPoint","urlTemplate":"https:\/\/msconectado.com.br\/?s={search_term_string}"},"query-input":{"@type":"PropertyValueSpecification","valueRequired":true,"valueName":"search_term_string"}}],"inLanguage":"pt-BR"},{"@type":"Organization","@id":"https:\/\/msconectado.com.br\/#organization","name":"MsConectado","url":"https:\/\/msconectado.com.br\/","logo":{"@type":"ImageObject","inLanguage":"pt-BR","@id":"https:\/\/msconectado.com.br\/#\/schema\/logo\/image\/","url":"https:\/\/msconectado.com.br\/wp-content\/uploads\/2023\/01\/cropped-noticia-2.png","contentUrl":"https:\/\/msconectado.com.br\/wp-content\/uploads\/2023\/01\/cropped-noticia-2.png","width":720,"height":157,"caption":"MsConectado"},"image":{"@id":"https:\/\/msconectado.com.br\/#\/schema\/logo\/image\/"}},{"@type":"Person","@id":"https:\/\/msconectado.com.br\/#\/schema\/person\/e5585545b5687092f1041d350b6e2c16","name":"MsConectado","image":{"@type":"ImageObject","inLanguage":"pt-BR","@id":"https:\/\/secure.gravatar.com\/avatar\/3b4f84a0a8a4380ac4431fa79981d073692380c5da00ae97596e794ab0db5c8c?s=96&d=mm&r=g","url":"https:\/\/secure.gravatar.com\/avatar\/3b4f84a0a8a4380ac4431fa79981d073692380c5da00ae97596e794ab0db5c8c?s=96&d=mm&r=g","contentUrl":"https:\/\/secure.gravatar.com\/avatar\/3b4f84a0a8a4380ac4431fa79981d073692380c5da00ae97596e794ab0db5c8c?s=96&d=mm&r=g","caption":"MsConectado"},"url":"https:\/\/msconectado.com.br\/?author=2"}]}},"_links":{"self":[{"href":"https:\/\/msconectado.com.br\/index.php?rest_route=\/wp\/v2\/posts\/21581","targetHints":{"allow":["GET"]}}],"collection":[{"href":"https:\/\/msconectado.com.br\/index.php?rest_route=\/wp\/v2\/posts"}],"about":[{"href":"https:\/\/msconectado.com.br\/index.php?rest_route=\/wp\/v2\/types\/post"}],"author":[{"embeddable":true,"href":"https:\/\/msconectado.com.br\/index.php?rest_route=\/wp\/v2\/users\/2"}],"replies":[{"embeddable":true,"href":"https:\/\/msconectado.com.br\/index.php?rest_route=%2Fwp%2Fv2%2Fcomments&post=21581"}],"version-history":[{"count":1,"href":"https:\/\/msconectado.com.br\/index.php?rest_route=\/wp\/v2\/posts\/21581\/revisions"}],"predecessor-version":[{"id":21585,"href":"https:\/\/msconectado.com.br\/index.php?rest_route=\/wp\/v2\/posts\/21581\/revisions\/21585"}],"wp:featuredmedia":[{"embeddable":true,"href":"https:\/\/msconectado.com.br\/index.php?rest_route=\/wp\/v2\/media\/21583"}],"wp:attachment":[{"href":"https:\/\/msconectado.com.br\/index.php?rest_route=%2Fwp%2Fv2%2Fmedia&parent=21581"}],"wp:term":[{"taxonomy":"category","embeddable":true,"href":"https:\/\/msconectado.com.br\/index.php?rest_route=%2Fwp%2Fv2%2Fcategories&post=21581"},{"taxonomy":"post_tag","embeddable":true,"href":"https:\/\/msconectado.com.br\/index.php?rest_route=%2Fwp%2Fv2%2Ftags&post=21581"}],"curies":[{"name":"wp","href":"https:\/\/api.w.org\/{rel}","templated":true}]}}