
{"id":21586,"date":"2024-03-22T18:14:31","date_gmt":"2024-03-22T18:14:31","guid":{"rendered":"https:\/\/msconectado.com.br\/?p=21586"},"modified":"2024-03-22T18:14:33","modified_gmt":"2024-03-22T18:14:33","slug":"troco-solidario-do-abeve-sera-em-prol-do-instituto-pequeno-cidadao-de-maracaju","status":"publish","type":"post","link":"https:\/\/msconectado.com.br\/?p=21586","title":{"rendered":"Troco Solid\u00e1rio do ABEV\u00ca ser\u00e1 em prol do \u201cInstituto Pequeno Cidad\u00e3o de Maracaju\u201d"},"content":{"rendered":"\n<p>O Troco Solid\u00e1rio Abev\u00ea \u00e9 uma iniciativa social onde os clientes s\u00e3o incentivados a doar aqueles centavos de troco da sua compra que podem ser irris\u00f3rios, mas fazem toda diferen\u00e7a quando destinados para institui\u00e7\u00f5es filantr\u00f3picas. Pensando nisso a ger\u00eancia do supermercado ir\u00e1 destinar o troco solid\u00e1rio ao \u201cInstituto Pequeno Cidad\u00e3o de Maracaju\u201d.<\/p>\n\n\n\n<p>Voc\u00ea pode efetuar suas doa\u00e7\u00f5es no supermercado,&nbsp;seu troco pode multiplicar sorrisos e somar esperan\u00e7a. Doe aqueles centavos do troco de sua compra e ajude quem precisa.<\/p>\n\n\n<div class=\"wp-block-image\">\n<figure class=\"aligncenter\"><img decoding=\"async\" src=\"https:\/\/robertziemann.com.br\/wp-content\/uploads\/2024\/03\/troco-solidario-450x338.jpg\" alt=\"\" class=\"wp-image-11418\"\/><\/figure>\n<\/div>\n\n\n<p>O &nbsp;Instituto Pequeno Cidad\u00e3o atende mais de 350 crian\u00e7as, jovens e adultos em diversas atividades sociais gratuitas, sendo elas: aula de inform\u00e1tica, bal\u00e9, jud\u00f4, dan\u00e7a, viol\u00e3o, artes, capoeira e futebol. \u00c9 um projeto grandioso que \u00e9 refer\u00eancia no munic\u00edpio de Maracaju e no Mato Grosso do Sul.<\/p>\n\n\n\n<p>Segundo a professora de Gin\u00e1stica Art\u00edstica e Jud\u00f4, Crislaine Pereira Ziemann,&nbsp;o projeto nos enche de orgulho pois s\u00e3o atendidas: crian\u00e7as jovens e adultos com diversas atividades gratuitas e o troco solid\u00e1rio s\u00f3 vem a ajudar ainda mais este que \u00e9 um projeto refer\u00eancia em Mato Grosso do Sul.<\/p>\n\n\n\n<p>Vale ressaltar que o Instituto Pequeno Cidad\u00e3o tamb\u00e9m atende no munic\u00edpio de Sidrol\u00e2ndia e ir\u00e1 abrir outro p\u00f3lo na cidade de Rio Brilhante.<\/p>\n\n\n\n<p>Assessoria.<\/p>\n\n\n<div class=\"wp-block-image\">\n<figure class=\"aligncenter size-full\"><img fetchpriority=\"high\" decoding=\"async\" width=\"900\" height=\"100\" src=\"https:\/\/msconectado.com.br\/wp-content\/uploads\/2024\/03\/Planos_que_atendem_todos_os_gostos.png\" alt=\"\" class=\"wp-image-21399\" srcset=\"https:\/\/msconectado.com.br\/wp-content\/uploads\/2024\/03\/Planos_que_atendem_todos_os_gostos.png 900w, https:\/\/msconectado.com.br\/wp-content\/uploads\/2024\/03\/Planos_que_atendem_todos_os_gostos-300x33.png 300w, https:\/\/msconectado.com.br\/wp-content\/uploads\/2024\/03\/Planos_que_atendem_todos_os_gostos-768x85.png 768w\" sizes=\"(max-width: 900px) 100vw, 900px\" \/><\/figure>\n<\/div>","protected":false},"excerpt":{"rendered":"<p>O Troco Solid\u00e1rio Abev\u00ea \u00e9 uma iniciativa social onde os clientes s\u00e3o incentivados a doar aqueles centavos de troco da sua compra que podem ser irris\u00f3rios, mas fazem toda diferen\u00e7a quando destinados para institui\u00e7\u00f5es filantr\u00f3picas. Pensando nisso a ger\u00eancia do supermercado ir\u00e1 destinar o troco solid\u00e1rio ao \u201cInstituto Pequeno Cidad\u00e3o de Maracaju\u201d. Voc\u00ea pode efetuar [&hellip;]<\/p>\n","protected":false},"author":2,"featured_media":21587,"comment_status":"open","ping_status":"closed","sticky":false,"template":"","format":"standard","meta":{"footnotes":""},"categories":[1],"tags":[],"class_list":["post-21586","post","type-post","status-publish","format-standard","has-post-thumbnail","hentry","category-noticia"],"yoast_head":"<!-- This site is optimized with the Yoast SEO plugin v27.5 - https:\/\/yoast.com\/product\/yoast-seo-wordpress\/ -->\n<title>Troco Solid\u00e1rio do ABEV\u00ca ser\u00e1 em prol do \u201cInstituto Pequeno Cidad\u00e3o de Maracaju\u201d - MsConectado<\/title>\n<meta name=\"robots\" content=\"index, follow, max-snippet:-1, max-image-preview:large, max-video-preview:-1\" \/>\n<link rel=\"canonical\" href=\"https:\/\/msconectado.com.br\/?p=21586\" \/>\n<meta property=\"og:locale\" content=\"pt_BR\" \/>\n<meta property=\"og:type\" content=\"article\" \/>\n<meta property=\"og:title\" content=\"Troco Solid\u00e1rio do ABEV\u00ca ser\u00e1 em prol do \u201cInstituto Pequeno Cidad\u00e3o de Maracaju\u201d - MsConectado\" \/>\n<meta property=\"og:description\" content=\"O Troco Solid\u00e1rio Abev\u00ea \u00e9 uma iniciativa social onde os clientes s\u00e3o incentivados a doar aqueles centavos de troco da sua compra que podem ser irris\u00f3rios, mas fazem toda diferen\u00e7a quando destinados para institui\u00e7\u00f5es filantr\u00f3picas. Pensando nisso a ger\u00eancia do supermercado ir\u00e1 destinar o troco solid\u00e1rio ao \u201cInstituto Pequeno Cidad\u00e3o de Maracaju\u201d. Voc\u00ea pode efetuar [&hellip;]\" \/>\n<meta property=\"og:url\" content=\"https:\/\/msconectado.com.br\/?p=21586\" \/>\n<meta property=\"og:site_name\" content=\"MsConectado\" \/>\n<meta property=\"article:published_time\" content=\"2024-03-22T18:14:31+00:00\" \/>\n<meta property=\"article:modified_time\" content=\"2024-03-22T18:14:33+00:00\" \/>\n<meta property=\"og:image\" content=\"https:\/\/msconectado.com.br\/wp-content\/uploads\/2024\/03\/troco-solidario-1-scaled-1.jpg\" \/>\n\t<meta property=\"og:image:width\" content=\"1080\" \/>\n\t<meta property=\"og:image:height\" content=\"810\" \/>\n\t<meta property=\"og:image:type\" content=\"image\/jpeg\" \/>\n<meta name=\"author\" content=\"MsConectado\" \/>\n<meta name=\"twitter:card\" content=\"summary_large_image\" \/>\n<meta name=\"twitter:label1\" content=\"Escrito por\" \/>\n\t<meta name=\"twitter:data1\" content=\"MsConectado\" \/>\n\t<meta name=\"twitter:label2\" content=\"Est. tempo de leitura\" \/>\n\t<meta name=\"twitter:data2\" content=\"1 minuto\" \/>\n<script type=\"application\/ld+json\" class=\"yoast-schema-graph\">{\"@context\":\"https:\\\/\\\/schema.org\",\"@graph\":[{\"@type\":\"Article\",\"@id\":\"https:\\\/\\\/msconectado.com.br\\\/?p=21586#article\",\"isPartOf\":{\"@id\":\"https:\\\/\\\/msconectado.com.br\\\/?p=21586\"},\"author\":{\"name\":\"MsConectado\",\"@id\":\"https:\\\/\\\/msconectado.com.br\\\/#\\\/schema\\\/person\\\/e5585545b5687092f1041d350b6e2c16\"},\"headline\":\"Troco Solid\u00e1rio do ABEV\u00ca ser\u00e1 em prol do \u201cInstituto Pequeno Cidad\u00e3o de Maracaju\u201d\",\"datePublished\":\"2024-03-22T18:14:31+00:00\",\"dateModified\":\"2024-03-22T18:14:33+00:00\",\"mainEntityOfPage\":{\"@id\":\"https:\\\/\\\/msconectado.com.br\\\/?p=21586\"},\"wordCount\":241,\"commentCount\":0,\"publisher\":{\"@id\":\"https:\\\/\\\/msconectado.com.br\\\/#organization\"},\"image\":{\"@id\":\"https:\\\/\\\/msconectado.com.br\\\/?p=21586#primaryimage\"},\"thumbnailUrl\":\"https:\\\/\\\/msconectado.com.br\\\/wp-content\\\/uploads\\\/2024\\\/03\\\/troco-solidario-1-scaled-1.jpg\",\"articleSection\":[\"Not\u00edcia\"],\"inLanguage\":\"pt-BR\",\"potentialAction\":[{\"@type\":\"CommentAction\",\"name\":\"Comment\",\"target\":[\"https:\\\/\\\/msconectado.com.br\\\/?p=21586#respond\"]}]},{\"@type\":\"WebPage\",\"@id\":\"https:\\\/\\\/msconectado.com.br\\\/?p=21586\",\"url\":\"https:\\\/\\\/msconectado.com.br\\\/?p=21586\",\"name\":\"Troco Solid\u00e1rio do ABEV\u00ca ser\u00e1 em prol do \u201cInstituto Pequeno Cidad\u00e3o de Maracaju\u201d - MsConectado\",\"isPartOf\":{\"@id\":\"https:\\\/\\\/msconectado.com.br\\\/#website\"},\"primaryImageOfPage\":{\"@id\":\"https:\\\/\\\/msconectado.com.br\\\/?p=21586#primaryimage\"},\"image\":{\"@id\":\"https:\\\/\\\/msconectado.com.br\\\/?p=21586#primaryimage\"},\"thumbnailUrl\":\"https:\\\/\\\/msconectado.com.br\\\/wp-content\\\/uploads\\\/2024\\\/03\\\/troco-solidario-1-scaled-1.jpg\",\"datePublished\":\"2024-03-22T18:14:31+00:00\",\"dateModified\":\"2024-03-22T18:14:33+00:00\",\"breadcrumb\":{\"@id\":\"https:\\\/\\\/msconectado.com.br\\\/?p=21586#breadcrumb\"},\"inLanguage\":\"pt-BR\",\"potentialAction\":[{\"@type\":\"ReadAction\",\"target\":[\"https:\\\/\\\/msconectado.com.br\\\/?p=21586\"]}]},{\"@type\":\"ImageObject\",\"inLanguage\":\"pt-BR\",\"@id\":\"https:\\\/\\\/msconectado.com.br\\\/?p=21586#primaryimage\",\"url\":\"https:\\\/\\\/msconectado.com.br\\\/wp-content\\\/uploads\\\/2024\\\/03\\\/troco-solidario-1-scaled-1.jpg\",\"contentUrl\":\"https:\\\/\\\/msconectado.com.br\\\/wp-content\\\/uploads\\\/2024\\\/03\\\/troco-solidario-1-scaled-1.jpg\",\"width\":1080,\"height\":810},{\"@type\":\"BreadcrumbList\",\"@id\":\"https:\\\/\\\/msconectado.com.br\\\/?p=21586#breadcrumb\",\"itemListElement\":[{\"@type\":\"ListItem\",\"position\":1,\"name\":\"In\u00edcio\",\"item\":\"https:\\\/\\\/msconectado.com.br\\\/?page_id=105\"},{\"@type\":\"ListItem\",\"position\":2,\"name\":\"Troco Solid\u00e1rio do ABEV\u00ca ser\u00e1 em prol do \u201cInstituto Pequeno Cidad\u00e3o de Maracaju\u201d\"}]},{\"@type\":\"WebSite\",\"@id\":\"https:\\\/\\\/msconectado.com.br\\\/#website\",\"url\":\"https:\\\/\\\/msconectado.com.br\\\/\",\"name\":\"MsConectado\",\"description\":\"Voc\u00ea Conectado com a Not\u00edcia!\",\"publisher\":{\"@id\":\"https:\\\/\\\/msconectado.com.br\\\/#organization\"},\"potentialAction\":[{\"@type\":\"SearchAction\",\"target\":{\"@type\":\"EntryPoint\",\"urlTemplate\":\"https:\\\/\\\/msconectado.com.br\\\/?s={search_term_string}\"},\"query-input\":{\"@type\":\"PropertyValueSpecification\",\"valueRequired\":true,\"valueName\":\"search_term_string\"}}],\"inLanguage\":\"pt-BR\"},{\"@type\":\"Organization\",\"@id\":\"https:\\\/\\\/msconectado.com.br\\\/#organization\",\"name\":\"MsConectado\",\"url\":\"https:\\\/\\\/msconectado.com.br\\\/\",\"logo\":{\"@type\":\"ImageObject\",\"inLanguage\":\"pt-BR\",\"@id\":\"https:\\\/\\\/msconectado.com.br\\\/#\\\/schema\\\/logo\\\/image\\\/\",\"url\":\"https:\\\/\\\/msconectado.com.br\\\/wp-content\\\/uploads\\\/2023\\\/01\\\/cropped-noticia-2.png\",\"contentUrl\":\"https:\\\/\\\/msconectado.com.br\\\/wp-content\\\/uploads\\\/2023\\\/01\\\/cropped-noticia-2.png\",\"width\":720,\"height\":157,\"caption\":\"MsConectado\"},\"image\":{\"@id\":\"https:\\\/\\\/msconectado.com.br\\\/#\\\/schema\\\/logo\\\/image\\\/\"}},{\"@type\":\"Person\",\"@id\":\"https:\\\/\\\/msconectado.com.br\\\/#\\\/schema\\\/person\\\/e5585545b5687092f1041d350b6e2c16\",\"name\":\"MsConectado\",\"image\":{\"@type\":\"ImageObject\",\"inLanguage\":\"pt-BR\",\"@id\":\"https:\\\/\\\/secure.gravatar.com\\\/avatar\\\/3b4f84a0a8a4380ac4431fa79981d073692380c5da00ae97596e794ab0db5c8c?s=96&d=mm&r=g\",\"url\":\"https:\\\/\\\/secure.gravatar.com\\\/avatar\\\/3b4f84a0a8a4380ac4431fa79981d073692380c5da00ae97596e794ab0db5c8c?s=96&d=mm&r=g\",\"contentUrl\":\"https:\\\/\\\/secure.gravatar.com\\\/avatar\\\/3b4f84a0a8a4380ac4431fa79981d073692380c5da00ae97596e794ab0db5c8c?s=96&d=mm&r=g\",\"caption\":\"MsConectado\"},\"url\":\"https:\\\/\\\/msconectado.com.br\\\/?author=2\"}]}<\/script>\n<!-- \/ Yoast SEO plugin. -->","yoast_head_json":{"title":"Troco Solid\u00e1rio do ABEV\u00ca ser\u00e1 em prol do \u201cInstituto Pequeno Cidad\u00e3o de Maracaju\u201d - MsConectado","robots":{"index":"index","follow":"follow","max-snippet":"max-snippet:-1","max-image-preview":"max-image-preview:large","max-video-preview":"max-video-preview:-1"},"canonical":"https:\/\/msconectado.com.br\/?p=21586","og_locale":"pt_BR","og_type":"article","og_title":"Troco Solid\u00e1rio do ABEV\u00ca ser\u00e1 em prol do \u201cInstituto Pequeno Cidad\u00e3o de Maracaju\u201d - MsConectado","og_description":"O Troco Solid\u00e1rio Abev\u00ea \u00e9 uma iniciativa social onde os clientes s\u00e3o incentivados a doar aqueles centavos de troco da sua compra que podem ser irris\u00f3rios, mas fazem toda diferen\u00e7a quando destinados para institui\u00e7\u00f5es filantr\u00f3picas. Pensando nisso a ger\u00eancia do supermercado ir\u00e1 destinar o troco solid\u00e1rio ao \u201cInstituto Pequeno Cidad\u00e3o de Maracaju\u201d. Voc\u00ea pode efetuar [&hellip;]","og_url":"https:\/\/msconectado.com.br\/?p=21586","og_site_name":"MsConectado","article_published_time":"2024-03-22T18:14:31+00:00","article_modified_time":"2024-03-22T18:14:33+00:00","og_image":[{"width":1080,"height":810,"url":"https:\/\/msconectado.com.br\/wp-content\/uploads\/2024\/03\/troco-solidario-1-scaled-1.jpg","type":"image\/jpeg"}],"author":"MsConectado","twitter_card":"summary_large_image","twitter_misc":{"Escrito por":"MsConectado","Est. tempo de leitura":"1 minuto"},"schema":{"@context":"https:\/\/schema.org","@graph":[{"@type":"Article","@id":"https:\/\/msconectado.com.br\/?p=21586#article","isPartOf":{"@id":"https:\/\/msconectado.com.br\/?p=21586"},"author":{"name":"MsConectado","@id":"https:\/\/msconectado.com.br\/#\/schema\/person\/e5585545b5687092f1041d350b6e2c16"},"headline":"Troco Solid\u00e1rio do ABEV\u00ca ser\u00e1 em prol do \u201cInstituto Pequeno Cidad\u00e3o de Maracaju\u201d","datePublished":"2024-03-22T18:14:31+00:00","dateModified":"2024-03-22T18:14:33+00:00","mainEntityOfPage":{"@id":"https:\/\/msconectado.com.br\/?p=21586"},"wordCount":241,"commentCount":0,"publisher":{"@id":"https:\/\/msconectado.com.br\/#organization"},"image":{"@id":"https:\/\/msconectado.com.br\/?p=21586#primaryimage"},"thumbnailUrl":"https:\/\/msconectado.com.br\/wp-content\/uploads\/2024\/03\/troco-solidario-1-scaled-1.jpg","articleSection":["Not\u00edcia"],"inLanguage":"pt-BR","potentialAction":[{"@type":"CommentAction","name":"Comment","target":["https:\/\/msconectado.com.br\/?p=21586#respond"]}]},{"@type":"WebPage","@id":"https:\/\/msconectado.com.br\/?p=21586","url":"https:\/\/msconectado.com.br\/?p=21586","name":"Troco Solid\u00e1rio do ABEV\u00ca ser\u00e1 em prol do \u201cInstituto Pequeno Cidad\u00e3o de Maracaju\u201d - MsConectado","isPartOf":{"@id":"https:\/\/msconectado.com.br\/#website"},"primaryImageOfPage":{"@id":"https:\/\/msconectado.com.br\/?p=21586#primaryimage"},"image":{"@id":"https:\/\/msconectado.com.br\/?p=21586#primaryimage"},"thumbnailUrl":"https:\/\/msconectado.com.br\/wp-content\/uploads\/2024\/03\/troco-solidario-1-scaled-1.jpg","datePublished":"2024-03-22T18:14:31+00:00","dateModified":"2024-03-22T18:14:33+00:00","breadcrumb":{"@id":"https:\/\/msconectado.com.br\/?p=21586#breadcrumb"},"inLanguage":"pt-BR","potentialAction":[{"@type":"ReadAction","target":["https:\/\/msconectado.com.br\/?p=21586"]}]},{"@type":"ImageObject","inLanguage":"pt-BR","@id":"https:\/\/msconectado.com.br\/?p=21586#primaryimage","url":"https:\/\/msconectado.com.br\/wp-content\/uploads\/2024\/03\/troco-solidario-1-scaled-1.jpg","contentUrl":"https:\/\/msconectado.com.br\/wp-content\/uploads\/2024\/03\/troco-solidario-1-scaled-1.jpg","width":1080,"height":810},{"@type":"BreadcrumbList","@id":"https:\/\/msconectado.com.br\/?p=21586#breadcrumb","itemListElement":[{"@type":"ListItem","position":1,"name":"In\u00edcio","item":"https:\/\/msconectado.com.br\/?page_id=105"},{"@type":"ListItem","position":2,"name":"Troco Solid\u00e1rio do ABEV\u00ca ser\u00e1 em prol do \u201cInstituto Pequeno Cidad\u00e3o de Maracaju\u201d"}]},{"@type":"WebSite","@id":"https:\/\/msconectado.com.br\/#website","url":"https:\/\/msconectado.com.br\/","name":"MsConectado","description":"Voc\u00ea Conectado com a Not\u00edcia!","publisher":{"@id":"https:\/\/msconectado.com.br\/#organization"},"potentialAction":[{"@type":"SearchAction","target":{"@type":"EntryPoint","urlTemplate":"https:\/\/msconectado.com.br\/?s={search_term_string}"},"query-input":{"@type":"PropertyValueSpecification","valueRequired":true,"valueName":"search_term_string"}}],"inLanguage":"pt-BR"},{"@type":"Organization","@id":"https:\/\/msconectado.com.br\/#organization","name":"MsConectado","url":"https:\/\/msconectado.com.br\/","logo":{"@type":"ImageObject","inLanguage":"pt-BR","@id":"https:\/\/msconectado.com.br\/#\/schema\/logo\/image\/","url":"https:\/\/msconectado.com.br\/wp-content\/uploads\/2023\/01\/cropped-noticia-2.png","contentUrl":"https:\/\/msconectado.com.br\/wp-content\/uploads\/2023\/01\/cropped-noticia-2.png","width":720,"height":157,"caption":"MsConectado"},"image":{"@id":"https:\/\/msconectado.com.br\/#\/schema\/logo\/image\/"}},{"@type":"Person","@id":"https:\/\/msconectado.com.br\/#\/schema\/person\/e5585545b5687092f1041d350b6e2c16","name":"MsConectado","image":{"@type":"ImageObject","inLanguage":"pt-BR","@id":"https:\/\/secure.gravatar.com\/avatar\/3b4f84a0a8a4380ac4431fa79981d073692380c5da00ae97596e794ab0db5c8c?s=96&d=mm&r=g","url":"https:\/\/secure.gravatar.com\/avatar\/3b4f84a0a8a4380ac4431fa79981d073692380c5da00ae97596e794ab0db5c8c?s=96&d=mm&r=g","contentUrl":"https:\/\/secure.gravatar.com\/avatar\/3b4f84a0a8a4380ac4431fa79981d073692380c5da00ae97596e794ab0db5c8c?s=96&d=mm&r=g","caption":"MsConectado"},"url":"https:\/\/msconectado.com.br\/?author=2"}]}},"_links":{"self":[{"href":"https:\/\/msconectado.com.br\/index.php?rest_route=\/wp\/v2\/posts\/21586","targetHints":{"allow":["GET"]}}],"collection":[{"href":"https:\/\/msconectado.com.br\/index.php?rest_route=\/wp\/v2\/posts"}],"about":[{"href":"https:\/\/msconectado.com.br\/index.php?rest_route=\/wp\/v2\/types\/post"}],"author":[{"embeddable":true,"href":"https:\/\/msconectado.com.br\/index.php?rest_route=\/wp\/v2\/users\/2"}],"replies":[{"embeddable":true,"href":"https:\/\/msconectado.com.br\/index.php?rest_route=%2Fwp%2Fv2%2Fcomments&post=21586"}],"version-history":[{"count":1,"href":"https:\/\/msconectado.com.br\/index.php?rest_route=\/wp\/v2\/posts\/21586\/revisions"}],"predecessor-version":[{"id":21588,"href":"https:\/\/msconectado.com.br\/index.php?rest_route=\/wp\/v2\/posts\/21586\/revisions\/21588"}],"wp:featuredmedia":[{"embeddable":true,"href":"https:\/\/msconectado.com.br\/index.php?rest_route=\/wp\/v2\/media\/21587"}],"wp:attachment":[{"href":"https:\/\/msconectado.com.br\/index.php?rest_route=%2Fwp%2Fv2%2Fmedia&parent=21586"}],"wp:term":[{"taxonomy":"category","embeddable":true,"href":"https:\/\/msconectado.com.br\/index.php?rest_route=%2Fwp%2Fv2%2Fcategories&post=21586"},{"taxonomy":"post_tag","embeddable":true,"href":"https:\/\/msconectado.com.br\/index.php?rest_route=%2Fwp%2Fv2%2Ftags&post=21586"}],"curies":[{"name":"wp","href":"https:\/\/api.w.org\/{rel}","templated":true}]}}