
{"id":21589,"date":"2024-03-22T20:30:52","date_gmt":"2024-03-22T20:30:52","guid":{"rendered":"https:\/\/msconectado.com.br\/?p=21589"},"modified":"2024-03-22T20:30:54","modified_gmt":"2024-03-22T20:30:54","slug":"com-apoio-da-assomasul-congresso-de-cidades-digitais-e-inteligentes-inova-a-gestao-publica-em-ms","status":"publish","type":"post","link":"https:\/\/msconectado.com.br\/?p=21589","title":{"rendered":"Com Apoio da Assomasul, Congresso de Cidades Digitais e Inteligentes Inova a Gest\u00e3o P\u00fablica em MS"},"content":{"rendered":"\n<p>Com o apoio institucional da Associa\u00e7\u00e3o dos Munic\u00edpios de Mato Grosso do Sul (Assomasul), o 2.\u00ba Congresso Sul-Mato-Grossense de Cidades Digitais e Inteligentes come\u00e7ou nesta quinta-feira, 21 de mar\u00e7o, no CREA-MS, marcando um importante passo para a moderniza\u00e7\u00e3o e inova\u00e7\u00e3o na gest\u00e3o p\u00fablica do estado. O evento, que re\u00fane representantes de mais de 60 prefeituras, visa introduzir solu\u00e7\u00f5es tecnol\u00f3gicas avan\u00e7adas para promover efici\u00eancia, economia e sustentabilidade nos servi\u00e7os p\u00fablicos, al\u00e9m de contribuir para a melhoria da qualidade de vida dos cidad\u00e3os. A programa\u00e7\u00e3o continuar\u00e1 at\u00e9 amanh\u00e3 (22).<\/p>\n\n\n\n<p>Os projetos j\u00e1 implementados e seus impactos positivos nas administra\u00e7\u00f5es p\u00fablicas ser\u00e3o destacados por meio de uma s\u00e9rie de pitches e palestras. Estas sess\u00f5es ir\u00e3o explorar a import\u00e2ncia da digitaliza\u00e7\u00e3o, bem como a aplica\u00e7\u00e3o da Intelig\u00eancia Artificial e da tecnologia Building Information Modeling (BIM) nas gest\u00f5es municipais.<\/p>\n\n\n\n<p>Al\u00e9m disso, ao longo dos dois dias de programa\u00e7\u00e3o, ocorrem cerim\u00f4nias de reconhecimento a prefeitos e projetos que se destacaram por suas inova\u00e7\u00f5es significativas.&nbsp;Entre os homenageados, est\u00e3o a prefeita de Campo Grande, Adriane Lopes, pelo projeto de inaugura\u00e7\u00e3o do Parque Tecnol\u00f3gico; e o prefeito de Bataypor\u00e3, Germino da Roz, pela implementa\u00e7\u00e3o da plataforma \u201cSa\u00fade Mais\u201d.<\/p>\n\n\n\n<p>Dentre os diversos projetos apresentados, destaca-se o not\u00e1vel desempenho do prefeito de Bataypor\u00e3, Germino da Roz, ao implementar com sucesso a plataforma \u201cSa\u00fade Mais\u201d. Em seu discurso, o prefeito Germino Roz compartilhou sua vis\u00e3o sobre o impacto transformador da tecnologia na gest\u00e3o p\u00fablica:<\/p>\n\n\n\n<p class=\"has-text-align-center\"><img fetchpriority=\"high\" decoding=\"async\" alt=\"\" width=\"1732\" height=\"1155\" src=\"https:\/\/www.assomasul.org.br\/wp-content\/uploads\/2024\/03\/2o-Congresso-Sul-Mato-Grossense-de-Cidades-Digitais-e-Inteligentes-21-03-2024-327.jpg\"><\/p>\n\n\n\n<p id=\"caption-attachment-7188\">Prefeito de Bataypor\u00e3, Germino da Roz\/ Foto: Edson Ribeiro<\/p>\n\n\n\n<blockquote class=\"wp-block-quote is-layout-flow wp-block-quote-is-layout-flow\">\n<p>\u201cA implementa\u00e7\u00e3o da tecnologia no setor p\u00fablico \u00e9 verdadeiramente extraordin\u00e1ria, pois nos permite abordar as quest\u00f5es que enfrentamos de maneira eficaz, aproveitando as inova\u00e7\u00f5es tecnol\u00f3gicas ao nosso redor. A tecnologia est\u00e1 presente em nossas vidas di\u00e1rias, por exemplo, atrav\u00e9s de nossos dispositivos m\u00f3veis. Hoje, um smartphone n\u00e3o \u00e9 apenas um telefone, mas uma ferramenta multifuncional que simplifica nossa rotina. Se buscamos essa facilidade em nossa vida pessoal, por que n\u00e3o aplic\u00e1-la tamb\u00e9m ao setor p\u00fablico? Atrav\u00e9s da implementa\u00e7\u00e3o de pol\u00edticas tecnol\u00f3gicas em nosso munic\u00edpio, alcan\u00e7amos avan\u00e7os significativos na \u00e1rea da sa\u00fade, melhorando nosso ranking a n\u00edvel nacional e estadual. Al\u00e9m disso, essa moderniza\u00e7\u00e3o permitiu que as informa\u00e7\u00f5es coletadas em nossas unidades de sa\u00fade chegassem ao governo federal, incentivando nossa equipe a alcan\u00e7ar metas e aprimorar constantemente nossos servi\u00e7os. N\u00e3o \u00e9 apenas uma conquista pessoal; \u00e9 uma vit\u00f3ria da minha equipe, da minha secretaria e de todo o munic\u00edpio. Gra\u00e7as \u00e0 nossa uni\u00e3o e determina\u00e7\u00e3o, conseguimos implementar essa iniciativa com grande sucesso\u201d, destacou o prefeito.<\/p>\n<\/blockquote>\n\n\n\n<p>Da mesma forma, Edilson Magro, prefeito de Coxim, foi reconhecido por seu projeto inovador, \u201cCoxim Digital\u201d. Ele compartilhou sua vis\u00e3o sobre a import\u00e2ncia de integrar digitalmente a administra\u00e7\u00e3o p\u00fablica:<\/p>\n\n\n\n<blockquote class=\"wp-block-quote is-layout-flow wp-block-quote-is-layout-flow\">\n<p>\u201cPara transformar Coxim em uma refer\u00eancia de cidade do primeiro mundo, \u00e9 fundamental a evolu\u00e7\u00e3o digital. Implementamos o sistema 1DOC, centralizando as opera\u00e7\u00f5es administrativas de forma eletr\u00f4nica, eliminando o uso de papel e integrando todas as secretarias. Esse \u00e9 o caminho para uma gest\u00e3o p\u00fablica integrada, eficiente e sustent\u00e1vel.\u201d<\/p>\n<\/blockquote>\n\n\n\n<p class=\"has-text-align-center\"><img decoding=\"async\" alt=\"\" width=\"1732\" height=\"1155\" src=\"https:\/\/www.assomasul.org.br\/wp-content\/uploads\/2024\/03\/2o-Congresso-Sul-Mato-Grossense-de-Cidades-Digitais-e-Inteligentes-21-03-2024-289.jpg\"><\/p>\n\n\n\n<p id=\"caption-attachment-7169\">Prefeito de Coxim, Edilson Magro\/ Foto: Edson Ribeiro<\/p>\n\n\n\n<p>Tamb\u00e9m ser\u00e3o homenageados os prefeitos: Antonio de P\u00e1dua de Brasil\u00e2ndia, Jo\u00e3o Alfredo de Ribas do Rio Pardo, o Prefeito de Caarap\u00f3, Andr\u00e9 Nezzi, Lucas Foroni de Rio Brilhante, Alan Guedes de Dourados, Gustavo Sprotte de Bandeirantes, Marcos Calderan de Maracaju, Thalles Tomazelli de Itaquira\u00ed, Jeferson Tomazoni de S\u00e3o Gabriel do Oeste e Valdir Luiz Sartor de Deod\u00e1polis.<\/p>\n\n\n\n<p>O 2.\u00ba Congresso Sul-Mato-Grossense de Cidades Digitais e Inteligentes, com o apoio fundamental da Assomasul, promete ser um marco na trajet\u00f3ria de moderniza\u00e7\u00e3o administrativa e tecnol\u00f3gica dos munic\u00edpios sul-mato-grossenses, abrindo novas portas para o futuro da gest\u00e3o p\u00fablica.<\/p>\n\n\n\n<p>Assessoria<\/p>\n\n\n<div class=\"wp-block-image\">\n<figure class=\"aligncenter size-full\"><img decoding=\"async\" width=\"900\" height=\"100\" src=\"https:\/\/msconectado.com.br\/wp-content\/uploads\/2024\/02\/900x100_GOV_DENGUE.gif\" alt=\"\" class=\"wp-image-21030\"\/><\/figure>\n<\/div>","protected":false},"excerpt":{"rendered":"<p>Com o apoio institucional da Associa\u00e7\u00e3o dos Munic\u00edpios de Mato Grosso do Sul (Assomasul), o 2.\u00ba Congresso Sul-Mato-Grossense de Cidades Digitais e Inteligentes come\u00e7ou nesta quinta-feira, 21 de mar\u00e7o, no CREA-MS, marcando um importante passo para a moderniza\u00e7\u00e3o e inova\u00e7\u00e3o na gest\u00e3o p\u00fablica do estado. O evento, que re\u00fane representantes de mais de 60 prefeituras, [&hellip;]<\/p>\n","protected":false},"author":2,"featured_media":21590,"comment_status":"open","ping_status":"closed","sticky":false,"template":"","format":"standard","meta":{"footnotes":""},"categories":[35,1],"tags":[],"class_list":["post-21589","post","type-post","status-publish","format-standard","has-post-thumbnail","hentry","category-cidades","category-noticia"],"yoast_head":"<!-- This site is optimized with the Yoast SEO plugin v27.5 - https:\/\/yoast.com\/product\/yoast-seo-wordpress\/ -->\n<title>Com Apoio da Assomasul, Congresso de Cidades Digitais e Inteligentes Inova a Gest\u00e3o P\u00fablica em MS - MsConectado<\/title>\n<meta name=\"robots\" content=\"index, follow, max-snippet:-1, max-image-preview:large, max-video-preview:-1\" \/>\n<link rel=\"canonical\" href=\"https:\/\/msconectado.com.br\/?p=21589\" \/>\n<meta property=\"og:locale\" content=\"pt_BR\" \/>\n<meta property=\"og:type\" content=\"article\" \/>\n<meta property=\"og:title\" content=\"Com Apoio da Assomasul, Congresso de Cidades Digitais e Inteligentes Inova a Gest\u00e3o P\u00fablica em MS - MsConectado\" \/>\n<meta property=\"og:description\" content=\"Com o apoio institucional da Associa\u00e7\u00e3o dos Munic\u00edpios de Mato Grosso do Sul (Assomasul), o 2.\u00ba Congresso Sul-Mato-Grossense de Cidades Digitais e Inteligentes come\u00e7ou nesta quinta-feira, 21 de mar\u00e7o, no CREA-MS, marcando um importante passo para a moderniza\u00e7\u00e3o e inova\u00e7\u00e3o na gest\u00e3o p\u00fablica do estado. O evento, que re\u00fane representantes de mais de 60 prefeituras, [&hellip;]\" \/>\n<meta property=\"og:url\" content=\"https:\/\/msconectado.com.br\/?p=21589\" \/>\n<meta property=\"og:site_name\" content=\"MsConectado\" \/>\n<meta property=\"article:published_time\" content=\"2024-03-22T20:30:52+00:00\" \/>\n<meta property=\"article:modified_time\" content=\"2024-03-22T20:30:54+00:00\" \/>\n<meta property=\"og:image\" content=\"https:\/\/msconectado.com.br\/wp-content\/uploads\/2024\/03\/sdfdsfdsf-3.jpg\" \/>\n\t<meta property=\"og:image:width\" content=\"1732\" \/>\n\t<meta property=\"og:image:height\" content=\"1155\" \/>\n\t<meta property=\"og:image:type\" content=\"image\/jpeg\" \/>\n<meta name=\"author\" content=\"MsConectado\" \/>\n<meta name=\"twitter:card\" content=\"summary_large_image\" \/>\n<meta name=\"twitter:label1\" content=\"Escrito por\" \/>\n\t<meta name=\"twitter:data1\" content=\"MsConectado\" \/>\n\t<meta name=\"twitter:label2\" content=\"Est. tempo de leitura\" \/>\n\t<meta name=\"twitter:data2\" content=\"3 minutos\" \/>\n<script type=\"application\/ld+json\" class=\"yoast-schema-graph\">{\"@context\":\"https:\\\/\\\/schema.org\",\"@graph\":[{\"@type\":\"Article\",\"@id\":\"https:\\\/\\\/msconectado.com.br\\\/?p=21589#article\",\"isPartOf\":{\"@id\":\"https:\\\/\\\/msconectado.com.br\\\/?p=21589\"},\"author\":{\"name\":\"MsConectado\",\"@id\":\"https:\\\/\\\/msconectado.com.br\\\/#\\\/schema\\\/person\\\/e5585545b5687092f1041d350b6e2c16\"},\"headline\":\"Com Apoio da Assomasul, Congresso de Cidades Digitais e Inteligentes Inova a Gest\u00e3o P\u00fablica em MS\",\"datePublished\":\"2024-03-22T20:30:52+00:00\",\"dateModified\":\"2024-03-22T20:30:54+00:00\",\"mainEntityOfPage\":{\"@id\":\"https:\\\/\\\/msconectado.com.br\\\/?p=21589\"},\"wordCount\":697,\"commentCount\":0,\"publisher\":{\"@id\":\"https:\\\/\\\/msconectado.com.br\\\/#organization\"},\"image\":{\"@id\":\"https:\\\/\\\/msconectado.com.br\\\/?p=21589#primaryimage\"},\"thumbnailUrl\":\"https:\\\/\\\/msconectado.com.br\\\/wp-content\\\/uploads\\\/2024\\\/03\\\/sdfdsfdsf-3.jpg\",\"articleSection\":[\"Cidades\",\"Not\u00edcia\"],\"inLanguage\":\"pt-BR\",\"potentialAction\":[{\"@type\":\"CommentAction\",\"name\":\"Comment\",\"target\":[\"https:\\\/\\\/msconectado.com.br\\\/?p=21589#respond\"]}]},{\"@type\":\"WebPage\",\"@id\":\"https:\\\/\\\/msconectado.com.br\\\/?p=21589\",\"url\":\"https:\\\/\\\/msconectado.com.br\\\/?p=21589\",\"name\":\"Com Apoio da Assomasul, Congresso de Cidades Digitais e Inteligentes Inova a Gest\u00e3o P\u00fablica em MS - MsConectado\",\"isPartOf\":{\"@id\":\"https:\\\/\\\/msconectado.com.br\\\/#website\"},\"primaryImageOfPage\":{\"@id\":\"https:\\\/\\\/msconectado.com.br\\\/?p=21589#primaryimage\"},\"image\":{\"@id\":\"https:\\\/\\\/msconectado.com.br\\\/?p=21589#primaryimage\"},\"thumbnailUrl\":\"https:\\\/\\\/msconectado.com.br\\\/wp-content\\\/uploads\\\/2024\\\/03\\\/sdfdsfdsf-3.jpg\",\"datePublished\":\"2024-03-22T20:30:52+00:00\",\"dateModified\":\"2024-03-22T20:30:54+00:00\",\"breadcrumb\":{\"@id\":\"https:\\\/\\\/msconectado.com.br\\\/?p=21589#breadcrumb\"},\"inLanguage\":\"pt-BR\",\"potentialAction\":[{\"@type\":\"ReadAction\",\"target\":[\"https:\\\/\\\/msconectado.com.br\\\/?p=21589\"]}]},{\"@type\":\"ImageObject\",\"inLanguage\":\"pt-BR\",\"@id\":\"https:\\\/\\\/msconectado.com.br\\\/?p=21589#primaryimage\",\"url\":\"https:\\\/\\\/msconectado.com.br\\\/wp-content\\\/uploads\\\/2024\\\/03\\\/sdfdsfdsf-3.jpg\",\"contentUrl\":\"https:\\\/\\\/msconectado.com.br\\\/wp-content\\\/uploads\\\/2024\\\/03\\\/sdfdsfdsf-3.jpg\",\"width\":1732,\"height\":1155},{\"@type\":\"BreadcrumbList\",\"@id\":\"https:\\\/\\\/msconectado.com.br\\\/?p=21589#breadcrumb\",\"itemListElement\":[{\"@type\":\"ListItem\",\"position\":1,\"name\":\"In\u00edcio\",\"item\":\"https:\\\/\\\/msconectado.com.br\\\/?page_id=105\"},{\"@type\":\"ListItem\",\"position\":2,\"name\":\"Com Apoio da Assomasul, Congresso de Cidades Digitais e Inteligentes Inova a Gest\u00e3o P\u00fablica em MS\"}]},{\"@type\":\"WebSite\",\"@id\":\"https:\\\/\\\/msconectado.com.br\\\/#website\",\"url\":\"https:\\\/\\\/msconectado.com.br\\\/\",\"name\":\"MsConectado\",\"description\":\"Voc\u00ea Conectado com a Not\u00edcia!\",\"publisher\":{\"@id\":\"https:\\\/\\\/msconectado.com.br\\\/#organization\"},\"potentialAction\":[{\"@type\":\"SearchAction\",\"target\":{\"@type\":\"EntryPoint\",\"urlTemplate\":\"https:\\\/\\\/msconectado.com.br\\\/?s={search_term_string}\"},\"query-input\":{\"@type\":\"PropertyValueSpecification\",\"valueRequired\":true,\"valueName\":\"search_term_string\"}}],\"inLanguage\":\"pt-BR\"},{\"@type\":\"Organization\",\"@id\":\"https:\\\/\\\/msconectado.com.br\\\/#organization\",\"name\":\"MsConectado\",\"url\":\"https:\\\/\\\/msconectado.com.br\\\/\",\"logo\":{\"@type\":\"ImageObject\",\"inLanguage\":\"pt-BR\",\"@id\":\"https:\\\/\\\/msconectado.com.br\\\/#\\\/schema\\\/logo\\\/image\\\/\",\"url\":\"https:\\\/\\\/msconectado.com.br\\\/wp-content\\\/uploads\\\/2023\\\/01\\\/cropped-noticia-2.png\",\"contentUrl\":\"https:\\\/\\\/msconectado.com.br\\\/wp-content\\\/uploads\\\/2023\\\/01\\\/cropped-noticia-2.png\",\"width\":720,\"height\":157,\"caption\":\"MsConectado\"},\"image\":{\"@id\":\"https:\\\/\\\/msconectado.com.br\\\/#\\\/schema\\\/logo\\\/image\\\/\"}},{\"@type\":\"Person\",\"@id\":\"https:\\\/\\\/msconectado.com.br\\\/#\\\/schema\\\/person\\\/e5585545b5687092f1041d350b6e2c16\",\"name\":\"MsConectado\",\"image\":{\"@type\":\"ImageObject\",\"inLanguage\":\"pt-BR\",\"@id\":\"https:\\\/\\\/secure.gravatar.com\\\/avatar\\\/3b4f84a0a8a4380ac4431fa79981d073692380c5da00ae97596e794ab0db5c8c?s=96&d=mm&r=g\",\"url\":\"https:\\\/\\\/secure.gravatar.com\\\/avatar\\\/3b4f84a0a8a4380ac4431fa79981d073692380c5da00ae97596e794ab0db5c8c?s=96&d=mm&r=g\",\"contentUrl\":\"https:\\\/\\\/secure.gravatar.com\\\/avatar\\\/3b4f84a0a8a4380ac4431fa79981d073692380c5da00ae97596e794ab0db5c8c?s=96&d=mm&r=g\",\"caption\":\"MsConectado\"},\"url\":\"https:\\\/\\\/msconectado.com.br\\\/?author=2\"}]}<\/script>\n<!-- \/ Yoast SEO plugin. -->","yoast_head_json":{"title":"Com Apoio da Assomasul, Congresso de Cidades Digitais e Inteligentes Inova a Gest\u00e3o P\u00fablica em MS - MsConectado","robots":{"index":"index","follow":"follow","max-snippet":"max-snippet:-1","max-image-preview":"max-image-preview:large","max-video-preview":"max-video-preview:-1"},"canonical":"https:\/\/msconectado.com.br\/?p=21589","og_locale":"pt_BR","og_type":"article","og_title":"Com Apoio da Assomasul, Congresso de Cidades Digitais e Inteligentes Inova a Gest\u00e3o P\u00fablica em MS - MsConectado","og_description":"Com o apoio institucional da Associa\u00e7\u00e3o dos Munic\u00edpios de Mato Grosso do Sul (Assomasul), o 2.\u00ba Congresso Sul-Mato-Grossense de Cidades Digitais e Inteligentes come\u00e7ou nesta quinta-feira, 21 de mar\u00e7o, no CREA-MS, marcando um importante passo para a moderniza\u00e7\u00e3o e inova\u00e7\u00e3o na gest\u00e3o p\u00fablica do estado. O evento, que re\u00fane representantes de mais de 60 prefeituras, [&hellip;]","og_url":"https:\/\/msconectado.com.br\/?p=21589","og_site_name":"MsConectado","article_published_time":"2024-03-22T20:30:52+00:00","article_modified_time":"2024-03-22T20:30:54+00:00","og_image":[{"width":1732,"height":1155,"url":"https:\/\/msconectado.com.br\/wp-content\/uploads\/2024\/03\/sdfdsfdsf-3.jpg","type":"image\/jpeg"}],"author":"MsConectado","twitter_card":"summary_large_image","twitter_misc":{"Escrito por":"MsConectado","Est. tempo de leitura":"3 minutos"},"schema":{"@context":"https:\/\/schema.org","@graph":[{"@type":"Article","@id":"https:\/\/msconectado.com.br\/?p=21589#article","isPartOf":{"@id":"https:\/\/msconectado.com.br\/?p=21589"},"author":{"name":"MsConectado","@id":"https:\/\/msconectado.com.br\/#\/schema\/person\/e5585545b5687092f1041d350b6e2c16"},"headline":"Com Apoio da Assomasul, Congresso de Cidades Digitais e Inteligentes Inova a Gest\u00e3o P\u00fablica em MS","datePublished":"2024-03-22T20:30:52+00:00","dateModified":"2024-03-22T20:30:54+00:00","mainEntityOfPage":{"@id":"https:\/\/msconectado.com.br\/?p=21589"},"wordCount":697,"commentCount":0,"publisher":{"@id":"https:\/\/msconectado.com.br\/#organization"},"image":{"@id":"https:\/\/msconectado.com.br\/?p=21589#primaryimage"},"thumbnailUrl":"https:\/\/msconectado.com.br\/wp-content\/uploads\/2024\/03\/sdfdsfdsf-3.jpg","articleSection":["Cidades","Not\u00edcia"],"inLanguage":"pt-BR","potentialAction":[{"@type":"CommentAction","name":"Comment","target":["https:\/\/msconectado.com.br\/?p=21589#respond"]}]},{"@type":"WebPage","@id":"https:\/\/msconectado.com.br\/?p=21589","url":"https:\/\/msconectado.com.br\/?p=21589","name":"Com Apoio da Assomasul, Congresso de Cidades Digitais e Inteligentes Inova a Gest\u00e3o P\u00fablica em MS - MsConectado","isPartOf":{"@id":"https:\/\/msconectado.com.br\/#website"},"primaryImageOfPage":{"@id":"https:\/\/msconectado.com.br\/?p=21589#primaryimage"},"image":{"@id":"https:\/\/msconectado.com.br\/?p=21589#primaryimage"},"thumbnailUrl":"https:\/\/msconectado.com.br\/wp-content\/uploads\/2024\/03\/sdfdsfdsf-3.jpg","datePublished":"2024-03-22T20:30:52+00:00","dateModified":"2024-03-22T20:30:54+00:00","breadcrumb":{"@id":"https:\/\/msconectado.com.br\/?p=21589#breadcrumb"},"inLanguage":"pt-BR","potentialAction":[{"@type":"ReadAction","target":["https:\/\/msconectado.com.br\/?p=21589"]}]},{"@type":"ImageObject","inLanguage":"pt-BR","@id":"https:\/\/msconectado.com.br\/?p=21589#primaryimage","url":"https:\/\/msconectado.com.br\/wp-content\/uploads\/2024\/03\/sdfdsfdsf-3.jpg","contentUrl":"https:\/\/msconectado.com.br\/wp-content\/uploads\/2024\/03\/sdfdsfdsf-3.jpg","width":1732,"height":1155},{"@type":"BreadcrumbList","@id":"https:\/\/msconectado.com.br\/?p=21589#breadcrumb","itemListElement":[{"@type":"ListItem","position":1,"name":"In\u00edcio","item":"https:\/\/msconectado.com.br\/?page_id=105"},{"@type":"ListItem","position":2,"name":"Com Apoio da Assomasul, Congresso de Cidades Digitais e Inteligentes Inova a Gest\u00e3o P\u00fablica em MS"}]},{"@type":"WebSite","@id":"https:\/\/msconectado.com.br\/#website","url":"https:\/\/msconectado.com.br\/","name":"MsConectado","description":"Voc\u00ea Conectado com a Not\u00edcia!","publisher":{"@id":"https:\/\/msconectado.com.br\/#organization"},"potentialAction":[{"@type":"SearchAction","target":{"@type":"EntryPoint","urlTemplate":"https:\/\/msconectado.com.br\/?s={search_term_string}"},"query-input":{"@type":"PropertyValueSpecification","valueRequired":true,"valueName":"search_term_string"}}],"inLanguage":"pt-BR"},{"@type":"Organization","@id":"https:\/\/msconectado.com.br\/#organization","name":"MsConectado","url":"https:\/\/msconectado.com.br\/","logo":{"@type":"ImageObject","inLanguage":"pt-BR","@id":"https:\/\/msconectado.com.br\/#\/schema\/logo\/image\/","url":"https:\/\/msconectado.com.br\/wp-content\/uploads\/2023\/01\/cropped-noticia-2.png","contentUrl":"https:\/\/msconectado.com.br\/wp-content\/uploads\/2023\/01\/cropped-noticia-2.png","width":720,"height":157,"caption":"MsConectado"},"image":{"@id":"https:\/\/msconectado.com.br\/#\/schema\/logo\/image\/"}},{"@type":"Person","@id":"https:\/\/msconectado.com.br\/#\/schema\/person\/e5585545b5687092f1041d350b6e2c16","name":"MsConectado","image":{"@type":"ImageObject","inLanguage":"pt-BR","@id":"https:\/\/secure.gravatar.com\/avatar\/3b4f84a0a8a4380ac4431fa79981d073692380c5da00ae97596e794ab0db5c8c?s=96&d=mm&r=g","url":"https:\/\/secure.gravatar.com\/avatar\/3b4f84a0a8a4380ac4431fa79981d073692380c5da00ae97596e794ab0db5c8c?s=96&d=mm&r=g","contentUrl":"https:\/\/secure.gravatar.com\/avatar\/3b4f84a0a8a4380ac4431fa79981d073692380c5da00ae97596e794ab0db5c8c?s=96&d=mm&r=g","caption":"MsConectado"},"url":"https:\/\/msconectado.com.br\/?author=2"}]}},"_links":{"self":[{"href":"https:\/\/msconectado.com.br\/index.php?rest_route=\/wp\/v2\/posts\/21589","targetHints":{"allow":["GET"]}}],"collection":[{"href":"https:\/\/msconectado.com.br\/index.php?rest_route=\/wp\/v2\/posts"}],"about":[{"href":"https:\/\/msconectado.com.br\/index.php?rest_route=\/wp\/v2\/types\/post"}],"author":[{"embeddable":true,"href":"https:\/\/msconectado.com.br\/index.php?rest_route=\/wp\/v2\/users\/2"}],"replies":[{"embeddable":true,"href":"https:\/\/msconectado.com.br\/index.php?rest_route=%2Fwp%2Fv2%2Fcomments&post=21589"}],"version-history":[{"count":1,"href":"https:\/\/msconectado.com.br\/index.php?rest_route=\/wp\/v2\/posts\/21589\/revisions"}],"predecessor-version":[{"id":21591,"href":"https:\/\/msconectado.com.br\/index.php?rest_route=\/wp\/v2\/posts\/21589\/revisions\/21591"}],"wp:featuredmedia":[{"embeddable":true,"href":"https:\/\/msconectado.com.br\/index.php?rest_route=\/wp\/v2\/media\/21590"}],"wp:attachment":[{"href":"https:\/\/msconectado.com.br\/index.php?rest_route=%2Fwp%2Fv2%2Fmedia&parent=21589"}],"wp:term":[{"taxonomy":"category","embeddable":true,"href":"https:\/\/msconectado.com.br\/index.php?rest_route=%2Fwp%2Fv2%2Fcategories&post=21589"},{"taxonomy":"post_tag","embeddable":true,"href":"https:\/\/msconectado.com.br\/index.php?rest_route=%2Fwp%2Fv2%2Ftags&post=21589"}],"curies":[{"name":"wp","href":"https:\/\/api.w.org\/{rel}","templated":true}]}}