
{"id":21592,"date":"2024-03-23T12:00:30","date_gmt":"2024-03-23T12:00:30","guid":{"rendered":"https:\/\/msconectado.com.br\/?p=21592"},"modified":"2024-03-23T12:00:32","modified_gmt":"2024-03-23T12:00:32","slug":"justica-eleitoral-de-mato-grosso-do-sul-completa-45-anos","status":"publish","type":"post","link":"https:\/\/msconectado.com.br\/?p=21592","title":{"rendered":"Justi\u00e7a Eleitoral de Mato Grosso do Sul completa 45 anos."},"content":{"rendered":"\n<p>A Justi\u00e7a Eleitoral de Mato Grosso do Sul completa, nesta sexta-feira (23), 45 anos de exerc\u00edcio ativo no estado. Dos primeiros passos dados em sua cria\u00e7\u00e3o at\u00e9 a consolida\u00e7\u00e3o de uma institui\u00e7\u00e3o exemplar, esta justi\u00e7a especializada tece, ao longo do tempo, uma hist\u00f3ria de excel\u00eancia, transpar\u00eancia e comprometimento com a democracia.<\/p>\n\n\n<div class=\"wp-block-image\">\n<figure class=\"aligncenter size-large\"><img fetchpriority=\"high\" decoding=\"async\" width=\"1024\" height=\"571\" src=\"https:\/\/msconectado.com.br\/wp-content\/uploads\/2024\/03\/image-33-1024x571.png\" alt=\"\" class=\"wp-image-21593\" srcset=\"https:\/\/msconectado.com.br\/wp-content\/uploads\/2024\/03\/image-33-1024x571.png 1024w, https:\/\/msconectado.com.br\/wp-content\/uploads\/2024\/03\/image-33-300x167.png 300w, https:\/\/msconectado.com.br\/wp-content\/uploads\/2024\/03\/image-33-768x428.png 768w, https:\/\/msconectado.com.br\/wp-content\/uploads\/2024\/03\/image-33.png 1080w\" sizes=\"(max-width: 1024px) 100vw, 1024px\" \/><\/figure>\n<\/div>\n\n\n<p>Reconhecida por sua representatividade no cen\u00e1rio nacional, a Justi\u00e7a Eleitoral Guaicuru sempre primou pelo aprimoramento da qualidade dos processos eleitorais e pelo fortalecimento dos pilares da democracia. Desde a sua implanta\u00e7\u00e3o, em 1979, j\u00e1 organizou e implementou 23 elei\u00e7\u00f5es, entre gerais e municipais. Em 1982, ano da primeira elei\u00e7\u00e3o realiza\u00e7\u00e3o pelo TRE-MS, o estado contava com 553.470 mil eleitores. Esse n\u00famero aumentou para 1.972.528 em 2022, representando um crescimento de 78%.<\/p>\n\n\n\n<p>Em sua trajet\u00f3ria coleciona, tamb\u00e9m, not\u00e1veis conquistas e reconhecimentos por sua excel\u00eancia, inova\u00e7\u00e3o e dedica\u00e7\u00e3o \u00e0 comunidade, tais como o 1\u00ba Lugar nacional no Ranking da Transpar\u00eancia CNJ (alcance de 100% dos requisitos exigidos), o 1\u00ba Lugar no Pr\u00eamio CNJ de Qualidade, no segmento eleitoral (categoria Diamante), bem como o 1\u00ba Lugar nacional no Ranking da Transpar\u00eancia CNJ (alcance de 100% dos requisitos exigidos), sendo considerado como o melhor tribunal do pa\u00eds em 2023.<\/p>\n\n\n<div class=\"wp-block-image\">\n<figure class=\"aligncenter size-large\"><img decoding=\"async\" width=\"1024\" height=\"768\" src=\"https:\/\/msconectado.com.br\/wp-content\/uploads\/2024\/03\/image-34-1024x768.png\" alt=\"\" class=\"wp-image-21594\" srcset=\"https:\/\/msconectado.com.br\/wp-content\/uploads\/2024\/03\/image-34-1024x768.png 1024w, https:\/\/msconectado.com.br\/wp-content\/uploads\/2024\/03\/image-34-300x225.png 300w, https:\/\/msconectado.com.br\/wp-content\/uploads\/2024\/03\/image-34-768x576.png 768w, https:\/\/msconectado.com.br\/wp-content\/uploads\/2024\/03\/image-34-1536x1152.png 1536w, https:\/\/msconectado.com.br\/wp-content\/uploads\/2024\/03\/image-34.png 1600w\" sizes=\"(max-width: 1024px) 100vw, 1024px\" \/><\/figure>\n<\/div>\n\n\n<p>Para celebrar a ocasi\u00e3o, o Tribunal Regional Eleitoral de Mato Grosso do Sul, em Sidrol\u00e2ndia, promoveu uma cerim\u00f4nia especial de descerramento da placa em alus\u00e3o aos 45 anos da justi\u00e7a eleitoral em MS, simbolizando uma data marcante para a justi\u00e7a eleitoral. O evento contou com a distinta presen\u00e7a de autoridades locais e representantes da comunidade.<\/p>\n\n\n\n<p>TRE\/MS<\/p>\n\n\n<div class=\"wp-block-image\">\n<figure class=\"aligncenter size-full\"><a href=\"https:\/\/www.sicredi.com.br\/home\/\"><img decoding=\"async\" width=\"900\" height=\"100\" src=\"https:\/\/msconectado.com.br\/wp-content\/uploads\/2024\/03\/MS-conectato-900-x-100-px.gif\" alt=\"\" class=\"wp-image-21595\"\/><\/a><\/figure>\n<\/div>","protected":false},"excerpt":{"rendered":"<p>A Justi\u00e7a Eleitoral de Mato Grosso do Sul completa, nesta sexta-feira (23), 45 anos de exerc\u00edcio ativo no estado. Dos primeiros passos dados em sua cria\u00e7\u00e3o at\u00e9 a consolida\u00e7\u00e3o de uma institui\u00e7\u00e3o exemplar, esta justi\u00e7a especializada tece, ao longo do tempo, uma hist\u00f3ria de excel\u00eancia, transpar\u00eancia e comprometimento com a democracia. Reconhecida por sua representatividade [&hellip;]<\/p>\n","protected":false},"author":2,"featured_media":21596,"comment_status":"open","ping_status":"closed","sticky":false,"template":"","format":"standard","meta":{"footnotes":""},"categories":[35,1,33],"tags":[],"class_list":["post-21592","post","type-post","status-publish","format-standard","has-post-thumbnail","hentry","category-cidades","category-noticia","category-politica"],"yoast_head":"<!-- This site is optimized with the Yoast SEO plugin v27.5 - https:\/\/yoast.com\/product\/yoast-seo-wordpress\/ -->\n<title>Justi\u00e7a Eleitoral de Mato Grosso do Sul completa 45 anos. - MsConectado<\/title>\n<meta name=\"robots\" content=\"index, follow, max-snippet:-1, max-image-preview:large, max-video-preview:-1\" \/>\n<link rel=\"canonical\" href=\"https:\/\/msconectado.com.br\/?p=21592\" \/>\n<meta property=\"og:locale\" content=\"pt_BR\" \/>\n<meta property=\"og:type\" content=\"article\" \/>\n<meta property=\"og:title\" content=\"Justi\u00e7a Eleitoral de Mato Grosso do Sul completa 45 anos. - MsConectado\" \/>\n<meta property=\"og:description\" content=\"A Justi\u00e7a Eleitoral de Mato Grosso do Sul completa, nesta sexta-feira (23), 45 anos de exerc\u00edcio ativo no estado. Dos primeiros passos dados em sua cria\u00e7\u00e3o at\u00e9 a consolida\u00e7\u00e3o de uma institui\u00e7\u00e3o exemplar, esta justi\u00e7a especializada tece, ao longo do tempo, uma hist\u00f3ria de excel\u00eancia, transpar\u00eancia e comprometimento com a democracia. Reconhecida por sua representatividade [&hellip;]\" \/>\n<meta property=\"og:url\" content=\"https:\/\/msconectado.com.br\/?p=21592\" \/>\n<meta property=\"og:site_name\" content=\"MsConectado\" \/>\n<meta property=\"article:published_time\" content=\"2024-03-23T12:00:30+00:00\" \/>\n<meta property=\"article:modified_time\" content=\"2024-03-23T12:00:32+00:00\" \/>\n<meta property=\"og:image\" content=\"https:\/\/msconectado.com.br\/wp-content\/uploads\/2024\/03\/JoaoCarlosMarchezan12820150938-1.jpg\" \/>\n\t<meta property=\"og:image:width\" content=\"1080\" \/>\n\t<meta property=\"og:image:height\" content=\"639\" \/>\n\t<meta property=\"og:image:type\" content=\"image\/jpeg\" \/>\n<meta name=\"author\" content=\"MsConectado\" \/>\n<meta name=\"twitter:card\" content=\"summary_large_image\" \/>\n<meta name=\"twitter:label1\" content=\"Escrito por\" \/>\n\t<meta name=\"twitter:data1\" content=\"MsConectado\" \/>\n\t<meta name=\"twitter:label2\" content=\"Est. tempo de leitura\" \/>\n\t<meta name=\"twitter:data2\" content=\"1 minuto\" \/>\n<script type=\"application\/ld+json\" class=\"yoast-schema-graph\">{\"@context\":\"https:\\\/\\\/schema.org\",\"@graph\":[{\"@type\":\"Article\",\"@id\":\"https:\\\/\\\/msconectado.com.br\\\/?p=21592#article\",\"isPartOf\":{\"@id\":\"https:\\\/\\\/msconectado.com.br\\\/?p=21592\"},\"author\":{\"name\":\"MsConectado\",\"@id\":\"https:\\\/\\\/msconectado.com.br\\\/#\\\/schema\\\/person\\\/e5585545b5687092f1041d350b6e2c16\"},\"headline\":\"Justi\u00e7a Eleitoral de Mato Grosso do Sul completa 45 anos.\",\"datePublished\":\"2024-03-23T12:00:30+00:00\",\"dateModified\":\"2024-03-23T12:00:32+00:00\",\"mainEntityOfPage\":{\"@id\":\"https:\\\/\\\/msconectado.com.br\\\/?p=21592\"},\"wordCount\":279,\"commentCount\":0,\"publisher\":{\"@id\":\"https:\\\/\\\/msconectado.com.br\\\/#organization\"},\"image\":{\"@id\":\"https:\\\/\\\/msconectado.com.br\\\/?p=21592#primaryimage\"},\"thumbnailUrl\":\"https:\\\/\\\/msconectado.com.br\\\/wp-content\\\/uploads\\\/2024\\\/03\\\/JoaoCarlosMarchezan12820150938-1.jpg\",\"articleSection\":[\"Cidades\",\"Not\u00edcia\",\"Pol\u00edtica\"],\"inLanguage\":\"pt-BR\",\"potentialAction\":[{\"@type\":\"CommentAction\",\"name\":\"Comment\",\"target\":[\"https:\\\/\\\/msconectado.com.br\\\/?p=21592#respond\"]}]},{\"@type\":\"WebPage\",\"@id\":\"https:\\\/\\\/msconectado.com.br\\\/?p=21592\",\"url\":\"https:\\\/\\\/msconectado.com.br\\\/?p=21592\",\"name\":\"Justi\u00e7a Eleitoral de Mato Grosso do Sul completa 45 anos. - MsConectado\",\"isPartOf\":{\"@id\":\"https:\\\/\\\/msconectado.com.br\\\/#website\"},\"primaryImageOfPage\":{\"@id\":\"https:\\\/\\\/msconectado.com.br\\\/?p=21592#primaryimage\"},\"image\":{\"@id\":\"https:\\\/\\\/msconectado.com.br\\\/?p=21592#primaryimage\"},\"thumbnailUrl\":\"https:\\\/\\\/msconectado.com.br\\\/wp-content\\\/uploads\\\/2024\\\/03\\\/JoaoCarlosMarchezan12820150938-1.jpg\",\"datePublished\":\"2024-03-23T12:00:30+00:00\",\"dateModified\":\"2024-03-23T12:00:32+00:00\",\"breadcrumb\":{\"@id\":\"https:\\\/\\\/msconectado.com.br\\\/?p=21592#breadcrumb\"},\"inLanguage\":\"pt-BR\",\"potentialAction\":[{\"@type\":\"ReadAction\",\"target\":[\"https:\\\/\\\/msconectado.com.br\\\/?p=21592\"]}]},{\"@type\":\"ImageObject\",\"inLanguage\":\"pt-BR\",\"@id\":\"https:\\\/\\\/msconectado.com.br\\\/?p=21592#primaryimage\",\"url\":\"https:\\\/\\\/msconectado.com.br\\\/wp-content\\\/uploads\\\/2024\\\/03\\\/JoaoCarlosMarchezan12820150938-1.jpg\",\"contentUrl\":\"https:\\\/\\\/msconectado.com.br\\\/wp-content\\\/uploads\\\/2024\\\/03\\\/JoaoCarlosMarchezan12820150938-1.jpg\",\"width\":1080,\"height\":639},{\"@type\":\"BreadcrumbList\",\"@id\":\"https:\\\/\\\/msconectado.com.br\\\/?p=21592#breadcrumb\",\"itemListElement\":[{\"@type\":\"ListItem\",\"position\":1,\"name\":\"In\u00edcio\",\"item\":\"https:\\\/\\\/msconectado.com.br\\\/?page_id=105\"},{\"@type\":\"ListItem\",\"position\":2,\"name\":\"Justi\u00e7a Eleitoral de Mato Grosso do Sul completa 45 anos.\"}]},{\"@type\":\"WebSite\",\"@id\":\"https:\\\/\\\/msconectado.com.br\\\/#website\",\"url\":\"https:\\\/\\\/msconectado.com.br\\\/\",\"name\":\"MsConectado\",\"description\":\"Voc\u00ea Conectado com a Not\u00edcia!\",\"publisher\":{\"@id\":\"https:\\\/\\\/msconectado.com.br\\\/#organization\"},\"potentialAction\":[{\"@type\":\"SearchAction\",\"target\":{\"@type\":\"EntryPoint\",\"urlTemplate\":\"https:\\\/\\\/msconectado.com.br\\\/?s={search_term_string}\"},\"query-input\":{\"@type\":\"PropertyValueSpecification\",\"valueRequired\":true,\"valueName\":\"search_term_string\"}}],\"inLanguage\":\"pt-BR\"},{\"@type\":\"Organization\",\"@id\":\"https:\\\/\\\/msconectado.com.br\\\/#organization\",\"name\":\"MsConectado\",\"url\":\"https:\\\/\\\/msconectado.com.br\\\/\",\"logo\":{\"@type\":\"ImageObject\",\"inLanguage\":\"pt-BR\",\"@id\":\"https:\\\/\\\/msconectado.com.br\\\/#\\\/schema\\\/logo\\\/image\\\/\",\"url\":\"https:\\\/\\\/msconectado.com.br\\\/wp-content\\\/uploads\\\/2023\\\/01\\\/cropped-noticia-2.png\",\"contentUrl\":\"https:\\\/\\\/msconectado.com.br\\\/wp-content\\\/uploads\\\/2023\\\/01\\\/cropped-noticia-2.png\",\"width\":720,\"height\":157,\"caption\":\"MsConectado\"},\"image\":{\"@id\":\"https:\\\/\\\/msconectado.com.br\\\/#\\\/schema\\\/logo\\\/image\\\/\"}},{\"@type\":\"Person\",\"@id\":\"https:\\\/\\\/msconectado.com.br\\\/#\\\/schema\\\/person\\\/e5585545b5687092f1041d350b6e2c16\",\"name\":\"MsConectado\",\"image\":{\"@type\":\"ImageObject\",\"inLanguage\":\"pt-BR\",\"@id\":\"https:\\\/\\\/secure.gravatar.com\\\/avatar\\\/3b4f84a0a8a4380ac4431fa79981d073692380c5da00ae97596e794ab0db5c8c?s=96&d=mm&r=g\",\"url\":\"https:\\\/\\\/secure.gravatar.com\\\/avatar\\\/3b4f84a0a8a4380ac4431fa79981d073692380c5da00ae97596e794ab0db5c8c?s=96&d=mm&r=g\",\"contentUrl\":\"https:\\\/\\\/secure.gravatar.com\\\/avatar\\\/3b4f84a0a8a4380ac4431fa79981d073692380c5da00ae97596e794ab0db5c8c?s=96&d=mm&r=g\",\"caption\":\"MsConectado\"},\"url\":\"https:\\\/\\\/msconectado.com.br\\\/?author=2\"}]}<\/script>\n<!-- \/ Yoast SEO plugin. -->","yoast_head_json":{"title":"Justi\u00e7a Eleitoral de Mato Grosso do Sul completa 45 anos. - MsConectado","robots":{"index":"index","follow":"follow","max-snippet":"max-snippet:-1","max-image-preview":"max-image-preview:large","max-video-preview":"max-video-preview:-1"},"canonical":"https:\/\/msconectado.com.br\/?p=21592","og_locale":"pt_BR","og_type":"article","og_title":"Justi\u00e7a Eleitoral de Mato Grosso do Sul completa 45 anos. - MsConectado","og_description":"A Justi\u00e7a Eleitoral de Mato Grosso do Sul completa, nesta sexta-feira (23), 45 anos de exerc\u00edcio ativo no estado. Dos primeiros passos dados em sua cria\u00e7\u00e3o at\u00e9 a consolida\u00e7\u00e3o de uma institui\u00e7\u00e3o exemplar, esta justi\u00e7a especializada tece, ao longo do tempo, uma hist\u00f3ria de excel\u00eancia, transpar\u00eancia e comprometimento com a democracia. Reconhecida por sua representatividade [&hellip;]","og_url":"https:\/\/msconectado.com.br\/?p=21592","og_site_name":"MsConectado","article_published_time":"2024-03-23T12:00:30+00:00","article_modified_time":"2024-03-23T12:00:32+00:00","og_image":[{"width":1080,"height":639,"url":"https:\/\/msconectado.com.br\/wp-content\/uploads\/2024\/03\/JoaoCarlosMarchezan12820150938-1.jpg","type":"image\/jpeg"}],"author":"MsConectado","twitter_card":"summary_large_image","twitter_misc":{"Escrito por":"MsConectado","Est. tempo de leitura":"1 minuto"},"schema":{"@context":"https:\/\/schema.org","@graph":[{"@type":"Article","@id":"https:\/\/msconectado.com.br\/?p=21592#article","isPartOf":{"@id":"https:\/\/msconectado.com.br\/?p=21592"},"author":{"name":"MsConectado","@id":"https:\/\/msconectado.com.br\/#\/schema\/person\/e5585545b5687092f1041d350b6e2c16"},"headline":"Justi\u00e7a Eleitoral de Mato Grosso do Sul completa 45 anos.","datePublished":"2024-03-23T12:00:30+00:00","dateModified":"2024-03-23T12:00:32+00:00","mainEntityOfPage":{"@id":"https:\/\/msconectado.com.br\/?p=21592"},"wordCount":279,"commentCount":0,"publisher":{"@id":"https:\/\/msconectado.com.br\/#organization"},"image":{"@id":"https:\/\/msconectado.com.br\/?p=21592#primaryimage"},"thumbnailUrl":"https:\/\/msconectado.com.br\/wp-content\/uploads\/2024\/03\/JoaoCarlosMarchezan12820150938-1.jpg","articleSection":["Cidades","Not\u00edcia","Pol\u00edtica"],"inLanguage":"pt-BR","potentialAction":[{"@type":"CommentAction","name":"Comment","target":["https:\/\/msconectado.com.br\/?p=21592#respond"]}]},{"@type":"WebPage","@id":"https:\/\/msconectado.com.br\/?p=21592","url":"https:\/\/msconectado.com.br\/?p=21592","name":"Justi\u00e7a Eleitoral de Mato Grosso do Sul completa 45 anos. - MsConectado","isPartOf":{"@id":"https:\/\/msconectado.com.br\/#website"},"primaryImageOfPage":{"@id":"https:\/\/msconectado.com.br\/?p=21592#primaryimage"},"image":{"@id":"https:\/\/msconectado.com.br\/?p=21592#primaryimage"},"thumbnailUrl":"https:\/\/msconectado.com.br\/wp-content\/uploads\/2024\/03\/JoaoCarlosMarchezan12820150938-1.jpg","datePublished":"2024-03-23T12:00:30+00:00","dateModified":"2024-03-23T12:00:32+00:00","breadcrumb":{"@id":"https:\/\/msconectado.com.br\/?p=21592#breadcrumb"},"inLanguage":"pt-BR","potentialAction":[{"@type":"ReadAction","target":["https:\/\/msconectado.com.br\/?p=21592"]}]},{"@type":"ImageObject","inLanguage":"pt-BR","@id":"https:\/\/msconectado.com.br\/?p=21592#primaryimage","url":"https:\/\/msconectado.com.br\/wp-content\/uploads\/2024\/03\/JoaoCarlosMarchezan12820150938-1.jpg","contentUrl":"https:\/\/msconectado.com.br\/wp-content\/uploads\/2024\/03\/JoaoCarlosMarchezan12820150938-1.jpg","width":1080,"height":639},{"@type":"BreadcrumbList","@id":"https:\/\/msconectado.com.br\/?p=21592#breadcrumb","itemListElement":[{"@type":"ListItem","position":1,"name":"In\u00edcio","item":"https:\/\/msconectado.com.br\/?page_id=105"},{"@type":"ListItem","position":2,"name":"Justi\u00e7a Eleitoral de Mato Grosso do Sul completa 45 anos."}]},{"@type":"WebSite","@id":"https:\/\/msconectado.com.br\/#website","url":"https:\/\/msconectado.com.br\/","name":"MsConectado","description":"Voc\u00ea Conectado com a Not\u00edcia!","publisher":{"@id":"https:\/\/msconectado.com.br\/#organization"},"potentialAction":[{"@type":"SearchAction","target":{"@type":"EntryPoint","urlTemplate":"https:\/\/msconectado.com.br\/?s={search_term_string}"},"query-input":{"@type":"PropertyValueSpecification","valueRequired":true,"valueName":"search_term_string"}}],"inLanguage":"pt-BR"},{"@type":"Organization","@id":"https:\/\/msconectado.com.br\/#organization","name":"MsConectado","url":"https:\/\/msconectado.com.br\/","logo":{"@type":"ImageObject","inLanguage":"pt-BR","@id":"https:\/\/msconectado.com.br\/#\/schema\/logo\/image\/","url":"https:\/\/msconectado.com.br\/wp-content\/uploads\/2023\/01\/cropped-noticia-2.png","contentUrl":"https:\/\/msconectado.com.br\/wp-content\/uploads\/2023\/01\/cropped-noticia-2.png","width":720,"height":157,"caption":"MsConectado"},"image":{"@id":"https:\/\/msconectado.com.br\/#\/schema\/logo\/image\/"}},{"@type":"Person","@id":"https:\/\/msconectado.com.br\/#\/schema\/person\/e5585545b5687092f1041d350b6e2c16","name":"MsConectado","image":{"@type":"ImageObject","inLanguage":"pt-BR","@id":"https:\/\/secure.gravatar.com\/avatar\/3b4f84a0a8a4380ac4431fa79981d073692380c5da00ae97596e794ab0db5c8c?s=96&d=mm&r=g","url":"https:\/\/secure.gravatar.com\/avatar\/3b4f84a0a8a4380ac4431fa79981d073692380c5da00ae97596e794ab0db5c8c?s=96&d=mm&r=g","contentUrl":"https:\/\/secure.gravatar.com\/avatar\/3b4f84a0a8a4380ac4431fa79981d073692380c5da00ae97596e794ab0db5c8c?s=96&d=mm&r=g","caption":"MsConectado"},"url":"https:\/\/msconectado.com.br\/?author=2"}]}},"_links":{"self":[{"href":"https:\/\/msconectado.com.br\/index.php?rest_route=\/wp\/v2\/posts\/21592","targetHints":{"allow":["GET"]}}],"collection":[{"href":"https:\/\/msconectado.com.br\/index.php?rest_route=\/wp\/v2\/posts"}],"about":[{"href":"https:\/\/msconectado.com.br\/index.php?rest_route=\/wp\/v2\/types\/post"}],"author":[{"embeddable":true,"href":"https:\/\/msconectado.com.br\/index.php?rest_route=\/wp\/v2\/users\/2"}],"replies":[{"embeddable":true,"href":"https:\/\/msconectado.com.br\/index.php?rest_route=%2Fwp%2Fv2%2Fcomments&post=21592"}],"version-history":[{"count":1,"href":"https:\/\/msconectado.com.br\/index.php?rest_route=\/wp\/v2\/posts\/21592\/revisions"}],"predecessor-version":[{"id":21597,"href":"https:\/\/msconectado.com.br\/index.php?rest_route=\/wp\/v2\/posts\/21592\/revisions\/21597"}],"wp:featuredmedia":[{"embeddable":true,"href":"https:\/\/msconectado.com.br\/index.php?rest_route=\/wp\/v2\/media\/21596"}],"wp:attachment":[{"href":"https:\/\/msconectado.com.br\/index.php?rest_route=%2Fwp%2Fv2%2Fmedia&parent=21592"}],"wp:term":[{"taxonomy":"category","embeddable":true,"href":"https:\/\/msconectado.com.br\/index.php?rest_route=%2Fwp%2Fv2%2Fcategories&post=21592"},{"taxonomy":"post_tag","embeddable":true,"href":"https:\/\/msconectado.com.br\/index.php?rest_route=%2Fwp%2Fv2%2Ftags&post=21592"}],"curies":[{"name":"wp","href":"https:\/\/api.w.org\/{rel}","templated":true}]}}