{"id":21608,"date":"2024-03-26T11:25:46","date_gmt":"2024-03-26T11:25:46","guid":{"rendered":"https:\/\/msconectado.com.br\/?p=21608"},"modified":"2024-03-26T11:25:47","modified_gmt":"2024-03-26T11:25:47","slug":"linguica-de-maracaju-se-torna-patrimonio-imaterial-e-cultural-de-mato-grosso-do-sul","status":"publish","type":"post","link":"https:\/\/msconectado.com.br\/?p=21608","title":{"rendered":"Lingui\u00e7a de Maracaju se torna patrim\u00f4nio imaterial e cultural de Mato Grosso do Sul"},"content":{"rendered":"\n<p>Ligada \u00e0 tradi\u00e7\u00e3o das fam\u00edlias mineiras que povoaram a regi\u00e3o sudeste do ent\u00e3o Mato Grosso uno, a lingui\u00e7a de Maracaju se tornou patrim\u00f4nio imaterial e cultural de Mato Grosso do Sul. A medida consta no\u00a0<a href=\"https:\/\/diariooficial.al.ms.gov.br\/DiarioOficial\/DownloadPdf?q=ZEk5AkBtUIMP9W3N5IWVIA==\" target=\"_blank\" rel=\"noreferrer noopener\">Decreto Legislativo 784\/2024<\/a>, publicado pela Mesa Diretora da Assembleia Legislativa na edi\u00e7\u00e3o desta quinta-feira (21) no Di\u00e1rio Oficial do Parlamento. A proposta \u00e9 da deputada Mara Caseiro (PSDB).<\/p>\n\n\n<div class=\"wp-block-image\">\n<figure class=\"aligncenter size-large\"><img fetchpriority=\"high\" decoding=\"async\" width=\"1024\" height=\"682\" src=\"https:\/\/msconectado.com.br\/wp-content\/uploads\/2024\/03\/image-39-1024x682.png\" alt=\"\" class=\"wp-image-21609\" srcset=\"https:\/\/msconectado.com.br\/wp-content\/uploads\/2024\/03\/image-39-1024x682.png 1024w, https:\/\/msconectado.com.br\/wp-content\/uploads\/2024\/03\/image-39-300x200.png 300w, https:\/\/msconectado.com.br\/wp-content\/uploads\/2024\/03\/image-39-768x512.png 768w, https:\/\/msconectado.com.br\/wp-content\/uploads\/2024\/03\/image-39-360x240.png 360w, https:\/\/msconectado.com.br\/wp-content\/uploads\/2024\/03\/image-39.png 1181w\" sizes=\"(max-width: 1024px) 100vw, 1024px\" \/><\/figure>\n<\/div>\n\n\n<p>Conforme o Decreto, caber\u00e1 ao Poder Executivo, por meio da Funda\u00e7\u00e3o de Cultura de Mato Grosso do Sul, promover a ado\u00e7\u00e3o das medidas cab\u00edveis para registro da lingui\u00e7a de Maracaju como patrim\u00f4nio imaterial e cultural do Estado. O objetivo \u00e9 reconhecer a import\u00e2ncia hist\u00f3rica, cultural e social do produto aliment\u00edcio sul-mato-grossense.<\/p>\n\n\n\n<p>Na justificativa do projeto, a deputada Mara Caseiro informa que a lingui\u00e7a de Maracaju integra a tradi\u00e7\u00e3o de fam\u00edlias que vieram do Tri\u00e2ngulo Mineiro e povoaram a Serra de Maracaju, no sudeste do ent\u00e3o estado de Mato Grosso. \u201cQuando as comitivas chegavam, os suprimentos j\u00e1 estavam escassos, e com isso passaram a utilizar a carne de boi, aqui abundante, para fazer a lingui\u00e7a, levando-se em conta a tradi\u00e7\u00e3o da pecu\u00e1ria bovina que j\u00e1 predominava no estado\u201d, afirmou a parlamentar.<\/p>\n\n\n\n<p>Com o cont\u00ednuo crescimento comercial da lingui\u00e7a, come\u00e7ou a ser realizada, a partir da d\u00e9cada de 1990, \u201cFesta da Lingui\u00e7a de Maracaju\u201d. Desde 2008, essa festividade faz parte do calend\u00e1rio oficial de eventos Mato Grosso do Sul. Neste ano, a festa chega \u00e0 sua 28\u00aa edi\u00e7\u00e3o. A Lingui\u00e7a de Maracaju tamb\u00e9m est\u00e1 no Guiness Book (edi\u00e7\u00e3o de 1998), quando foi fabricada uma lingui\u00e7a com o tamanho recorde de 31 metros de comprimento.<\/p>\n\n\n\n<p>ALEMS<\/p>\n\n\n<div class=\"wp-block-image\">\n<figure class=\"aligncenter size-full\"><img decoding=\"async\" width=\"900\" height=\"100\" src=\"https:\/\/msconectado.com.br\/wp-content\/uploads\/2024\/03\/MS-conectato-900-x-100-px.gif\" alt=\"\" class=\"wp-image-21595\"\/><\/figure>\n<\/div>","protected":false},"excerpt":{"rendered":"<p>Ligada \u00e0 tradi\u00e7\u00e3o das fam\u00edlias mineiras que povoaram a regi\u00e3o sudeste do ent\u00e3o Mato Grosso uno, a lingui\u00e7a de Maracaju se tornou patrim\u00f4nio imaterial e cultural de Mato Grosso do Sul. A medida consta no\u00a0Decreto Legislativo 784\/2024, publicado pela Mesa Diretora da Assembleia Legislativa na edi\u00e7\u00e3o desta quinta-feira (21) no Di\u00e1rio Oficial do Parlamento. A [&hellip;]<\/p>\n","protected":false},"author":2,"featured_media":21610,"comment_status":"open","ping_status":"closed","sticky":false,"template":"","format":"standard","meta":{"footnotes":""},"categories":[38,1,33],"tags":[],"class_list":["post-21608","post","type-post","status-publish","format-standard","has-post-thumbnail","hentry","category-assembleia-legislativa","category-noticia","category-politica"],"yoast_head":"<!-- This site is optimized with the Yoast SEO plugin v27.5 - https:\/\/yoast.com\/product\/yoast-seo-wordpress\/ -->\n<title>Lingui\u00e7a de Maracaju se torna patrim\u00f4nio imaterial e cultural de Mato Grosso do Sul - MsConectado<\/title>\n<meta name=\"robots\" content=\"index, follow, max-snippet:-1, max-image-preview:large, max-video-preview:-1\" \/>\n<link rel=\"canonical\" href=\"https:\/\/msconectado.com.br\/?p=21608\" \/>\n<meta property=\"og:locale\" content=\"pt_BR\" \/>\n<meta property=\"og:type\" content=\"article\" \/>\n<meta property=\"og:title\" content=\"Lingui\u00e7a de Maracaju se torna patrim\u00f4nio imaterial e cultural de Mato Grosso do Sul - MsConectado\" \/>\n<meta property=\"og:description\" content=\"Ligada \u00e0 tradi\u00e7\u00e3o das fam\u00edlias mineiras que povoaram a regi\u00e3o sudeste do ent\u00e3o Mato Grosso uno, a lingui\u00e7a de Maracaju se tornou patrim\u00f4nio imaterial e cultural de Mato Grosso do Sul. A medida consta no\u00a0Decreto Legislativo 784\/2024, publicado pela Mesa Diretora da Assembleia Legislativa na edi\u00e7\u00e3o desta quinta-feira (21) no Di\u00e1rio Oficial do Parlamento. A [&hellip;]\" \/>\n<meta property=\"og:url\" content=\"https:\/\/msconectado.com.br\/?p=21608\" \/>\n<meta property=\"og:site_name\" content=\"MsConectado\" \/>\n<meta property=\"article:published_time\" content=\"2024-03-26T11:25:46+00:00\" \/>\n<meta property=\"article:modified_time\" content=\"2024-03-26T11:25:47+00:00\" \/>\n<meta property=\"og:image\" content=\"https:\/\/msconectado.com.br\/wp-content\/uploads\/2024\/03\/2024_03_21_02_54_55_674df106-ce5f-40e9-b775-1637faa87614.jpg\" \/>\n\t<meta property=\"og:image:width\" content=\"740\" \/>\n\t<meta property=\"og:image:height\" content=\"493\" \/>\n\t<meta property=\"og:image:type\" content=\"image\/jpeg\" \/>\n<meta name=\"author\" content=\"MsConectado\" \/>\n<meta name=\"twitter:card\" content=\"summary_large_image\" \/>\n<meta name=\"twitter:label1\" content=\"Escrito por\" \/>\n\t<meta name=\"twitter:data1\" content=\"MsConectado\" \/>\n\t<meta name=\"twitter:label2\" content=\"Est. tempo de leitura\" \/>\n\t<meta name=\"twitter:data2\" content=\"1 minuto\" \/>\n<script type=\"application\/ld+json\" class=\"yoast-schema-graph\">{\"@context\":\"https:\\\/\\\/schema.org\",\"@graph\":[{\"@type\":\"Article\",\"@id\":\"https:\\\/\\\/msconectado.com.br\\\/?p=21608#article\",\"isPartOf\":{\"@id\":\"https:\\\/\\\/msconectado.com.br\\\/?p=21608\"},\"author\":{\"name\":\"MsConectado\",\"@id\":\"https:\\\/\\\/msconectado.com.br\\\/#\\\/schema\\\/person\\\/e5585545b5687092f1041d350b6e2c16\"},\"headline\":\"Lingui\u00e7a de Maracaju se torna patrim\u00f4nio imaterial e cultural de Mato Grosso do Sul\",\"datePublished\":\"2024-03-26T11:25:46+00:00\",\"dateModified\":\"2024-03-26T11:25:47+00:00\",\"mainEntityOfPage\":{\"@id\":\"https:\\\/\\\/msconectado.com.br\\\/?p=21608\"},\"wordCount\":306,\"commentCount\":0,\"publisher\":{\"@id\":\"https:\\\/\\\/msconectado.com.br\\\/#organization\"},\"image\":{\"@id\":\"https:\\\/\\\/msconectado.com.br\\\/?p=21608#primaryimage\"},\"thumbnailUrl\":\"https:\\\/\\\/msconectado.com.br\\\/wp-content\\\/uploads\\\/2024\\\/03\\\/2024_03_21_02_54_55_674df106-ce5f-40e9-b775-1637faa87614.jpg\",\"articleSection\":[\"Assembleia Legislativa\",\"Not\u00edcia\",\"Pol\u00edtica\"],\"inLanguage\":\"pt-BR\",\"potentialAction\":[{\"@type\":\"CommentAction\",\"name\":\"Comment\",\"target\":[\"https:\\\/\\\/msconectado.com.br\\\/?p=21608#respond\"]}]},{\"@type\":\"WebPage\",\"@id\":\"https:\\\/\\\/msconectado.com.br\\\/?p=21608\",\"url\":\"https:\\\/\\\/msconectado.com.br\\\/?p=21608\",\"name\":\"Lingui\u00e7a de Maracaju se torna patrim\u00f4nio imaterial e cultural de Mato Grosso do Sul - MsConectado\",\"isPartOf\":{\"@id\":\"https:\\\/\\\/msconectado.com.br\\\/#website\"},\"primaryImageOfPage\":{\"@id\":\"https:\\\/\\\/msconectado.com.br\\\/?p=21608#primaryimage\"},\"image\":{\"@id\":\"https:\\\/\\\/msconectado.com.br\\\/?p=21608#primaryimage\"},\"thumbnailUrl\":\"https:\\\/\\\/msconectado.com.br\\\/wp-content\\\/uploads\\\/2024\\\/03\\\/2024_03_21_02_54_55_674df106-ce5f-40e9-b775-1637faa87614.jpg\",\"datePublished\":\"2024-03-26T11:25:46+00:00\",\"dateModified\":\"2024-03-26T11:25:47+00:00\",\"breadcrumb\":{\"@id\":\"https:\\\/\\\/msconectado.com.br\\\/?p=21608#breadcrumb\"},\"inLanguage\":\"pt-BR\",\"potentialAction\":[{\"@type\":\"ReadAction\",\"target\":[\"https:\\\/\\\/msconectado.com.br\\\/?p=21608\"]}]},{\"@type\":\"ImageObject\",\"inLanguage\":\"pt-BR\",\"@id\":\"https:\\\/\\\/msconectado.com.br\\\/?p=21608#primaryimage\",\"url\":\"https:\\\/\\\/msconectado.com.br\\\/wp-content\\\/uploads\\\/2024\\\/03\\\/2024_03_21_02_54_55_674df106-ce5f-40e9-b775-1637faa87614.jpg\",\"contentUrl\":\"https:\\\/\\\/msconectado.com.br\\\/wp-content\\\/uploads\\\/2024\\\/03\\\/2024_03_21_02_54_55_674df106-ce5f-40e9-b775-1637faa87614.jpg\",\"width\":740,\"height\":493},{\"@type\":\"BreadcrumbList\",\"@id\":\"https:\\\/\\\/msconectado.com.br\\\/?p=21608#breadcrumb\",\"itemListElement\":[{\"@type\":\"ListItem\",\"position\":1,\"name\":\"In\u00edcio\",\"item\":\"https:\\\/\\\/msconectado.com.br\\\/?page_id=105\"},{\"@type\":\"ListItem\",\"position\":2,\"name\":\"Lingui\u00e7a de Maracaju se torna patrim\u00f4nio imaterial e cultural de Mato Grosso do Sul\"}]},{\"@type\":\"WebSite\",\"@id\":\"https:\\\/\\\/msconectado.com.br\\\/#website\",\"url\":\"https:\\\/\\\/msconectado.com.br\\\/\",\"name\":\"MsConectado\",\"description\":\"Voc\u00ea Conectado com a Not\u00edcia!\",\"publisher\":{\"@id\":\"https:\\\/\\\/msconectado.com.br\\\/#organization\"},\"potentialAction\":[{\"@type\":\"SearchAction\",\"target\":{\"@type\":\"EntryPoint\",\"urlTemplate\":\"https:\\\/\\\/msconectado.com.br\\\/?s={search_term_string}\"},\"query-input\":{\"@type\":\"PropertyValueSpecification\",\"valueRequired\":true,\"valueName\":\"search_term_string\"}}],\"inLanguage\":\"pt-BR\"},{\"@type\":\"Organization\",\"@id\":\"https:\\\/\\\/msconectado.com.br\\\/#organization\",\"name\":\"MsConectado\",\"url\":\"https:\\\/\\\/msconectado.com.br\\\/\",\"logo\":{\"@type\":\"ImageObject\",\"inLanguage\":\"pt-BR\",\"@id\":\"https:\\\/\\\/msconectado.com.br\\\/#\\\/schema\\\/logo\\\/image\\\/\",\"url\":\"https:\\\/\\\/msconectado.com.br\\\/wp-content\\\/uploads\\\/2023\\\/01\\\/cropped-noticia-2.png\",\"contentUrl\":\"https:\\\/\\\/msconectado.com.br\\\/wp-content\\\/uploads\\\/2023\\\/01\\\/cropped-noticia-2.png\",\"width\":720,\"height\":157,\"caption\":\"MsConectado\"},\"image\":{\"@id\":\"https:\\\/\\\/msconectado.com.br\\\/#\\\/schema\\\/logo\\\/image\\\/\"}},{\"@type\":\"Person\",\"@id\":\"https:\\\/\\\/msconectado.com.br\\\/#\\\/schema\\\/person\\\/e5585545b5687092f1041d350b6e2c16\",\"name\":\"MsConectado\",\"image\":{\"@type\":\"ImageObject\",\"inLanguage\":\"pt-BR\",\"@id\":\"https:\\\/\\\/secure.gravatar.com\\\/avatar\\\/3b4f84a0a8a4380ac4431fa79981d073692380c5da00ae97596e794ab0db5c8c?s=96&d=mm&r=g\",\"url\":\"https:\\\/\\\/secure.gravatar.com\\\/avatar\\\/3b4f84a0a8a4380ac4431fa79981d073692380c5da00ae97596e794ab0db5c8c?s=96&d=mm&r=g\",\"contentUrl\":\"https:\\\/\\\/secure.gravatar.com\\\/avatar\\\/3b4f84a0a8a4380ac4431fa79981d073692380c5da00ae97596e794ab0db5c8c?s=96&d=mm&r=g\",\"caption\":\"MsConectado\"},\"url\":\"https:\\\/\\\/msconectado.com.br\\\/?author=2\"}]}<\/script>\n<!-- \/ Yoast SEO plugin. -->","yoast_head_json":{"title":"Lingui\u00e7a de Maracaju se torna patrim\u00f4nio imaterial e cultural de Mato Grosso do Sul - MsConectado","robots":{"index":"index","follow":"follow","max-snippet":"max-snippet:-1","max-image-preview":"max-image-preview:large","max-video-preview":"max-video-preview:-1"},"canonical":"https:\/\/msconectado.com.br\/?p=21608","og_locale":"pt_BR","og_type":"article","og_title":"Lingui\u00e7a de Maracaju se torna patrim\u00f4nio imaterial e cultural de Mato Grosso do Sul - MsConectado","og_description":"Ligada \u00e0 tradi\u00e7\u00e3o das fam\u00edlias mineiras que povoaram a regi\u00e3o sudeste do ent\u00e3o Mato Grosso uno, a lingui\u00e7a de Maracaju se tornou patrim\u00f4nio imaterial e cultural de Mato Grosso do Sul. A medida consta no\u00a0Decreto Legislativo 784\/2024, publicado pela Mesa Diretora da Assembleia Legislativa na edi\u00e7\u00e3o desta quinta-feira (21) no Di\u00e1rio Oficial do Parlamento. A [&hellip;]","og_url":"https:\/\/msconectado.com.br\/?p=21608","og_site_name":"MsConectado","article_published_time":"2024-03-26T11:25:46+00:00","article_modified_time":"2024-03-26T11:25:47+00:00","og_image":[{"width":740,"height":493,"url":"https:\/\/msconectado.com.br\/wp-content\/uploads\/2024\/03\/2024_03_21_02_54_55_674df106-ce5f-40e9-b775-1637faa87614.jpg","type":"image\/jpeg"}],"author":"MsConectado","twitter_card":"summary_large_image","twitter_misc":{"Escrito por":"MsConectado","Est. tempo de leitura":"1 minuto"},"schema":{"@context":"https:\/\/schema.org","@graph":[{"@type":"Article","@id":"https:\/\/msconectado.com.br\/?p=21608#article","isPartOf":{"@id":"https:\/\/msconectado.com.br\/?p=21608"},"author":{"name":"MsConectado","@id":"https:\/\/msconectado.com.br\/#\/schema\/person\/e5585545b5687092f1041d350b6e2c16"},"headline":"Lingui\u00e7a de Maracaju se torna patrim\u00f4nio imaterial e cultural de Mato Grosso do Sul","datePublished":"2024-03-26T11:25:46+00:00","dateModified":"2024-03-26T11:25:47+00:00","mainEntityOfPage":{"@id":"https:\/\/msconectado.com.br\/?p=21608"},"wordCount":306,"commentCount":0,"publisher":{"@id":"https:\/\/msconectado.com.br\/#organization"},"image":{"@id":"https:\/\/msconectado.com.br\/?p=21608#primaryimage"},"thumbnailUrl":"https:\/\/msconectado.com.br\/wp-content\/uploads\/2024\/03\/2024_03_21_02_54_55_674df106-ce5f-40e9-b775-1637faa87614.jpg","articleSection":["Assembleia Legislativa","Not\u00edcia","Pol\u00edtica"],"inLanguage":"pt-BR","potentialAction":[{"@type":"CommentAction","name":"Comment","target":["https:\/\/msconectado.com.br\/?p=21608#respond"]}]},{"@type":"WebPage","@id":"https:\/\/msconectado.com.br\/?p=21608","url":"https:\/\/msconectado.com.br\/?p=21608","name":"Lingui\u00e7a de Maracaju se torna patrim\u00f4nio imaterial e cultural de Mato Grosso do Sul - MsConectado","isPartOf":{"@id":"https:\/\/msconectado.com.br\/#website"},"primaryImageOfPage":{"@id":"https:\/\/msconectado.com.br\/?p=21608#primaryimage"},"image":{"@id":"https:\/\/msconectado.com.br\/?p=21608#primaryimage"},"thumbnailUrl":"https:\/\/msconectado.com.br\/wp-content\/uploads\/2024\/03\/2024_03_21_02_54_55_674df106-ce5f-40e9-b775-1637faa87614.jpg","datePublished":"2024-03-26T11:25:46+00:00","dateModified":"2024-03-26T11:25:47+00:00","breadcrumb":{"@id":"https:\/\/msconectado.com.br\/?p=21608#breadcrumb"},"inLanguage":"pt-BR","potentialAction":[{"@type":"ReadAction","target":["https:\/\/msconectado.com.br\/?p=21608"]}]},{"@type":"ImageObject","inLanguage":"pt-BR","@id":"https:\/\/msconectado.com.br\/?p=21608#primaryimage","url":"https:\/\/msconectado.com.br\/wp-content\/uploads\/2024\/03\/2024_03_21_02_54_55_674df106-ce5f-40e9-b775-1637faa87614.jpg","contentUrl":"https:\/\/msconectado.com.br\/wp-content\/uploads\/2024\/03\/2024_03_21_02_54_55_674df106-ce5f-40e9-b775-1637faa87614.jpg","width":740,"height":493},{"@type":"BreadcrumbList","@id":"https:\/\/msconectado.com.br\/?p=21608#breadcrumb","itemListElement":[{"@type":"ListItem","position":1,"name":"In\u00edcio","item":"https:\/\/msconectado.com.br\/?page_id=105"},{"@type":"ListItem","position":2,"name":"Lingui\u00e7a de Maracaju se torna patrim\u00f4nio imaterial e cultural de Mato Grosso do Sul"}]},{"@type":"WebSite","@id":"https:\/\/msconectado.com.br\/#website","url":"https:\/\/msconectado.com.br\/","name":"MsConectado","description":"Voc\u00ea Conectado com a Not\u00edcia!","publisher":{"@id":"https:\/\/msconectado.com.br\/#organization"},"potentialAction":[{"@type":"SearchAction","target":{"@type":"EntryPoint","urlTemplate":"https:\/\/msconectado.com.br\/?s={search_term_string}"},"query-input":{"@type":"PropertyValueSpecification","valueRequired":true,"valueName":"search_term_string"}}],"inLanguage":"pt-BR"},{"@type":"Organization","@id":"https:\/\/msconectado.com.br\/#organization","name":"MsConectado","url":"https:\/\/msconectado.com.br\/","logo":{"@type":"ImageObject","inLanguage":"pt-BR","@id":"https:\/\/msconectado.com.br\/#\/schema\/logo\/image\/","url":"https:\/\/msconectado.com.br\/wp-content\/uploads\/2023\/01\/cropped-noticia-2.png","contentUrl":"https:\/\/msconectado.com.br\/wp-content\/uploads\/2023\/01\/cropped-noticia-2.png","width":720,"height":157,"caption":"MsConectado"},"image":{"@id":"https:\/\/msconectado.com.br\/#\/schema\/logo\/image\/"}},{"@type":"Person","@id":"https:\/\/msconectado.com.br\/#\/schema\/person\/e5585545b5687092f1041d350b6e2c16","name":"MsConectado","image":{"@type":"ImageObject","inLanguage":"pt-BR","@id":"https:\/\/secure.gravatar.com\/avatar\/3b4f84a0a8a4380ac4431fa79981d073692380c5da00ae97596e794ab0db5c8c?s=96&d=mm&r=g","url":"https:\/\/secure.gravatar.com\/avatar\/3b4f84a0a8a4380ac4431fa79981d073692380c5da00ae97596e794ab0db5c8c?s=96&d=mm&r=g","contentUrl":"https:\/\/secure.gravatar.com\/avatar\/3b4f84a0a8a4380ac4431fa79981d073692380c5da00ae97596e794ab0db5c8c?s=96&d=mm&r=g","caption":"MsConectado"},"url":"https:\/\/msconectado.com.br\/?author=2"}]}},"_links":{"self":[{"href":"https:\/\/msconectado.com.br\/index.php?rest_route=\/wp\/v2\/posts\/21608","targetHints":{"allow":["GET"]}}],"collection":[{"href":"https:\/\/msconectado.com.br\/index.php?rest_route=\/wp\/v2\/posts"}],"about":[{"href":"https:\/\/msconectado.com.br\/index.php?rest_route=\/wp\/v2\/types\/post"}],"author":[{"embeddable":true,"href":"https:\/\/msconectado.com.br\/index.php?rest_route=\/wp\/v2\/users\/2"}],"replies":[{"embeddable":true,"href":"https:\/\/msconectado.com.br\/index.php?rest_route=%2Fwp%2Fv2%2Fcomments&post=21608"}],"version-history":[{"count":1,"href":"https:\/\/msconectado.com.br\/index.php?rest_route=\/wp\/v2\/posts\/21608\/revisions"}],"predecessor-version":[{"id":21611,"href":"https:\/\/msconectado.com.br\/index.php?rest_route=\/wp\/v2\/posts\/21608\/revisions\/21611"}],"wp:featuredmedia":[{"embeddable":true,"href":"https:\/\/msconectado.com.br\/index.php?rest_route=\/wp\/v2\/media\/21610"}],"wp:attachment":[{"href":"https:\/\/msconectado.com.br\/index.php?rest_route=%2Fwp%2Fv2%2Fmedia&parent=21608"}],"wp:term":[{"taxonomy":"category","embeddable":true,"href":"https:\/\/msconectado.com.br\/index.php?rest_route=%2Fwp%2Fv2%2Fcategories&post=21608"},{"taxonomy":"post_tag","embeddable":true,"href":"https:\/\/msconectado.com.br\/index.php?rest_route=%2Fwp%2Fv2%2Ftags&post=21608"}],"curies":[{"name":"wp","href":"https:\/\/api.w.org\/{rel}","templated":true}]}}