
{"id":21618,"date":"2024-03-26T14:58:22","date_gmt":"2024-03-26T14:58:22","guid":{"rendered":"https:\/\/msconectado.com.br\/?p=21618"},"modified":"2024-03-26T14:58:24","modified_gmt":"2024-03-26T14:58:24","slug":"7a-sessao-ordinaria-e-realizada-em-maracaju","status":"publish","type":"post","link":"https:\/\/msconectado.com.br\/?p=21618","title":{"rendered":"7\u00aa Sess\u00e3o ordin\u00e1ria \u00e9 realizada em Maracaju"},"content":{"rendered":"\n<p>Na manh\u00e3 desta segunda-feira (25), ocorreu a 7\u00aa sess\u00e3o ordin\u00e1ria da C\u00e2mara de Vereadores de Maracaju. Dentre os assuntos em pauta, destacou-se a discuss\u00e3o sobre o Projeto de Lei 003\/2024\/PMM, que prop\u00f5e altera\u00e7\u00f5es na Lei 1.550, datada de 20 de janeiro de 2009, visando a emiss\u00e3o de pareceres dentro de prazos h\u00e1beis.<\/p>\n\n\n\n<p>A mat\u00e9ria foi encaminhada para an\u00e1lise jur\u00eddica e parecer da Comiss\u00e3o de Legisla\u00e7\u00e3o, Justi\u00e7a e Reda\u00e7\u00e3o Final. A proposta tem como objetivo agilizar os tr\u00e2mites legislativos, garantindo que os pareceres sejam emitidos dentro de prazos que atendam \u00e0s necessidades e demandas do munic\u00edpio.<\/p>\n\n\n\n<p>\u00c9 importante ressaltar que as sess\u00f5es da c\u00e2mara est\u00e3o sendo realizadas virtualmente, \u00e0s segundas-feiras \u00e0s 08:00, devido \u00e0 reforma do plen\u00e1rio. Essa medida visa garantir a continuidade dos trabalhos legislativos, mesmo diante das adapta\u00e7\u00f5es necess\u00e1rias para assegurar a seguran\u00e7a e o bem-estar de todos os envolvidos.<\/p>\n\n\n\n<p>Os vereadores t\u00eam se empenhado em manter o ritmo das atividades legislativas, mesmo diante dos desafios impostos pelo cen\u00e1rio atual. A participa\u00e7\u00e3o da popula\u00e7\u00e3o \u00e9 fundamental nesse processo, e a transpar\u00eancia nas a\u00e7\u00f5es do legislativo municipal \u00e9 um compromisso constante.<\/p>\n\n\n\n<p>A C\u00e2mara de Vereadores de Maracaju reafirma seu compromisso com a efici\u00eancia e a responsabilidade na condu\u00e7\u00e3o dos assuntos de interesse da comunidade, buscando sempre o melhor para o desenvolvimento e o bem-estar do munic\u00edpio.<\/p>\n\n\n\n<p>Assessoria<\/p>\n\n\n<div class=\"wp-block-image\">\n<figure class=\"aligncenter size-full\"><img fetchpriority=\"high\" decoding=\"async\" width=\"900\" height=\"100\" src=\"https:\/\/msconectado.com.br\/wp-content\/uploads\/2024\/03\/MS-conectato-900-x-100-px.gif\" alt=\"\" class=\"wp-image-21595\"\/><\/figure>\n<\/div>","protected":false},"excerpt":{"rendered":"<p>Na manh\u00e3 desta segunda-feira (25), ocorreu a 7\u00aa sess\u00e3o ordin\u00e1ria da C\u00e2mara de Vereadores de Maracaju. Dentre os assuntos em pauta, destacou-se a discuss\u00e3o sobre o Projeto de Lei 003\/2024\/PMM, que prop\u00f5e altera\u00e7\u00f5es na Lei 1.550, datada de 20 de janeiro de 2009, visando a emiss\u00e3o de pareceres dentro de prazos h\u00e1beis. A mat\u00e9ria foi [&hellip;]<\/p>\n","protected":false},"author":2,"featured_media":21619,"comment_status":"open","ping_status":"closed","sticky":false,"template":"","format":"standard","meta":{"footnotes":""},"categories":[35,1,33],"tags":[],"class_list":["post-21618","post","type-post","status-publish","format-standard","has-post-thumbnail","hentry","category-cidades","category-noticia","category-politica"],"yoast_head":"<!-- This site is optimized with the Yoast SEO plugin v27.5 - https:\/\/yoast.com\/product\/yoast-seo-wordpress\/ -->\n<title>7\u00aa Sess\u00e3o ordin\u00e1ria \u00e9 realizada em Maracaju - MsConectado<\/title>\n<meta name=\"robots\" content=\"index, follow, max-snippet:-1, max-image-preview:large, max-video-preview:-1\" \/>\n<link rel=\"canonical\" href=\"https:\/\/msconectado.com.br\/?p=21618\" \/>\n<meta property=\"og:locale\" content=\"pt_BR\" \/>\n<meta property=\"og:type\" content=\"article\" \/>\n<meta property=\"og:title\" content=\"7\u00aa Sess\u00e3o ordin\u00e1ria \u00e9 realizada em Maracaju - MsConectado\" \/>\n<meta property=\"og:description\" content=\"Na manh\u00e3 desta segunda-feira (25), ocorreu a 7\u00aa sess\u00e3o ordin\u00e1ria da C\u00e2mara de Vereadores de Maracaju. Dentre os assuntos em pauta, destacou-se a discuss\u00e3o sobre o Projeto de Lei 003\/2024\/PMM, que prop\u00f5e altera\u00e7\u00f5es na Lei 1.550, datada de 20 de janeiro de 2009, visando a emiss\u00e3o de pareceres dentro de prazos h\u00e1beis. A mat\u00e9ria foi [&hellip;]\" \/>\n<meta property=\"og:url\" content=\"https:\/\/msconectado.com.br\/?p=21618\" \/>\n<meta property=\"og:site_name\" content=\"MsConectado\" \/>\n<meta property=\"article:published_time\" content=\"2024-03-26T14:58:22+00:00\" \/>\n<meta property=\"article:modified_time\" content=\"2024-03-26T14:58:24+00:00\" \/>\n<meta property=\"og:image\" content=\"https:\/\/msconectado.com.br\/wp-content\/uploads\/2024\/03\/d533a70e2f5a7ab38b5a6ed36d34df64.jpg\" \/>\n\t<meta property=\"og:image:width\" content=\"800\" \/>\n\t<meta property=\"og:image:height\" content=\"600\" \/>\n\t<meta property=\"og:image:type\" content=\"image\/jpeg\" \/>\n<meta name=\"author\" content=\"MsConectado\" \/>\n<meta name=\"twitter:card\" content=\"summary_large_image\" \/>\n<meta name=\"twitter:label1\" content=\"Escrito por\" \/>\n\t<meta name=\"twitter:data1\" content=\"MsConectado\" \/>\n\t<meta name=\"twitter:label2\" content=\"Est. tempo de leitura\" \/>\n\t<meta name=\"twitter:data2\" content=\"1 minuto\" \/>\n<script type=\"application\/ld+json\" class=\"yoast-schema-graph\">{\"@context\":\"https:\\\/\\\/schema.org\",\"@graph\":[{\"@type\":\"Article\",\"@id\":\"https:\\\/\\\/msconectado.com.br\\\/?p=21618#article\",\"isPartOf\":{\"@id\":\"https:\\\/\\\/msconectado.com.br\\\/?p=21618\"},\"author\":{\"name\":\"MsConectado\",\"@id\":\"https:\\\/\\\/msconectado.com.br\\\/#\\\/schema\\\/person\\\/e5585545b5687092f1041d350b6e2c16\"},\"headline\":\"7\u00aa Sess\u00e3o ordin\u00e1ria \u00e9 realizada em Maracaju\",\"datePublished\":\"2024-03-26T14:58:22+00:00\",\"dateModified\":\"2024-03-26T14:58:24+00:00\",\"mainEntityOfPage\":{\"@id\":\"https:\\\/\\\/msconectado.com.br\\\/?p=21618\"},\"wordCount\":248,\"commentCount\":0,\"publisher\":{\"@id\":\"https:\\\/\\\/msconectado.com.br\\\/#organization\"},\"image\":{\"@id\":\"https:\\\/\\\/msconectado.com.br\\\/?p=21618#primaryimage\"},\"thumbnailUrl\":\"https:\\\/\\\/msconectado.com.br\\\/wp-content\\\/uploads\\\/2024\\\/03\\\/d533a70e2f5a7ab38b5a6ed36d34df64.jpg\",\"articleSection\":[\"Cidades\",\"Not\u00edcia\",\"Pol\u00edtica\"],\"inLanguage\":\"pt-BR\",\"potentialAction\":[{\"@type\":\"CommentAction\",\"name\":\"Comment\",\"target\":[\"https:\\\/\\\/msconectado.com.br\\\/?p=21618#respond\"]}]},{\"@type\":\"WebPage\",\"@id\":\"https:\\\/\\\/msconectado.com.br\\\/?p=21618\",\"url\":\"https:\\\/\\\/msconectado.com.br\\\/?p=21618\",\"name\":\"7\u00aa Sess\u00e3o ordin\u00e1ria \u00e9 realizada em Maracaju - MsConectado\",\"isPartOf\":{\"@id\":\"https:\\\/\\\/msconectado.com.br\\\/#website\"},\"primaryImageOfPage\":{\"@id\":\"https:\\\/\\\/msconectado.com.br\\\/?p=21618#primaryimage\"},\"image\":{\"@id\":\"https:\\\/\\\/msconectado.com.br\\\/?p=21618#primaryimage\"},\"thumbnailUrl\":\"https:\\\/\\\/msconectado.com.br\\\/wp-content\\\/uploads\\\/2024\\\/03\\\/d533a70e2f5a7ab38b5a6ed36d34df64.jpg\",\"datePublished\":\"2024-03-26T14:58:22+00:00\",\"dateModified\":\"2024-03-26T14:58:24+00:00\",\"breadcrumb\":{\"@id\":\"https:\\\/\\\/msconectado.com.br\\\/?p=21618#breadcrumb\"},\"inLanguage\":\"pt-BR\",\"potentialAction\":[{\"@type\":\"ReadAction\",\"target\":[\"https:\\\/\\\/msconectado.com.br\\\/?p=21618\"]}]},{\"@type\":\"ImageObject\",\"inLanguage\":\"pt-BR\",\"@id\":\"https:\\\/\\\/msconectado.com.br\\\/?p=21618#primaryimage\",\"url\":\"https:\\\/\\\/msconectado.com.br\\\/wp-content\\\/uploads\\\/2024\\\/03\\\/d533a70e2f5a7ab38b5a6ed36d34df64.jpg\",\"contentUrl\":\"https:\\\/\\\/msconectado.com.br\\\/wp-content\\\/uploads\\\/2024\\\/03\\\/d533a70e2f5a7ab38b5a6ed36d34df64.jpg\",\"width\":800,\"height\":600},{\"@type\":\"BreadcrumbList\",\"@id\":\"https:\\\/\\\/msconectado.com.br\\\/?p=21618#breadcrumb\",\"itemListElement\":[{\"@type\":\"ListItem\",\"position\":1,\"name\":\"In\u00edcio\",\"item\":\"https:\\\/\\\/msconectado.com.br\\\/?page_id=105\"},{\"@type\":\"ListItem\",\"position\":2,\"name\":\"7\u00aa Sess\u00e3o ordin\u00e1ria \u00e9 realizada em Maracaju\"}]},{\"@type\":\"WebSite\",\"@id\":\"https:\\\/\\\/msconectado.com.br\\\/#website\",\"url\":\"https:\\\/\\\/msconectado.com.br\\\/\",\"name\":\"MsConectado\",\"description\":\"Voc\u00ea Conectado com a Not\u00edcia!\",\"publisher\":{\"@id\":\"https:\\\/\\\/msconectado.com.br\\\/#organization\"},\"potentialAction\":[{\"@type\":\"SearchAction\",\"target\":{\"@type\":\"EntryPoint\",\"urlTemplate\":\"https:\\\/\\\/msconectado.com.br\\\/?s={search_term_string}\"},\"query-input\":{\"@type\":\"PropertyValueSpecification\",\"valueRequired\":true,\"valueName\":\"search_term_string\"}}],\"inLanguage\":\"pt-BR\"},{\"@type\":\"Organization\",\"@id\":\"https:\\\/\\\/msconectado.com.br\\\/#organization\",\"name\":\"MsConectado\",\"url\":\"https:\\\/\\\/msconectado.com.br\\\/\",\"logo\":{\"@type\":\"ImageObject\",\"inLanguage\":\"pt-BR\",\"@id\":\"https:\\\/\\\/msconectado.com.br\\\/#\\\/schema\\\/logo\\\/image\\\/\",\"url\":\"https:\\\/\\\/msconectado.com.br\\\/wp-content\\\/uploads\\\/2023\\\/01\\\/cropped-noticia-2.png\",\"contentUrl\":\"https:\\\/\\\/msconectado.com.br\\\/wp-content\\\/uploads\\\/2023\\\/01\\\/cropped-noticia-2.png\",\"width\":720,\"height\":157,\"caption\":\"MsConectado\"},\"image\":{\"@id\":\"https:\\\/\\\/msconectado.com.br\\\/#\\\/schema\\\/logo\\\/image\\\/\"}},{\"@type\":\"Person\",\"@id\":\"https:\\\/\\\/msconectado.com.br\\\/#\\\/schema\\\/person\\\/e5585545b5687092f1041d350b6e2c16\",\"name\":\"MsConectado\",\"image\":{\"@type\":\"ImageObject\",\"inLanguage\":\"pt-BR\",\"@id\":\"https:\\\/\\\/secure.gravatar.com\\\/avatar\\\/3b4f84a0a8a4380ac4431fa79981d073692380c5da00ae97596e794ab0db5c8c?s=96&d=mm&r=g\",\"url\":\"https:\\\/\\\/secure.gravatar.com\\\/avatar\\\/3b4f84a0a8a4380ac4431fa79981d073692380c5da00ae97596e794ab0db5c8c?s=96&d=mm&r=g\",\"contentUrl\":\"https:\\\/\\\/secure.gravatar.com\\\/avatar\\\/3b4f84a0a8a4380ac4431fa79981d073692380c5da00ae97596e794ab0db5c8c?s=96&d=mm&r=g\",\"caption\":\"MsConectado\"},\"url\":\"https:\\\/\\\/msconectado.com.br\\\/?author=2\"}]}<\/script>\n<!-- \/ Yoast SEO plugin. -->","yoast_head_json":{"title":"7\u00aa Sess\u00e3o ordin\u00e1ria \u00e9 realizada em Maracaju - MsConectado","robots":{"index":"index","follow":"follow","max-snippet":"max-snippet:-1","max-image-preview":"max-image-preview:large","max-video-preview":"max-video-preview:-1"},"canonical":"https:\/\/msconectado.com.br\/?p=21618","og_locale":"pt_BR","og_type":"article","og_title":"7\u00aa Sess\u00e3o ordin\u00e1ria \u00e9 realizada em Maracaju - MsConectado","og_description":"Na manh\u00e3 desta segunda-feira (25), ocorreu a 7\u00aa sess\u00e3o ordin\u00e1ria da C\u00e2mara de Vereadores de Maracaju. Dentre os assuntos em pauta, destacou-se a discuss\u00e3o sobre o Projeto de Lei 003\/2024\/PMM, que prop\u00f5e altera\u00e7\u00f5es na Lei 1.550, datada de 20 de janeiro de 2009, visando a emiss\u00e3o de pareceres dentro de prazos h\u00e1beis. A mat\u00e9ria foi [&hellip;]","og_url":"https:\/\/msconectado.com.br\/?p=21618","og_site_name":"MsConectado","article_published_time":"2024-03-26T14:58:22+00:00","article_modified_time":"2024-03-26T14:58:24+00:00","og_image":[{"width":800,"height":600,"url":"https:\/\/msconectado.com.br\/wp-content\/uploads\/2024\/03\/d533a70e2f5a7ab38b5a6ed36d34df64.jpg","type":"image\/jpeg"}],"author":"MsConectado","twitter_card":"summary_large_image","twitter_misc":{"Escrito por":"MsConectado","Est. tempo de leitura":"1 minuto"},"schema":{"@context":"https:\/\/schema.org","@graph":[{"@type":"Article","@id":"https:\/\/msconectado.com.br\/?p=21618#article","isPartOf":{"@id":"https:\/\/msconectado.com.br\/?p=21618"},"author":{"name":"MsConectado","@id":"https:\/\/msconectado.com.br\/#\/schema\/person\/e5585545b5687092f1041d350b6e2c16"},"headline":"7\u00aa Sess\u00e3o ordin\u00e1ria \u00e9 realizada em Maracaju","datePublished":"2024-03-26T14:58:22+00:00","dateModified":"2024-03-26T14:58:24+00:00","mainEntityOfPage":{"@id":"https:\/\/msconectado.com.br\/?p=21618"},"wordCount":248,"commentCount":0,"publisher":{"@id":"https:\/\/msconectado.com.br\/#organization"},"image":{"@id":"https:\/\/msconectado.com.br\/?p=21618#primaryimage"},"thumbnailUrl":"https:\/\/msconectado.com.br\/wp-content\/uploads\/2024\/03\/d533a70e2f5a7ab38b5a6ed36d34df64.jpg","articleSection":["Cidades","Not\u00edcia","Pol\u00edtica"],"inLanguage":"pt-BR","potentialAction":[{"@type":"CommentAction","name":"Comment","target":["https:\/\/msconectado.com.br\/?p=21618#respond"]}]},{"@type":"WebPage","@id":"https:\/\/msconectado.com.br\/?p=21618","url":"https:\/\/msconectado.com.br\/?p=21618","name":"7\u00aa Sess\u00e3o ordin\u00e1ria \u00e9 realizada em Maracaju - MsConectado","isPartOf":{"@id":"https:\/\/msconectado.com.br\/#website"},"primaryImageOfPage":{"@id":"https:\/\/msconectado.com.br\/?p=21618#primaryimage"},"image":{"@id":"https:\/\/msconectado.com.br\/?p=21618#primaryimage"},"thumbnailUrl":"https:\/\/msconectado.com.br\/wp-content\/uploads\/2024\/03\/d533a70e2f5a7ab38b5a6ed36d34df64.jpg","datePublished":"2024-03-26T14:58:22+00:00","dateModified":"2024-03-26T14:58:24+00:00","breadcrumb":{"@id":"https:\/\/msconectado.com.br\/?p=21618#breadcrumb"},"inLanguage":"pt-BR","potentialAction":[{"@type":"ReadAction","target":["https:\/\/msconectado.com.br\/?p=21618"]}]},{"@type":"ImageObject","inLanguage":"pt-BR","@id":"https:\/\/msconectado.com.br\/?p=21618#primaryimage","url":"https:\/\/msconectado.com.br\/wp-content\/uploads\/2024\/03\/d533a70e2f5a7ab38b5a6ed36d34df64.jpg","contentUrl":"https:\/\/msconectado.com.br\/wp-content\/uploads\/2024\/03\/d533a70e2f5a7ab38b5a6ed36d34df64.jpg","width":800,"height":600},{"@type":"BreadcrumbList","@id":"https:\/\/msconectado.com.br\/?p=21618#breadcrumb","itemListElement":[{"@type":"ListItem","position":1,"name":"In\u00edcio","item":"https:\/\/msconectado.com.br\/?page_id=105"},{"@type":"ListItem","position":2,"name":"7\u00aa Sess\u00e3o ordin\u00e1ria \u00e9 realizada em Maracaju"}]},{"@type":"WebSite","@id":"https:\/\/msconectado.com.br\/#website","url":"https:\/\/msconectado.com.br\/","name":"MsConectado","description":"Voc\u00ea Conectado com a Not\u00edcia!","publisher":{"@id":"https:\/\/msconectado.com.br\/#organization"},"potentialAction":[{"@type":"SearchAction","target":{"@type":"EntryPoint","urlTemplate":"https:\/\/msconectado.com.br\/?s={search_term_string}"},"query-input":{"@type":"PropertyValueSpecification","valueRequired":true,"valueName":"search_term_string"}}],"inLanguage":"pt-BR"},{"@type":"Organization","@id":"https:\/\/msconectado.com.br\/#organization","name":"MsConectado","url":"https:\/\/msconectado.com.br\/","logo":{"@type":"ImageObject","inLanguage":"pt-BR","@id":"https:\/\/msconectado.com.br\/#\/schema\/logo\/image\/","url":"https:\/\/msconectado.com.br\/wp-content\/uploads\/2023\/01\/cropped-noticia-2.png","contentUrl":"https:\/\/msconectado.com.br\/wp-content\/uploads\/2023\/01\/cropped-noticia-2.png","width":720,"height":157,"caption":"MsConectado"},"image":{"@id":"https:\/\/msconectado.com.br\/#\/schema\/logo\/image\/"}},{"@type":"Person","@id":"https:\/\/msconectado.com.br\/#\/schema\/person\/e5585545b5687092f1041d350b6e2c16","name":"MsConectado","image":{"@type":"ImageObject","inLanguage":"pt-BR","@id":"https:\/\/secure.gravatar.com\/avatar\/3b4f84a0a8a4380ac4431fa79981d073692380c5da00ae97596e794ab0db5c8c?s=96&d=mm&r=g","url":"https:\/\/secure.gravatar.com\/avatar\/3b4f84a0a8a4380ac4431fa79981d073692380c5da00ae97596e794ab0db5c8c?s=96&d=mm&r=g","contentUrl":"https:\/\/secure.gravatar.com\/avatar\/3b4f84a0a8a4380ac4431fa79981d073692380c5da00ae97596e794ab0db5c8c?s=96&d=mm&r=g","caption":"MsConectado"},"url":"https:\/\/msconectado.com.br\/?author=2"}]}},"_links":{"self":[{"href":"https:\/\/msconectado.com.br\/index.php?rest_route=\/wp\/v2\/posts\/21618","targetHints":{"allow":["GET"]}}],"collection":[{"href":"https:\/\/msconectado.com.br\/index.php?rest_route=\/wp\/v2\/posts"}],"about":[{"href":"https:\/\/msconectado.com.br\/index.php?rest_route=\/wp\/v2\/types\/post"}],"author":[{"embeddable":true,"href":"https:\/\/msconectado.com.br\/index.php?rest_route=\/wp\/v2\/users\/2"}],"replies":[{"embeddable":true,"href":"https:\/\/msconectado.com.br\/index.php?rest_route=%2Fwp%2Fv2%2Fcomments&post=21618"}],"version-history":[{"count":1,"href":"https:\/\/msconectado.com.br\/index.php?rest_route=\/wp\/v2\/posts\/21618\/revisions"}],"predecessor-version":[{"id":21620,"href":"https:\/\/msconectado.com.br\/index.php?rest_route=\/wp\/v2\/posts\/21618\/revisions\/21620"}],"wp:featuredmedia":[{"embeddable":true,"href":"https:\/\/msconectado.com.br\/index.php?rest_route=\/wp\/v2\/media\/21619"}],"wp:attachment":[{"href":"https:\/\/msconectado.com.br\/index.php?rest_route=%2Fwp%2Fv2%2Fmedia&parent=21618"}],"wp:term":[{"taxonomy":"category","embeddable":true,"href":"https:\/\/msconectado.com.br\/index.php?rest_route=%2Fwp%2Fv2%2Fcategories&post=21618"},{"taxonomy":"post_tag","embeddable":true,"href":"https:\/\/msconectado.com.br\/index.php?rest_route=%2Fwp%2Fv2%2Ftags&post=21618"}],"curies":[{"name":"wp","href":"https:\/\/api.w.org\/{rel}","templated":true}]}}