
{"id":21621,"date":"2024-03-26T15:09:42","date_gmt":"2024-03-26T15:09:42","guid":{"rendered":"https:\/\/msconectado.com.br\/?p=21621"},"modified":"2024-03-26T15:09:43","modified_gmt":"2024-03-26T15:09:43","slug":"gustavo-veterinario-cobra-explicacoes-sobre-atraso-na-compra-de-ambulancia-para-associacao-beneficente","status":"publish","type":"post","link":"https:\/\/msconectado.com.br\/?p=21621","title":{"rendered":"Gustavo Veterin\u00e1rio cobra explica\u00e7\u00f5es sobre atraso na compra de ambul\u00e2ncia para Associa\u00e7\u00e3o Beneficente."},"content":{"rendered":"\n<p>Na 7\u00aa sess\u00e3o ordin\u00e1ria da C\u00e2mara Municipal de Maracaju, realizada nesta semana, uma quest\u00e3o de extrema import\u00e2ncia para a comunidade ganhou destaque atrav\u00e9s da atua\u00e7\u00e3o do Vereador Gustavo Veterin\u00e1rio. Sua aten\u00e7\u00e3o foi direcionada para a aquisi\u00e7\u00e3o de uma ambul\u00e2ncia que seria destinada \u00e0 Associa\u00e7\u00e3o Beneficente de Maracaju no ano de 2023, utilizando os recursos provenientes da devolu\u00e7\u00e3o do duod\u00e9cimo da c\u00e2mara municipal. Apesar do repasse dos recursos j\u00e1 terem sido efetivados a prefeitura, a compra da ambul\u00e2ncia ainda n\u00e3o foi concretizada, gerando apreens\u00e3o entre os moradores e destacando a urg\u00eancia em aprimorar os servi\u00e7os de sa\u00fade oferecidos \u00e0 comunidade local. O vereador Gustavo cobra por esclarecimentos por parte da prefeitura sobre a compra.<\/p>\n\n\n\n<p>O Vereador Gustavo Veterin\u00e1rio enfatizou a import\u00e2ncia crucial de garantir o acesso r\u00e1pido e eficiente aos servi\u00e7os de sa\u00fade, especialmente em situa\u00e7\u00f5es de emerg\u00eancia. A falta de uma ambul\u00e2ncia adequada pode comprometer gravemente a qualidade do atendimento e colocar em risco a vida dos cidad\u00e3os de Maracaju. A Associa\u00e7\u00e3o Beneficente de Maracaju desempenha um papel fundamental na presta\u00e7\u00e3o de cuidados m\u00e9dicos \u00e0 popula\u00e7\u00e3o, e a disponibilidade de uma ambul\u00e2ncia em condi\u00e7\u00f5es ideais \u00e9 essencial para garantir o funcionamento adequado de seus servi\u00e7os.<\/p>\n\n\n\n<p>Reda\u00e7\u00e3o<\/p>\n\n\n<div class=\"wp-block-image\">\n<figure class=\"aligncenter size-full\"><img fetchpriority=\"high\" decoding=\"async\" width=\"900\" height=\"100\" src=\"https:\/\/msconectado.com.br\/wp-content\/uploads\/2024\/03\/MS-conectato-900-x-100-px.gif\" alt=\"\" class=\"wp-image-21595\"\/><\/figure>\n<\/div>","protected":false},"excerpt":{"rendered":"<p>Na 7\u00aa sess\u00e3o ordin\u00e1ria da C\u00e2mara Municipal de Maracaju, realizada nesta semana, uma quest\u00e3o de extrema import\u00e2ncia para a comunidade ganhou destaque atrav\u00e9s da atua\u00e7\u00e3o do Vereador Gustavo Veterin\u00e1rio. Sua aten\u00e7\u00e3o foi direcionada para a aquisi\u00e7\u00e3o de uma ambul\u00e2ncia que seria destinada \u00e0 Associa\u00e7\u00e3o Beneficente de Maracaju no ano de 2023, utilizando os recursos provenientes [&hellip;]<\/p>\n","protected":false},"author":2,"featured_media":21622,"comment_status":"open","ping_status":"closed","sticky":false,"template":"","format":"standard","meta":{"footnotes":""},"categories":[35,1],"tags":[],"class_list":["post-21621","post","type-post","status-publish","format-standard","has-post-thumbnail","hentry","category-cidades","category-noticia"],"yoast_head":"<!-- This site is optimized with the Yoast SEO plugin v27.5 - https:\/\/yoast.com\/product\/yoast-seo-wordpress\/ -->\n<title>Gustavo Veterin\u00e1rio cobra explica\u00e7\u00f5es sobre atraso na compra de ambul\u00e2ncia para Associa\u00e7\u00e3o Beneficente. - MsConectado<\/title>\n<meta name=\"robots\" content=\"index, follow, max-snippet:-1, max-image-preview:large, max-video-preview:-1\" \/>\n<link rel=\"canonical\" href=\"https:\/\/msconectado.com.br\/?p=21621\" \/>\n<meta property=\"og:locale\" content=\"pt_BR\" \/>\n<meta property=\"og:type\" content=\"article\" \/>\n<meta property=\"og:title\" content=\"Gustavo Veterin\u00e1rio cobra explica\u00e7\u00f5es sobre atraso na compra de ambul\u00e2ncia para Associa\u00e7\u00e3o Beneficente. - MsConectado\" \/>\n<meta property=\"og:description\" content=\"Na 7\u00aa sess\u00e3o ordin\u00e1ria da C\u00e2mara Municipal de Maracaju, realizada nesta semana, uma quest\u00e3o de extrema import\u00e2ncia para a comunidade ganhou destaque atrav\u00e9s da atua\u00e7\u00e3o do Vereador Gustavo Veterin\u00e1rio. Sua aten\u00e7\u00e3o foi direcionada para a aquisi\u00e7\u00e3o de uma ambul\u00e2ncia que seria destinada \u00e0 Associa\u00e7\u00e3o Beneficente de Maracaju no ano de 2023, utilizando os recursos provenientes [&hellip;]\" \/>\n<meta property=\"og:url\" content=\"https:\/\/msconectado.com.br\/?p=21621\" \/>\n<meta property=\"og:site_name\" content=\"MsConectado\" \/>\n<meta property=\"article:published_time\" content=\"2024-03-26T15:09:42+00:00\" \/>\n<meta property=\"article:modified_time\" content=\"2024-03-26T15:09:43+00:00\" \/>\n<meta property=\"og:image\" content=\"https:\/\/msconectado.com.br\/wp-content\/uploads\/2024\/03\/4a17e812-c2d0-498f-b38a-62875ec225bd-1.jpg\" \/>\n\t<meta property=\"og:image:width\" content=\"1600\" \/>\n\t<meta property=\"og:image:height\" content=\"1200\" \/>\n\t<meta property=\"og:image:type\" content=\"image\/jpeg\" \/>\n<meta name=\"author\" content=\"MsConectado\" \/>\n<meta name=\"twitter:card\" content=\"summary_large_image\" \/>\n<meta name=\"twitter:label1\" content=\"Escrito por\" \/>\n\t<meta name=\"twitter:data1\" content=\"MsConectado\" \/>\n\t<meta name=\"twitter:label2\" content=\"Est. tempo de leitura\" \/>\n\t<meta name=\"twitter:data2\" content=\"1 minuto\" \/>\n<script type=\"application\/ld+json\" class=\"yoast-schema-graph\">{\"@context\":\"https:\\\/\\\/schema.org\",\"@graph\":[{\"@type\":\"Article\",\"@id\":\"https:\\\/\\\/msconectado.com.br\\\/?p=21621#article\",\"isPartOf\":{\"@id\":\"https:\\\/\\\/msconectado.com.br\\\/?p=21621\"},\"author\":{\"name\":\"MsConectado\",\"@id\":\"https:\\\/\\\/msconectado.com.br\\\/#\\\/schema\\\/person\\\/e5585545b5687092f1041d350b6e2c16\"},\"headline\":\"Gustavo Veterin\u00e1rio cobra explica\u00e7\u00f5es sobre atraso na compra de ambul\u00e2ncia para Associa\u00e7\u00e3o Beneficente.\",\"datePublished\":\"2024-03-26T15:09:42+00:00\",\"dateModified\":\"2024-03-26T15:09:43+00:00\",\"mainEntityOfPage\":{\"@id\":\"https:\\\/\\\/msconectado.com.br\\\/?p=21621\"},\"wordCount\":245,\"commentCount\":0,\"publisher\":{\"@id\":\"https:\\\/\\\/msconectado.com.br\\\/#organization\"},\"image\":{\"@id\":\"https:\\\/\\\/msconectado.com.br\\\/?p=21621#primaryimage\"},\"thumbnailUrl\":\"https:\\\/\\\/msconectado.com.br\\\/wp-content\\\/uploads\\\/2024\\\/03\\\/4a17e812-c2d0-498f-b38a-62875ec225bd-1.jpg\",\"articleSection\":[\"Cidades\",\"Not\u00edcia\"],\"inLanguage\":\"pt-BR\",\"potentialAction\":[{\"@type\":\"CommentAction\",\"name\":\"Comment\",\"target\":[\"https:\\\/\\\/msconectado.com.br\\\/?p=21621#respond\"]}]},{\"@type\":\"WebPage\",\"@id\":\"https:\\\/\\\/msconectado.com.br\\\/?p=21621\",\"url\":\"https:\\\/\\\/msconectado.com.br\\\/?p=21621\",\"name\":\"Gustavo Veterin\u00e1rio cobra explica\u00e7\u00f5es sobre atraso na compra de ambul\u00e2ncia para Associa\u00e7\u00e3o Beneficente. - MsConectado\",\"isPartOf\":{\"@id\":\"https:\\\/\\\/msconectado.com.br\\\/#website\"},\"primaryImageOfPage\":{\"@id\":\"https:\\\/\\\/msconectado.com.br\\\/?p=21621#primaryimage\"},\"image\":{\"@id\":\"https:\\\/\\\/msconectado.com.br\\\/?p=21621#primaryimage\"},\"thumbnailUrl\":\"https:\\\/\\\/msconectado.com.br\\\/wp-content\\\/uploads\\\/2024\\\/03\\\/4a17e812-c2d0-498f-b38a-62875ec225bd-1.jpg\",\"datePublished\":\"2024-03-26T15:09:42+00:00\",\"dateModified\":\"2024-03-26T15:09:43+00:00\",\"breadcrumb\":{\"@id\":\"https:\\\/\\\/msconectado.com.br\\\/?p=21621#breadcrumb\"},\"inLanguage\":\"pt-BR\",\"potentialAction\":[{\"@type\":\"ReadAction\",\"target\":[\"https:\\\/\\\/msconectado.com.br\\\/?p=21621\"]}]},{\"@type\":\"ImageObject\",\"inLanguage\":\"pt-BR\",\"@id\":\"https:\\\/\\\/msconectado.com.br\\\/?p=21621#primaryimage\",\"url\":\"https:\\\/\\\/msconectado.com.br\\\/wp-content\\\/uploads\\\/2024\\\/03\\\/4a17e812-c2d0-498f-b38a-62875ec225bd-1.jpg\",\"contentUrl\":\"https:\\\/\\\/msconectado.com.br\\\/wp-content\\\/uploads\\\/2024\\\/03\\\/4a17e812-c2d0-498f-b38a-62875ec225bd-1.jpg\",\"width\":1600,\"height\":1200},{\"@type\":\"BreadcrumbList\",\"@id\":\"https:\\\/\\\/msconectado.com.br\\\/?p=21621#breadcrumb\",\"itemListElement\":[{\"@type\":\"ListItem\",\"position\":1,\"name\":\"In\u00edcio\",\"item\":\"https:\\\/\\\/msconectado.com.br\\\/?page_id=105\"},{\"@type\":\"ListItem\",\"position\":2,\"name\":\"Gustavo Veterin\u00e1rio cobra explica\u00e7\u00f5es sobre atraso na compra de ambul\u00e2ncia para Associa\u00e7\u00e3o Beneficente.\"}]},{\"@type\":\"WebSite\",\"@id\":\"https:\\\/\\\/msconectado.com.br\\\/#website\",\"url\":\"https:\\\/\\\/msconectado.com.br\\\/\",\"name\":\"MsConectado\",\"description\":\"Voc\u00ea Conectado com a Not\u00edcia!\",\"publisher\":{\"@id\":\"https:\\\/\\\/msconectado.com.br\\\/#organization\"},\"potentialAction\":[{\"@type\":\"SearchAction\",\"target\":{\"@type\":\"EntryPoint\",\"urlTemplate\":\"https:\\\/\\\/msconectado.com.br\\\/?s={search_term_string}\"},\"query-input\":{\"@type\":\"PropertyValueSpecification\",\"valueRequired\":true,\"valueName\":\"search_term_string\"}}],\"inLanguage\":\"pt-BR\"},{\"@type\":\"Organization\",\"@id\":\"https:\\\/\\\/msconectado.com.br\\\/#organization\",\"name\":\"MsConectado\",\"url\":\"https:\\\/\\\/msconectado.com.br\\\/\",\"logo\":{\"@type\":\"ImageObject\",\"inLanguage\":\"pt-BR\",\"@id\":\"https:\\\/\\\/msconectado.com.br\\\/#\\\/schema\\\/logo\\\/image\\\/\",\"url\":\"https:\\\/\\\/msconectado.com.br\\\/wp-content\\\/uploads\\\/2023\\\/01\\\/cropped-noticia-2.png\",\"contentUrl\":\"https:\\\/\\\/msconectado.com.br\\\/wp-content\\\/uploads\\\/2023\\\/01\\\/cropped-noticia-2.png\",\"width\":720,\"height\":157,\"caption\":\"MsConectado\"},\"image\":{\"@id\":\"https:\\\/\\\/msconectado.com.br\\\/#\\\/schema\\\/logo\\\/image\\\/\"}},{\"@type\":\"Person\",\"@id\":\"https:\\\/\\\/msconectado.com.br\\\/#\\\/schema\\\/person\\\/e5585545b5687092f1041d350b6e2c16\",\"name\":\"MsConectado\",\"image\":{\"@type\":\"ImageObject\",\"inLanguage\":\"pt-BR\",\"@id\":\"https:\\\/\\\/secure.gravatar.com\\\/avatar\\\/3b4f84a0a8a4380ac4431fa79981d073692380c5da00ae97596e794ab0db5c8c?s=96&d=mm&r=g\",\"url\":\"https:\\\/\\\/secure.gravatar.com\\\/avatar\\\/3b4f84a0a8a4380ac4431fa79981d073692380c5da00ae97596e794ab0db5c8c?s=96&d=mm&r=g\",\"contentUrl\":\"https:\\\/\\\/secure.gravatar.com\\\/avatar\\\/3b4f84a0a8a4380ac4431fa79981d073692380c5da00ae97596e794ab0db5c8c?s=96&d=mm&r=g\",\"caption\":\"MsConectado\"},\"url\":\"https:\\\/\\\/msconectado.com.br\\\/?author=2\"}]}<\/script>\n<!-- \/ Yoast SEO plugin. -->","yoast_head_json":{"title":"Gustavo Veterin\u00e1rio cobra explica\u00e7\u00f5es sobre atraso na compra de ambul\u00e2ncia para Associa\u00e7\u00e3o Beneficente. - MsConectado","robots":{"index":"index","follow":"follow","max-snippet":"max-snippet:-1","max-image-preview":"max-image-preview:large","max-video-preview":"max-video-preview:-1"},"canonical":"https:\/\/msconectado.com.br\/?p=21621","og_locale":"pt_BR","og_type":"article","og_title":"Gustavo Veterin\u00e1rio cobra explica\u00e7\u00f5es sobre atraso na compra de ambul\u00e2ncia para Associa\u00e7\u00e3o Beneficente. - MsConectado","og_description":"Na 7\u00aa sess\u00e3o ordin\u00e1ria da C\u00e2mara Municipal de Maracaju, realizada nesta semana, uma quest\u00e3o de extrema import\u00e2ncia para a comunidade ganhou destaque atrav\u00e9s da atua\u00e7\u00e3o do Vereador Gustavo Veterin\u00e1rio. Sua aten\u00e7\u00e3o foi direcionada para a aquisi\u00e7\u00e3o de uma ambul\u00e2ncia que seria destinada \u00e0 Associa\u00e7\u00e3o Beneficente de Maracaju no ano de 2023, utilizando os recursos provenientes [&hellip;]","og_url":"https:\/\/msconectado.com.br\/?p=21621","og_site_name":"MsConectado","article_published_time":"2024-03-26T15:09:42+00:00","article_modified_time":"2024-03-26T15:09:43+00:00","og_image":[{"width":1600,"height":1200,"url":"https:\/\/msconectado.com.br\/wp-content\/uploads\/2024\/03\/4a17e812-c2d0-498f-b38a-62875ec225bd-1.jpg","type":"image\/jpeg"}],"author":"MsConectado","twitter_card":"summary_large_image","twitter_misc":{"Escrito por":"MsConectado","Est. tempo de leitura":"1 minuto"},"schema":{"@context":"https:\/\/schema.org","@graph":[{"@type":"Article","@id":"https:\/\/msconectado.com.br\/?p=21621#article","isPartOf":{"@id":"https:\/\/msconectado.com.br\/?p=21621"},"author":{"name":"MsConectado","@id":"https:\/\/msconectado.com.br\/#\/schema\/person\/e5585545b5687092f1041d350b6e2c16"},"headline":"Gustavo Veterin\u00e1rio cobra explica\u00e7\u00f5es sobre atraso na compra de ambul\u00e2ncia para Associa\u00e7\u00e3o Beneficente.","datePublished":"2024-03-26T15:09:42+00:00","dateModified":"2024-03-26T15:09:43+00:00","mainEntityOfPage":{"@id":"https:\/\/msconectado.com.br\/?p=21621"},"wordCount":245,"commentCount":0,"publisher":{"@id":"https:\/\/msconectado.com.br\/#organization"},"image":{"@id":"https:\/\/msconectado.com.br\/?p=21621#primaryimage"},"thumbnailUrl":"https:\/\/msconectado.com.br\/wp-content\/uploads\/2024\/03\/4a17e812-c2d0-498f-b38a-62875ec225bd-1.jpg","articleSection":["Cidades","Not\u00edcia"],"inLanguage":"pt-BR","potentialAction":[{"@type":"CommentAction","name":"Comment","target":["https:\/\/msconectado.com.br\/?p=21621#respond"]}]},{"@type":"WebPage","@id":"https:\/\/msconectado.com.br\/?p=21621","url":"https:\/\/msconectado.com.br\/?p=21621","name":"Gustavo Veterin\u00e1rio cobra explica\u00e7\u00f5es sobre atraso na compra de ambul\u00e2ncia para Associa\u00e7\u00e3o Beneficente. - MsConectado","isPartOf":{"@id":"https:\/\/msconectado.com.br\/#website"},"primaryImageOfPage":{"@id":"https:\/\/msconectado.com.br\/?p=21621#primaryimage"},"image":{"@id":"https:\/\/msconectado.com.br\/?p=21621#primaryimage"},"thumbnailUrl":"https:\/\/msconectado.com.br\/wp-content\/uploads\/2024\/03\/4a17e812-c2d0-498f-b38a-62875ec225bd-1.jpg","datePublished":"2024-03-26T15:09:42+00:00","dateModified":"2024-03-26T15:09:43+00:00","breadcrumb":{"@id":"https:\/\/msconectado.com.br\/?p=21621#breadcrumb"},"inLanguage":"pt-BR","potentialAction":[{"@type":"ReadAction","target":["https:\/\/msconectado.com.br\/?p=21621"]}]},{"@type":"ImageObject","inLanguage":"pt-BR","@id":"https:\/\/msconectado.com.br\/?p=21621#primaryimage","url":"https:\/\/msconectado.com.br\/wp-content\/uploads\/2024\/03\/4a17e812-c2d0-498f-b38a-62875ec225bd-1.jpg","contentUrl":"https:\/\/msconectado.com.br\/wp-content\/uploads\/2024\/03\/4a17e812-c2d0-498f-b38a-62875ec225bd-1.jpg","width":1600,"height":1200},{"@type":"BreadcrumbList","@id":"https:\/\/msconectado.com.br\/?p=21621#breadcrumb","itemListElement":[{"@type":"ListItem","position":1,"name":"In\u00edcio","item":"https:\/\/msconectado.com.br\/?page_id=105"},{"@type":"ListItem","position":2,"name":"Gustavo Veterin\u00e1rio cobra explica\u00e7\u00f5es sobre atraso na compra de ambul\u00e2ncia para Associa\u00e7\u00e3o Beneficente."}]},{"@type":"WebSite","@id":"https:\/\/msconectado.com.br\/#website","url":"https:\/\/msconectado.com.br\/","name":"MsConectado","description":"Voc\u00ea Conectado com a Not\u00edcia!","publisher":{"@id":"https:\/\/msconectado.com.br\/#organization"},"potentialAction":[{"@type":"SearchAction","target":{"@type":"EntryPoint","urlTemplate":"https:\/\/msconectado.com.br\/?s={search_term_string}"},"query-input":{"@type":"PropertyValueSpecification","valueRequired":true,"valueName":"search_term_string"}}],"inLanguage":"pt-BR"},{"@type":"Organization","@id":"https:\/\/msconectado.com.br\/#organization","name":"MsConectado","url":"https:\/\/msconectado.com.br\/","logo":{"@type":"ImageObject","inLanguage":"pt-BR","@id":"https:\/\/msconectado.com.br\/#\/schema\/logo\/image\/","url":"https:\/\/msconectado.com.br\/wp-content\/uploads\/2023\/01\/cropped-noticia-2.png","contentUrl":"https:\/\/msconectado.com.br\/wp-content\/uploads\/2023\/01\/cropped-noticia-2.png","width":720,"height":157,"caption":"MsConectado"},"image":{"@id":"https:\/\/msconectado.com.br\/#\/schema\/logo\/image\/"}},{"@type":"Person","@id":"https:\/\/msconectado.com.br\/#\/schema\/person\/e5585545b5687092f1041d350b6e2c16","name":"MsConectado","image":{"@type":"ImageObject","inLanguage":"pt-BR","@id":"https:\/\/secure.gravatar.com\/avatar\/3b4f84a0a8a4380ac4431fa79981d073692380c5da00ae97596e794ab0db5c8c?s=96&d=mm&r=g","url":"https:\/\/secure.gravatar.com\/avatar\/3b4f84a0a8a4380ac4431fa79981d073692380c5da00ae97596e794ab0db5c8c?s=96&d=mm&r=g","contentUrl":"https:\/\/secure.gravatar.com\/avatar\/3b4f84a0a8a4380ac4431fa79981d073692380c5da00ae97596e794ab0db5c8c?s=96&d=mm&r=g","caption":"MsConectado"},"url":"https:\/\/msconectado.com.br\/?author=2"}]}},"_links":{"self":[{"href":"https:\/\/msconectado.com.br\/index.php?rest_route=\/wp\/v2\/posts\/21621","targetHints":{"allow":["GET"]}}],"collection":[{"href":"https:\/\/msconectado.com.br\/index.php?rest_route=\/wp\/v2\/posts"}],"about":[{"href":"https:\/\/msconectado.com.br\/index.php?rest_route=\/wp\/v2\/types\/post"}],"author":[{"embeddable":true,"href":"https:\/\/msconectado.com.br\/index.php?rest_route=\/wp\/v2\/users\/2"}],"replies":[{"embeddable":true,"href":"https:\/\/msconectado.com.br\/index.php?rest_route=%2Fwp%2Fv2%2Fcomments&post=21621"}],"version-history":[{"count":1,"href":"https:\/\/msconectado.com.br\/index.php?rest_route=\/wp\/v2\/posts\/21621\/revisions"}],"predecessor-version":[{"id":21623,"href":"https:\/\/msconectado.com.br\/index.php?rest_route=\/wp\/v2\/posts\/21621\/revisions\/21623"}],"wp:featuredmedia":[{"embeddable":true,"href":"https:\/\/msconectado.com.br\/index.php?rest_route=\/wp\/v2\/media\/21622"}],"wp:attachment":[{"href":"https:\/\/msconectado.com.br\/index.php?rest_route=%2Fwp%2Fv2%2Fmedia&parent=21621"}],"wp:term":[{"taxonomy":"category","embeddable":true,"href":"https:\/\/msconectado.com.br\/index.php?rest_route=%2Fwp%2Fv2%2Fcategories&post=21621"},{"taxonomy":"post_tag","embeddable":true,"href":"https:\/\/msconectado.com.br\/index.php?rest_route=%2Fwp%2Fv2%2Ftags&post=21621"}],"curies":[{"name":"wp","href":"https:\/\/api.w.org\/{rel}","templated":true}]}}