
{"id":21626,"date":"2024-03-28T00:03:41","date_gmt":"2024-03-28T00:03:41","guid":{"rendered":"https:\/\/msconectado.com.br\/?p=21626"},"modified":"2024-03-28T00:03:43","modified_gmt":"2024-03-28T00:03:43","slug":"vereador-robert-ziemann-comemora-adesao-da-cassems-para-servidores-de-maracaju","status":"publish","type":"post","link":"https:\/\/msconectado.com.br\/?p=21626","title":{"rendered":"Vereador Robert Ziemann comemora ades\u00e3o da CASSEMS para servidores de Maracaju"},"content":{"rendered":"\n<p>Nos \u00faltimos tr\u00eas mandatos o vereador Robert Ziemann vem pedindo a ades\u00e3o da CASSEMS para servidores p\u00fablicos municipais de Maracaju. \u201cEm alguns munic\u00edpios este conv\u00eanio j\u00e1 foi adotado, reduzindo a fila do sus e contribuindo para o sistema p\u00fablico de sa\u00fade. H\u00e1 alguns anos venho pedindo para termos planos de sa\u00fade aos servidores municipais\u201d e esta conversa tem avan\u00e7ado, os tramites est\u00e3o sendo feitos e hoje se torna realidade em Maracaju. Disse Robert.<br>A assinatura deste conv\u00eanio representa um marco significativo para Maracaju e seus servidores, que agora ter\u00e3o acesso a servi\u00e7os de sa\u00fade essenciais e de alto padr\u00e3o oferecidos pela CASSEMS. Esta conquista \u00e9 resultado do trabalho dedicado do vereador Robert Ziemann em prol do bem-estar e qualidade de vida dos funcion\u00e1rios p\u00fablicos municipais.<br>Com a ades\u00e3o da CASSEMS, os servidores de Maracaju poder\u00e3o contar com atendimento m\u00e9dico de excel\u00eancia, consultas, exames, e demais servi\u00e7os de sa\u00fade, proporcionando maior tranquilidade e seguran\u00e7a para eles e suas fam\u00edlias.<br>Sobre a CASSEMS<\/p>\n\n\n<div class=\"wp-block-image\">\n<figure class=\"aligncenter size-large\"><img fetchpriority=\"high\" decoding=\"async\" width=\"1024\" height=\"683\" src=\"https:\/\/msconectado.com.br\/wp-content\/uploads\/2024\/03\/image-41-1024x683.png\" alt=\"\" class=\"wp-image-21627\" srcset=\"https:\/\/msconectado.com.br\/wp-content\/uploads\/2024\/03\/image-41-1024x683.png 1024w, https:\/\/msconectado.com.br\/wp-content\/uploads\/2024\/03\/image-41-300x200.png 300w, https:\/\/msconectado.com.br\/wp-content\/uploads\/2024\/03\/image-41-768x512.png 768w, https:\/\/msconectado.com.br\/wp-content\/uploads\/2024\/03\/image-41-1536x1024.png 1536w, https:\/\/msconectado.com.br\/wp-content\/uploads\/2024\/03\/image-41-360x240.png 360w, https:\/\/msconectado.com.br\/wp-content\/uploads\/2024\/03\/image-41.png 2048w\" sizes=\"(max-width: 1024px) 100vw, 1024px\" \/><\/figure>\n<\/div>\n\n\n<p>A Caixa de Assist\u00eancia dos Servidores do Estado de Mato Grosso do Sul (Cassems) foi criada ap\u00f3s a reforma administrativa do Estado em 2000, a partir da extin\u00e7\u00e3o do \u00f3rg\u00e3o que oferecia assist\u00eancia \u00e0 sa\u00fade aos servidores p\u00fablicos estaduais (Previsul). Depois de um per\u00edodo de intensa discuss\u00e3o, os servidores p\u00fablicos estaduais reuniram-se em Assembl\u00e9ia, para criar a Caixa de Assist\u00eancia dos Servidores do Estado de Mato Grosso do Sul (Cassems), um novo modelo de assist\u00eancia \u00e0 sa\u00fade no Estado.<\/p>\n\n\n\n<p>Desde sua cria\u00e7\u00e3o a Cassems se estrutura para estar sempre atualizada e condizente com o mercado altamente competitivo em que se insere.<\/p>\n\n\n<div class=\"wp-block-image\">\n<figure class=\"aligncenter size-large\"><img decoding=\"async\" width=\"1024\" height=\"683\" src=\"https:\/\/msconectado.com.br\/wp-content\/uploads\/2024\/03\/image-42-1024x683.png\" alt=\"\" class=\"wp-image-21628\" srcset=\"https:\/\/msconectado.com.br\/wp-content\/uploads\/2024\/03\/image-42-1024x683.png 1024w, https:\/\/msconectado.com.br\/wp-content\/uploads\/2024\/03\/image-42-300x200.png 300w, https:\/\/msconectado.com.br\/wp-content\/uploads\/2024\/03\/image-42-768x512.png 768w, https:\/\/msconectado.com.br\/wp-content\/uploads\/2024\/03\/image-42-1536x1024.png 1536w, https:\/\/msconectado.com.br\/wp-content\/uploads\/2024\/03\/image-42-360x240.png 360w, https:\/\/msconectado.com.br\/wp-content\/uploads\/2024\/03\/image-42.png 2048w\" sizes=\"(max-width: 1024px) 100vw, 1024px\" \/><\/figure>\n<\/div>\n\n\n<p>Os investimentos em pessoal e equipamentos modernos, al\u00e9m dos programas e sistemas adotados, e a realiza\u00e7\u00e3o do Planejamento Estrat\u00e9gico da Cassems, elaborado em conson\u00e2ncia com os crit\u00e9rios de excel\u00eancia em Gest\u00e3o, permitem o funcionamento eficiente de todas as suas estruturas.<\/p>\n\n\n\n<p>A Cassems conta com 76 unidades de atendimento em todo o Estado, Rede Credenciada com mais de 2 mil profissionais de sa\u00fade nas \u00e1reas de medicina, odontologia, fisioterapia e terapia ocupacional, fonoaudiologia, psicologia e nutri\u00e7\u00e3o, Rede Pr\u00f3pria com 28 Centros Odontol\u00f3gicos, 08 Centros M\u00e9dicos e 09 Hospitais em Aquidauana, Campo Grande, Coxim, Dourados, Navira\u00ed, Nova Andradina, Parana\u00edba, Ponta Por\u00e3 e Tr\u00eas Lagoas atendendo em sua estrutura, mais de 200 mil vidas em todo o Estado.<\/p>\n\n\n<div class=\"wp-block-image\">\n<figure class=\"aligncenter size-large\"><img decoding=\"async\" width=\"1024\" height=\"683\" src=\"https:\/\/msconectado.com.br\/wp-content\/uploads\/2024\/03\/image-43-1024x683.png\" alt=\"\" class=\"wp-image-21629\" srcset=\"https:\/\/msconectado.com.br\/wp-content\/uploads\/2024\/03\/image-43-1024x683.png 1024w, https:\/\/msconectado.com.br\/wp-content\/uploads\/2024\/03\/image-43-300x200.png 300w, https:\/\/msconectado.com.br\/wp-content\/uploads\/2024\/03\/image-43-768x512.png 768w, https:\/\/msconectado.com.br\/wp-content\/uploads\/2024\/03\/image-43-1536x1024.png 1536w, https:\/\/msconectado.com.br\/wp-content\/uploads\/2024\/03\/image-43-360x240.png 360w, https:\/\/msconectado.com.br\/wp-content\/uploads\/2024\/03\/image-43.png 2048w\" sizes=\"(max-width: 1024px) 100vw, 1024px\" \/><\/figure>\n<\/div>\n\n\n<p>Assessoria<\/p>\n\n\n<div class=\"wp-block-image\">\n<figure class=\"aligncenter size-full\"><img loading=\"lazy\" decoding=\"async\" width=\"900\" height=\"100\" src=\"https:\/\/msconectado.com.br\/wp-content\/uploads\/2024\/03\/900x100_GOV_DENGUE-1.gif\" alt=\"\" class=\"wp-image-21625\"\/><\/figure>\n<\/div>","protected":false},"excerpt":{"rendered":"<p>Nos \u00faltimos tr\u00eas mandatos o vereador Robert Ziemann vem pedindo a ades\u00e3o da CASSEMS para servidores p\u00fablicos municipais de Maracaju. \u201cEm alguns munic\u00edpios este conv\u00eanio j\u00e1 foi adotado, reduzindo a fila do sus e contribuindo para o sistema p\u00fablico de sa\u00fade. H\u00e1 alguns anos venho pedindo para termos planos de sa\u00fade aos servidores municipais\u201d e [&hellip;]<\/p>\n","protected":false},"author":2,"featured_media":21630,"comment_status":"open","ping_status":"closed","sticky":false,"template":"","format":"standard","meta":{"footnotes":""},"categories":[35,1,33],"tags":[],"class_list":["post-21626","post","type-post","status-publish","format-standard","has-post-thumbnail","hentry","category-cidades","category-noticia","category-politica"],"yoast_head":"<!-- This site is optimized with the Yoast SEO plugin v27.5 - https:\/\/yoast.com\/product\/yoast-seo-wordpress\/ -->\n<title>Vereador Robert Ziemann comemora ades\u00e3o da CASSEMS para servidores de Maracaju - MsConectado<\/title>\n<meta name=\"robots\" content=\"index, follow, max-snippet:-1, max-image-preview:large, max-video-preview:-1\" \/>\n<link rel=\"canonical\" href=\"https:\/\/msconectado.com.br\/?p=21626\" \/>\n<meta property=\"og:locale\" content=\"pt_BR\" \/>\n<meta property=\"og:type\" content=\"article\" \/>\n<meta property=\"og:title\" content=\"Vereador Robert Ziemann comemora ades\u00e3o da CASSEMS para servidores de Maracaju - MsConectado\" \/>\n<meta property=\"og:description\" content=\"Nos \u00faltimos tr\u00eas mandatos o vereador Robert Ziemann vem pedindo a ades\u00e3o da CASSEMS para servidores p\u00fablicos municipais de Maracaju. \u201cEm alguns munic\u00edpios este conv\u00eanio j\u00e1 foi adotado, reduzindo a fila do sus e contribuindo para o sistema p\u00fablico de sa\u00fade. H\u00e1 alguns anos venho pedindo para termos planos de sa\u00fade aos servidores municipais\u201d e [&hellip;]\" \/>\n<meta property=\"og:url\" content=\"https:\/\/msconectado.com.br\/?p=21626\" \/>\n<meta property=\"og:site_name\" content=\"MsConectado\" \/>\n<meta property=\"article:published_time\" content=\"2024-03-28T00:03:41+00:00\" \/>\n<meta property=\"article:modified_time\" content=\"2024-03-28T00:03:43+00:00\" \/>\n<meta property=\"og:image\" content=\"https:\/\/msconectado.com.br\/wp-content\/uploads\/2024\/03\/sdfdsfdsf-5.jpg\" \/>\n\t<meta property=\"og:image:width\" content=\"2048\" \/>\n\t<meta property=\"og:image:height\" content=\"1365\" \/>\n\t<meta property=\"og:image:type\" content=\"image\/jpeg\" \/>\n<meta name=\"author\" content=\"MsConectado\" \/>\n<meta name=\"twitter:card\" content=\"summary_large_image\" \/>\n<meta name=\"twitter:label1\" content=\"Escrito por\" \/>\n\t<meta name=\"twitter:data1\" content=\"MsConectado\" \/>\n\t<meta name=\"twitter:label2\" content=\"Est. tempo de leitura\" \/>\n\t<meta name=\"twitter:data2\" content=\"2 minutos\" \/>\n<script type=\"application\/ld+json\" class=\"yoast-schema-graph\">{\"@context\":\"https:\\\/\\\/schema.org\",\"@graph\":[{\"@type\":\"Article\",\"@id\":\"https:\\\/\\\/msconectado.com.br\\\/?p=21626#article\",\"isPartOf\":{\"@id\":\"https:\\\/\\\/msconectado.com.br\\\/?p=21626\"},\"author\":{\"name\":\"MsConectado\",\"@id\":\"https:\\\/\\\/msconectado.com.br\\\/#\\\/schema\\\/person\\\/e5585545b5687092f1041d350b6e2c16\"},\"headline\":\"Vereador Robert Ziemann comemora ades\u00e3o da CASSEMS para servidores de Maracaju\",\"datePublished\":\"2024-03-28T00:03:41+00:00\",\"dateModified\":\"2024-03-28T00:03:43+00:00\",\"mainEntityOfPage\":{\"@id\":\"https:\\\/\\\/msconectado.com.br\\\/?p=21626\"},\"wordCount\":434,\"commentCount\":0,\"publisher\":{\"@id\":\"https:\\\/\\\/msconectado.com.br\\\/#organization\"},\"image\":{\"@id\":\"https:\\\/\\\/msconectado.com.br\\\/?p=21626#primaryimage\"},\"thumbnailUrl\":\"https:\\\/\\\/msconectado.com.br\\\/wp-content\\\/uploads\\\/2024\\\/03\\\/sdfdsfdsf-5.jpg\",\"articleSection\":[\"Cidades\",\"Not\u00edcia\",\"Pol\u00edtica\"],\"inLanguage\":\"pt-BR\",\"potentialAction\":[{\"@type\":\"CommentAction\",\"name\":\"Comment\",\"target\":[\"https:\\\/\\\/msconectado.com.br\\\/?p=21626#respond\"]}]},{\"@type\":\"WebPage\",\"@id\":\"https:\\\/\\\/msconectado.com.br\\\/?p=21626\",\"url\":\"https:\\\/\\\/msconectado.com.br\\\/?p=21626\",\"name\":\"Vereador Robert Ziemann comemora ades\u00e3o da CASSEMS para servidores de Maracaju - MsConectado\",\"isPartOf\":{\"@id\":\"https:\\\/\\\/msconectado.com.br\\\/#website\"},\"primaryImageOfPage\":{\"@id\":\"https:\\\/\\\/msconectado.com.br\\\/?p=21626#primaryimage\"},\"image\":{\"@id\":\"https:\\\/\\\/msconectado.com.br\\\/?p=21626#primaryimage\"},\"thumbnailUrl\":\"https:\\\/\\\/msconectado.com.br\\\/wp-content\\\/uploads\\\/2024\\\/03\\\/sdfdsfdsf-5.jpg\",\"datePublished\":\"2024-03-28T00:03:41+00:00\",\"dateModified\":\"2024-03-28T00:03:43+00:00\",\"breadcrumb\":{\"@id\":\"https:\\\/\\\/msconectado.com.br\\\/?p=21626#breadcrumb\"},\"inLanguage\":\"pt-BR\",\"potentialAction\":[{\"@type\":\"ReadAction\",\"target\":[\"https:\\\/\\\/msconectado.com.br\\\/?p=21626\"]}]},{\"@type\":\"ImageObject\",\"inLanguage\":\"pt-BR\",\"@id\":\"https:\\\/\\\/msconectado.com.br\\\/?p=21626#primaryimage\",\"url\":\"https:\\\/\\\/msconectado.com.br\\\/wp-content\\\/uploads\\\/2024\\\/03\\\/sdfdsfdsf-5.jpg\",\"contentUrl\":\"https:\\\/\\\/msconectado.com.br\\\/wp-content\\\/uploads\\\/2024\\\/03\\\/sdfdsfdsf-5.jpg\",\"width\":2048,\"height\":1365},{\"@type\":\"BreadcrumbList\",\"@id\":\"https:\\\/\\\/msconectado.com.br\\\/?p=21626#breadcrumb\",\"itemListElement\":[{\"@type\":\"ListItem\",\"position\":1,\"name\":\"In\u00edcio\",\"item\":\"https:\\\/\\\/msconectado.com.br\\\/?page_id=105\"},{\"@type\":\"ListItem\",\"position\":2,\"name\":\"Vereador Robert Ziemann comemora ades\u00e3o da CASSEMS para servidores de Maracaju\"}]},{\"@type\":\"WebSite\",\"@id\":\"https:\\\/\\\/msconectado.com.br\\\/#website\",\"url\":\"https:\\\/\\\/msconectado.com.br\\\/\",\"name\":\"MsConectado\",\"description\":\"Voc\u00ea Conectado com a Not\u00edcia!\",\"publisher\":{\"@id\":\"https:\\\/\\\/msconectado.com.br\\\/#organization\"},\"potentialAction\":[{\"@type\":\"SearchAction\",\"target\":{\"@type\":\"EntryPoint\",\"urlTemplate\":\"https:\\\/\\\/msconectado.com.br\\\/?s={search_term_string}\"},\"query-input\":{\"@type\":\"PropertyValueSpecification\",\"valueRequired\":true,\"valueName\":\"search_term_string\"}}],\"inLanguage\":\"pt-BR\"},{\"@type\":\"Organization\",\"@id\":\"https:\\\/\\\/msconectado.com.br\\\/#organization\",\"name\":\"MsConectado\",\"url\":\"https:\\\/\\\/msconectado.com.br\\\/\",\"logo\":{\"@type\":\"ImageObject\",\"inLanguage\":\"pt-BR\",\"@id\":\"https:\\\/\\\/msconectado.com.br\\\/#\\\/schema\\\/logo\\\/image\\\/\",\"url\":\"https:\\\/\\\/msconectado.com.br\\\/wp-content\\\/uploads\\\/2023\\\/01\\\/cropped-noticia-2.png\",\"contentUrl\":\"https:\\\/\\\/msconectado.com.br\\\/wp-content\\\/uploads\\\/2023\\\/01\\\/cropped-noticia-2.png\",\"width\":720,\"height\":157,\"caption\":\"MsConectado\"},\"image\":{\"@id\":\"https:\\\/\\\/msconectado.com.br\\\/#\\\/schema\\\/logo\\\/image\\\/\"}},{\"@type\":\"Person\",\"@id\":\"https:\\\/\\\/msconectado.com.br\\\/#\\\/schema\\\/person\\\/e5585545b5687092f1041d350b6e2c16\",\"name\":\"MsConectado\",\"image\":{\"@type\":\"ImageObject\",\"inLanguage\":\"pt-BR\",\"@id\":\"https:\\\/\\\/secure.gravatar.com\\\/avatar\\\/3b4f84a0a8a4380ac4431fa79981d073692380c5da00ae97596e794ab0db5c8c?s=96&d=mm&r=g\",\"url\":\"https:\\\/\\\/secure.gravatar.com\\\/avatar\\\/3b4f84a0a8a4380ac4431fa79981d073692380c5da00ae97596e794ab0db5c8c?s=96&d=mm&r=g\",\"contentUrl\":\"https:\\\/\\\/secure.gravatar.com\\\/avatar\\\/3b4f84a0a8a4380ac4431fa79981d073692380c5da00ae97596e794ab0db5c8c?s=96&d=mm&r=g\",\"caption\":\"MsConectado\"},\"url\":\"https:\\\/\\\/msconectado.com.br\\\/?author=2\"}]}<\/script>\n<!-- \/ Yoast SEO plugin. -->","yoast_head_json":{"title":"Vereador Robert Ziemann comemora ades\u00e3o da CASSEMS para servidores de Maracaju - MsConectado","robots":{"index":"index","follow":"follow","max-snippet":"max-snippet:-1","max-image-preview":"max-image-preview:large","max-video-preview":"max-video-preview:-1"},"canonical":"https:\/\/msconectado.com.br\/?p=21626","og_locale":"pt_BR","og_type":"article","og_title":"Vereador Robert Ziemann comemora ades\u00e3o da CASSEMS para servidores de Maracaju - MsConectado","og_description":"Nos \u00faltimos tr\u00eas mandatos o vereador Robert Ziemann vem pedindo a ades\u00e3o da CASSEMS para servidores p\u00fablicos municipais de Maracaju. \u201cEm alguns munic\u00edpios este conv\u00eanio j\u00e1 foi adotado, reduzindo a fila do sus e contribuindo para o sistema p\u00fablico de sa\u00fade. H\u00e1 alguns anos venho pedindo para termos planos de sa\u00fade aos servidores municipais\u201d e [&hellip;]","og_url":"https:\/\/msconectado.com.br\/?p=21626","og_site_name":"MsConectado","article_published_time":"2024-03-28T00:03:41+00:00","article_modified_time":"2024-03-28T00:03:43+00:00","og_image":[{"width":2048,"height":1365,"url":"https:\/\/msconectado.com.br\/wp-content\/uploads\/2024\/03\/sdfdsfdsf-5.jpg","type":"image\/jpeg"}],"author":"MsConectado","twitter_card":"summary_large_image","twitter_misc":{"Escrito por":"MsConectado","Est. tempo de leitura":"2 minutos"},"schema":{"@context":"https:\/\/schema.org","@graph":[{"@type":"Article","@id":"https:\/\/msconectado.com.br\/?p=21626#article","isPartOf":{"@id":"https:\/\/msconectado.com.br\/?p=21626"},"author":{"name":"MsConectado","@id":"https:\/\/msconectado.com.br\/#\/schema\/person\/e5585545b5687092f1041d350b6e2c16"},"headline":"Vereador Robert Ziemann comemora ades\u00e3o da CASSEMS para servidores de Maracaju","datePublished":"2024-03-28T00:03:41+00:00","dateModified":"2024-03-28T00:03:43+00:00","mainEntityOfPage":{"@id":"https:\/\/msconectado.com.br\/?p=21626"},"wordCount":434,"commentCount":0,"publisher":{"@id":"https:\/\/msconectado.com.br\/#organization"},"image":{"@id":"https:\/\/msconectado.com.br\/?p=21626#primaryimage"},"thumbnailUrl":"https:\/\/msconectado.com.br\/wp-content\/uploads\/2024\/03\/sdfdsfdsf-5.jpg","articleSection":["Cidades","Not\u00edcia","Pol\u00edtica"],"inLanguage":"pt-BR","potentialAction":[{"@type":"CommentAction","name":"Comment","target":["https:\/\/msconectado.com.br\/?p=21626#respond"]}]},{"@type":"WebPage","@id":"https:\/\/msconectado.com.br\/?p=21626","url":"https:\/\/msconectado.com.br\/?p=21626","name":"Vereador Robert Ziemann comemora ades\u00e3o da CASSEMS para servidores de Maracaju - MsConectado","isPartOf":{"@id":"https:\/\/msconectado.com.br\/#website"},"primaryImageOfPage":{"@id":"https:\/\/msconectado.com.br\/?p=21626#primaryimage"},"image":{"@id":"https:\/\/msconectado.com.br\/?p=21626#primaryimage"},"thumbnailUrl":"https:\/\/msconectado.com.br\/wp-content\/uploads\/2024\/03\/sdfdsfdsf-5.jpg","datePublished":"2024-03-28T00:03:41+00:00","dateModified":"2024-03-28T00:03:43+00:00","breadcrumb":{"@id":"https:\/\/msconectado.com.br\/?p=21626#breadcrumb"},"inLanguage":"pt-BR","potentialAction":[{"@type":"ReadAction","target":["https:\/\/msconectado.com.br\/?p=21626"]}]},{"@type":"ImageObject","inLanguage":"pt-BR","@id":"https:\/\/msconectado.com.br\/?p=21626#primaryimage","url":"https:\/\/msconectado.com.br\/wp-content\/uploads\/2024\/03\/sdfdsfdsf-5.jpg","contentUrl":"https:\/\/msconectado.com.br\/wp-content\/uploads\/2024\/03\/sdfdsfdsf-5.jpg","width":2048,"height":1365},{"@type":"BreadcrumbList","@id":"https:\/\/msconectado.com.br\/?p=21626#breadcrumb","itemListElement":[{"@type":"ListItem","position":1,"name":"In\u00edcio","item":"https:\/\/msconectado.com.br\/?page_id=105"},{"@type":"ListItem","position":2,"name":"Vereador Robert Ziemann comemora ades\u00e3o da CASSEMS para servidores de Maracaju"}]},{"@type":"WebSite","@id":"https:\/\/msconectado.com.br\/#website","url":"https:\/\/msconectado.com.br\/","name":"MsConectado","description":"Voc\u00ea Conectado com a Not\u00edcia!","publisher":{"@id":"https:\/\/msconectado.com.br\/#organization"},"potentialAction":[{"@type":"SearchAction","target":{"@type":"EntryPoint","urlTemplate":"https:\/\/msconectado.com.br\/?s={search_term_string}"},"query-input":{"@type":"PropertyValueSpecification","valueRequired":true,"valueName":"search_term_string"}}],"inLanguage":"pt-BR"},{"@type":"Organization","@id":"https:\/\/msconectado.com.br\/#organization","name":"MsConectado","url":"https:\/\/msconectado.com.br\/","logo":{"@type":"ImageObject","inLanguage":"pt-BR","@id":"https:\/\/msconectado.com.br\/#\/schema\/logo\/image\/","url":"https:\/\/msconectado.com.br\/wp-content\/uploads\/2023\/01\/cropped-noticia-2.png","contentUrl":"https:\/\/msconectado.com.br\/wp-content\/uploads\/2023\/01\/cropped-noticia-2.png","width":720,"height":157,"caption":"MsConectado"},"image":{"@id":"https:\/\/msconectado.com.br\/#\/schema\/logo\/image\/"}},{"@type":"Person","@id":"https:\/\/msconectado.com.br\/#\/schema\/person\/e5585545b5687092f1041d350b6e2c16","name":"MsConectado","image":{"@type":"ImageObject","inLanguage":"pt-BR","@id":"https:\/\/secure.gravatar.com\/avatar\/3b4f84a0a8a4380ac4431fa79981d073692380c5da00ae97596e794ab0db5c8c?s=96&d=mm&r=g","url":"https:\/\/secure.gravatar.com\/avatar\/3b4f84a0a8a4380ac4431fa79981d073692380c5da00ae97596e794ab0db5c8c?s=96&d=mm&r=g","contentUrl":"https:\/\/secure.gravatar.com\/avatar\/3b4f84a0a8a4380ac4431fa79981d073692380c5da00ae97596e794ab0db5c8c?s=96&d=mm&r=g","caption":"MsConectado"},"url":"https:\/\/msconectado.com.br\/?author=2"}]}},"_links":{"self":[{"href":"https:\/\/msconectado.com.br\/index.php?rest_route=\/wp\/v2\/posts\/21626","targetHints":{"allow":["GET"]}}],"collection":[{"href":"https:\/\/msconectado.com.br\/index.php?rest_route=\/wp\/v2\/posts"}],"about":[{"href":"https:\/\/msconectado.com.br\/index.php?rest_route=\/wp\/v2\/types\/post"}],"author":[{"embeddable":true,"href":"https:\/\/msconectado.com.br\/index.php?rest_route=\/wp\/v2\/users\/2"}],"replies":[{"embeddable":true,"href":"https:\/\/msconectado.com.br\/index.php?rest_route=%2Fwp%2Fv2%2Fcomments&post=21626"}],"version-history":[{"count":1,"href":"https:\/\/msconectado.com.br\/index.php?rest_route=\/wp\/v2\/posts\/21626\/revisions"}],"predecessor-version":[{"id":21631,"href":"https:\/\/msconectado.com.br\/index.php?rest_route=\/wp\/v2\/posts\/21626\/revisions\/21631"}],"wp:featuredmedia":[{"embeddable":true,"href":"https:\/\/msconectado.com.br\/index.php?rest_route=\/wp\/v2\/media\/21630"}],"wp:attachment":[{"href":"https:\/\/msconectado.com.br\/index.php?rest_route=%2Fwp%2Fv2%2Fmedia&parent=21626"}],"wp:term":[{"taxonomy":"category","embeddable":true,"href":"https:\/\/msconectado.com.br\/index.php?rest_route=%2Fwp%2Fv2%2Fcategories&post=21626"},{"taxonomy":"post_tag","embeddable":true,"href":"https:\/\/msconectado.com.br\/index.php?rest_route=%2Fwp%2Fv2%2Ftags&post=21626"}],"curies":[{"name":"wp","href":"https:\/\/api.w.org\/{rel}","templated":true}]}}