
{"id":21643,"date":"2024-03-28T18:59:29","date_gmt":"2024-03-28T18:59:29","guid":{"rendered":"https:\/\/msconectado.com.br\/?p=21643"},"modified":"2024-03-28T19:09:05","modified_gmt":"2024-03-28T19:09:05","slug":"riedel-e-tarcisio-se-encontram-em-sp-para-tratar-de-avancos-em-infraestrutura-e-logistica","status":"publish","type":"post","link":"https:\/\/msconectado.com.br\/?p=21643","title":{"rendered":"Riedel e Tarc\u00edsio se encontram em SP para tratar de avan\u00e7os em infraestrutura e log\u00edstica"},"content":{"rendered":"\n<p>O governador Eduardo Riedel formalizou junto ao governador de S\u00e3o Paulo, Tarc\u00edsio de Freitas, em visita oficial ao Pal\u00e1cio dos Bandeirantes, pleito pela reativa\u00e7\u00e3o da ferrovia Malha Oeste e da amplia\u00e7\u00e3o da hidrovia Tiet\u00ea-Paran\u00e1. Acompanhado do vice Barbosinha e do secret\u00e1rio Jaime Verruck (Desenvolvimento), o chefe do Executivo destacou a import\u00e2ncia estrat\u00e9gica da diversifica\u00e7\u00e3o de modais de transporte para o impulsionamento das cadeias de produ\u00e7\u00e3o.<\/p>\n\n\n\n<p>Gera\u00e7\u00e3o de emprego e renda e outros projetos que est\u00e3o na base das pol\u00edticas p\u00fablicas dos dois estados tamb\u00e9m estiveram na pauta dos l\u00edderes. &#8220;O Brasil elegeu governadores como o de S\u00e3o Paulo, muito comprometidos com o resultado, com pol\u00edticas p\u00fablicas mais efetivas e o trabalho direcionado para o cidad\u00e3o e a cidad\u00e3&#8221;, destaca o governador Eduardo Riedel.<\/p>\n\n\n\n<p>Tanto a Malha Oeste como a Tiet\u00ea-Paran\u00e1 s\u00e3o dois eixos de transporte que d\u00e3o nova din\u00e2mica para a infraestrutura econ\u00f4mica sul-mato-grossense. A divisa entre Mato Grosso do Sul e S\u00e3o Paulo \u00e9 a de segunda maior extens\u00e3o entre as cinco unidades da federa\u00e7\u00e3o lim\u00edtrofes ao territ\u00f3rio sul-mato-grossense, e tamb\u00e9m \u00e9 a de maior contingente populacional.<\/p>\n\n\n<div class=\"wp-block-image\">\n<figure class=\"aligncenter\" id=\"attachment_471171\"><a href=\"https:\/\/agenciadenoticias.ms.gov.br\/wp-content\/uploads\/2024\/03\/Riedel-com-Tarcisio-em-SP-Foto-Marcelo-S-Camargo-GovSP-1.jpeg\"><img decoding=\"async\" src=\"https:\/\/agenciadenoticias.ms.gov.br\/wp-content\/uploads\/2024\/03\/Riedel-com-Tarcisio-em-SP-Foto-Marcelo-S-Camargo-GovSP-1-756x1024.jpeg\" alt=\"\" class=\"wp-image-471171\"\/><\/a><figcaption class=\"wp-element-caption\">Governador paulista recebeu presente de sul-mato-grossense<\/figcaption><\/figure>\n<\/div>\n\n\n<p>&#8220;Conversamos para fazer um alinhamento de necessidades de investimento para revitalizar a Malha Oeste, em especial quanto ao volume de carga de Mato Grosso do Sul para o Porto de Santos. Faremos em breve uma agenda junto ao ministro [dos Transportes] Renan Filho para buscar um alinhamento estrat\u00e9gico entre o Governo Federal e os governos de S\u00e3o Paulo e Mato Grosso do Sul&#8221;, explica o secret\u00e1rio Jaime Verruck.<\/p>\n\n\n\n<p>Ainda segundo Verruck, o encontro ainda encaminhou investimentos no trecho sul-mato-grossense da Malha Oeste, onde a linha f\u00e9rrea ser\u00e1 de bitola larga, al\u00e9m de uma avalia\u00e7\u00e3o no trecho paulista, onde h\u00e1 um menor volume de embarques, mas pode receber trens intermunicipais.<\/p>\n\n\n\n<p>J\u00e1 quanto a hidrovia Tiet\u00ea-Paran\u00e1 foi debatido o avan\u00e7o das obras no munic\u00edpio paulista de Avanhadava. S\u00e3o elas que tornar\u00e3o a hidrovia naveg\u00e1vel tamb\u00e9m a partir de Mato Grosso do Sul. A informa\u00e7\u00e3o repassada pelo governador Tarc\u00edsio de Freitas \u00e9 que o trabalho ali est\u00e1 em andamento, com previs\u00e3o de conclus\u00e3o para o ano de 2026.<\/p>\n\n\n\n<p>Fora as conversas sobre infraestrutura e log\u00edstica, a comitiva de Mato Grosso do Sul tamb\u00e9m falou sobre a possibilidade de um conv\u00eanio relativo a t\u00edtulos de cota de reserva legal, inclusive com a possibilidade de Tarc\u00edsio vir ao Mato Grosso do Sul em breve para agenda p\u00fablica, e sobre quest\u00f5es de interesse nacional e pautas que interessam aos estados.<\/p>\n\n\n\n<p>&#8220;Tive a oportunidade de discutir com o governador Tarc\u00edsio pautas nacionais e quest\u00f5es que interessam tanto a S\u00e3o Paulo quanto a Mato Grosso do Sul. H\u00e1 muita converg\u00eancia em uma gest\u00e3o de desenvolvimento e crescimento para os estados, muito atrelado \u00e0 cria\u00e7\u00e3o de oportunidades de emprego e renda a toda sociedade&#8221;, frisa Eduardo Riedel.<\/p>\n\n\n\n<p><em>Nyelder Rodrigues, Comunica\u00e7\u00e3o Governo de MS<\/em><br><em>Fotos: Marcelo S. Camargo\/Governo de SP<\/em><\/p>\n\n\n<div class=\"wp-block-image\">\n<figure class=\"aligncenter size-full\"><img fetchpriority=\"high\" decoding=\"async\" width=\"900\" height=\"100\" src=\"https:\/\/msconectado.com.br\/wp-content\/uploads\/2024\/03\/MS-conectato-900-x-100-px.gif\" alt=\"\" class=\"wp-image-21595\"\/><\/figure>\n<\/div>\n\n<div class=\"wp-block-image\">\n<figure class=\"aligncenter size-full\"><img decoding=\"async\" width=\"900\" height=\"100\" src=\"https:\/\/msconectado.com.br\/wp-content\/uploads\/2024\/03\/Planos_que_atendem_todos_os_gostos.png\" alt=\"\" class=\"wp-image-21399\" srcset=\"https:\/\/msconectado.com.br\/wp-content\/uploads\/2024\/03\/Planos_que_atendem_todos_os_gostos.png 900w, https:\/\/msconectado.com.br\/wp-content\/uploads\/2024\/03\/Planos_que_atendem_todos_os_gostos-300x33.png 300w, https:\/\/msconectado.com.br\/wp-content\/uploads\/2024\/03\/Planos_que_atendem_todos_os_gostos-768x85.png 768w\" sizes=\"(max-width: 900px) 100vw, 900px\" \/><\/figure>\n<\/div>","protected":false},"excerpt":{"rendered":"<p>O governador Eduardo Riedel formalizou junto ao governador de S\u00e3o Paulo, Tarc\u00edsio de Freitas, em visita oficial ao Pal\u00e1cio dos Bandeirantes, pleito pela reativa\u00e7\u00e3o da ferrovia Malha Oeste e da amplia\u00e7\u00e3o da hidrovia Tiet\u00ea-Paran\u00e1. Acompanhado do vice Barbosinha e do secret\u00e1rio Jaime Verruck (Desenvolvimento), o chefe do Executivo destacou a import\u00e2ncia estrat\u00e9gica da diversifica\u00e7\u00e3o de [&hellip;]<\/p>\n","protected":false},"author":2,"featured_media":21644,"comment_status":"open","ping_status":"closed","sticky":false,"template":"","format":"standard","meta":{"footnotes":""},"categories":[35,1,33],"tags":[],"class_list":["post-21643","post","type-post","status-publish","format-standard","has-post-thumbnail","hentry","category-cidades","category-noticia","category-politica"],"yoast_head":"<!-- This site is optimized with the Yoast SEO plugin v27.5 - https:\/\/yoast.com\/product\/yoast-seo-wordpress\/ -->\n<title>Riedel e Tarc\u00edsio se encontram em SP para tratar de avan\u00e7os em infraestrutura e log\u00edstica - MsConectado<\/title>\n<meta name=\"robots\" content=\"index, follow, max-snippet:-1, max-image-preview:large, max-video-preview:-1\" \/>\n<link rel=\"canonical\" href=\"https:\/\/msconectado.com.br\/?p=21643\" \/>\n<meta property=\"og:locale\" content=\"pt_BR\" \/>\n<meta property=\"og:type\" content=\"article\" \/>\n<meta property=\"og:title\" content=\"Riedel e Tarc\u00edsio se encontram em SP para tratar de avan\u00e7os em infraestrutura e log\u00edstica - MsConectado\" \/>\n<meta property=\"og:description\" content=\"O governador Eduardo Riedel formalizou junto ao governador de S\u00e3o Paulo, Tarc\u00edsio de Freitas, em visita oficial ao Pal\u00e1cio dos Bandeirantes, pleito pela reativa\u00e7\u00e3o da ferrovia Malha Oeste e da amplia\u00e7\u00e3o da hidrovia Tiet\u00ea-Paran\u00e1. Acompanhado do vice Barbosinha e do secret\u00e1rio Jaime Verruck (Desenvolvimento), o chefe do Executivo destacou a import\u00e2ncia estrat\u00e9gica da diversifica\u00e7\u00e3o de [&hellip;]\" \/>\n<meta property=\"og:url\" content=\"https:\/\/msconectado.com.br\/?p=21643\" \/>\n<meta property=\"og:site_name\" content=\"MsConectado\" \/>\n<meta property=\"article:published_time\" content=\"2024-03-28T18:59:29+00:00\" \/>\n<meta property=\"article:modified_time\" content=\"2024-03-28T19:09:05+00:00\" \/>\n<meta property=\"og:image\" content=\"https:\/\/msconectado.com.br\/wp-content\/uploads\/2024\/03\/Riedel-com-Tarcisio-em-SP-Foto-Marcelo-S-Camargo-GovSP-2-e1711649252831-730x480-1.jpeg\" \/>\n\t<meta property=\"og:image:width\" content=\"730\" \/>\n\t<meta property=\"og:image:height\" content=\"480\" \/>\n\t<meta property=\"og:image:type\" content=\"image\/jpeg\" \/>\n<meta name=\"author\" content=\"MsConectado\" \/>\n<meta name=\"twitter:card\" content=\"summary_large_image\" \/>\n<meta name=\"twitter:label1\" content=\"Escrito por\" \/>\n\t<meta name=\"twitter:data1\" content=\"MsConectado\" \/>\n\t<meta name=\"twitter:label2\" content=\"Est. tempo de leitura\" \/>\n\t<meta name=\"twitter:data2\" content=\"3 minutos\" \/>\n<script type=\"application\/ld+json\" class=\"yoast-schema-graph\">{\"@context\":\"https:\\\/\\\/schema.org\",\"@graph\":[{\"@type\":\"Article\",\"@id\":\"https:\\\/\\\/msconectado.com.br\\\/?p=21643#article\",\"isPartOf\":{\"@id\":\"https:\\\/\\\/msconectado.com.br\\\/?p=21643\"},\"author\":{\"name\":\"MsConectado\",\"@id\":\"https:\\\/\\\/msconectado.com.br\\\/#\\\/schema\\\/person\\\/e5585545b5687092f1041d350b6e2c16\"},\"headline\":\"Riedel e Tarc\u00edsio se encontram em SP para tratar de avan\u00e7os em infraestrutura e log\u00edstica\",\"datePublished\":\"2024-03-28T18:59:29+00:00\",\"dateModified\":\"2024-03-28T19:09:05+00:00\",\"mainEntityOfPage\":{\"@id\":\"https:\\\/\\\/msconectado.com.br\\\/?p=21643\"},\"wordCount\":551,\"commentCount\":0,\"publisher\":{\"@id\":\"https:\\\/\\\/msconectado.com.br\\\/#organization\"},\"image\":{\"@id\":\"https:\\\/\\\/msconectado.com.br\\\/?p=21643#primaryimage\"},\"thumbnailUrl\":\"https:\\\/\\\/msconectado.com.br\\\/wp-content\\\/uploads\\\/2024\\\/03\\\/Riedel-com-Tarcisio-em-SP-Foto-Marcelo-S-Camargo-GovSP-2-e1711649252831-730x480-1.jpeg\",\"articleSection\":[\"Cidades\",\"Not\u00edcia\",\"Pol\u00edtica\"],\"inLanguage\":\"pt-BR\",\"potentialAction\":[{\"@type\":\"CommentAction\",\"name\":\"Comment\",\"target\":[\"https:\\\/\\\/msconectado.com.br\\\/?p=21643#respond\"]}]},{\"@type\":\"WebPage\",\"@id\":\"https:\\\/\\\/msconectado.com.br\\\/?p=21643\",\"url\":\"https:\\\/\\\/msconectado.com.br\\\/?p=21643\",\"name\":\"Riedel e Tarc\u00edsio se encontram em SP para tratar de avan\u00e7os em infraestrutura e log\u00edstica - MsConectado\",\"isPartOf\":{\"@id\":\"https:\\\/\\\/msconectado.com.br\\\/#website\"},\"primaryImageOfPage\":{\"@id\":\"https:\\\/\\\/msconectado.com.br\\\/?p=21643#primaryimage\"},\"image\":{\"@id\":\"https:\\\/\\\/msconectado.com.br\\\/?p=21643#primaryimage\"},\"thumbnailUrl\":\"https:\\\/\\\/msconectado.com.br\\\/wp-content\\\/uploads\\\/2024\\\/03\\\/Riedel-com-Tarcisio-em-SP-Foto-Marcelo-S-Camargo-GovSP-2-e1711649252831-730x480-1.jpeg\",\"datePublished\":\"2024-03-28T18:59:29+00:00\",\"dateModified\":\"2024-03-28T19:09:05+00:00\",\"breadcrumb\":{\"@id\":\"https:\\\/\\\/msconectado.com.br\\\/?p=21643#breadcrumb\"},\"inLanguage\":\"pt-BR\",\"potentialAction\":[{\"@type\":\"ReadAction\",\"target\":[\"https:\\\/\\\/msconectado.com.br\\\/?p=21643\"]}]},{\"@type\":\"ImageObject\",\"inLanguage\":\"pt-BR\",\"@id\":\"https:\\\/\\\/msconectado.com.br\\\/?p=21643#primaryimage\",\"url\":\"https:\\\/\\\/msconectado.com.br\\\/wp-content\\\/uploads\\\/2024\\\/03\\\/Riedel-com-Tarcisio-em-SP-Foto-Marcelo-S-Camargo-GovSP-2-e1711649252831-730x480-1.jpeg\",\"contentUrl\":\"https:\\\/\\\/msconectado.com.br\\\/wp-content\\\/uploads\\\/2024\\\/03\\\/Riedel-com-Tarcisio-em-SP-Foto-Marcelo-S-Camargo-GovSP-2-e1711649252831-730x480-1.jpeg\",\"width\":730,\"height\":480},{\"@type\":\"BreadcrumbList\",\"@id\":\"https:\\\/\\\/msconectado.com.br\\\/?p=21643#breadcrumb\",\"itemListElement\":[{\"@type\":\"ListItem\",\"position\":1,\"name\":\"In\u00edcio\",\"item\":\"https:\\\/\\\/msconectado.com.br\\\/?page_id=105\"},{\"@type\":\"ListItem\",\"position\":2,\"name\":\"Riedel e Tarc\u00edsio se encontram em SP para tratar de avan\u00e7os em infraestrutura e log\u00edstica\"}]},{\"@type\":\"WebSite\",\"@id\":\"https:\\\/\\\/msconectado.com.br\\\/#website\",\"url\":\"https:\\\/\\\/msconectado.com.br\\\/\",\"name\":\"MsConectado\",\"description\":\"Voc\u00ea Conectado com a Not\u00edcia!\",\"publisher\":{\"@id\":\"https:\\\/\\\/msconectado.com.br\\\/#organization\"},\"potentialAction\":[{\"@type\":\"SearchAction\",\"target\":{\"@type\":\"EntryPoint\",\"urlTemplate\":\"https:\\\/\\\/msconectado.com.br\\\/?s={search_term_string}\"},\"query-input\":{\"@type\":\"PropertyValueSpecification\",\"valueRequired\":true,\"valueName\":\"search_term_string\"}}],\"inLanguage\":\"pt-BR\"},{\"@type\":\"Organization\",\"@id\":\"https:\\\/\\\/msconectado.com.br\\\/#organization\",\"name\":\"MsConectado\",\"url\":\"https:\\\/\\\/msconectado.com.br\\\/\",\"logo\":{\"@type\":\"ImageObject\",\"inLanguage\":\"pt-BR\",\"@id\":\"https:\\\/\\\/msconectado.com.br\\\/#\\\/schema\\\/logo\\\/image\\\/\",\"url\":\"https:\\\/\\\/msconectado.com.br\\\/wp-content\\\/uploads\\\/2023\\\/01\\\/cropped-noticia-2.png\",\"contentUrl\":\"https:\\\/\\\/msconectado.com.br\\\/wp-content\\\/uploads\\\/2023\\\/01\\\/cropped-noticia-2.png\",\"width\":720,\"height\":157,\"caption\":\"MsConectado\"},\"image\":{\"@id\":\"https:\\\/\\\/msconectado.com.br\\\/#\\\/schema\\\/logo\\\/image\\\/\"}},{\"@type\":\"Person\",\"@id\":\"https:\\\/\\\/msconectado.com.br\\\/#\\\/schema\\\/person\\\/e5585545b5687092f1041d350b6e2c16\",\"name\":\"MsConectado\",\"image\":{\"@type\":\"ImageObject\",\"inLanguage\":\"pt-BR\",\"@id\":\"https:\\\/\\\/secure.gravatar.com\\\/avatar\\\/3b4f84a0a8a4380ac4431fa79981d073692380c5da00ae97596e794ab0db5c8c?s=96&d=mm&r=g\",\"url\":\"https:\\\/\\\/secure.gravatar.com\\\/avatar\\\/3b4f84a0a8a4380ac4431fa79981d073692380c5da00ae97596e794ab0db5c8c?s=96&d=mm&r=g\",\"contentUrl\":\"https:\\\/\\\/secure.gravatar.com\\\/avatar\\\/3b4f84a0a8a4380ac4431fa79981d073692380c5da00ae97596e794ab0db5c8c?s=96&d=mm&r=g\",\"caption\":\"MsConectado\"},\"url\":\"https:\\\/\\\/msconectado.com.br\\\/?author=2\"}]}<\/script>\n<!-- \/ Yoast SEO plugin. -->","yoast_head_json":{"title":"Riedel e Tarc\u00edsio se encontram em SP para tratar de avan\u00e7os em infraestrutura e log\u00edstica - MsConectado","robots":{"index":"index","follow":"follow","max-snippet":"max-snippet:-1","max-image-preview":"max-image-preview:large","max-video-preview":"max-video-preview:-1"},"canonical":"https:\/\/msconectado.com.br\/?p=21643","og_locale":"pt_BR","og_type":"article","og_title":"Riedel e Tarc\u00edsio se encontram em SP para tratar de avan\u00e7os em infraestrutura e log\u00edstica - MsConectado","og_description":"O governador Eduardo Riedel formalizou junto ao governador de S\u00e3o Paulo, Tarc\u00edsio de Freitas, em visita oficial ao Pal\u00e1cio dos Bandeirantes, pleito pela reativa\u00e7\u00e3o da ferrovia Malha Oeste e da amplia\u00e7\u00e3o da hidrovia Tiet\u00ea-Paran\u00e1. Acompanhado do vice Barbosinha e do secret\u00e1rio Jaime Verruck (Desenvolvimento), o chefe do Executivo destacou a import\u00e2ncia estrat\u00e9gica da diversifica\u00e7\u00e3o de [&hellip;]","og_url":"https:\/\/msconectado.com.br\/?p=21643","og_site_name":"MsConectado","article_published_time":"2024-03-28T18:59:29+00:00","article_modified_time":"2024-03-28T19:09:05+00:00","og_image":[{"width":730,"height":480,"url":"https:\/\/msconectado.com.br\/wp-content\/uploads\/2024\/03\/Riedel-com-Tarcisio-em-SP-Foto-Marcelo-S-Camargo-GovSP-2-e1711649252831-730x480-1.jpeg","type":"image\/jpeg"}],"author":"MsConectado","twitter_card":"summary_large_image","twitter_misc":{"Escrito por":"MsConectado","Est. tempo de leitura":"3 minutos"},"schema":{"@context":"https:\/\/schema.org","@graph":[{"@type":"Article","@id":"https:\/\/msconectado.com.br\/?p=21643#article","isPartOf":{"@id":"https:\/\/msconectado.com.br\/?p=21643"},"author":{"name":"MsConectado","@id":"https:\/\/msconectado.com.br\/#\/schema\/person\/e5585545b5687092f1041d350b6e2c16"},"headline":"Riedel e Tarc\u00edsio se encontram em SP para tratar de avan\u00e7os em infraestrutura e log\u00edstica","datePublished":"2024-03-28T18:59:29+00:00","dateModified":"2024-03-28T19:09:05+00:00","mainEntityOfPage":{"@id":"https:\/\/msconectado.com.br\/?p=21643"},"wordCount":551,"commentCount":0,"publisher":{"@id":"https:\/\/msconectado.com.br\/#organization"},"image":{"@id":"https:\/\/msconectado.com.br\/?p=21643#primaryimage"},"thumbnailUrl":"https:\/\/msconectado.com.br\/wp-content\/uploads\/2024\/03\/Riedel-com-Tarcisio-em-SP-Foto-Marcelo-S-Camargo-GovSP-2-e1711649252831-730x480-1.jpeg","articleSection":["Cidades","Not\u00edcia","Pol\u00edtica"],"inLanguage":"pt-BR","potentialAction":[{"@type":"CommentAction","name":"Comment","target":["https:\/\/msconectado.com.br\/?p=21643#respond"]}]},{"@type":"WebPage","@id":"https:\/\/msconectado.com.br\/?p=21643","url":"https:\/\/msconectado.com.br\/?p=21643","name":"Riedel e Tarc\u00edsio se encontram em SP para tratar de avan\u00e7os em infraestrutura e log\u00edstica - MsConectado","isPartOf":{"@id":"https:\/\/msconectado.com.br\/#website"},"primaryImageOfPage":{"@id":"https:\/\/msconectado.com.br\/?p=21643#primaryimage"},"image":{"@id":"https:\/\/msconectado.com.br\/?p=21643#primaryimage"},"thumbnailUrl":"https:\/\/msconectado.com.br\/wp-content\/uploads\/2024\/03\/Riedel-com-Tarcisio-em-SP-Foto-Marcelo-S-Camargo-GovSP-2-e1711649252831-730x480-1.jpeg","datePublished":"2024-03-28T18:59:29+00:00","dateModified":"2024-03-28T19:09:05+00:00","breadcrumb":{"@id":"https:\/\/msconectado.com.br\/?p=21643#breadcrumb"},"inLanguage":"pt-BR","potentialAction":[{"@type":"ReadAction","target":["https:\/\/msconectado.com.br\/?p=21643"]}]},{"@type":"ImageObject","inLanguage":"pt-BR","@id":"https:\/\/msconectado.com.br\/?p=21643#primaryimage","url":"https:\/\/msconectado.com.br\/wp-content\/uploads\/2024\/03\/Riedel-com-Tarcisio-em-SP-Foto-Marcelo-S-Camargo-GovSP-2-e1711649252831-730x480-1.jpeg","contentUrl":"https:\/\/msconectado.com.br\/wp-content\/uploads\/2024\/03\/Riedel-com-Tarcisio-em-SP-Foto-Marcelo-S-Camargo-GovSP-2-e1711649252831-730x480-1.jpeg","width":730,"height":480},{"@type":"BreadcrumbList","@id":"https:\/\/msconectado.com.br\/?p=21643#breadcrumb","itemListElement":[{"@type":"ListItem","position":1,"name":"In\u00edcio","item":"https:\/\/msconectado.com.br\/?page_id=105"},{"@type":"ListItem","position":2,"name":"Riedel e Tarc\u00edsio se encontram em SP para tratar de avan\u00e7os em infraestrutura e log\u00edstica"}]},{"@type":"WebSite","@id":"https:\/\/msconectado.com.br\/#website","url":"https:\/\/msconectado.com.br\/","name":"MsConectado","description":"Voc\u00ea Conectado com a Not\u00edcia!","publisher":{"@id":"https:\/\/msconectado.com.br\/#organization"},"potentialAction":[{"@type":"SearchAction","target":{"@type":"EntryPoint","urlTemplate":"https:\/\/msconectado.com.br\/?s={search_term_string}"},"query-input":{"@type":"PropertyValueSpecification","valueRequired":true,"valueName":"search_term_string"}}],"inLanguage":"pt-BR"},{"@type":"Organization","@id":"https:\/\/msconectado.com.br\/#organization","name":"MsConectado","url":"https:\/\/msconectado.com.br\/","logo":{"@type":"ImageObject","inLanguage":"pt-BR","@id":"https:\/\/msconectado.com.br\/#\/schema\/logo\/image\/","url":"https:\/\/msconectado.com.br\/wp-content\/uploads\/2023\/01\/cropped-noticia-2.png","contentUrl":"https:\/\/msconectado.com.br\/wp-content\/uploads\/2023\/01\/cropped-noticia-2.png","width":720,"height":157,"caption":"MsConectado"},"image":{"@id":"https:\/\/msconectado.com.br\/#\/schema\/logo\/image\/"}},{"@type":"Person","@id":"https:\/\/msconectado.com.br\/#\/schema\/person\/e5585545b5687092f1041d350b6e2c16","name":"MsConectado","image":{"@type":"ImageObject","inLanguage":"pt-BR","@id":"https:\/\/secure.gravatar.com\/avatar\/3b4f84a0a8a4380ac4431fa79981d073692380c5da00ae97596e794ab0db5c8c?s=96&d=mm&r=g","url":"https:\/\/secure.gravatar.com\/avatar\/3b4f84a0a8a4380ac4431fa79981d073692380c5da00ae97596e794ab0db5c8c?s=96&d=mm&r=g","contentUrl":"https:\/\/secure.gravatar.com\/avatar\/3b4f84a0a8a4380ac4431fa79981d073692380c5da00ae97596e794ab0db5c8c?s=96&d=mm&r=g","caption":"MsConectado"},"url":"https:\/\/msconectado.com.br\/?author=2"}]}},"_links":{"self":[{"href":"https:\/\/msconectado.com.br\/index.php?rest_route=\/wp\/v2\/posts\/21643","targetHints":{"allow":["GET"]}}],"collection":[{"href":"https:\/\/msconectado.com.br\/index.php?rest_route=\/wp\/v2\/posts"}],"about":[{"href":"https:\/\/msconectado.com.br\/index.php?rest_route=\/wp\/v2\/types\/post"}],"author":[{"embeddable":true,"href":"https:\/\/msconectado.com.br\/index.php?rest_route=\/wp\/v2\/users\/2"}],"replies":[{"embeddable":true,"href":"https:\/\/msconectado.com.br\/index.php?rest_route=%2Fwp%2Fv2%2Fcomments&post=21643"}],"version-history":[{"count":2,"href":"https:\/\/msconectado.com.br\/index.php?rest_route=\/wp\/v2\/posts\/21643\/revisions"}],"predecessor-version":[{"id":21647,"href":"https:\/\/msconectado.com.br\/index.php?rest_route=\/wp\/v2\/posts\/21643\/revisions\/21647"}],"wp:featuredmedia":[{"embeddable":true,"href":"https:\/\/msconectado.com.br\/index.php?rest_route=\/wp\/v2\/media\/21644"}],"wp:attachment":[{"href":"https:\/\/msconectado.com.br\/index.php?rest_route=%2Fwp%2Fv2%2Fmedia&parent=21643"}],"wp:term":[{"taxonomy":"category","embeddable":true,"href":"https:\/\/msconectado.com.br\/index.php?rest_route=%2Fwp%2Fv2%2Fcategories&post=21643"},{"taxonomy":"post_tag","embeddable":true,"href":"https:\/\/msconectado.com.br\/index.php?rest_route=%2Fwp%2Fv2%2Ftags&post=21643"}],"curies":[{"name":"wp","href":"https:\/\/api.w.org\/{rel}","templated":true}]}}