
{"id":21660,"date":"2024-03-30T22:10:39","date_gmt":"2024-03-30T22:10:39","guid":{"rendered":"https:\/\/msconectado.com.br\/?p=21660"},"modified":"2024-03-30T22:10:40","modified_gmt":"2024-03-30T22:10:40","slug":"psd-de-sidrolandia-promove-ato-de-filiacao-em-campo-grande-para-impulsionar-projetos-municipais","status":"publish","type":"post","link":"https:\/\/msconectado.com.br\/?p=21660","title":{"rendered":"PSD de Sidrol\u00e2ndia promove ato de filia\u00e7\u00e3o em Campo Grande para impulsionar projetos municipais."},"content":{"rendered":"\n<p>Na manh\u00e3 deste s\u00e1bado, dia 30, o Partido Social Democr\u00e1tico (PSD) de Sidrol\u00e2ndia reuniu-se em Campo Grande em um importante ato de filia\u00e7\u00e3o, visando fortalecer suas fileiras e unir esfor\u00e7os para a cria\u00e7\u00e3o de projetos em benef\u00edcio do munic\u00edpio. Sob a lideran\u00e7a do vereador Cla\u00e9sio Lechner, o evento contou com a presen\u00e7a ilustre do senador da Rep\u00fablica, Nelsinho Trad. Com a ades\u00e3o de diversas lideran\u00e7as, o PSD de Sidrol\u00e2ndia busca agora estruturar-se para efetivamente contribuir com o desenvolvimento local.<\/p>\n\n\n<div class=\"wp-block-image\">\n<figure class=\"aligncenter size-large\"><img fetchpriority=\"high\" decoding=\"async\" width=\"1024\" height=\"638\" src=\"https:\/\/msconectado.com.br\/wp-content\/uploads\/2024\/03\/image-51-1024x638.png\" alt=\"\" class=\"wp-image-21664\" srcset=\"https:\/\/msconectado.com.br\/wp-content\/uploads\/2024\/03\/image-51-1024x638.png 1024w, https:\/\/msconectado.com.br\/wp-content\/uploads\/2024\/03\/image-51-300x187.png 300w, https:\/\/msconectado.com.br\/wp-content\/uploads\/2024\/03\/image-51-768x479.png 768w, https:\/\/msconectado.com.br\/wp-content\/uploads\/2024\/03\/image-51.png 1200w\" sizes=\"(max-width: 1024px) 100vw, 1024px\" \/><\/figure>\n<\/div>\n\n\n<p>O vereador Cla\u00e9sio Lechner, figura proeminente na pol\u00edtica sidrolandense, destacou a import\u00e2ncia da uni\u00e3o partid\u00e1ria como um passo essencial para a consecu\u00e7\u00e3o de projetos que atendam \u00e0s necessidades da comunidade. Durante o ato de filia\u00e7\u00e3o, Lechner enfatizou o compromisso do PSD em trabalhar incansavelmente pelo progresso e pelo bem-estar dos cidad\u00e3os de Sidrol\u00e2ndia, ressaltando a necessidade de um partido coeso e estruturado para alcan\u00e7ar tais objetivos.<\/p>\n\n\n<div class=\"wp-block-image\">\n<figure class=\"aligncenter size-large\"><img decoding=\"async\" width=\"1024\" height=\"768\" src=\"https:\/\/msconectado.com.br\/wp-content\/uploads\/2024\/03\/image-50-1024x768.png\" alt=\"\" class=\"wp-image-21663\" srcset=\"https:\/\/msconectado.com.br\/wp-content\/uploads\/2024\/03\/image-50-1024x768.png 1024w, https:\/\/msconectado.com.br\/wp-content\/uploads\/2024\/03\/image-50-300x225.png 300w, https:\/\/msconectado.com.br\/wp-content\/uploads\/2024\/03\/image-50-768x576.png 768w, https:\/\/msconectado.com.br\/wp-content\/uploads\/2024\/03\/image-50-1536x1152.png 1536w, https:\/\/msconectado.com.br\/wp-content\/uploads\/2024\/03\/image-50.png 1600w\" sizes=\"(max-width: 1024px) 100vw, 1024px\" \/><\/figure>\n<\/div>\n\n\n<p>A presen\u00e7a do senador Nelsinho Trad acrescentou prest\u00edgio ao evento, demonstrando o apoio das esferas estadual e federal \u00e0s iniciativas do PSD Sidrol\u00e2ndia. Trad enfatizou a import\u00e2ncia da colabora\u00e7\u00e3o pol\u00edtica e da uni\u00e3o de esfor\u00e7os para o \u00eaxito na implementa\u00e7\u00e3o de pol\u00edticas p\u00fablicas eficazes em favor da popula\u00e7\u00e3o local.<\/p>\n\n\n<div class=\"wp-block-image\">\n<figure class=\"aligncenter size-large\"><img decoding=\"async\" width=\"1024\" height=\"768\" src=\"https:\/\/msconectado.com.br\/wp-content\/uploads\/2024\/03\/image-49-1024x768.png\" alt=\"\" class=\"wp-image-21662\" srcset=\"https:\/\/msconectado.com.br\/wp-content\/uploads\/2024\/03\/image-49-1024x768.png 1024w, https:\/\/msconectado.com.br\/wp-content\/uploads\/2024\/03\/image-49-300x225.png 300w, https:\/\/msconectado.com.br\/wp-content\/uploads\/2024\/03\/image-49-768x576.png 768w, https:\/\/msconectado.com.br\/wp-content\/uploads\/2024\/03\/image-49-1536x1152.png 1536w, https:\/\/msconectado.com.br\/wp-content\/uploads\/2024\/03\/image-49.png 1600w\" sizes=\"(max-width: 1024px) 100vw, 1024px\" \/><\/figure>\n<\/div>\n\n\n<p>Al\u00e9m do senador, diversas lideran\u00e7as pol\u00edticas e comunit\u00e1rias se filiaram ao PSD durante o evento, sinalizando o apoio e a confian\u00e7a no partido como um agente de mudan\u00e7a para Sidrol\u00e2ndia. Este fortalecimento da base partid\u00e1ria \u00e9 crucial para a consolida\u00e7\u00e3o de uma plataforma pol\u00edtica s\u00f3lida e comprometida com o desenvolvimento sustent\u00e1vel do munic\u00edpio.<\/p>\n\n\n<div class=\"wp-block-image\">\n<figure class=\"aligncenter size-large\"><img loading=\"lazy\" decoding=\"async\" width=\"1024\" height=\"768\" src=\"https:\/\/msconectado.com.br\/wp-content\/uploads\/2024\/03\/image-48-1024x768.png\" alt=\"\" class=\"wp-image-21661\" srcset=\"https:\/\/msconectado.com.br\/wp-content\/uploads\/2024\/03\/image-48-1024x768.png 1024w, https:\/\/msconectado.com.br\/wp-content\/uploads\/2024\/03\/image-48-300x225.png 300w, https:\/\/msconectado.com.br\/wp-content\/uploads\/2024\/03\/image-48-768x576.png 768w, https:\/\/msconectado.com.br\/wp-content\/uploads\/2024\/03\/image-48-1536x1152.png 1536w, https:\/\/msconectado.com.br\/wp-content\/uploads\/2024\/03\/image-48.png 1600w\" sizes=\"(max-width: 1024px) 100vw, 1024px\" \/><\/figure>\n<\/div>\n\n\n<p>O ato de filia\u00e7\u00e3o do PSD de Sidrol\u00e2ndia em Campo Grande representa um marco na busca por uma agenda pol\u00edtica unificada em prol do progresso e do bem-estar da comunidade local. Sob a lideran\u00e7a do vereador Cla\u00e9sio Lechner e com o apoio do senador Nelsinho Trad, o partido agora enfrenta o desafio de estruturar-se e elaborar projetos concretos que atendam \u00e0s necessidades e aspira\u00e7\u00f5es da popula\u00e7\u00e3o de Sidrol\u00e2ndia. Nesse contexto, a uni\u00e3o de lideran\u00e7as pol\u00edticas e comunit\u00e1rias \u00e9 fundamental para a constru\u00e7\u00e3o de um futuro mais pr\u00f3spero e justo para o munic\u00edpio.<\/p>\n\n\n<div class=\"wp-block-image\">\n<figure class=\"aligncenter size-large is-resized\"><img loading=\"lazy\" decoding=\"async\" width=\"1024\" height=\"659\" src=\"https:\/\/msconectado.com.br\/wp-content\/uploads\/2024\/03\/image-52-1024x659.png\" alt=\"\" class=\"wp-image-21665\" style=\"width:660px;height:auto\" srcset=\"https:\/\/msconectado.com.br\/wp-content\/uploads\/2024\/03\/image-52-1024x659.png 1024w, https:\/\/msconectado.com.br\/wp-content\/uploads\/2024\/03\/image-52-300x193.png 300w, https:\/\/msconectado.com.br\/wp-content\/uploads\/2024\/03\/image-52-768x494.png 768w, https:\/\/msconectado.com.br\/wp-content\/uploads\/2024\/03\/image-52.png 1200w\" sizes=\"(max-width: 1024px) 100vw, 1024px\" \/><\/figure>\n<\/div>\n\n\n<p><\/p>\n\n\n\n<p>Reda\u00e7\u00e3o Ms conectado<\/p>\n\n\n\n<p><\/p>\n\n\n<div class=\"wp-block-image\">\n<figure class=\"aligncenter size-full\"><img loading=\"lazy\" decoding=\"async\" width=\"900\" height=\"100\" src=\"https:\/\/msconectado.com.br\/wp-content\/uploads\/2024\/03\/camara.png\" alt=\"\" class=\"wp-image-21649\" srcset=\"https:\/\/msconectado.com.br\/wp-content\/uploads\/2024\/03\/camara.png 900w, https:\/\/msconectado.com.br\/wp-content\/uploads\/2024\/03\/camara-300x33.png 300w, https:\/\/msconectado.com.br\/wp-content\/uploads\/2024\/03\/camara-768x85.png 768w\" sizes=\"(max-width: 900px) 100vw, 900px\" \/><\/figure>\n<\/div>","protected":false},"excerpt":{"rendered":"<p>Na manh\u00e3 deste s\u00e1bado, dia 30, o Partido Social Democr\u00e1tico (PSD) de Sidrol\u00e2ndia reuniu-se em Campo Grande em um importante ato de filia\u00e7\u00e3o, visando fortalecer suas fileiras e unir esfor\u00e7os para a cria\u00e7\u00e3o de projetos em benef\u00edcio do munic\u00edpio. Sob a lideran\u00e7a do vereador Cla\u00e9sio Lechner, o evento contou com a presen\u00e7a ilustre do senador [&hellip;]<\/p>\n","protected":false},"author":2,"featured_media":21666,"comment_status":"open","ping_status":"closed","sticky":false,"template":"","format":"standard","meta":{"footnotes":""},"categories":[35,1,33],"tags":[],"class_list":["post-21660","post","type-post","status-publish","format-standard","has-post-thumbnail","hentry","category-cidades","category-noticia","category-politica"],"yoast_head":"<!-- This site is optimized with the Yoast SEO plugin v27.5 - https:\/\/yoast.com\/product\/yoast-seo-wordpress\/ -->\n<title>PSD de Sidrol\u00e2ndia promove ato de filia\u00e7\u00e3o em Campo Grande para impulsionar projetos municipais. - MsConectado<\/title>\n<meta name=\"robots\" content=\"index, follow, max-snippet:-1, max-image-preview:large, max-video-preview:-1\" \/>\n<link rel=\"canonical\" href=\"https:\/\/msconectado.com.br\/?p=21660\" \/>\n<meta property=\"og:locale\" content=\"pt_BR\" \/>\n<meta property=\"og:type\" content=\"article\" \/>\n<meta property=\"og:title\" content=\"PSD de Sidrol\u00e2ndia promove ato de filia\u00e7\u00e3o em Campo Grande para impulsionar projetos municipais. - MsConectado\" \/>\n<meta property=\"og:description\" content=\"Na manh\u00e3 deste s\u00e1bado, dia 30, o Partido Social Democr\u00e1tico (PSD) de Sidrol\u00e2ndia reuniu-se em Campo Grande em um importante ato de filia\u00e7\u00e3o, visando fortalecer suas fileiras e unir esfor\u00e7os para a cria\u00e7\u00e3o de projetos em benef\u00edcio do munic\u00edpio. Sob a lideran\u00e7a do vereador Cla\u00e9sio Lechner, o evento contou com a presen\u00e7a ilustre do senador [&hellip;]\" \/>\n<meta property=\"og:url\" content=\"https:\/\/msconectado.com.br\/?p=21660\" \/>\n<meta property=\"og:site_name\" content=\"MsConectado\" \/>\n<meta property=\"article:published_time\" content=\"2024-03-30T22:10:39+00:00\" \/>\n<meta property=\"article:modified_time\" content=\"2024-03-30T22:10:40+00:00\" \/>\n<meta property=\"og:image\" content=\"https:\/\/msconectado.com.br\/wp-content\/uploads\/2024\/03\/49a48ddc-7755-4a80-8f44-febe54c2b70e.jpg\" \/>\n\t<meta property=\"og:image:width\" content=\"1600\" \/>\n\t<meta property=\"og:image:height\" content=\"1200\" \/>\n\t<meta property=\"og:image:type\" content=\"image\/jpeg\" \/>\n<meta name=\"author\" content=\"MsConectado\" \/>\n<meta name=\"twitter:card\" content=\"summary_large_image\" \/>\n<meta name=\"twitter:label1\" content=\"Escrito por\" \/>\n\t<meta name=\"twitter:data1\" content=\"MsConectado\" \/>\n\t<meta name=\"twitter:label2\" content=\"Est. tempo de leitura\" \/>\n\t<meta name=\"twitter:data2\" content=\"2 minutos\" \/>\n<script type=\"application\/ld+json\" class=\"yoast-schema-graph\">{\"@context\":\"https:\\\/\\\/schema.org\",\"@graph\":[{\"@type\":\"Article\",\"@id\":\"https:\\\/\\\/msconectado.com.br\\\/?p=21660#article\",\"isPartOf\":{\"@id\":\"https:\\\/\\\/msconectado.com.br\\\/?p=21660\"},\"author\":{\"name\":\"MsConectado\",\"@id\":\"https:\\\/\\\/msconectado.com.br\\\/#\\\/schema\\\/person\\\/e5585545b5687092f1041d350b6e2c16\"},\"headline\":\"PSD de Sidrol\u00e2ndia promove ato de filia\u00e7\u00e3o em Campo Grande para impulsionar projetos municipais.\",\"datePublished\":\"2024-03-30T22:10:39+00:00\",\"dateModified\":\"2024-03-30T22:10:40+00:00\",\"mainEntityOfPage\":{\"@id\":\"https:\\\/\\\/msconectado.com.br\\\/?p=21660\"},\"wordCount\":421,\"commentCount\":0,\"publisher\":{\"@id\":\"https:\\\/\\\/msconectado.com.br\\\/#organization\"},\"image\":{\"@id\":\"https:\\\/\\\/msconectado.com.br\\\/?p=21660#primaryimage\"},\"thumbnailUrl\":\"https:\\\/\\\/msconectado.com.br\\\/wp-content\\\/uploads\\\/2024\\\/03\\\/49a48ddc-7755-4a80-8f44-febe54c2b70e.jpg\",\"articleSection\":[\"Cidades\",\"Not\u00edcia\",\"Pol\u00edtica\"],\"inLanguage\":\"pt-BR\",\"potentialAction\":[{\"@type\":\"CommentAction\",\"name\":\"Comment\",\"target\":[\"https:\\\/\\\/msconectado.com.br\\\/?p=21660#respond\"]}]},{\"@type\":\"WebPage\",\"@id\":\"https:\\\/\\\/msconectado.com.br\\\/?p=21660\",\"url\":\"https:\\\/\\\/msconectado.com.br\\\/?p=21660\",\"name\":\"PSD de Sidrol\u00e2ndia promove ato de filia\u00e7\u00e3o em Campo Grande para impulsionar projetos municipais. - MsConectado\",\"isPartOf\":{\"@id\":\"https:\\\/\\\/msconectado.com.br\\\/#website\"},\"primaryImageOfPage\":{\"@id\":\"https:\\\/\\\/msconectado.com.br\\\/?p=21660#primaryimage\"},\"image\":{\"@id\":\"https:\\\/\\\/msconectado.com.br\\\/?p=21660#primaryimage\"},\"thumbnailUrl\":\"https:\\\/\\\/msconectado.com.br\\\/wp-content\\\/uploads\\\/2024\\\/03\\\/49a48ddc-7755-4a80-8f44-febe54c2b70e.jpg\",\"datePublished\":\"2024-03-30T22:10:39+00:00\",\"dateModified\":\"2024-03-30T22:10:40+00:00\",\"breadcrumb\":{\"@id\":\"https:\\\/\\\/msconectado.com.br\\\/?p=21660#breadcrumb\"},\"inLanguage\":\"pt-BR\",\"potentialAction\":[{\"@type\":\"ReadAction\",\"target\":[\"https:\\\/\\\/msconectado.com.br\\\/?p=21660\"]}]},{\"@type\":\"ImageObject\",\"inLanguage\":\"pt-BR\",\"@id\":\"https:\\\/\\\/msconectado.com.br\\\/?p=21660#primaryimage\",\"url\":\"https:\\\/\\\/msconectado.com.br\\\/wp-content\\\/uploads\\\/2024\\\/03\\\/49a48ddc-7755-4a80-8f44-febe54c2b70e.jpg\",\"contentUrl\":\"https:\\\/\\\/msconectado.com.br\\\/wp-content\\\/uploads\\\/2024\\\/03\\\/49a48ddc-7755-4a80-8f44-febe54c2b70e.jpg\",\"width\":1600,\"height\":1200},{\"@type\":\"BreadcrumbList\",\"@id\":\"https:\\\/\\\/msconectado.com.br\\\/?p=21660#breadcrumb\",\"itemListElement\":[{\"@type\":\"ListItem\",\"position\":1,\"name\":\"In\u00edcio\",\"item\":\"https:\\\/\\\/msconectado.com.br\\\/?page_id=105\"},{\"@type\":\"ListItem\",\"position\":2,\"name\":\"PSD de Sidrol\u00e2ndia promove ato de filia\u00e7\u00e3o em Campo Grande para impulsionar projetos municipais.\"}]},{\"@type\":\"WebSite\",\"@id\":\"https:\\\/\\\/msconectado.com.br\\\/#website\",\"url\":\"https:\\\/\\\/msconectado.com.br\\\/\",\"name\":\"MsConectado\",\"description\":\"Voc\u00ea Conectado com a Not\u00edcia!\",\"publisher\":{\"@id\":\"https:\\\/\\\/msconectado.com.br\\\/#organization\"},\"potentialAction\":[{\"@type\":\"SearchAction\",\"target\":{\"@type\":\"EntryPoint\",\"urlTemplate\":\"https:\\\/\\\/msconectado.com.br\\\/?s={search_term_string}\"},\"query-input\":{\"@type\":\"PropertyValueSpecification\",\"valueRequired\":true,\"valueName\":\"search_term_string\"}}],\"inLanguage\":\"pt-BR\"},{\"@type\":\"Organization\",\"@id\":\"https:\\\/\\\/msconectado.com.br\\\/#organization\",\"name\":\"MsConectado\",\"url\":\"https:\\\/\\\/msconectado.com.br\\\/\",\"logo\":{\"@type\":\"ImageObject\",\"inLanguage\":\"pt-BR\",\"@id\":\"https:\\\/\\\/msconectado.com.br\\\/#\\\/schema\\\/logo\\\/image\\\/\",\"url\":\"https:\\\/\\\/msconectado.com.br\\\/wp-content\\\/uploads\\\/2023\\\/01\\\/cropped-noticia-2.png\",\"contentUrl\":\"https:\\\/\\\/msconectado.com.br\\\/wp-content\\\/uploads\\\/2023\\\/01\\\/cropped-noticia-2.png\",\"width\":720,\"height\":157,\"caption\":\"MsConectado\"},\"image\":{\"@id\":\"https:\\\/\\\/msconectado.com.br\\\/#\\\/schema\\\/logo\\\/image\\\/\"}},{\"@type\":\"Person\",\"@id\":\"https:\\\/\\\/msconectado.com.br\\\/#\\\/schema\\\/person\\\/e5585545b5687092f1041d350b6e2c16\",\"name\":\"MsConectado\",\"image\":{\"@type\":\"ImageObject\",\"inLanguage\":\"pt-BR\",\"@id\":\"https:\\\/\\\/secure.gravatar.com\\\/avatar\\\/3b4f84a0a8a4380ac4431fa79981d073692380c5da00ae97596e794ab0db5c8c?s=96&d=mm&r=g\",\"url\":\"https:\\\/\\\/secure.gravatar.com\\\/avatar\\\/3b4f84a0a8a4380ac4431fa79981d073692380c5da00ae97596e794ab0db5c8c?s=96&d=mm&r=g\",\"contentUrl\":\"https:\\\/\\\/secure.gravatar.com\\\/avatar\\\/3b4f84a0a8a4380ac4431fa79981d073692380c5da00ae97596e794ab0db5c8c?s=96&d=mm&r=g\",\"caption\":\"MsConectado\"},\"url\":\"https:\\\/\\\/msconectado.com.br\\\/?author=2\"}]}<\/script>\n<!-- \/ Yoast SEO plugin. -->","yoast_head_json":{"title":"PSD de Sidrol\u00e2ndia promove ato de filia\u00e7\u00e3o em Campo Grande para impulsionar projetos municipais. - MsConectado","robots":{"index":"index","follow":"follow","max-snippet":"max-snippet:-1","max-image-preview":"max-image-preview:large","max-video-preview":"max-video-preview:-1"},"canonical":"https:\/\/msconectado.com.br\/?p=21660","og_locale":"pt_BR","og_type":"article","og_title":"PSD de Sidrol\u00e2ndia promove ato de filia\u00e7\u00e3o em Campo Grande para impulsionar projetos municipais. - MsConectado","og_description":"Na manh\u00e3 deste s\u00e1bado, dia 30, o Partido Social Democr\u00e1tico (PSD) de Sidrol\u00e2ndia reuniu-se em Campo Grande em um importante ato de filia\u00e7\u00e3o, visando fortalecer suas fileiras e unir esfor\u00e7os para a cria\u00e7\u00e3o de projetos em benef\u00edcio do munic\u00edpio. Sob a lideran\u00e7a do vereador Cla\u00e9sio Lechner, o evento contou com a presen\u00e7a ilustre do senador [&hellip;]","og_url":"https:\/\/msconectado.com.br\/?p=21660","og_site_name":"MsConectado","article_published_time":"2024-03-30T22:10:39+00:00","article_modified_time":"2024-03-30T22:10:40+00:00","og_image":[{"width":1600,"height":1200,"url":"https:\/\/msconectado.com.br\/wp-content\/uploads\/2024\/03\/49a48ddc-7755-4a80-8f44-febe54c2b70e.jpg","type":"image\/jpeg"}],"author":"MsConectado","twitter_card":"summary_large_image","twitter_misc":{"Escrito por":"MsConectado","Est. tempo de leitura":"2 minutos"},"schema":{"@context":"https:\/\/schema.org","@graph":[{"@type":"Article","@id":"https:\/\/msconectado.com.br\/?p=21660#article","isPartOf":{"@id":"https:\/\/msconectado.com.br\/?p=21660"},"author":{"name":"MsConectado","@id":"https:\/\/msconectado.com.br\/#\/schema\/person\/e5585545b5687092f1041d350b6e2c16"},"headline":"PSD de Sidrol\u00e2ndia promove ato de filia\u00e7\u00e3o em Campo Grande para impulsionar projetos municipais.","datePublished":"2024-03-30T22:10:39+00:00","dateModified":"2024-03-30T22:10:40+00:00","mainEntityOfPage":{"@id":"https:\/\/msconectado.com.br\/?p=21660"},"wordCount":421,"commentCount":0,"publisher":{"@id":"https:\/\/msconectado.com.br\/#organization"},"image":{"@id":"https:\/\/msconectado.com.br\/?p=21660#primaryimage"},"thumbnailUrl":"https:\/\/msconectado.com.br\/wp-content\/uploads\/2024\/03\/49a48ddc-7755-4a80-8f44-febe54c2b70e.jpg","articleSection":["Cidades","Not\u00edcia","Pol\u00edtica"],"inLanguage":"pt-BR","potentialAction":[{"@type":"CommentAction","name":"Comment","target":["https:\/\/msconectado.com.br\/?p=21660#respond"]}]},{"@type":"WebPage","@id":"https:\/\/msconectado.com.br\/?p=21660","url":"https:\/\/msconectado.com.br\/?p=21660","name":"PSD de Sidrol\u00e2ndia promove ato de filia\u00e7\u00e3o em Campo Grande para impulsionar projetos municipais. - MsConectado","isPartOf":{"@id":"https:\/\/msconectado.com.br\/#website"},"primaryImageOfPage":{"@id":"https:\/\/msconectado.com.br\/?p=21660#primaryimage"},"image":{"@id":"https:\/\/msconectado.com.br\/?p=21660#primaryimage"},"thumbnailUrl":"https:\/\/msconectado.com.br\/wp-content\/uploads\/2024\/03\/49a48ddc-7755-4a80-8f44-febe54c2b70e.jpg","datePublished":"2024-03-30T22:10:39+00:00","dateModified":"2024-03-30T22:10:40+00:00","breadcrumb":{"@id":"https:\/\/msconectado.com.br\/?p=21660#breadcrumb"},"inLanguage":"pt-BR","potentialAction":[{"@type":"ReadAction","target":["https:\/\/msconectado.com.br\/?p=21660"]}]},{"@type":"ImageObject","inLanguage":"pt-BR","@id":"https:\/\/msconectado.com.br\/?p=21660#primaryimage","url":"https:\/\/msconectado.com.br\/wp-content\/uploads\/2024\/03\/49a48ddc-7755-4a80-8f44-febe54c2b70e.jpg","contentUrl":"https:\/\/msconectado.com.br\/wp-content\/uploads\/2024\/03\/49a48ddc-7755-4a80-8f44-febe54c2b70e.jpg","width":1600,"height":1200},{"@type":"BreadcrumbList","@id":"https:\/\/msconectado.com.br\/?p=21660#breadcrumb","itemListElement":[{"@type":"ListItem","position":1,"name":"In\u00edcio","item":"https:\/\/msconectado.com.br\/?page_id=105"},{"@type":"ListItem","position":2,"name":"PSD de Sidrol\u00e2ndia promove ato de filia\u00e7\u00e3o em Campo Grande para impulsionar projetos municipais."}]},{"@type":"WebSite","@id":"https:\/\/msconectado.com.br\/#website","url":"https:\/\/msconectado.com.br\/","name":"MsConectado","description":"Voc\u00ea Conectado com a Not\u00edcia!","publisher":{"@id":"https:\/\/msconectado.com.br\/#organization"},"potentialAction":[{"@type":"SearchAction","target":{"@type":"EntryPoint","urlTemplate":"https:\/\/msconectado.com.br\/?s={search_term_string}"},"query-input":{"@type":"PropertyValueSpecification","valueRequired":true,"valueName":"search_term_string"}}],"inLanguage":"pt-BR"},{"@type":"Organization","@id":"https:\/\/msconectado.com.br\/#organization","name":"MsConectado","url":"https:\/\/msconectado.com.br\/","logo":{"@type":"ImageObject","inLanguage":"pt-BR","@id":"https:\/\/msconectado.com.br\/#\/schema\/logo\/image\/","url":"https:\/\/msconectado.com.br\/wp-content\/uploads\/2023\/01\/cropped-noticia-2.png","contentUrl":"https:\/\/msconectado.com.br\/wp-content\/uploads\/2023\/01\/cropped-noticia-2.png","width":720,"height":157,"caption":"MsConectado"},"image":{"@id":"https:\/\/msconectado.com.br\/#\/schema\/logo\/image\/"}},{"@type":"Person","@id":"https:\/\/msconectado.com.br\/#\/schema\/person\/e5585545b5687092f1041d350b6e2c16","name":"MsConectado","image":{"@type":"ImageObject","inLanguage":"pt-BR","@id":"https:\/\/secure.gravatar.com\/avatar\/3b4f84a0a8a4380ac4431fa79981d073692380c5da00ae97596e794ab0db5c8c?s=96&d=mm&r=g","url":"https:\/\/secure.gravatar.com\/avatar\/3b4f84a0a8a4380ac4431fa79981d073692380c5da00ae97596e794ab0db5c8c?s=96&d=mm&r=g","contentUrl":"https:\/\/secure.gravatar.com\/avatar\/3b4f84a0a8a4380ac4431fa79981d073692380c5da00ae97596e794ab0db5c8c?s=96&d=mm&r=g","caption":"MsConectado"},"url":"https:\/\/msconectado.com.br\/?author=2"}]}},"_links":{"self":[{"href":"https:\/\/msconectado.com.br\/index.php?rest_route=\/wp\/v2\/posts\/21660","targetHints":{"allow":["GET"]}}],"collection":[{"href":"https:\/\/msconectado.com.br\/index.php?rest_route=\/wp\/v2\/posts"}],"about":[{"href":"https:\/\/msconectado.com.br\/index.php?rest_route=\/wp\/v2\/types\/post"}],"author":[{"embeddable":true,"href":"https:\/\/msconectado.com.br\/index.php?rest_route=\/wp\/v2\/users\/2"}],"replies":[{"embeddable":true,"href":"https:\/\/msconectado.com.br\/index.php?rest_route=%2Fwp%2Fv2%2Fcomments&post=21660"}],"version-history":[{"count":1,"href":"https:\/\/msconectado.com.br\/index.php?rest_route=\/wp\/v2\/posts\/21660\/revisions"}],"predecessor-version":[{"id":21667,"href":"https:\/\/msconectado.com.br\/index.php?rest_route=\/wp\/v2\/posts\/21660\/revisions\/21667"}],"wp:featuredmedia":[{"embeddable":true,"href":"https:\/\/msconectado.com.br\/index.php?rest_route=\/wp\/v2\/media\/21666"}],"wp:attachment":[{"href":"https:\/\/msconectado.com.br\/index.php?rest_route=%2Fwp%2Fv2%2Fmedia&parent=21660"}],"wp:term":[{"taxonomy":"category","embeddable":true,"href":"https:\/\/msconectado.com.br\/index.php?rest_route=%2Fwp%2Fv2%2Fcategories&post=21660"},{"taxonomy":"post_tag","embeddable":true,"href":"https:\/\/msconectado.com.br\/index.php?rest_route=%2Fwp%2Fv2%2Ftags&post=21660"}],"curies":[{"name":"wp","href":"https:\/\/api.w.org\/{rel}","templated":true}]}}