
{"id":21668,"date":"2024-04-01T18:51:06","date_gmt":"2024-04-01T18:51:06","guid":{"rendered":"https:\/\/msconectado.com.br\/?p=21668"},"modified":"2024-04-01T18:53:20","modified_gmt":"2024-04-01T18:53:20","slug":"presidente-da-camara-municipal-de-jardim-repudia-declaracao-do-vereador-cesar","status":"publish","type":"post","link":"https:\/\/msconectado.com.br\/?p=21668","title":{"rendered":"Presidente da C\u00e2mara Municipal de Jardim repudia declara\u00e7\u00e3o do vereador C\u00e9sar."},"content":{"rendered":"\n<p>Na \u00faltima Sess\u00e3o Ordin\u00e1ria da C\u00e2mara Municipal de Jardim, ocorrida em 1\u00ba de abril de 2024, o presidente da Casa de Leis fez um pronunciamento enf\u00e1tico repudiando as declara\u00e7\u00f5es feitas pelo vereador C\u00e9sar durante a sess\u00e3o.<\/p>\n\n\n\n<p>O motivo do rep\u00fadio foi uma afirma\u00e7\u00e3o feita por C\u00e9sar, na qual ele sugeriu que os vereadores votam com &#8220;cabresto&#8221;, insinuando uma falta de autonomia e independ\u00eancia por parte dos colegas. Essa declara\u00e7\u00e3o causou desconforto e indigna\u00e7\u00e3o entre os membros do legislativo local.<\/p>\n\n\n\n<p>O presidente da C\u00e2mara Municipal, em seu pronunciamento, destacou a import\u00e2ncia do respeito m\u00fatuo entre os vereadores e a necessidade de valorizar a diversidade de opini\u00f5es dentro do ambiente legislativo. Ele ressaltou que os votos dos vereadores refletem suas convic\u00e7\u00f5es e representam as diferentes vis\u00f5es e interesses da comunidade que representam, e como tal, merecem ser respeitados.<\/p>\n\n\n\n<p>O pedido de respeito m\u00fatuo e considera\u00e7\u00e3o pelas opini\u00f5es divergentes refor\u00e7a o compromisso da C\u00e2mara Municipal de Jardim com a democracia e o debate saud\u00e1vel, fundamentais para o bom funcionamento do poder legislativo local e para o atendimento dos interesses da popula\u00e7\u00e3o.<\/p>\n\n\n\n<figure class=\"wp-block-video\"><video height=\"1920\" style=\"aspect-ratio: 1080 \/ 1920;\" width=\"1080\" controls src=\"https:\/\/msconectado.com.br\/wp-content\/uploads\/2024\/04\/cesar-1.mp4\"><\/video><\/figure>\n\n\n\n<p class=\"has-text-align-center\"><em>Fala do vereador C\u00e9sar durante a sess\u00e3o.<\/em><\/p>\n\n\n\n<p>Reda\u00e7\u00e3o<\/p>\n\n\n<div class=\"wp-block-image\">\n<figure class=\"aligncenter size-full\"><img fetchpriority=\"high\" decoding=\"async\" width=\"900\" height=\"100\" src=\"https:\/\/msconectado.com.br\/wp-content\/uploads\/2024\/03\/camara.png\" alt=\"\" class=\"wp-image-21649\" srcset=\"https:\/\/msconectado.com.br\/wp-content\/uploads\/2024\/03\/camara.png 900w, https:\/\/msconectado.com.br\/wp-content\/uploads\/2024\/03\/camara-300x33.png 300w, https:\/\/msconectado.com.br\/wp-content\/uploads\/2024\/03\/camara-768x85.png 768w\" sizes=\"(max-width: 900px) 100vw, 900px\" \/><\/figure>\n<\/div>","protected":false},"excerpt":{"rendered":"<p>Na \u00faltima Sess\u00e3o Ordin\u00e1ria da C\u00e2mara Municipal de Jardim, ocorrida em 1\u00ba de abril de 2024, o presidente da Casa de Leis fez um pronunciamento enf\u00e1tico repudiando as declara\u00e7\u00f5es feitas pelo vereador C\u00e9sar durante a sess\u00e3o. O motivo do rep\u00fadio foi uma afirma\u00e7\u00e3o feita por C\u00e9sar, na qual ele sugeriu que os vereadores votam com [&hellip;]<\/p>\n","protected":false},"author":2,"featured_media":21671,"comment_status":"open","ping_status":"closed","sticky":false,"template":"","format":"standard","meta":{"footnotes":""},"categories":[35,1,33],"tags":[],"class_list":["post-21668","post","type-post","status-publish","format-standard","has-post-thumbnail","hentry","category-cidades","category-noticia","category-politica"],"yoast_head":"<!-- This site is optimized with the Yoast SEO plugin v27.5 - https:\/\/yoast.com\/product\/yoast-seo-wordpress\/ -->\n<title>Presidente da C\u00e2mara Municipal de Jardim repudia declara\u00e7\u00e3o do vereador C\u00e9sar. - MsConectado<\/title>\n<meta name=\"robots\" content=\"index, follow, max-snippet:-1, max-image-preview:large, max-video-preview:-1\" \/>\n<link rel=\"canonical\" href=\"https:\/\/msconectado.com.br\/?p=21668\" \/>\n<meta property=\"og:locale\" content=\"pt_BR\" \/>\n<meta property=\"og:type\" content=\"article\" \/>\n<meta property=\"og:title\" content=\"Presidente da C\u00e2mara Municipal de Jardim repudia declara\u00e7\u00e3o do vereador C\u00e9sar. - MsConectado\" \/>\n<meta property=\"og:description\" content=\"Na \u00faltima Sess\u00e3o Ordin\u00e1ria da C\u00e2mara Municipal de Jardim, ocorrida em 1\u00ba de abril de 2024, o presidente da Casa de Leis fez um pronunciamento enf\u00e1tico repudiando as declara\u00e7\u00f5es feitas pelo vereador C\u00e9sar durante a sess\u00e3o. O motivo do rep\u00fadio foi uma afirma\u00e7\u00e3o feita por C\u00e9sar, na qual ele sugeriu que os vereadores votam com [&hellip;]\" \/>\n<meta property=\"og:url\" content=\"https:\/\/msconectado.com.br\/?p=21668\" \/>\n<meta property=\"og:site_name\" content=\"MsConectado\" \/>\n<meta property=\"article:published_time\" content=\"2024-04-01T18:51:06+00:00\" \/>\n<meta property=\"article:modified_time\" content=\"2024-04-01T18:53:20+00:00\" \/>\n<meta property=\"og:image\" content=\"https:\/\/msconectado.com.br\/wp-content\/uploads\/2024\/04\/uemes.jpg\" \/>\n\t<meta property=\"og:image:width\" content=\"1080\" \/>\n\t<meta property=\"og:image:height\" content=\"796\" \/>\n\t<meta property=\"og:image:type\" content=\"image\/jpeg\" \/>\n<meta name=\"author\" content=\"MsConectado\" \/>\n<meta name=\"twitter:card\" content=\"summary_large_image\" \/>\n<meta name=\"twitter:label1\" content=\"Escrito por\" \/>\n\t<meta name=\"twitter:data1\" content=\"MsConectado\" \/>\n\t<meta name=\"twitter:label2\" content=\"Est. tempo de leitura\" \/>\n\t<meta name=\"twitter:data2\" content=\"1 minuto\" \/>\n<script type=\"application\/ld+json\" class=\"yoast-schema-graph\">{\"@context\":\"https:\\\/\\\/schema.org\",\"@graph\":[{\"@type\":\"Article\",\"@id\":\"https:\\\/\\\/msconectado.com.br\\\/?p=21668#article\",\"isPartOf\":{\"@id\":\"https:\\\/\\\/msconectado.com.br\\\/?p=21668\"},\"author\":{\"name\":\"MsConectado\",\"@id\":\"https:\\\/\\\/msconectado.com.br\\\/#\\\/schema\\\/person\\\/e5585545b5687092f1041d350b6e2c16\"},\"headline\":\"Presidente da C\u00e2mara Municipal de Jardim repudia declara\u00e7\u00e3o do vereador C\u00e9sar.\",\"datePublished\":\"2024-04-01T18:51:06+00:00\",\"dateModified\":\"2024-04-01T18:53:20+00:00\",\"mainEntityOfPage\":{\"@id\":\"https:\\\/\\\/msconectado.com.br\\\/?p=21668\"},\"wordCount\":227,\"commentCount\":0,\"publisher\":{\"@id\":\"https:\\\/\\\/msconectado.com.br\\\/#organization\"},\"image\":{\"@id\":\"https:\\\/\\\/msconectado.com.br\\\/?p=21668#primaryimage\"},\"thumbnailUrl\":\"https:\\\/\\\/msconectado.com.br\\\/wp-content\\\/uploads\\\/2024\\\/04\\\/uemes.jpg\",\"articleSection\":[\"Cidades\",\"Not\u00edcia\",\"Pol\u00edtica\"],\"inLanguage\":\"pt-BR\",\"potentialAction\":[{\"@type\":\"CommentAction\",\"name\":\"Comment\",\"target\":[\"https:\\\/\\\/msconectado.com.br\\\/?p=21668#respond\"]}]},{\"@type\":\"WebPage\",\"@id\":\"https:\\\/\\\/msconectado.com.br\\\/?p=21668\",\"url\":\"https:\\\/\\\/msconectado.com.br\\\/?p=21668\",\"name\":\"Presidente da C\u00e2mara Municipal de Jardim repudia declara\u00e7\u00e3o do vereador C\u00e9sar. - MsConectado\",\"isPartOf\":{\"@id\":\"https:\\\/\\\/msconectado.com.br\\\/#website\"},\"primaryImageOfPage\":{\"@id\":\"https:\\\/\\\/msconectado.com.br\\\/?p=21668#primaryimage\"},\"image\":{\"@id\":\"https:\\\/\\\/msconectado.com.br\\\/?p=21668#primaryimage\"},\"thumbnailUrl\":\"https:\\\/\\\/msconectado.com.br\\\/wp-content\\\/uploads\\\/2024\\\/04\\\/uemes.jpg\",\"datePublished\":\"2024-04-01T18:51:06+00:00\",\"dateModified\":\"2024-04-01T18:53:20+00:00\",\"breadcrumb\":{\"@id\":\"https:\\\/\\\/msconectado.com.br\\\/?p=21668#breadcrumb\"},\"inLanguage\":\"pt-BR\",\"potentialAction\":[{\"@type\":\"ReadAction\",\"target\":[\"https:\\\/\\\/msconectado.com.br\\\/?p=21668\"]}]},{\"@type\":\"ImageObject\",\"inLanguage\":\"pt-BR\",\"@id\":\"https:\\\/\\\/msconectado.com.br\\\/?p=21668#primaryimage\",\"url\":\"https:\\\/\\\/msconectado.com.br\\\/wp-content\\\/uploads\\\/2024\\\/04\\\/uemes.jpg\",\"contentUrl\":\"https:\\\/\\\/msconectado.com.br\\\/wp-content\\\/uploads\\\/2024\\\/04\\\/uemes.jpg\",\"width\":1080,\"height\":796},{\"@type\":\"BreadcrumbList\",\"@id\":\"https:\\\/\\\/msconectado.com.br\\\/?p=21668#breadcrumb\",\"itemListElement\":[{\"@type\":\"ListItem\",\"position\":1,\"name\":\"In\u00edcio\",\"item\":\"https:\\\/\\\/msconectado.com.br\\\/?page_id=105\"},{\"@type\":\"ListItem\",\"position\":2,\"name\":\"Presidente da C\u00e2mara Municipal de Jardim repudia declara\u00e7\u00e3o do vereador C\u00e9sar.\"}]},{\"@type\":\"WebSite\",\"@id\":\"https:\\\/\\\/msconectado.com.br\\\/#website\",\"url\":\"https:\\\/\\\/msconectado.com.br\\\/\",\"name\":\"MsConectado\",\"description\":\"Voc\u00ea Conectado com a Not\u00edcia!\",\"publisher\":{\"@id\":\"https:\\\/\\\/msconectado.com.br\\\/#organization\"},\"potentialAction\":[{\"@type\":\"SearchAction\",\"target\":{\"@type\":\"EntryPoint\",\"urlTemplate\":\"https:\\\/\\\/msconectado.com.br\\\/?s={search_term_string}\"},\"query-input\":{\"@type\":\"PropertyValueSpecification\",\"valueRequired\":true,\"valueName\":\"search_term_string\"}}],\"inLanguage\":\"pt-BR\"},{\"@type\":\"Organization\",\"@id\":\"https:\\\/\\\/msconectado.com.br\\\/#organization\",\"name\":\"MsConectado\",\"url\":\"https:\\\/\\\/msconectado.com.br\\\/\",\"logo\":{\"@type\":\"ImageObject\",\"inLanguage\":\"pt-BR\",\"@id\":\"https:\\\/\\\/msconectado.com.br\\\/#\\\/schema\\\/logo\\\/image\\\/\",\"url\":\"https:\\\/\\\/msconectado.com.br\\\/wp-content\\\/uploads\\\/2023\\\/01\\\/cropped-noticia-2.png\",\"contentUrl\":\"https:\\\/\\\/msconectado.com.br\\\/wp-content\\\/uploads\\\/2023\\\/01\\\/cropped-noticia-2.png\",\"width\":720,\"height\":157,\"caption\":\"MsConectado\"},\"image\":{\"@id\":\"https:\\\/\\\/msconectado.com.br\\\/#\\\/schema\\\/logo\\\/image\\\/\"}},{\"@type\":\"Person\",\"@id\":\"https:\\\/\\\/msconectado.com.br\\\/#\\\/schema\\\/person\\\/e5585545b5687092f1041d350b6e2c16\",\"name\":\"MsConectado\",\"image\":{\"@type\":\"ImageObject\",\"inLanguage\":\"pt-BR\",\"@id\":\"https:\\\/\\\/secure.gravatar.com\\\/avatar\\\/3b4f84a0a8a4380ac4431fa79981d073692380c5da00ae97596e794ab0db5c8c?s=96&d=mm&r=g\",\"url\":\"https:\\\/\\\/secure.gravatar.com\\\/avatar\\\/3b4f84a0a8a4380ac4431fa79981d073692380c5da00ae97596e794ab0db5c8c?s=96&d=mm&r=g\",\"contentUrl\":\"https:\\\/\\\/secure.gravatar.com\\\/avatar\\\/3b4f84a0a8a4380ac4431fa79981d073692380c5da00ae97596e794ab0db5c8c?s=96&d=mm&r=g\",\"caption\":\"MsConectado\"},\"url\":\"https:\\\/\\\/msconectado.com.br\\\/?author=2\"}]}<\/script>\n<!-- \/ Yoast SEO plugin. -->","yoast_head_json":{"title":"Presidente da C\u00e2mara Municipal de Jardim repudia declara\u00e7\u00e3o do vereador C\u00e9sar. - MsConectado","robots":{"index":"index","follow":"follow","max-snippet":"max-snippet:-1","max-image-preview":"max-image-preview:large","max-video-preview":"max-video-preview:-1"},"canonical":"https:\/\/msconectado.com.br\/?p=21668","og_locale":"pt_BR","og_type":"article","og_title":"Presidente da C\u00e2mara Municipal de Jardim repudia declara\u00e7\u00e3o do vereador C\u00e9sar. - MsConectado","og_description":"Na \u00faltima Sess\u00e3o Ordin\u00e1ria da C\u00e2mara Municipal de Jardim, ocorrida em 1\u00ba de abril de 2024, o presidente da Casa de Leis fez um pronunciamento enf\u00e1tico repudiando as declara\u00e7\u00f5es feitas pelo vereador C\u00e9sar durante a sess\u00e3o. O motivo do rep\u00fadio foi uma afirma\u00e7\u00e3o feita por C\u00e9sar, na qual ele sugeriu que os vereadores votam com [&hellip;]","og_url":"https:\/\/msconectado.com.br\/?p=21668","og_site_name":"MsConectado","article_published_time":"2024-04-01T18:51:06+00:00","article_modified_time":"2024-04-01T18:53:20+00:00","og_image":[{"width":1080,"height":796,"url":"https:\/\/msconectado.com.br\/wp-content\/uploads\/2024\/04\/uemes.jpg","type":"image\/jpeg"}],"author":"MsConectado","twitter_card":"summary_large_image","twitter_misc":{"Escrito por":"MsConectado","Est. tempo de leitura":"1 minuto"},"schema":{"@context":"https:\/\/schema.org","@graph":[{"@type":"Article","@id":"https:\/\/msconectado.com.br\/?p=21668#article","isPartOf":{"@id":"https:\/\/msconectado.com.br\/?p=21668"},"author":{"name":"MsConectado","@id":"https:\/\/msconectado.com.br\/#\/schema\/person\/e5585545b5687092f1041d350b6e2c16"},"headline":"Presidente da C\u00e2mara Municipal de Jardim repudia declara\u00e7\u00e3o do vereador C\u00e9sar.","datePublished":"2024-04-01T18:51:06+00:00","dateModified":"2024-04-01T18:53:20+00:00","mainEntityOfPage":{"@id":"https:\/\/msconectado.com.br\/?p=21668"},"wordCount":227,"commentCount":0,"publisher":{"@id":"https:\/\/msconectado.com.br\/#organization"},"image":{"@id":"https:\/\/msconectado.com.br\/?p=21668#primaryimage"},"thumbnailUrl":"https:\/\/msconectado.com.br\/wp-content\/uploads\/2024\/04\/uemes.jpg","articleSection":["Cidades","Not\u00edcia","Pol\u00edtica"],"inLanguage":"pt-BR","potentialAction":[{"@type":"CommentAction","name":"Comment","target":["https:\/\/msconectado.com.br\/?p=21668#respond"]}]},{"@type":"WebPage","@id":"https:\/\/msconectado.com.br\/?p=21668","url":"https:\/\/msconectado.com.br\/?p=21668","name":"Presidente da C\u00e2mara Municipal de Jardim repudia declara\u00e7\u00e3o do vereador C\u00e9sar. - MsConectado","isPartOf":{"@id":"https:\/\/msconectado.com.br\/#website"},"primaryImageOfPage":{"@id":"https:\/\/msconectado.com.br\/?p=21668#primaryimage"},"image":{"@id":"https:\/\/msconectado.com.br\/?p=21668#primaryimage"},"thumbnailUrl":"https:\/\/msconectado.com.br\/wp-content\/uploads\/2024\/04\/uemes.jpg","datePublished":"2024-04-01T18:51:06+00:00","dateModified":"2024-04-01T18:53:20+00:00","breadcrumb":{"@id":"https:\/\/msconectado.com.br\/?p=21668#breadcrumb"},"inLanguage":"pt-BR","potentialAction":[{"@type":"ReadAction","target":["https:\/\/msconectado.com.br\/?p=21668"]}]},{"@type":"ImageObject","inLanguage":"pt-BR","@id":"https:\/\/msconectado.com.br\/?p=21668#primaryimage","url":"https:\/\/msconectado.com.br\/wp-content\/uploads\/2024\/04\/uemes.jpg","contentUrl":"https:\/\/msconectado.com.br\/wp-content\/uploads\/2024\/04\/uemes.jpg","width":1080,"height":796},{"@type":"BreadcrumbList","@id":"https:\/\/msconectado.com.br\/?p=21668#breadcrumb","itemListElement":[{"@type":"ListItem","position":1,"name":"In\u00edcio","item":"https:\/\/msconectado.com.br\/?page_id=105"},{"@type":"ListItem","position":2,"name":"Presidente da C\u00e2mara Municipal de Jardim repudia declara\u00e7\u00e3o do vereador C\u00e9sar."}]},{"@type":"WebSite","@id":"https:\/\/msconectado.com.br\/#website","url":"https:\/\/msconectado.com.br\/","name":"MsConectado","description":"Voc\u00ea Conectado com a Not\u00edcia!","publisher":{"@id":"https:\/\/msconectado.com.br\/#organization"},"potentialAction":[{"@type":"SearchAction","target":{"@type":"EntryPoint","urlTemplate":"https:\/\/msconectado.com.br\/?s={search_term_string}"},"query-input":{"@type":"PropertyValueSpecification","valueRequired":true,"valueName":"search_term_string"}}],"inLanguage":"pt-BR"},{"@type":"Organization","@id":"https:\/\/msconectado.com.br\/#organization","name":"MsConectado","url":"https:\/\/msconectado.com.br\/","logo":{"@type":"ImageObject","inLanguage":"pt-BR","@id":"https:\/\/msconectado.com.br\/#\/schema\/logo\/image\/","url":"https:\/\/msconectado.com.br\/wp-content\/uploads\/2023\/01\/cropped-noticia-2.png","contentUrl":"https:\/\/msconectado.com.br\/wp-content\/uploads\/2023\/01\/cropped-noticia-2.png","width":720,"height":157,"caption":"MsConectado"},"image":{"@id":"https:\/\/msconectado.com.br\/#\/schema\/logo\/image\/"}},{"@type":"Person","@id":"https:\/\/msconectado.com.br\/#\/schema\/person\/e5585545b5687092f1041d350b6e2c16","name":"MsConectado","image":{"@type":"ImageObject","inLanguage":"pt-BR","@id":"https:\/\/secure.gravatar.com\/avatar\/3b4f84a0a8a4380ac4431fa79981d073692380c5da00ae97596e794ab0db5c8c?s=96&d=mm&r=g","url":"https:\/\/secure.gravatar.com\/avatar\/3b4f84a0a8a4380ac4431fa79981d073692380c5da00ae97596e794ab0db5c8c?s=96&d=mm&r=g","contentUrl":"https:\/\/secure.gravatar.com\/avatar\/3b4f84a0a8a4380ac4431fa79981d073692380c5da00ae97596e794ab0db5c8c?s=96&d=mm&r=g","caption":"MsConectado"},"url":"https:\/\/msconectado.com.br\/?author=2"}]}},"_links":{"self":[{"href":"https:\/\/msconectado.com.br\/index.php?rest_route=\/wp\/v2\/posts\/21668","targetHints":{"allow":["GET"]}}],"collection":[{"href":"https:\/\/msconectado.com.br\/index.php?rest_route=\/wp\/v2\/posts"}],"about":[{"href":"https:\/\/msconectado.com.br\/index.php?rest_route=\/wp\/v2\/types\/post"}],"author":[{"embeddable":true,"href":"https:\/\/msconectado.com.br\/index.php?rest_route=\/wp\/v2\/users\/2"}],"replies":[{"embeddable":true,"href":"https:\/\/msconectado.com.br\/index.php?rest_route=%2Fwp%2Fv2%2Fcomments&post=21668"}],"version-history":[{"count":2,"href":"https:\/\/msconectado.com.br\/index.php?rest_route=\/wp\/v2\/posts\/21668\/revisions"}],"predecessor-version":[{"id":21673,"href":"https:\/\/msconectado.com.br\/index.php?rest_route=\/wp\/v2\/posts\/21668\/revisions\/21673"}],"wp:featuredmedia":[{"embeddable":true,"href":"https:\/\/msconectado.com.br\/index.php?rest_route=\/wp\/v2\/media\/21671"}],"wp:attachment":[{"href":"https:\/\/msconectado.com.br\/index.php?rest_route=%2Fwp%2Fv2%2Fmedia&parent=21668"}],"wp:term":[{"taxonomy":"category","embeddable":true,"href":"https:\/\/msconectado.com.br\/index.php?rest_route=%2Fwp%2Fv2%2Fcategories&post=21668"},{"taxonomy":"post_tag","embeddable":true,"href":"https:\/\/msconectado.com.br\/index.php?rest_route=%2Fwp%2Fv2%2Ftags&post=21668"}],"curies":[{"name":"wp","href":"https:\/\/api.w.org\/{rel}","templated":true}]}}